{"id":9704,"date":"2025-05-02T06:00:48","date_gmt":"2025-05-02T04:00:48","guid":{"rendered":"https:\/\/powiatlwowecki.pl\/?p=9704"},"modified":"2025-04-30T09:42:21","modified_gmt":"2025-04-30T07:42:21","slug":"2-maja-dzien-flagi-rzeczypospolitej-polskiej","status":"publish","type":"post","link":"https:\/\/powiatlwowecki.pl\/2-maja-dzien-flagi-rzeczypospolitej-polskiej\/","title":{"rendered":"2 maja \u2013 Dzie\u0144 Flagi Rzeczypospolitej Polskiej"},"content":{"rendered":"<p>Dzie\u0144 Flagi Rzeczypospolitej Polskiej to wyj\u0105tkowe \u015bwi\u0119to, kt\u00f3re przypomina nam o sile narodowej to\u017csamo\u015bci, wsp\u00f3lnych warto\u015bciach i dumie z bia\u0142o-czerwonych barw. Tego dnia z dum\u0105 wywieszamy flagi na naszych domach, budynkach urz\u0119dowych i miejscach publicznych, oddaj\u0105c ho\u0142d historii, tradycji i niepodleg\u0142o\u015bci Polski.<\/p>\n<p>Flaga jest symbolem jedno\u015bci i przynale\u017cno\u015bci do wsp\u00f3lnoty. W tych barwach zapisana jest historia naszego narodu \u2013 jego walka o wolno\u015b\u0107, determinacja i duma. Zach\u0119camy wszystkich mieszka\u0144c\u00f3w Powiatu Lw\u00f3weckiego do wsp\u00f3lnego uczczenia tego \u015bwi\u0119ta poprzez wywieszenie flag i pokazanie, \u017ce jeste\u015bmy razem \u2013 jako obywatele, jako spo\u0142eczno\u015b\u0107, jako Polacy.<\/p>\n<p style=\"text-align: center;\">Niech bia\u0142o-czerwona dumnie powiewa nad naszymi domami!<\/p>\n<p>&nbsp;<\/p>\n<p><img decoding=\"async\" class=\"size-medium wp-image-7004 aligncenter\" src=\"https:\/\/powiatlwowecki.pl\/wp-content\/uploads\/2024\/04\/okno-300x200.jpg\" alt=\"\" width=\"300\" height=\"200\" srcset=\"https:\/\/powiatlwowecki.pl\/wp-content\/uploads\/2024\/04\/okno-24x16.jpg 24w, https:\/\/powiatlwowecki.pl\/wp-content\/uploads\/2024\/04\/okno-36x24.jpg 36w, https:\/\/powiatlwowecki.pl\/wp-content\/uploads\/2024\/04\/okno-48x32.jpg 48w, https:\/\/powiatlwowecki.pl\/wp-content\/uploads\/2024\/04\/okno-200x133.jpg 200w, https:\/\/powiatlwowecki.pl\/wp-content\/uploads\/2024\/04\/okno-300x200.jpg 300w, https:\/\/powiatlwowecki.pl\/wp-content\/uploads\/2024\/04\/okno-400x267.jpg 400w, https:\/\/powiatlwowecki.pl\/wp-content\/uploads\/2024\/04\/okno-600x400.jpg 600w, https:\/\/powiatlwowecki.pl\/wp-content\/uploads\/2024\/04\/okno-768x512.jpg 768w, https:\/\/powiatlwowecki.pl\/wp-content\/uploads\/2024\/04\/okno.jpg 800w\" sizes=\"(max-width: 300px) 100vw, 300px\" \/><\/p>\n","protected":false},"excerpt":{"rendered":"<p>Dzie\u0144 Flagi Rzeczypospolitej Polskiej to wyj\u0105tkowe \u015bwi\u0119to, kt\u00f3re przypomina nam o sile narodowej to\u017csamo\u015bci, wsp\u00f3lnych warto\u015bciach i dumie z bia\u0142o-czerwonych barw. Tego dnia z dum\u0105 wywieszamy flagi na naszych domach, budynkach urz\u0119dowych i miejscach publicznych,  [&#8230;]<\/p>\n","protected":false},"author":8,"featured_media":7004,"comment_status":"closed","ping_status":"closed","sticky":false,"template":"","format":"standard","meta":{"_acf_changed":false,"footnotes":""},"categories":[5],"tags":[],"class_list":["post-9704","post","type-post","status-publish","format-standard","has-post-thumbnail","hentry","category-aktualnosci"],"acf":{"kal_data_wydarzenia":""},"_links":{"self":[{"href":"https:\/\/powiatlwowecki.pl\/plci_json_endpoint\/wp\/v2\/posts\/9704","targetHints":{"allow":["GET"]}}],"collection":[{"href":"https:\/\/powiatlwowecki.pl\/plci_json_endpoint\/wp\/v2\/posts"}],"about":[{"href":"https:\/\/powiatlwowecki.pl\/plci_json_endpoint\/wp\/v2\/types\/post"}],"author":[{"embeddable":true,"href":"https:\/\/powiatlwowecki.pl\/plci_json_endpoint\/wp\/v2\/users\/8"}],"replies":[{"embeddable":true,"href":"https:\/\/powiatlwowecki.pl\/plci_json_endpoint\/wp\/v2\/comments?post=9704"}],"version-history":[{"count":1,"href":"https:\/\/powiatlwowecki.pl\/plci_json_endpoint\/wp\/v2\/posts\/9704\/revisions"}],"predecessor-version":[{"id":9705,"href":"https:\/\/powiatlwowecki.pl\/plci_json_endpoint\/wp\/v2\/posts\/9704\/revisions\/9705"}],"wp:featuredmedia":[{"embeddable":true,"href":"https:\/\/powiatlwowecki.pl\/plci_json_endpoint\/wp\/v2\/media\/7004"}],"wp:attachment":[{"href":"https:\/\/powiatlwowecki.pl\/plci_json_endpoint\/wp\/v2\/media?parent=9704"}],"wp:term":[{"taxonomy":"category","embeddable":true,"href":"https:\/\/powiatlwowecki.pl\/plci_json_endpoint\/wp\/v2\/categories?post=9704"},{"taxonomy":"post_tag","embeddable":true,"href":"https:\/\/powiatlwowecki.pl\/plci_json_endpoint\/wp\/v2\/tags?post=9704"}],"curies":[{"name":"wp","href":"https:\/\/api.w.org\/{rel}","templated":true}]}}