{"id":9611,"date":"2025-04-17T08:43:13","date_gmt":"2025-04-17T06:43:13","guid":{"rendered":"https:\/\/powiatlwowecki.pl\/?p=9611"},"modified":"2025-04-17T12:22:17","modified_gmt":"2025-04-17T10:22:17","slug":"wesolego-alleluja","status":"publish","type":"post","link":"https:\/\/powiatlwowecki.pl\/wesolego-alleluja\/","title":{"rendered":"Weso\u0142ego Alleluja !"},"content":{"rendered":"<div class=\"fusion-fullwidth fullwidth-box fusion-builder-row-1 fusion-flex-container nonhundred-percent-fullwidth non-hundred-percent-height-scrolling\" style=\"--awb-border-radius-top-left:0px;--awb-border-radius-top-right:0px;--awb-border-radius-bottom-right:0px;--awb-border-radius-bottom-left:0px;--awb-flex-wrap:wrap;\" ><div class=\"fusion-builder-row fusion-row fusion-flex-align-items-flex-start fusion-flex-content-wrap\" style=\"max-width:1248px;margin-left: calc(-4% \/ 2 );margin-right: calc(-4% \/ 2 );\"><div class=\"fusion-layout-column fusion_builder_column fusion-builder-column-0 fusion_builder_column_1_1 1_1 fusion-flex-column\" style=\"--awb-bg-size:cover;--awb-width-large:100%;--awb-margin-top-large:0px;--awb-spacing-right-large:1.92%;--awb-margin-bottom-large:0px;--awb-spacing-left-large:1.92%;--awb-width-medium:100%;--awb-spacing-right-medium:1.92%;--awb-spacing-left-medium:1.92%;--awb-width-small:100%;--awb-spacing-right-small:1.92%;--awb-spacing-left-small:1.92%;\"><div class=\"fusion-column-wrapper fusion-flex-justify-content-flex-start fusion-content-layout-column\"><div class=\"fusion-text fusion-text-1\"><h5 class=\"cvGsUA direction-ltr align-center para-style-body\" style=\"text-align: center;\"><em><span style=\"font-size: 14pt;\"><span class=\"OYPEnA font-feature-liga-off font-feature-clig-off font-feature-calt-off text-decoration-none text-strikethrough-none\">Szanowni Mieszka\u0144cy Powiatu Lw\u00f3weckiego,<\/span><\/span><\/em><\/h5>\n<h5 class=\"cvGsUA direction-ltr align-center para-style-body\" style=\"text-align: center;\"><em><span class=\"OYPEnA font-feature-liga-off font-feature-clig-off font-feature-calt-off text-decoration-none text-strikethrough-none\" style=\"font-size: 14pt;\">Z okazji zbli\u017caj\u0105cych si\u0119 \u015awi\u0105t Wielkanocnych sk\u0142adamy Pa\u0144stwu serdeczne \u017cyczenia pe\u0142ne spokoju, wiary i nadziei.<\/span><\/em><\/h5>\n<h5 class=\"cvGsUA direction-ltr align-center para-style-body\" style=\"text-align: center;\"><em><span class=\"OYPEnA font-feature-liga-off font-feature-clig-off font-feature-calt-off text-decoration-none text-strikethrough-none\" style=\"font-size: 14pt;\">Niech ten wyj\u0105tkowy czas przyniesie ukojenie, u\u015bmiech i wiele pi\u0119knych chwil sp\u0119dzonych w gronie najbli\u017cszych.<\/span><\/em><\/h5>\n<h5 class=\"cvGsUA direction-ltr align-center para-style-body\" style=\"text-align: center;\"><em><span class=\"OYPEnA font-feature-liga-off font-feature-clig-off font-feature-calt-off text-decoration-none text-strikethrough-none\" style=\"font-size: 14pt;\">\u017byczymy, aby rado\u015b\u0107 Wielkiej Nocy zago\u015bci\u0142a w sercach,<\/span><\/em><\/h5>\n<h5 class=\"cvGsUA direction-ltr align-center para-style-body\" style=\"text-align: center;\"><em><span class=\"OYPEnA font-feature-liga-off font-feature-clig-off font-feature-calt-off text-decoration-none text-strikethrough-none\" style=\"font-size: 14pt;\">a Zmartwychwstanie Chrystusa nape\u0142ni\u0142o je otuch\u0105 i si\u0142\u0105 do przezwyci\u0119\u017cania trudno\u015bci.<\/span><\/em><\/h5>\n<h5 class=\"cvGsUA direction-ltr align-center para-style-body\" style=\"text-align: center;\"><em><span class=\"OYPEnA font-feature-liga-off font-feature-clig-off font-feature-calt-off text-decoration-none text-strikethrough-none\" style=\"font-size: 14pt;\">Niech ka\u017cdy dzie\u0144 budzi wiar\u0119 w dobro, a \u015bwi\u0105teczna atmosfera na d\u0142ugo pozostanie w Pa\u0144stwa pami\u0119ci.<\/span><\/em><\/h5>\n<\/div><div class=\"fusion-text fusion-text-2\"><table width=\"100%\">\n<thead>\n<tr>\n<td>\n<p style=\"text-align: center;\"><strong>Starosta Lw\u00f3wecka<\/strong><\/p>\n<\/td>\n<td>\n<p style=\"text-align: center;\"><strong>Przewodnicz\u0105cy Rady Powiatu Lw\u00f3weckiego<\/strong><\/p>\n<\/td>\n<td>\n<p style=\"text-align: center;\"><strong>Wicestarosta Lw\u00f3wecki<\/strong><\/p>\n<\/td>\n<\/tr>\n<\/thead>\n<tbody>\n<tr>\n<td>\n<p style=\"text-align: center;\">Ma\u0142gorzata Szczepa\u0144ska<\/p>\n<\/td>\n<td>\n<p style=\"text-align: center;\">Olgierd Poni\u017anik<\/p>\n<\/td>\n<td>\n<p style=\"text-align: center;\">Zbigniew Grze\u015bk\u00f3w<\/p>\n<\/td>\n<\/tr>\n<\/tbody>\n<\/table>\n<\/div><div class=\"fusion-text fusion-text-3\"><p><img decoding=\"async\" class=\" wp-image-9610 aligncenter\" src=\"https:\/\/powiatlwowecki.pl\/wp-content\/uploads\/2025\/04\/2-300x213.jpg\" alt=\"\" width=\"725\" height=\"515\" srcset=\"https:\/\/powiatlwowecki.pl\/wp-content\/uploads\/2025\/04\/2-24x17.jpg 24w, https:\/\/powiatlwowecki.pl\/wp-content\/uploads\/2025\/04\/2-36x26.jpg 36w, https:\/\/powiatlwowecki.pl\/wp-content\/uploads\/2025\/04\/2-48x34.jpg 48w, https:\/\/powiatlwowecki.pl\/wp-content\/uploads\/2025\/04\/2-200x142.jpg 200w, https:\/\/powiatlwowecki.pl\/wp-content\/uploads\/2025\/04\/2-300x214.jpg 300w, https:\/\/powiatlwowecki.pl\/wp-content\/uploads\/2025\/04\/2-400x284.jpg 400w, https:\/\/powiatlwowecki.pl\/wp-content\/uploads\/2025\/04\/2-600x426.jpg 600w, https:\/\/powiatlwowecki.pl\/wp-content\/uploads\/2025\/04\/2-768x545.jpg 768w, https:\/\/powiatlwowecki.pl\/wp-content\/uploads\/2025\/04\/2-800x568.jpg 800w, https:\/\/powiatlwowecki.pl\/wp-content\/uploads\/2025\/04\/2-1024x726.jpg 1024w, https:\/\/powiatlwowecki.pl\/wp-content\/uploads\/2025\/04\/2-1200x851.jpg 1200w, https:\/\/powiatlwowecki.pl\/wp-content\/uploads\/2025\/04\/2-1536x1090.jpg 1536w, https:\/\/powiatlwowecki.pl\/wp-content\/uploads\/2025\/04\/2.jpg 1748w\" sizes=\"(max-width: 725px) 100vw, 725px\" \/><\/p>\n<\/div><\/div><\/div><\/div><\/div>\n","protected":false},"excerpt":{"rendered":"","protected":false},"author":8,"featured_media":9609,"comment_status":"closed","ping_status":"closed","sticky":false,"template":"","format":"standard","meta":{"_acf_changed":false,"footnotes":""},"categories":[5],"tags":[],"class_list":["post-9611","post","type-post","status-publish","format-standard","has-post-thumbnail","hentry","category-aktualnosci"],"acf":{"kal_data_wydarzenia":""},"_links":{"self":[{"href":"https:\/\/powiatlwowecki.pl\/plci_json_endpoint\/wp\/v2\/posts\/9611","targetHints":{"allow":["GET"]}}],"collection":[{"href":"https:\/\/powiatlwowecki.pl\/plci_json_endpoint\/wp\/v2\/posts"}],"about":[{"href":"https:\/\/powiatlwowecki.pl\/plci_json_endpoint\/wp\/v2\/types\/post"}],"author":[{"embeddable":true,"href":"https:\/\/powiatlwowecki.pl\/plci_json_endpoint\/wp\/v2\/users\/8"}],"replies":[{"embeddable":true,"href":"https:\/\/powiatlwowecki.pl\/plci_json_endpoint\/wp\/v2\/comments?post=9611"}],"version-history":[{"count":5,"href":"https:\/\/powiatlwowecki.pl\/plci_json_endpoint\/wp\/v2\/posts\/9611\/revisions"}],"predecessor-version":[{"id":9617,"href":"https:\/\/powiatlwowecki.pl\/plci_json_endpoint\/wp\/v2\/posts\/9611\/revisions\/9617"}],"wp:featuredmedia":[{"embeddable":true,"href":"https:\/\/powiatlwowecki.pl\/plci_json_endpoint\/wp\/v2\/media\/9609"}],"wp:attachment":[{"href":"https:\/\/powiatlwowecki.pl\/plci_json_endpoint\/wp\/v2\/media?parent=9611"}],"wp:term":[{"taxonomy":"category","embeddable":true,"href":"https:\/\/powiatlwowecki.pl\/plci_json_endpoint\/wp\/v2\/categories?post=9611"},{"taxonomy":"post_tag","embeddable":true,"href":"https:\/\/powiatlwowecki.pl\/plci_json_endpoint\/wp\/v2\/tags?post=9611"}],"curies":[{"name":"wp","href":"https:\/\/api.w.org\/{rel}","templated":true}]}}