{"id":9458,"date":"2025-04-07T13:55:28","date_gmt":"2025-04-07T11:55:28","guid":{"rendered":"https:\/\/powiatlwowecki.pl\/?p=9458"},"modified":"2025-04-07T15:58:47","modified_gmt":"2025-04-07T13:58:47","slug":"9458-2","status":"publish","type":"post","link":"https:\/\/powiatlwowecki.pl\/9458-2\/","title":{"rendered":"\u017byczenia z okazji \u015awiatowego Dnia Zdrowia i Dnia Pracownika S\u0142u\u017cby Zdrowia"},"content":{"rendered":"<p style=\"text-align: center;\"><span style=\"font-size: 14pt;\"><strong><span class=\"html-span xdj266r x11i5rnm xat24cr x1mh8g0r xexx8yu x4uap5 x18d9i69 xkhd6sd x1hl2dhg x16tdsg8 x1vvkbs x4k7w5x x1h91t0o x1h9r5lt x1jfb8zj xv2umb2 x1beo9mf xaigb6o x12ejxvf x3igimt xarpa2k xedcshv x1lytzrv x1t2pt76 x7ja8zs x1qrby5j\"><span class=\"x193iq5w xeuugli x13faqbe x1vvkbs x1xmvt09 x1lliihq x1s928wv xhkezso x1gmr53x x1cpjm7i x1fgarty x1943h6x xudqn12 x3x7a5m x6prxxf xvq8zen xo1l8bm x14ctfv\" dir=\"auto\">-Z okazji \u015awiatowego Dnia Zdrowia i Dnia Pracownika S\u0142u\u017cby Zdrowia-<\/span><\/span><\/strong><\/span><\/p>\n<p style=\"text-align: center;\"><span class=\"html-span xdj266r x11i5rnm xat24cr x1mh8g0r xexx8yu x4uap5 x18d9i69 xkhd6sd x1hl2dhg x16tdsg8 x1vvkbs x4k7w5x x1h91t0o x1h9r5lt x1jfb8zj xv2umb2 x1beo9mf xaigb6o x12ejxvf x3igimt xarpa2k xedcshv x1lytzrv x1t2pt76 x7ja8zs x1qrby5j\"><span class=\"x193iq5w xeuugli x13faqbe x1vvkbs x1xmvt09 x1lliihq x1s928wv xhkezso x1gmr53x x1cpjm7i x1fgarty x1943h6x xudqn12 x3x7a5m x6prxxf xvq8zen xo1l8bm x14ctfv\" dir=\"auto\"> W tym szczeg\u00f3lnym dniu kierujemy s\u0142owa wdzi\u0119czno\u015bci do wszystkich, kt\u00f3rzy na co dzie\u0144 dbaj\u0105 o nasze zdrowie i \u017cycie \u2013 lekarzy, piel\u0119gniarek, ratownik\u00f3w medycznych, diagnost\u00f3w, farmaceut\u00f3w oraz ca\u0142ego personelu medycznego. <\/span><\/span><\/p>\n<p style=\"text-align: center;\"><span class=\"html-span xdj266r x11i5rnm xat24cr x1mh8g0r xexx8yu x4uap5 x18d9i69 xkhd6sd x1hl2dhg x16tdsg8 x1vvkbs x4k7w5x x1h91t0o x1h9r5lt x1jfb8zj xv2umb2 x1beo9mf xaigb6o x12ejxvf x3igimt xarpa2k xedcshv x1lytzrv x1t2pt76 x7ja8zs x1qrby5j\"><span class=\"x193iq5w xeuugli x13faqbe x1vvkbs x1xmvt09 x1lliihq x1s928wv xhkezso x1gmr53x x1cpjm7i x1fgarty x1943h6x xudqn12 x3x7a5m x6prxxf xvq8zen xo1l8bm x14ctfv\" dir=\"auto\"><span class=\"x193iq5w xeuugli x13faqbe x1vvkbs x1xmvt09 x1lliihq x1s928wv xhkezso x1gmr53x x1cpjm7i x1fgarty x1943h6x xudqn12 x3x7a5m x6prxxf xvq8zen xo1l8bm xzsf02u x1yc453h\" dir=\"auto\"> Szczeg\u00f3lne wyrazy uznania kierujemy do ca\u0142ego zespo\u0142u Powiatowego Centrum Zdrowia Sp. z o.o. w Lw\u00f3wku \u015al\u0105skim. Dzi\u0119ki Wam nasi mieszka\u0144cy mog\u0105 czu\u0107 si\u0119 bezpiecznie i mie\u0107 pewno\u015b\u0107, \u017ce s\u0105 w dobry r\u0119kach.<\/span><\/span><\/span><\/p>\n<p style=\"text-align: center;\"><span class=\"html-span xdj266r x11i5rnm xat24cr x1mh8g0r xexx8yu x4uap5 x18d9i69 xkhd6sd x1hl2dhg x16tdsg8 x1vvkbs x4k7w5x x1h91t0o x1h9r5lt x1jfb8zj xv2umb2 x1beo9mf xaigb6o x12ejxvf x3igimt xarpa2k xedcshv x1lytzrv x1t2pt76 x7ja8zs x1qrby5j\"><span class=\"x193iq5w xeuugli x13faqbe x1vvkbs x1xmvt09 x1lliihq x1s928wv xhkezso x1gmr53x x1cpjm7i x1fgarty x1943h6x xudqn12 x3x7a5m x6prxxf xvq8zen xo1l8bm x14ctfv\" dir=\"auto\">Dzi\u0119kujemy za Wasz\u0105 trosk\u0119, cierpliwo\u015b\u0107 i gotowo\u015b\u0107 do niesienia pomocy, nawet w najtrudniejszych chwilach. Za to, \u017ce jeste\u015bcie \u2014 mimo zm\u0119czenia, presji i wielu wyzwa\u0144. <\/span><\/span><\/p>\n<p style=\"text-align: center;\"><span class=\"html-span xdj266r x11i5rnm xat24cr x1mh8g0r xexx8yu x4uap5 x18d9i69 xkhd6sd x1hl2dhg x16tdsg8 x1vvkbs x4k7w5x x1h91t0o x1h9r5lt x1jfb8zj xv2umb2 x1beo9mf xaigb6o x12ejxvf x3igimt xarpa2k xedcshv x1lytzrv x1t2pt76 x7ja8zs x1qrby5j\"><span class=\"x193iq5w xeuugli x13faqbe x1vvkbs x1xmvt09 x1lliihq x1s928wv xhkezso x1gmr53x x1cpjm7i x1fgarty x1943h6x xudqn12 x3x7a5m x6prxxf xvq8zen xo1l8bm x14ctfv\" dir=\"auto\">\u017byczymy Wam du\u017co zdrowia, si\u0142y, spokoju i satysfakcji z pracy, kt\u00f3ra cho\u0107 trudna, ma ogromne znaczenie. Niech nigdy nie zabraknie Wam \u017cyczliwo\u015bci ze strony pacjent\u00f3w i wsparcia od najbli\u017cszych.<\/span><\/span><\/p>\n<p style=\"text-align: center;\"><strong>W imieniu Powiatu Lw\u00f3weckiego \u017cyczenia sk\u0142adaj\u0105:<\/strong><\/p>\n<p style=\"text-align: center;\"><strong>Starosta Lw\u00f3wecka Ma\u0142gorzata Szczepa\u0144ska i Przewodnicz\u0105cy Rady Powiatu Lw\u00f3weckiego Olgierd Poni\u017anik<\/strong><\/p>\n<p>&nbsp;<\/p>\n<p>&nbsp;<\/p>\n","protected":false},"excerpt":{"rendered":"<p>-Z okazji \u015awiatowego Dnia Zdrowia i Dnia Pracownika S\u0142u\u017cby Zdrowia- W tym szczeg\u00f3lnym dniu kierujemy s\u0142owa wdzi\u0119czno\u015bci do wszystkich, kt\u00f3rzy na co dzie\u0144 dbaj\u0105 o nasze zdrowie i \u017cycie \u2013 lekarzy, piel\u0119gniarek, ratownik\u00f3w medycznych, diagnost\u00f3w,  [&#8230;]<\/p>\n","protected":false},"author":8,"featured_media":9457,"comment_status":"closed","ping_status":"closed","sticky":false,"template":"","format":"standard","meta":{"_acf_changed":false,"footnotes":""},"categories":[5],"tags":[],"class_list":["post-9458","post","type-post","status-publish","format-standard","has-post-thumbnail","hentry","category-aktualnosci"],"acf":{"kal_data_wydarzenia":""},"_links":{"self":[{"href":"https:\/\/powiatlwowecki.pl\/plci_json_endpoint\/wp\/v2\/posts\/9458","targetHints":{"allow":["GET"]}}],"collection":[{"href":"https:\/\/powiatlwowecki.pl\/plci_json_endpoint\/wp\/v2\/posts"}],"about":[{"href":"https:\/\/powiatlwowecki.pl\/plci_json_endpoint\/wp\/v2\/types\/post"}],"author":[{"embeddable":true,"href":"https:\/\/powiatlwowecki.pl\/plci_json_endpoint\/wp\/v2\/users\/8"}],"replies":[{"embeddable":true,"href":"https:\/\/powiatlwowecki.pl\/plci_json_endpoint\/wp\/v2\/comments?post=9458"}],"version-history":[{"count":5,"href":"https:\/\/powiatlwowecki.pl\/plci_json_endpoint\/wp\/v2\/posts\/9458\/revisions"}],"predecessor-version":[{"id":9467,"href":"https:\/\/powiatlwowecki.pl\/plci_json_endpoint\/wp\/v2\/posts\/9458\/revisions\/9467"}],"wp:featuredmedia":[{"embeddable":true,"href":"https:\/\/powiatlwowecki.pl\/plci_json_endpoint\/wp\/v2\/media\/9457"}],"wp:attachment":[{"href":"https:\/\/powiatlwowecki.pl\/plci_json_endpoint\/wp\/v2\/media?parent=9458"}],"wp:term":[{"taxonomy":"category","embeddable":true,"href":"https:\/\/powiatlwowecki.pl\/plci_json_endpoint\/wp\/v2\/categories?post=9458"},{"taxonomy":"post_tag","embeddable":true,"href":"https:\/\/powiatlwowecki.pl\/plci_json_endpoint\/wp\/v2\/tags?post=9458"}],"curies":[{"name":"wp","href":"https:\/\/api.w.org\/{rel}","templated":true}]}}