{"id":9399,"date":"2025-03-31T17:58:16","date_gmt":"2025-03-31T15:58:16","guid":{"rendered":"https:\/\/powiatlwowecki.pl\/?p=9399"},"modified":"2025-03-31T18:53:11","modified_gmt":"2025-03-31T16:53:11","slug":"posiedzenie-komisji-bezpieczenstwa-publicznego","status":"publish","type":"post","link":"https:\/\/powiatlwowecki.pl\/posiedzenie-komisji-bezpieczenstwa-publicznego\/","title":{"rendered":"Posiedzenie Komisji Bezpiecze\u0144stwa i Porz\u0105dku Publicznego"},"content":{"rendered":"<div class=\"fusion-fullwidth fullwidth-box fusion-builder-row-1 fusion-flex-container has-pattern-background has-mask-background nonhundred-percent-fullwidth non-hundred-percent-height-scrolling\" style=\"--awb-border-radius-top-left:0px;--awb-border-radius-top-right:0px;--awb-border-radius-bottom-right:0px;--awb-border-radius-bottom-left:0px;--awb-flex-wrap:wrap;\" ><div class=\"fusion-builder-row fusion-row fusion-flex-align-items-flex-start fusion-flex-content-wrap\" style=\"max-width:1248px;margin-left: calc(-4% \/ 2 );margin-right: calc(-4% \/ 2 );\"><div class=\"fusion-layout-column fusion_builder_column fusion-builder-column-0 fusion_builder_column_1_1 1_1 fusion-flex-column\" style=\"--awb-bg-size:cover;--awb-width-large:100%;--awb-margin-top-large:0px;--awb-spacing-right-large:1.92%;--awb-margin-bottom-large:20px;--awb-spacing-left-large:1.92%;--awb-width-medium:100%;--awb-order-medium:0;--awb-spacing-right-medium:1.92%;--awb-spacing-left-medium:1.92%;--awb-width-small:100%;--awb-order-small:0;--awb-spacing-right-small:1.92%;--awb-spacing-left-small:1.92%;\"><div class=\"fusion-column-wrapper fusion-column-has-shadow fusion-flex-justify-content-flex-start fusion-content-layout-column\"><div class=\"fusion-text fusion-text-1\"><p>28 marca 2025 r. w siedzibie Starostwa Powiatowego w Lw\u00f3wku \u015al\u0105skim, odby\u0142o si\u0119 posiedzenie Komisji Bezpiecze\u0144stwa i Porz\u0105dku Publicznego. Spotkanie zgromadzi\u0142o przedstawicieli r\u00f3\u017cnych instytucji powiatowych, kt\u00f3rzy dyskutowali o kwestiach istotnych dla zapewnienia bezpiecze\u0144stwa mieszka\u0144com powiatu.<\/p>\n<p>G\u0142\u00f3wnym tematem spotkania by\u0142o przedstawienie projektu sprawozdania z Powiatowego Programu Zapobiegania Przest\u0119pczo\u015bci oraz Porz\u0105dku Publicznego i Bezpiecze\u0144stwa Obywateli. Program ten stanowi wa\u017cny element dzia\u0142a\u0144 podejmowanych przez lokalne w\u0142adze w celu poprawy bezpiecze\u0144stwa i zapewnienia porz\u0105dku w regionie. W trakcie spotkania om\u00f3wiono realizacj\u0119 zaplanowanych dzia\u0142a\u0144, kt\u00f3re maj\u0105 na celu przeciwdzia\u0142anie przest\u0119pczo\u015bci oraz popraw\u0119 jako\u015bci \u017cycia obywateli powiatu.<\/p>\n<p>Dodatkowo podczas komisji, Pani Patrycja Rybczak &#8211;\u00a0 Powiatowy Lekarz Weterynarii, zaprezentowa\u0142a bie\u017c\u0105c\u0105 sytuacj\u0119 dotycz\u0105c\u0105 choroby pryszczycy. Om\u00f3wi\u0142a szczeg\u00f3\u0142owo nowe ogniska tej choroby, kt\u00f3re zosta\u0142y stwierdzone na W\u0119grzech oraz S\u0142owacji. Pryszczyca to gro\u017ana choroba zaka\u017ana zwierz\u0105t gospodarskich, zw\u0142aszcza byd\u0142a, kt\u00f3ra powoduje zmiany sk\u00f3rne i mo\u017ce prowadzi\u0107 do powa\u017cnych strat w produkcji zwierz\u0119cej. Zwr\u00f3ci\u0142a uwag\u0119 na konieczno\u015b\u0107 monitorowania sytuacji i podejmowania dzia\u0142a\u0144 prewencyjnych w celu zapobiegania rozprzestrzenianiu si\u0119 choroby w Polsce, szczeg\u00f3lnie w rejonach granicz\u0105cych z naszymi po\u0142udniowymi s\u0105siadami.<\/p>\n<p>Ponadto, komisja poruszy\u0142a temat, kt\u00f3ry zyska\u0142 szerokie zainteresowanie w mediach \u2013 rysy (p\u0119kni\u0119cia) na zaporze pilchowickiej. W zwi\u0105zku z tym om\u00f3wiono stanowisko firmy Tauron, kt\u00f3ra jest odpowiedzialna za utrzymanie zapory. Dyskusja dotyczy\u0142a ewentualnych zagro\u017ce\u0144 zwi\u0105zanych z tymi uszkodzeniami oraz dzia\u0142a\u0144 naprawczych, kt\u00f3re firma planuje podj\u0105\u0107, by zapewni\u0107 bezpiecze\u0144stwo i prawid\u0142owe funkcjonowanie zapory.<\/p>\n<p>Dzi\u0119ki takim spotkaniom, komisja bezpiecze\u0144stwa i porz\u0105dku publicznego pe\u0142ni wa\u017cn\u0105 rol\u0119 w monitorowaniu sytuacji i podejmowaniu dzia\u0142a\u0144 na rzecz poprawy bezpiecze\u0144stwa i dobrostanu mieszka\u0144c\u00f3w powiatu lw\u00f3weckiego.<\/p>\n<\/div><div class=\"awb-gallery-wrapper awb-gallery-wrapper-1 button-span-no\" style=\"--more-btn-alignment:center;\"><div style=\"margin:-5px;--awb-bordersize:0px;\" class=\"fusion-gallery fusion-gallery-container fusion-grid-3 fusion-columns-total-5 fusion-gallery-layout-grid fusion-gallery-1\"><div style=\"padding:5px;\" class=\"fusion-grid-column fusion-gallery-column fusion-gallery-column-3 hover-type-none\"><div class=\"fusion-gallery-image\"><a href=\"https:\/\/powiatlwowecki.pl\/wp-content\/uploads\/2025\/03\/WhatsApp-Image-2025-03-29-at-09.53.40.jpeg\" rel=\"noreferrer\" data-rel=\"iLightbox[gallery_image_1]\" class=\"fusion-lightbox\" target=\"_self\"><img decoding=\"async\" src=\"https:\/\/powiatlwowecki.pl\/wp-content\/uploads\/2025\/03\/WhatsApp-Image-2025-03-29-at-09.53.40.jpeg\" width=\"1536\" height=\"2048\" alt=\"\" title=\"WhatsApp Image 2025-03-29 at 09.53.40\" aria-label=\"WhatsApp Image 2025-03-29 at 09.53.40\" class=\"img-responsive wp-image-9404\" srcset=\"https:\/\/powiatlwowecki.pl\/wp-content\/uploads\/2025\/03\/WhatsApp-Image-2025-03-29-at-09.53.40-200x267.jpeg 200w, https:\/\/powiatlwowecki.pl\/wp-content\/uploads\/2025\/03\/WhatsApp-Image-2025-03-29-at-09.53.40-400x533.jpeg 400w, https:\/\/powiatlwowecki.pl\/wp-content\/uploads\/2025\/03\/WhatsApp-Image-2025-03-29-at-09.53.40-600x800.jpeg 600w, https:\/\/powiatlwowecki.pl\/wp-content\/uploads\/2025\/03\/WhatsApp-Image-2025-03-29-at-09.53.40-800x1067.jpeg 800w, https:\/\/powiatlwowecki.pl\/wp-content\/uploads\/2025\/03\/WhatsApp-Image-2025-03-29-at-09.53.40-1200x1600.jpeg 1200w, https:\/\/powiatlwowecki.pl\/wp-content\/uploads\/2025\/03\/WhatsApp-Image-2025-03-29-at-09.53.40.jpeg 1536w\" sizes=\"(min-width: 2200px) 100vw, (min-width: 784px) 397px, (min-width: 712px) 595px, (min-width: 640px) 712px, \" \/><\/a><\/div><\/div><div style=\"padding:5px;\" class=\"fusion-grid-column fusion-gallery-column fusion-gallery-column-3 hover-type-none\"><div class=\"fusion-gallery-image\"><a href=\"https:\/\/powiatlwowecki.pl\/wp-content\/uploads\/2025\/03\/WhatsApp-Image-2025-03-29-at-09.53.40-3.jpeg\" rel=\"noreferrer\" data-rel=\"iLightbox[gallery_image_1]\" class=\"fusion-lightbox\" target=\"_self\"><img decoding=\"async\" src=\"https:\/\/powiatlwowecki.pl\/wp-content\/uploads\/2025\/03\/WhatsApp-Image-2025-03-29-at-09.53.40-3.jpeg\" width=\"1536\" height=\"2048\" alt=\"\" title=\"WhatsApp Image 2025-03-29 at 09.53.40 (3)\" aria-label=\"WhatsApp Image 2025-03-29 at 09.53.40 (3)\" class=\"img-responsive wp-image-9403\" srcset=\"https:\/\/powiatlwowecki.pl\/wp-content\/uploads\/2025\/03\/WhatsApp-Image-2025-03-29-at-09.53.40-3-200x267.jpeg 200w, https:\/\/powiatlwowecki.pl\/wp-content\/uploads\/2025\/03\/WhatsApp-Image-2025-03-29-at-09.53.40-3-400x533.jpeg 400w, https:\/\/powiatlwowecki.pl\/wp-content\/uploads\/2025\/03\/WhatsApp-Image-2025-03-29-at-09.53.40-3-600x800.jpeg 600w, https:\/\/powiatlwowecki.pl\/wp-content\/uploads\/2025\/03\/WhatsApp-Image-2025-03-29-at-09.53.40-3-800x1067.jpeg 800w, https:\/\/powiatlwowecki.pl\/wp-content\/uploads\/2025\/03\/WhatsApp-Image-2025-03-29-at-09.53.40-3-1200x1600.jpeg 1200w, https:\/\/powiatlwowecki.pl\/wp-content\/uploads\/2025\/03\/WhatsApp-Image-2025-03-29-at-09.53.40-3.jpeg 1536w\" sizes=\"(min-width: 2200px) 100vw, (min-width: 784px) 397px, (min-width: 712px) 595px, (min-width: 640px) 712px, \" \/><\/a><\/div><\/div><div style=\"padding:5px;\" class=\"fusion-grid-column fusion-gallery-column fusion-gallery-column-3 hover-type-none\"><div class=\"fusion-gallery-image\"><a href=\"https:\/\/powiatlwowecki.pl\/wp-content\/uploads\/2025\/03\/WhatsApp-Image-2025-03-29-at-09.53.40-2.jpeg\" rel=\"noreferrer\" data-rel=\"iLightbox[gallery_image_1]\" class=\"fusion-lightbox\" target=\"_self\"><img decoding=\"async\" src=\"https:\/\/powiatlwowecki.pl\/wp-content\/uploads\/2025\/03\/WhatsApp-Image-2025-03-29-at-09.53.40-2.jpeg\" width=\"1536\" height=\"2048\" alt=\"\" title=\"WhatsApp Image 2025-03-29 at 09.53.40 (2)\" aria-label=\"WhatsApp Image 2025-03-29 at 09.53.40 (2)\" class=\"img-responsive wp-image-9402\" srcset=\"https:\/\/powiatlwowecki.pl\/wp-content\/uploads\/2025\/03\/WhatsApp-Image-2025-03-29-at-09.53.40-2-200x267.jpeg 200w, https:\/\/powiatlwowecki.pl\/wp-content\/uploads\/2025\/03\/WhatsApp-Image-2025-03-29-at-09.53.40-2-400x533.jpeg 400w, https:\/\/powiatlwowecki.pl\/wp-content\/uploads\/2025\/03\/WhatsApp-Image-2025-03-29-at-09.53.40-2-600x800.jpeg 600w, https:\/\/powiatlwowecki.pl\/wp-content\/uploads\/2025\/03\/WhatsApp-Image-2025-03-29-at-09.53.40-2-800x1067.jpeg 800w, https:\/\/powiatlwowecki.pl\/wp-content\/uploads\/2025\/03\/WhatsApp-Image-2025-03-29-at-09.53.40-2-1200x1600.jpeg 1200w, https:\/\/powiatlwowecki.pl\/wp-content\/uploads\/2025\/03\/WhatsApp-Image-2025-03-29-at-09.53.40-2.jpeg 1536w\" sizes=\"(min-width: 2200px) 100vw, (min-width: 784px) 397px, (min-width: 712px) 595px, (min-width: 640px) 712px, \" \/><\/a><\/div><\/div><div class=\"clearfix\"><\/div><div style=\"padding:5px;\" class=\"fusion-grid-column fusion-gallery-column fusion-gallery-column-3 hover-type-none\"><div class=\"fusion-gallery-image\"><a href=\"https:\/\/powiatlwowecki.pl\/wp-content\/uploads\/2025\/03\/WhatsApp-Image-2025-03-29-at-09.53.40-1.jpeg\" rel=\"noreferrer\" data-rel=\"iLightbox[gallery_image_1]\" class=\"fusion-lightbox\" target=\"_self\"><img decoding=\"async\" src=\"https:\/\/powiatlwowecki.pl\/wp-content\/uploads\/2025\/03\/WhatsApp-Image-2025-03-29-at-09.53.40-1.jpeg\" width=\"1536\" height=\"2048\" alt=\"\" title=\"WhatsApp Image 2025-03-29 at 09.53.40 (1)\" aria-label=\"WhatsApp Image 2025-03-29 at 09.53.40 (1)\" class=\"img-responsive wp-image-9401\" srcset=\"https:\/\/powiatlwowecki.pl\/wp-content\/uploads\/2025\/03\/WhatsApp-Image-2025-03-29-at-09.53.40-1-200x267.jpeg 200w, https:\/\/powiatlwowecki.pl\/wp-content\/uploads\/2025\/03\/WhatsApp-Image-2025-03-29-at-09.53.40-1-400x533.jpeg 400w, https:\/\/powiatlwowecki.pl\/wp-content\/uploads\/2025\/03\/WhatsApp-Image-2025-03-29-at-09.53.40-1-600x800.jpeg 600w, https:\/\/powiatlwowecki.pl\/wp-content\/uploads\/2025\/03\/WhatsApp-Image-2025-03-29-at-09.53.40-1-800x1067.jpeg 800w, https:\/\/powiatlwowecki.pl\/wp-content\/uploads\/2025\/03\/WhatsApp-Image-2025-03-29-at-09.53.40-1-1200x1600.jpeg 1200w, https:\/\/powiatlwowecki.pl\/wp-content\/uploads\/2025\/03\/WhatsApp-Image-2025-03-29-at-09.53.40-1.jpeg 1536w\" sizes=\"(min-width: 2200px) 100vw, (min-width: 784px) 397px, (min-width: 712px) 595px, (min-width: 640px) 712px, \" \/><\/a><\/div><\/div><div style=\"padding:5px;\" class=\"fusion-grid-column fusion-gallery-column fusion-gallery-column-3 hover-type-none\"><div class=\"fusion-gallery-image\"><a href=\"https:\/\/powiatlwowecki.pl\/wp-content\/uploads\/2025\/03\/WhatsApp-Image-2025-03-29-at-09.53.39.jpeg\" rel=\"noreferrer\" data-rel=\"iLightbox[gallery_image_1]\" class=\"fusion-lightbox\" target=\"_self\"><img decoding=\"async\" src=\"https:\/\/powiatlwowecki.pl\/wp-content\/uploads\/2025\/03\/WhatsApp-Image-2025-03-29-at-09.53.39.jpeg\" width=\"1536\" height=\"2048\" alt=\"\" title=\"WhatsApp Image 2025-03-29 at 09.53.39\" aria-label=\"WhatsApp Image 2025-03-29 at 09.53.39\" class=\"img-responsive wp-image-9400\" srcset=\"https:\/\/powiatlwowecki.pl\/wp-content\/uploads\/2025\/03\/WhatsApp-Image-2025-03-29-at-09.53.39-200x267.jpeg 200w, https:\/\/powiatlwowecki.pl\/wp-content\/uploads\/2025\/03\/WhatsApp-Image-2025-03-29-at-09.53.39-400x533.jpeg 400w, https:\/\/powiatlwowecki.pl\/wp-content\/uploads\/2025\/03\/WhatsApp-Image-2025-03-29-at-09.53.39-600x800.jpeg 600w, https:\/\/powiatlwowecki.pl\/wp-content\/uploads\/2025\/03\/WhatsApp-Image-2025-03-29-at-09.53.39-800x1067.jpeg 800w, https:\/\/powiatlwowecki.pl\/wp-content\/uploads\/2025\/03\/WhatsApp-Image-2025-03-29-at-09.53.39-1200x1600.jpeg 1200w, https:\/\/powiatlwowecki.pl\/wp-content\/uploads\/2025\/03\/WhatsApp-Image-2025-03-29-at-09.53.39.jpeg 1536w\" sizes=\"(min-width: 2200px) 100vw, (min-width: 784px) 397px, (min-width: 712px) 595px, (min-width: 640px) 712px, \" \/><\/a><\/div><\/div><\/div><\/div><\/div><\/div><\/div><\/div>\n","protected":false},"excerpt":{"rendered":"","protected":false},"author":4,"featured_media":9405,"comment_status":"closed","ping_status":"closed","sticky":false,"template":"","format":"standard","meta":{"_acf_changed":false,"footnotes":""},"categories":[5,95],"tags":[],"class_list":["post-9399","post","type-post","status-publish","format-standard","has-post-thumbnail","hentry","category-aktualnosci","category-pczk"],"acf":{"kal_data_wydarzenia":""},"_links":{"self":[{"href":"https:\/\/powiatlwowecki.pl\/plci_json_endpoint\/wp\/v2\/posts\/9399","targetHints":{"allow":["GET"]}}],"collection":[{"href":"https:\/\/powiatlwowecki.pl\/plci_json_endpoint\/wp\/v2\/posts"}],"about":[{"href":"https:\/\/powiatlwowecki.pl\/plci_json_endpoint\/wp\/v2\/types\/post"}],"author":[{"embeddable":true,"href":"https:\/\/powiatlwowecki.pl\/plci_json_endpoint\/wp\/v2\/users\/4"}],"replies":[{"embeddable":true,"href":"https:\/\/powiatlwowecki.pl\/plci_json_endpoint\/wp\/v2\/comments?post=9399"}],"version-history":[{"count":4,"href":"https:\/\/powiatlwowecki.pl\/plci_json_endpoint\/wp\/v2\/posts\/9399\/revisions"}],"predecessor-version":[{"id":9409,"href":"https:\/\/powiatlwowecki.pl\/plci_json_endpoint\/wp\/v2\/posts\/9399\/revisions\/9409"}],"wp:featuredmedia":[{"embeddable":true,"href":"https:\/\/powiatlwowecki.pl\/plci_json_endpoint\/wp\/v2\/media\/9405"}],"wp:attachment":[{"href":"https:\/\/powiatlwowecki.pl\/plci_json_endpoint\/wp\/v2\/media?parent=9399"}],"wp:term":[{"taxonomy":"category","embeddable":true,"href":"https:\/\/powiatlwowecki.pl\/plci_json_endpoint\/wp\/v2\/categories?post=9399"},{"taxonomy":"post_tag","embeddable":true,"href":"https:\/\/powiatlwowecki.pl\/plci_json_endpoint\/wp\/v2\/tags?post=9399"}],"curies":[{"name":"wp","href":"https:\/\/api.w.org\/{rel}","templated":true}]}}