{"id":9291,"date":"2025-03-18T14:54:54","date_gmt":"2025-03-18T13:54:54","guid":{"rendered":"https:\/\/powiatlwowecki.pl\/?p=9291"},"modified":"2025-03-18T14:55:39","modified_gmt":"2025-03-18T13:55:39","slug":"bezpieczne-platnosci-w-internecie-dla-seniorow","status":"publish","type":"post","link":"https:\/\/powiatlwowecki.pl\/bezpieczne-platnosci-w-internecie-dla-seniorow\/","title":{"rendered":"Bezpieczne p\u0142atno\u015bci w Internecie dla senior\u00f3w"},"content":{"rendered":"<p>Urz\u0105d Komisji Nadzoru Finansowego <strong>zaprasza senior\u00f3w i ich opiekun\u00f3w<\/strong> na webinarium (spotkanie online) \u201eBezpieczne p\u0142atno\u015bci w Internecie dla senior\u00f3w\u201d organizowane<br \/>\nw ramach projektu Centrum Edukacji dla Uczestnik\u00f3w Rynku \u2013 CEDUR, we wsp\u00f3\u0142pracy z Minister ds. Polityki Senioralnej oraz Komend\u0105 G\u0142\u00f3wn\u0105 Policji.<\/p>\n<p>&nbsp;<\/p>\n<p>Webinarium odb\u0119dzie si\u0119 <strong>17 kwietnia 2025 roku<\/strong> (10:00-12:30).<\/p>\n<p><strong>\u00a0<\/strong><\/p>\n<p><strong>Cel<\/strong><\/p>\n<p>Celem webinarium jest zwi\u0119kszenie \u015bwiadomo\u015bci senior\u00f3w i ich opiekun\u00f3w w zakresie aktualnych zagro\u017ce\u0144 spowodowanych dzia\u0142alno\u015bci\u0105 cyberprzest\u0119pc\u00f3w.<\/p>\n<p>&nbsp;<\/p>\n<p><strong>Zg\u0142oszenia<\/strong><\/p>\n<p>Rejestracja na webinarium CEDUR odbywa si\u0119 online, tj. poprzez elektroniczny formularz zg\u0142oszeniowy \u2013 link do strony z odno\u015bnikiem do formularza:<\/p>\n<p><a href=\"https:\/\/www.knf.gov.pl\/dla_rynku\/edukacja_cedur\/seminaria?articleId=93063&amp;p_id=18\">https:\/\/www.knf.gov.pl\/dla_rynku\/edukacja_cedur\/seminaria?articleId=93063&amp;p_id=18<\/a><\/p>\n<p>&nbsp;<\/p>\n<p>W webinarium mo\u017cna uczestniczy\u0107 zar\u00f3wno samodzielnie, jak i grupowo (zg\u0142osze\u0144 mog\u0105 dokonywa\u0107 pracownicy dom\u00f3w seniora, klub\u00f3w seniora, centr\u00f3w aktywno\u015bci seniora, dom\u00f3w pomocy spo\u0142ecznej, plac\u00f3wek spo\u0142eczno-kulturalnych np. bibliotek, dom\u00f3w kultury, itp.).<br \/>\nW przypadku zg\u0142osze\u0144 grupowych wype\u0142niaj\u0105c formularz nale\u017cy wskaza\u0107 przybli\u017con\u0105 liczb\u0119 uczestnik\u00f3w webinarium.<\/p>\n<p>Potwierdzenia mo\u017cliwo\u015bci uczestnictwa zostan\u0105 przes\u0142ane do 16 kwietnia 2025 roku. Formularz zg\u0142oszeniowy b\u0119dzie dost\u0119pny do dnia, w kt\u00f3rym odb\u0119dzie si\u0119 webinarium. W przypadku zg\u0142osze\u0144, kt\u00f3re wp\u0142yn\u0105 w dniu webinarium, potwierdzenia mo\u017cliwo\u015bci uczestnictwa oraz zaproszenia na spotkanie (wraz z linkiem) b\u0119d\u0105 przesy\u0142ane na bie\u017c\u0105co.<\/p>\n<p>&nbsp;<\/p>\n<p><strong>Informacje techniczne<\/strong><\/p>\n<p>W celu uczestnictwa w webinarium niezb\u0119dne jest stabilne \u0142\u0105cze internetowe. W spotkaniu mo\u017cna uczestniczy\u0107 poprzez przegl\u0105dark\u0119 internetow\u0105 lub aplikacj\u0119 Cisco Webex. Szczeg\u00f3\u0142owe informacje techniczne dotycz\u0105ce do\u0142\u0105czenia do spotkania zostan\u0105 przes\u0142ane po potwierdzeniu mo\u017cliwo\u015bci uczestnictwa oraz wys\u0142aniu wiadomo\u015bci z zaproszeniem (wraz z linkiem) na spotkanie.<\/p>\n<p>&nbsp;<\/p>\n<p><strong>Op\u0142aty<\/strong><\/p>\n<p>Udzia\u0142 w webinarium jest bezp\u0142atny.<\/p>\n<p><a href=\"https:\/\/powiatlwowecki.pl\/wp-content\/uploads\/2025\/03\/Zal.-1-Program-webinarium-CEDUR-dla-seniorow-i-ich-opiekunow-17-kwietnia-2025-roku.pdf\">Program Webinarium<\/a><\/p>\n<p><a href=\"https:\/\/powiatlwowecki.pl\/wp-content\/uploads\/2025\/03\/Zal.-3-Informacja-nt.-webinarium-dla-seniorow-i-ich-opiekunow-17-kwietnia-2025-roku.docx\">Informacja na temat webinarium<\/a><\/p>\n","protected":false},"excerpt":{"rendered":"<p>Urz\u0105d Komisji Nadzoru Finansowego zaprasza senior\u00f3w i ich opiekun\u00f3w na webinarium (spotkanie online) \u201eBezpieczne p\u0142atno\u015bci w Internecie dla senior\u00f3w\u201d organizowane w ramach projektu Centrum Edukacji dla Uczestnik\u00f3w Rynku \u2013 CEDUR, we wsp\u00f3\u0142pracy z Minister ds.  [&#8230;]<\/p>\n","protected":false},"author":8,"featured_media":9289,"comment_status":"closed","ping_status":"closed","sticky":false,"template":"","format":"standard","meta":{"_acf_changed":false,"footnotes":""},"categories":[5],"tags":[],"class_list":["post-9291","post","type-post","status-publish","format-standard","has-post-thumbnail","hentry","category-aktualnosci"],"acf":{"kal_data_wydarzenia":""},"_links":{"self":[{"href":"https:\/\/powiatlwowecki.pl\/plci_json_endpoint\/wp\/v2\/posts\/9291","targetHints":{"allow":["GET"]}}],"collection":[{"href":"https:\/\/powiatlwowecki.pl\/plci_json_endpoint\/wp\/v2\/posts"}],"about":[{"href":"https:\/\/powiatlwowecki.pl\/plci_json_endpoint\/wp\/v2\/types\/post"}],"author":[{"embeddable":true,"href":"https:\/\/powiatlwowecki.pl\/plci_json_endpoint\/wp\/v2\/users\/8"}],"replies":[{"embeddable":true,"href":"https:\/\/powiatlwowecki.pl\/plci_json_endpoint\/wp\/v2\/comments?post=9291"}],"version-history":[{"count":1,"href":"https:\/\/powiatlwowecki.pl\/plci_json_endpoint\/wp\/v2\/posts\/9291\/revisions"}],"predecessor-version":[{"id":9292,"href":"https:\/\/powiatlwowecki.pl\/plci_json_endpoint\/wp\/v2\/posts\/9291\/revisions\/9292"}],"wp:featuredmedia":[{"embeddable":true,"href":"https:\/\/powiatlwowecki.pl\/plci_json_endpoint\/wp\/v2\/media\/9289"}],"wp:attachment":[{"href":"https:\/\/powiatlwowecki.pl\/plci_json_endpoint\/wp\/v2\/media?parent=9291"}],"wp:term":[{"taxonomy":"category","embeddable":true,"href":"https:\/\/powiatlwowecki.pl\/plci_json_endpoint\/wp\/v2\/categories?post=9291"},{"taxonomy":"post_tag","embeddable":true,"href":"https:\/\/powiatlwowecki.pl\/plci_json_endpoint\/wp\/v2\/tags?post=9291"}],"curies":[{"name":"wp","href":"https:\/\/api.w.org\/{rel}","templated":true}]}}