{"id":9268,"date":"2025-03-14T07:43:15","date_gmt":"2025-03-14T06:43:15","guid":{"rendered":"https:\/\/powiatlwowecki.pl\/?p=9268"},"modified":"2025-03-14T07:45:29","modified_gmt":"2025-03-14T06:45:29","slug":"nabor-wnioskow-w-dolnoslaskim-budzecie-obywatelskim-2025","status":"publish","type":"post","link":"https:\/\/powiatlwowecki.pl\/nabor-wnioskow-w-dolnoslaskim-budzecie-obywatelskim-2025\/","title":{"rendered":"Nab\u00f3r wniosk\u00f3w w Dolno\u015bl\u0105skim Bud\u017cecie Obywatelskim 2025"},"content":{"rendered":"<p>Trwa nab\u00f3r wniosk\u00f3w w Dolno\u015bl\u0105skim Bud\u017cecie Obywatelskich 2025. Swoje pomys\u0142y mo\u017cna sk\u0142ada\u0107 za pomoc\u0105 formularza elektronicznego. Przed rozpocz\u0119ciem jego wype\u0142niania nale\u017cy pami\u0119ta\u0107 o konieczno\u015bci do\u0142\u0105czenia listy poparcia minimum 30 mieszka\u0144c\u00f3w wojew\u00f3dztwa dolno\u015bl\u0105skiego.<\/p>\n<p>&nbsp;<\/p>\n<p><strong>Nab\u00f3r wniosk\u00f3w potrwa do 24 marca do godziny 12.00<\/strong><\/p>\n<p>Wi\u0119cej informacji na: <a href=\"https:\/\/umwd.dolnyslask.pl\/projekty-spoleczne\/projekty-spoleczne\/aktualnosci\/artykul\/nabor-wnioskow-w-dolnoslaskim-budzecie-obywatelskim-2025\/\">https:\/\/umwd.dolnyslask.pl\/projekty-spoleczne\/projekty-spoleczne\/aktualnosci\/artykul\/nabor-wnioskow-w-dolnoslaskim-budzecie-obywatelskim-2025\/<\/a><\/p>\n","protected":false},"excerpt":{"rendered":"<p>Trwa nab\u00f3r wniosk\u00f3w w Dolno\u015bl\u0105skim Bud\u017cecie Obywatelskich 2025. Swoje pomys\u0142y mo\u017cna sk\u0142ada\u0107 za pomoc\u0105 formularza elektronicznego. Przed rozpocz\u0119ciem jego wype\u0142niania nale\u017cy pami\u0119ta\u0107 o konieczno\u015bci do\u0142\u0105czenia listy poparcia minimum 30 mieszka\u0144c\u00f3w wojew\u00f3dztwa dolno\u015bl\u0105skiego. &nbsp; Nab\u00f3r wniosk\u00f3w  [&#8230;]<\/p>\n","protected":false},"author":8,"featured_media":9267,"comment_status":"closed","ping_status":"closed","sticky":false,"template":"","format":"standard","meta":{"_acf_changed":false,"footnotes":""},"categories":[5],"tags":[],"class_list":["post-9268","post","type-post","status-publish","format-standard","has-post-thumbnail","hentry","category-aktualnosci"],"acf":{"kal_data_wydarzenia":""},"_links":{"self":[{"href":"https:\/\/powiatlwowecki.pl\/plci_json_endpoint\/wp\/v2\/posts\/9268","targetHints":{"allow":["GET"]}}],"collection":[{"href":"https:\/\/powiatlwowecki.pl\/plci_json_endpoint\/wp\/v2\/posts"}],"about":[{"href":"https:\/\/powiatlwowecki.pl\/plci_json_endpoint\/wp\/v2\/types\/post"}],"author":[{"embeddable":true,"href":"https:\/\/powiatlwowecki.pl\/plci_json_endpoint\/wp\/v2\/users\/8"}],"replies":[{"embeddable":true,"href":"https:\/\/powiatlwowecki.pl\/plci_json_endpoint\/wp\/v2\/comments?post=9268"}],"version-history":[{"count":1,"href":"https:\/\/powiatlwowecki.pl\/plci_json_endpoint\/wp\/v2\/posts\/9268\/revisions"}],"predecessor-version":[{"id":9269,"href":"https:\/\/powiatlwowecki.pl\/plci_json_endpoint\/wp\/v2\/posts\/9268\/revisions\/9269"}],"wp:featuredmedia":[{"embeddable":true,"href":"https:\/\/powiatlwowecki.pl\/plci_json_endpoint\/wp\/v2\/media\/9267"}],"wp:attachment":[{"href":"https:\/\/powiatlwowecki.pl\/plci_json_endpoint\/wp\/v2\/media?parent=9268"}],"wp:term":[{"taxonomy":"category","embeddable":true,"href":"https:\/\/powiatlwowecki.pl\/plci_json_endpoint\/wp\/v2\/categories?post=9268"},{"taxonomy":"post_tag","embeddable":true,"href":"https:\/\/powiatlwowecki.pl\/plci_json_endpoint\/wp\/v2\/tags?post=9268"}],"curies":[{"name":"wp","href":"https:\/\/api.w.org\/{rel}","templated":true}]}}