{"id":9001,"date":"2025-01-30T08:47:30","date_gmt":"2025-01-30T07:47:30","guid":{"rendered":"https:\/\/powiatlwowecki.pl\/?p=9001"},"modified":"2025-01-31T13:59:14","modified_gmt":"2025-01-31T12:59:14","slug":"zmiana-operatora-lwoweckiej-komunikacji-powiatowej","status":"publish","type":"post","link":"https:\/\/powiatlwowecki.pl\/zmiana-operatora-lwoweckiej-komunikacji-powiatowej\/","title":{"rendered":"Zmiana operatora Lw\u00f3weckiej Komunikacji Powiatowej"},"content":{"rendered":"<p>Informujemy, \u017ce od 01.02.2025 r. przedsi\u0119biorca AGA-TRAVEL Agnieszka Bielecka, ul. Baworowo 16F, 59-820 Le\u015bna b\u0119dzie wy\u0142\u0105cznym operatorem wszystkich linii autobusowych w ramach Lw\u00f3weckiej Komunikacji Powiatowej. Szczeg\u00f3\u0142owe informacje dotycz\u0105ce zakupu bilet\u00f3w miesi\u0119cznych oraz rozk\u0142adu jazdy dost\u0119pne s\u0105 pod nr telefonu 577\u00a0844 221 lub na stronie internetowej <strong><span style=\"color: #0000ff;\"><a style=\"color: #0000ff;\" href=\"https:\/\/aga-travel.pl\/rozk-ady.php\">https:\/\/aga-travel.pl\/<\/a><\/span><\/strong>, miejsce sprzeda\u017cy bilet\u00f3w: Al. Wojska Polskiego 26A, 59-600 Lw\u00f3wek \u015al\u0105ski (bastyjka).<\/p>\n<p style=\"text-align: center;\"><strong><a href=\"https:\/\/aga-travel.pl\/lwowek-slaski-rozklad-jazdy.html\"><span style=\"color: #ff0000;\">ROZK\u0141AD JAZDY<\/span><\/a><\/strong><\/p>\n<p style=\"text-align: center;\"><strong>Dodatkowo w ramach Powiatowej Komunikacji Karkonoskiej na terenie naszego powiatu funkcjonuje linia:<\/strong><\/p>\n<p><a href=\"https:\/\/www.pks.jgora.pl\/images\/pdf\/rozklad-jazdy-pkk\/Linia_107.pdf\"><img decoding=\"async\" class=\"size-full wp-image-3244 aligncenter\" src=\"https:\/\/powiatlwowecki.pl\/wp-content\/uploads\/2022\/04\/Screenshot-2022-04-28-at-13-02-16-Rozklad-jazdy-Powiatowej-Komunikacji-Karkonoskiej-PKS-TOUR-Jelenia-Gora.png\" alt=\"\" width=\"587\" height=\"126\" srcset=\"https:\/\/powiatlwowecki.pl\/wp-content\/uploads\/2022\/04\/Screenshot-2022-04-28-at-13-02-16-Rozklad-jazdy-Powiatowej-Komunikacji-Karkonoskiej-PKS-TOUR-Jelenia-Gora-24x5.png 24w, https:\/\/powiatlwowecki.pl\/wp-content\/uploads\/2022\/04\/Screenshot-2022-04-28-at-13-02-16-Rozklad-jazdy-Powiatowej-Komunikacji-Karkonoskiej-PKS-TOUR-Jelenia-Gora-36x8.png 36w, https:\/\/powiatlwowecki.pl\/wp-content\/uploads\/2022\/04\/Screenshot-2022-04-28-at-13-02-16-Rozklad-jazdy-Powiatowej-Komunikacji-Karkonoskiej-PKS-TOUR-Jelenia-Gora-48x10.png 48w, https:\/\/powiatlwowecki.pl\/wp-content\/uploads\/2022\/04\/Screenshot-2022-04-28-at-13-02-16-Rozklad-jazdy-Powiatowej-Komunikacji-Karkonoskiej-PKS-TOUR-Jelenia-Gora-200x43.png 200w, https:\/\/powiatlwowecki.pl\/wp-content\/uploads\/2022\/04\/Screenshot-2022-04-28-at-13-02-16-Rozklad-jazdy-Powiatowej-Komunikacji-Karkonoskiej-PKS-TOUR-Jelenia-Gora-300x64.png 300w, https:\/\/powiatlwowecki.pl\/wp-content\/uploads\/2022\/04\/Screenshot-2022-04-28-at-13-02-16-Rozklad-jazdy-Powiatowej-Komunikacji-Karkonoskiej-PKS-TOUR-Jelenia-Gora-400x86.png 400w, https:\/\/powiatlwowecki.pl\/wp-content\/uploads\/2022\/04\/Screenshot-2022-04-28-at-13-02-16-Rozklad-jazdy-Powiatowej-Komunikacji-Karkonoskiej-PKS-TOUR-Jelenia-Gora.png 587w\" sizes=\"(max-width: 587px) 100vw, 587px\" \/><\/a><\/p>\n","protected":false},"excerpt":{"rendered":"<p>Informujemy, \u017ce od 01.02.2025 r. przedsi\u0119biorca AGA-TRAVEL Agnieszka Bielecka, ul. Baworowo 16F, 59-820 Le\u015bna b\u0119dzie wy\u0142\u0105cznym operatorem wszystkich linii autobusowych w ramach Lw\u00f3weckiej Komunikacji Powiatowej. Szczeg\u00f3\u0142owe informacje dotycz\u0105ce zakupu bilet\u00f3w miesi\u0119cznych oraz rozk\u0142adu jazdy dost\u0119pne  [&#8230;]<\/p>\n","protected":false},"author":4,"featured_media":9003,"comment_status":"closed","ping_status":"closed","sticky":false,"template":"","format":"standard","meta":{"_acf_changed":false,"footnotes":""},"categories":[5],"tags":[],"class_list":["post-9001","post","type-post","status-publish","format-standard","has-post-thumbnail","hentry","category-aktualnosci"],"acf":{"kal_data_wydarzenia":""},"_links":{"self":[{"href":"https:\/\/powiatlwowecki.pl\/plci_json_endpoint\/wp\/v2\/posts\/9001","targetHints":{"allow":["GET"]}}],"collection":[{"href":"https:\/\/powiatlwowecki.pl\/plci_json_endpoint\/wp\/v2\/posts"}],"about":[{"href":"https:\/\/powiatlwowecki.pl\/plci_json_endpoint\/wp\/v2\/types\/post"}],"author":[{"embeddable":true,"href":"https:\/\/powiatlwowecki.pl\/plci_json_endpoint\/wp\/v2\/users\/4"}],"replies":[{"embeddable":true,"href":"https:\/\/powiatlwowecki.pl\/plci_json_endpoint\/wp\/v2\/comments?post=9001"}],"version-history":[{"count":5,"href":"https:\/\/powiatlwowecki.pl\/plci_json_endpoint\/wp\/v2\/posts\/9001\/revisions"}],"predecessor-version":[{"id":9042,"href":"https:\/\/powiatlwowecki.pl\/plci_json_endpoint\/wp\/v2\/posts\/9001\/revisions\/9042"}],"wp:featuredmedia":[{"embeddable":true,"href":"https:\/\/powiatlwowecki.pl\/plci_json_endpoint\/wp\/v2\/media\/9003"}],"wp:attachment":[{"href":"https:\/\/powiatlwowecki.pl\/plci_json_endpoint\/wp\/v2\/media?parent=9001"}],"wp:term":[{"taxonomy":"category","embeddable":true,"href":"https:\/\/powiatlwowecki.pl\/plci_json_endpoint\/wp\/v2\/categories?post=9001"},{"taxonomy":"post_tag","embeddable":true,"href":"https:\/\/powiatlwowecki.pl\/plci_json_endpoint\/wp\/v2\/tags?post=9001"}],"curies":[{"name":"wp","href":"https:\/\/api.w.org\/{rel}","templated":true}]}}