{"id":8969,"date":"2025-01-23T11:37:36","date_gmt":"2025-01-23T10:37:36","guid":{"rendered":"https:\/\/powiatlwowecki.pl\/?p=8969"},"modified":"2025-01-23T11:37:36","modified_gmt":"2025-01-23T10:37:36","slug":"mistrzostwa-powiatu-w-koszykowce-dziewczat-i-chlopcow-igrzysk-dzieci-3","status":"publish","type":"post","link":"https:\/\/powiatlwowecki.pl\/mistrzostwa-powiatu-w-koszykowce-dziewczat-i-chlopcow-igrzysk-dzieci-3\/","title":{"rendered":"MISTRZOSTWA POWIATU W KOSZYK\u00d3WCE DZIEWCZ\u0104T I CH\u0141OPC\u00d3W IGRZYSK DZIECI"},"content":{"rendered":"<div class=\"fusion-fullwidth fullwidth-box fusion-builder-row-1 fusion-flex-container nonhundred-percent-fullwidth non-hundred-percent-height-scrolling\" style=\"--awb-border-radius-top-left:0px;--awb-border-radius-top-right:0px;--awb-border-radius-bottom-right:0px;--awb-border-radius-bottom-left:0px;--awb-flex-wrap:wrap;\" ><div class=\"fusion-builder-row fusion-row fusion-flex-align-items-flex-start fusion-flex-content-wrap\" style=\"max-width:1248px;margin-left: calc(-4% \/ 2 );margin-right: calc(-4% \/ 2 );\"><div class=\"fusion-layout-column fusion_builder_column fusion-builder-column-0 fusion_builder_column_1_1 1_1 fusion-flex-column\" style=\"--awb-bg-size:cover;--awb-width-large:100%;--awb-margin-top-large:0px;--awb-spacing-right-large:1.92%;--awb-margin-bottom-large:0px;--awb-spacing-left-large:1.92%;--awb-width-medium:100%;--awb-spacing-right-medium:1.92%;--awb-spacing-left-medium:1.92%;--awb-width-small:100%;--awb-spacing-right-small:1.92%;--awb-spacing-left-small:1.92%;\"><div class=\"fusion-column-wrapper fusion-flex-justify-content-flex-start fusion-content-layout-column\"><div class=\"fusion-text fusion-text-1\"><p>Dnia 22 stycznia 2025 roku w Hali Sportowej przy Szkole Podstawowej nr 2 w Lw\u00f3wku \u015al\u0105skim odby\u0142y si\u0119 Mistrzostwa Powiatu Lw\u00f3weckiego Szkolnego Zwi\u0105zku Sportowego w Koszyk\u00f3wce Dziewcz\u0105t i Ch\u0142opc\u00f3w w ramach Igrzysk Dzieci (rocznik 2012 i m\u0142odsi). Organizatorem zawod\u00f3w by\u0142 PSZS w Lw\u00f3wku \u015al\u0105skim oraz SP 2 w Lw\u00f3wek \u015al\u0105skim. Zawody finansowane ze \u015brodk\u00f3w dotacji \u00a0Powiatu Lw\u00f3weckiego. S\u0119dzi\u0105 g\u0142\u00f3wnym wszystkich spotka\u0144 by\u0142 \u00a0\u00a0p. Grzegorz Po\u0142aczewski (nauczyciel wychowania fizycznego).<\/p>\n<p>Zwyci\u0119skie dru\u017cyny b\u0119d\u0105 reprezentowa\u0142y Powiat Lw\u00f3wecki oraz swoje Gminy w P\u00f3\u0142finale Strefy Jeleniog\u00f3rskiej, kt\u00f3ry odb\u0119dzie si\u0119 29 stycznia 2025 roku w Zgorzelcu dla dziewcz\u0105t oraz 31 stycznia 2025 roku w Jeleniej G\u00f3rze dla ch\u0142opc\u00f3w. Gratulacje dla wszystkich dru\u017cyn i \u017cyczymy dalszych sukces\u00f3w sportowych.<\/p>\n<p><strong><u>DZIEWCZ\u0118TA:<\/u><\/strong><\/p>\n<p>PRZEBIEG ZAWOD\u00d3W:<\/p>\n<p>SP Mirsk\u00a0\u00a0\u00a0\u00a0\u00a0\u00a0\u00a0\u00a0\u00a0\u00a0\u00a0\u00a0\u00a0\u00a0\u00a0\u00a0\u00a0\u00a0\u00a0\u00a0\u00a0\u00a0\u00a0\u00a0\u00a0\u00a0\u00a0\u00a0 &#8211;\u00a0\u00a0\u00a0\u00a0\u00a0\u00a0\u00a0\u00a0\u00a0\u00a0\u00a0\u00a0\u00a0 SP 1 Lw\u00f3wek \u015al\u0105ski\u00a0\u00a0\u00a0\u00a0\u00a0\u00a0\u00a0\u00a0\u00a0\u00a0\u00a0\u00a0\u00a0\u00a0\u00a0\u00a0\u00a0\u00a0\u00a0\u00a0\u00a0\u00a0\u00a0\u00a0 15 : 10<\/p>\n<p>SP 1 Lw\u00f3wek \u015al\u0105ski\u00a0\u00a0\u00a0\u00a0\u00a0\u00a0\u00a0 &#8211;\u00a0\u00a0\u00a0\u00a0\u00a0\u00a0\u00a0\u00a0\u00a0\u00a0\u00a0\u00a0\u00a0 SP 2 Lw\u00f3wek \u015al\u0105ski\u00a0\u00a0\u00a0\u00a0\u00a0\u00a0\u00a0\u00a0\u00a0\u00a0\u00a0\u00a0\u00a0\u00a0\u00a0\u00a0\u00a0\u00a0\u00a0\u00a0\u00a0\u00a0\u00a0\u00a0 20 : 12<\/p>\n<p>SP Mirsk\u00a0\u00a0\u00a0\u00a0\u00a0\u00a0\u00a0\u00a0\u00a0\u00a0\u00a0\u00a0\u00a0\u00a0\u00a0\u00a0\u00a0\u00a0\u00a0\u00a0\u00a0\u00a0\u00a0\u00a0\u00a0\u00a0\u00a0\u00a0\u00a0 &#8211;\u00a0\u00a0\u00a0\u00a0\u00a0\u00a0\u00a0\u00a0\u00a0\u00a0\u00a0\u00a0\u00a0 SP 2 Lw\u00f3wek \u015al\u0105ski\u00a0\u00a0\u00a0\u00a0\u00a0\u00a0\u00a0\u00a0\u00a0\u00a0\u00a0\u00a0\u00a0\u00a0\u00a0\u00a0\u00a0\u00a0\u00a0\u00a0\u00a0\u00a0\u00a0\u00a0 22 : 6<\/p>\n<p>KLASYFIKACJA KO\u0143COWA:<\/p>\n<p>I miejsce\u00a0\u00a0\u00a0\u00a0\u00a0\u00a0\u00a0\u00a0\u00a0\u00a0\u00a0\u00a0 SP Mirsk\u00a0\u00a0\u00a0\u00a0\u00a0\u00a0\u00a0\u00a0\u00a0\u00a0\u00a0\u00a0\u00a0\u00a0\u00a0\u00a0\u00a0\u00a0\u00a0\u00a0\u00a0\u00a0\u00a0\u00a0\u00a0\u00a0\u00a0\u00a0\u00a0\u00a0\u00a0\u00a0\u00a0\u00a0\u00a0\u00a0\u00a0\u00a0\u00a0\u00a0\u00a0\u00a0\u00a0\u00a0\u00a0 op.\u00a0 Joanna Plitt<\/p>\n<p>II miejsce\u00a0\u00a0\u00a0\u00a0\u00a0\u00a0\u00a0\u00a0\u00a0\u00a0\u00a0 SP 1 Lw\u00f3wek \u015al\u0105ski\u00a0\u00a0\u00a0\u00a0\u00a0\u00a0\u00a0\u00a0\u00a0\u00a0\u00a0\u00a0\u00a0\u00a0\u00a0\u00a0\u00a0\u00a0\u00a0\u00a0\u00a0\u00a0\u00a0\u00a0 op. Marek Bialic<\/p>\n<p>III miejsce\u00a0\u00a0\u00a0\u00a0\u00a0\u00a0\u00a0\u00a0\u00a0\u00a0 SP 2 Lw\u00f3wek \u015al\u0105ski\u00a0\u00a0\u00a0\u00a0\u00a0\u00a0\u00a0\u00a0\u00a0\u00a0\u00a0\u00a0\u00a0\u00a0\u00a0\u00a0\u00a0\u00a0\u00a0\u00a0\u00a0\u00a0\u00a0\u00a0 op. Magdalena Paw\u0142owicz<\/p>\n<p><strong><u>CH\u0141OPCY:<\/u><\/strong><\/p>\n<p>PRZEBIEG ZAWOD\u00d3W:<\/p>\n<p>SP 2 Lw\u00f3wek \u015al\u0105ski\u00a0\u00a0\u00a0\u00a0\u00a0\u00a0\u00a0\u00a0 &#8211;\u00a0\u00a0\u00a0\u00a0\u00a0\u00a0\u00a0\u00a0\u00a0\u00a0\u00a0\u00a0\u00a0 SP 1 Lw\u00f3wek \u015al\u0105ski\u00a0\u00a0\u00a0\u00a0\u00a0\u00a0\u00a0\u00a0\u00a0\u00a0\u00a0\u00a0\u00a0\u00a0\u00a0\u00a0\u00a0\u00a0\u00a0\u00a0\u00a0\u00a0\u00a0\u00a0 11 : 9<\/p>\n<p>SP 1 Lw\u00f3wek \u015al\u0105ski\u00a0\u00a0\u00a0\u00a0\u00a0\u00a0\u00a0\u00a0 &#8211;\u00a0\u00a0\u00a0\u00a0\u00a0\u00a0\u00a0\u00a0\u00a0\u00a0\u00a0\u00a0\u00a0 SP Mirsk\u00a0\u00a0\u00a0\u00a0\u00a0\u00a0\u00a0\u00a0\u00a0\u00a0\u00a0\u00a0\u00a0\u00a0\u00a0\u00a0\u00a0\u00a0\u00a0\u00a0\u00a0\u00a0\u00a0\u00a0\u00a0\u00a0\u00a0\u00a0\u00a0\u00a0\u00a0\u00a0\u00a0\u00a0\u00a0\u00a0\u00a0\u00a0\u00a0\u00a0\u00a0\u00a0\u00a0\u00a0\u00a0 22 : 6<\/p>\n<p>SP 2 Lw\u00f3wek \u015al\u0105ski\u00a0\u00a0\u00a0\u00a0\u00a0\u00a0\u00a0\u00a0 &#8211;\u00a0\u00a0\u00a0\u00a0\u00a0\u00a0\u00a0\u00a0\u00a0\u00a0\u00a0\u00a0\u00a0 SP Mirsk\u00a0\u00a0\u00a0\u00a0\u00a0\u00a0\u00a0\u00a0\u00a0\u00a0\u00a0\u00a0\u00a0\u00a0\u00a0\u00a0\u00a0\u00a0\u00a0\u00a0\u00a0\u00a0\u00a0\u00a0\u00a0\u00a0\u00a0\u00a0\u00a0\u00a0\u00a0\u00a0\u00a0\u00a0\u00a0\u00a0\u00a0\u00a0\u00a0\u00a0\u00a0\u00a0\u00a0\u00a0\u00a0 12 : 4<\/p>\n<p>KLASYFIKACJA KO\u0143COWA:<\/p>\n<p>I miejsce\u00a0\u00a0\u00a0\u00a0\u00a0\u00a0\u00a0\u00a0\u00a0\u00a0\u00a0\u00a0 SP 2 Lw\u00f3wek \u015al\u0105ski\u00a0\u00a0\u00a0\u00a0\u00a0\u00a0\u00a0\u00a0\u00a0\u00a0\u00a0\u00a0\u00a0\u00a0\u00a0\u00a0\u00a0\u00a0\u00a0\u00a0\u00a0\u00a0\u00a0\u00a0 op.\u00a0 Grzegorz Po\u0142aczewski<\/p>\n<p>II miejsce\u00a0\u00a0\u00a0\u00a0\u00a0\u00a0\u00a0\u00a0\u00a0\u00a0\u00a0 SP 1 Lw\u00f3wek \u015al\u0105ski\u00a0\u00a0\u00a0\u00a0\u00a0\u00a0\u00a0\u00a0\u00a0\u00a0\u00a0\u00a0\u00a0\u00a0\u00a0\u00a0\u00a0\u00a0\u00a0\u00a0\u00a0\u00a0\u00a0\u00a0 op. Marek Bialic<\/p>\n<p>III miejsce\u00a0\u00a0\u00a0\u00a0\u00a0\u00a0\u00a0\u00a0\u00a0\u00a0 SP Mirsk\u00a0\u00a0\u00a0\u00a0\u00a0\u00a0\u00a0\u00a0\u00a0\u00a0\u00a0\u00a0\u00a0\u00a0\u00a0\u00a0\u00a0\u00a0\u00a0\u00a0\u00a0\u00a0\u00a0\u00a0\u00a0\u00a0\u00a0\u00a0\u00a0\u00a0\u00a0\u00a0\u00a0\u00a0\u00a0\u00a0\u00a0\u00a0\u00a0\u00a0\u00a0\u00a0\u00a0\u00a0\u00a0 op. Wojciech \u0141o\u015bciak<\/p>\n<p>Opracowa\u0142<\/p>\n<p>Grzegorz \u00a0Po\u0142aczewski<\/p>\n<\/div><div class=\"awb-gallery-wrapper awb-gallery-wrapper-1 button-span-no\" style=\"--more-btn-alignment:center;\"><div style=\"margin:-5px;--awb-bordersize:0px;\" class=\"fusion-gallery fusion-gallery-container fusion-grid-3 fusion-columns-total-7 fusion-gallery-layout-grid fusion-gallery-1\"><div style=\"padding:5px;\" class=\"fusion-grid-column fusion-gallery-column fusion-gallery-column-3 hover-type-none\"><div class=\"fusion-gallery-image\"><a href=\"https:\/\/powiatlwowecki.pl\/wp-content\/uploads\/2025\/01\/20250122_103544-scaled.jpg\" rel=\"noreferrer\" data-rel=\"iLightbox[gallery_image_1]\" class=\"fusion-lightbox\" target=\"_self\"><img decoding=\"async\" src=\"https:\/\/powiatlwowecki.pl\/wp-content\/uploads\/2025\/01\/20250122_103544-scaled.jpg\" width=\"2560\" height=\"1152\" alt=\"\" title=\"20250122_103544\" aria-label=\"20250122_103544\" class=\"img-responsive wp-image-8962\" srcset=\"https:\/\/powiatlwowecki.pl\/wp-content\/uploads\/2025\/01\/20250122_103544-200x90.jpg 200w, https:\/\/powiatlwowecki.pl\/wp-content\/uploads\/2025\/01\/20250122_103544-400x180.jpg 400w, https:\/\/powiatlwowecki.pl\/wp-content\/uploads\/2025\/01\/20250122_103544-600x270.jpg 600w, https:\/\/powiatlwowecki.pl\/wp-content\/uploads\/2025\/01\/20250122_103544-800x360.jpg 800w, https:\/\/powiatlwowecki.pl\/wp-content\/uploads\/2025\/01\/20250122_103544-1200x540.jpg 1200w, https:\/\/powiatlwowecki.pl\/wp-content\/uploads\/2025\/01\/20250122_103544-scaled.jpg 2560w\" sizes=\"(min-width: 2200px) 100vw, (min-width: 784px) 397px, (min-width: 712px) 595px, (min-width: 640px) 712px, \" \/><\/a><\/div><\/div><div style=\"padding:5px;\" class=\"fusion-grid-column fusion-gallery-column fusion-gallery-column-3 hover-type-none\"><div class=\"fusion-gallery-image\"><a href=\"https:\/\/powiatlwowecki.pl\/wp-content\/uploads\/2025\/01\/20250122_103548-scaled.jpg\" rel=\"noreferrer\" data-rel=\"iLightbox[gallery_image_1]\" class=\"fusion-lightbox\" target=\"_self\"><img decoding=\"async\" src=\"https:\/\/powiatlwowecki.pl\/wp-content\/uploads\/2025\/01\/20250122_103548-scaled.jpg\" width=\"2560\" height=\"1152\" alt=\"\" title=\"20250122_103548\" aria-label=\"20250122_103548\" class=\"img-responsive wp-image-8963\" srcset=\"https:\/\/powiatlwowecki.pl\/wp-content\/uploads\/2025\/01\/20250122_103548-200x90.jpg 200w, https:\/\/powiatlwowecki.pl\/wp-content\/uploads\/2025\/01\/20250122_103548-400x180.jpg 400w, https:\/\/powiatlwowecki.pl\/wp-content\/uploads\/2025\/01\/20250122_103548-600x270.jpg 600w, https:\/\/powiatlwowecki.pl\/wp-content\/uploads\/2025\/01\/20250122_103548-800x360.jpg 800w, https:\/\/powiatlwowecki.pl\/wp-content\/uploads\/2025\/01\/20250122_103548-1200x540.jpg 1200w, https:\/\/powiatlwowecki.pl\/wp-content\/uploads\/2025\/01\/20250122_103548-scaled.jpg 2560w\" sizes=\"(min-width: 2200px) 100vw, (min-width: 784px) 397px, (min-width: 712px) 595px, (min-width: 640px) 712px, \" \/><\/a><\/div><\/div><div style=\"padding:5px;\" class=\"fusion-grid-column fusion-gallery-column fusion-gallery-column-3 hover-type-none\"><div class=\"fusion-gallery-image\"><a href=\"https:\/\/powiatlwowecki.pl\/wp-content\/uploads\/2025\/01\/20250122_110551-scaled.jpg\" rel=\"noreferrer\" data-rel=\"iLightbox[gallery_image_1]\" class=\"fusion-lightbox\" target=\"_self\"><img decoding=\"async\" src=\"https:\/\/powiatlwowecki.pl\/wp-content\/uploads\/2025\/01\/20250122_110551-scaled.jpg\" width=\"2560\" height=\"1152\" alt=\"\" title=\"20250122_110551\" aria-label=\"20250122_110551\" class=\"img-responsive wp-image-8964\" srcset=\"https:\/\/powiatlwowecki.pl\/wp-content\/uploads\/2025\/01\/20250122_110551-200x90.jpg 200w, https:\/\/powiatlwowecki.pl\/wp-content\/uploads\/2025\/01\/20250122_110551-400x180.jpg 400w, https:\/\/powiatlwowecki.pl\/wp-content\/uploads\/2025\/01\/20250122_110551-600x270.jpg 600w, https:\/\/powiatlwowecki.pl\/wp-content\/uploads\/2025\/01\/20250122_110551-800x360.jpg 800w, https:\/\/powiatlwowecki.pl\/wp-content\/uploads\/2025\/01\/20250122_110551-1200x540.jpg 1200w, https:\/\/powiatlwowecki.pl\/wp-content\/uploads\/2025\/01\/20250122_110551-scaled.jpg 2560w\" sizes=\"(min-width: 2200px) 100vw, (min-width: 784px) 397px, (min-width: 712px) 595px, (min-width: 640px) 712px, \" \/><\/a><\/div><\/div><div class=\"clearfix\"><\/div><div style=\"padding:5px;\" class=\"fusion-grid-column fusion-gallery-column fusion-gallery-column-3 hover-type-none\"><div class=\"fusion-gallery-image\"><a href=\"https:\/\/powiatlwowecki.pl\/wp-content\/uploads\/2025\/01\/20250122_115017-scaled.jpg\" rel=\"noreferrer\" data-rel=\"iLightbox[gallery_image_1]\" class=\"fusion-lightbox\" target=\"_self\"><img decoding=\"async\" src=\"https:\/\/powiatlwowecki.pl\/wp-content\/uploads\/2025\/01\/20250122_115017-scaled.jpg\" width=\"2560\" height=\"1152\" alt=\"\" title=\"20250122_115017\" aria-label=\"20250122_115017\" class=\"img-responsive wp-image-8965\" srcset=\"https:\/\/powiatlwowecki.pl\/wp-content\/uploads\/2025\/01\/20250122_115017-200x90.jpg 200w, https:\/\/powiatlwowecki.pl\/wp-content\/uploads\/2025\/01\/20250122_115017-400x180.jpg 400w, https:\/\/powiatlwowecki.pl\/wp-content\/uploads\/2025\/01\/20250122_115017-600x270.jpg 600w, https:\/\/powiatlwowecki.pl\/wp-content\/uploads\/2025\/01\/20250122_115017-800x360.jpg 800w, https:\/\/powiatlwowecki.pl\/wp-content\/uploads\/2025\/01\/20250122_115017-1200x540.jpg 1200w, https:\/\/powiatlwowecki.pl\/wp-content\/uploads\/2025\/01\/20250122_115017-scaled.jpg 2560w\" sizes=\"(min-width: 2200px) 100vw, (min-width: 784px) 397px, (min-width: 712px) 595px, (min-width: 640px) 712px, \" \/><\/a><\/div><\/div><div style=\"padding:5px;\" class=\"fusion-grid-column fusion-gallery-column fusion-gallery-column-3 hover-type-none\"><div class=\"fusion-gallery-image\"><a href=\"https:\/\/powiatlwowecki.pl\/wp-content\/uploads\/2025\/01\/20250122_121119-scaled.jpg\" rel=\"noreferrer\" data-rel=\"iLightbox[gallery_image_1]\" class=\"fusion-lightbox\" target=\"_self\"><img decoding=\"async\" src=\"https:\/\/powiatlwowecki.pl\/wp-content\/uploads\/2025\/01\/20250122_121119-scaled.jpg\" width=\"2560\" height=\"1152\" alt=\"\" title=\"20250122_121119\" aria-label=\"20250122_121119\" class=\"img-responsive wp-image-8966\" srcset=\"https:\/\/powiatlwowecki.pl\/wp-content\/uploads\/2025\/01\/20250122_121119-200x90.jpg 200w, https:\/\/powiatlwowecki.pl\/wp-content\/uploads\/2025\/01\/20250122_121119-400x180.jpg 400w, https:\/\/powiatlwowecki.pl\/wp-content\/uploads\/2025\/01\/20250122_121119-600x270.jpg 600w, https:\/\/powiatlwowecki.pl\/wp-content\/uploads\/2025\/01\/20250122_121119-800x360.jpg 800w, https:\/\/powiatlwowecki.pl\/wp-content\/uploads\/2025\/01\/20250122_121119-1200x540.jpg 1200w, https:\/\/powiatlwowecki.pl\/wp-content\/uploads\/2025\/01\/20250122_121119-scaled.jpg 2560w\" sizes=\"(min-width: 2200px) 100vw, (min-width: 784px) 397px, (min-width: 712px) 595px, (min-width: 640px) 712px, \" \/><\/a><\/div><\/div><div style=\"padding:5px;\" class=\"fusion-grid-column fusion-gallery-column fusion-gallery-column-3 hover-type-none\"><div class=\"fusion-gallery-image\"><a href=\"https:\/\/powiatlwowecki.pl\/wp-content\/uploads\/2025\/01\/20250122_123905-scaled.jpg\" rel=\"noreferrer\" data-rel=\"iLightbox[gallery_image_1]\" class=\"fusion-lightbox\" target=\"_self\"><img decoding=\"async\" src=\"https:\/\/powiatlwowecki.pl\/wp-content\/uploads\/2025\/01\/20250122_123905-scaled.jpg\" width=\"2560\" height=\"1152\" alt=\"\" title=\"20250122_123905\" aria-label=\"20250122_123905\" class=\"img-responsive wp-image-8967\" srcset=\"https:\/\/powiatlwowecki.pl\/wp-content\/uploads\/2025\/01\/20250122_123905-200x90.jpg 200w, https:\/\/powiatlwowecki.pl\/wp-content\/uploads\/2025\/01\/20250122_123905-400x180.jpg 400w, https:\/\/powiatlwowecki.pl\/wp-content\/uploads\/2025\/01\/20250122_123905-600x270.jpg 600w, https:\/\/powiatlwowecki.pl\/wp-content\/uploads\/2025\/01\/20250122_123905-800x360.jpg 800w, https:\/\/powiatlwowecki.pl\/wp-content\/uploads\/2025\/01\/20250122_123905-1200x540.jpg 1200w, https:\/\/powiatlwowecki.pl\/wp-content\/uploads\/2025\/01\/20250122_123905-scaled.jpg 2560w\" sizes=\"(min-width: 2200px) 100vw, (min-width: 784px) 397px, (min-width: 712px) 595px, (min-width: 640px) 712px, \" \/><\/a><\/div><\/div><div class=\"clearfix\"><\/div><div style=\"padding:5px;\" class=\"fusion-grid-column fusion-gallery-column fusion-gallery-column-3 hover-type-none\"><div class=\"fusion-gallery-image\"><a href=\"https:\/\/powiatlwowecki.pl\/wp-content\/uploads\/2025\/01\/20250122_123953-scaled.jpg\" rel=\"noreferrer\" data-rel=\"iLightbox[gallery_image_1]\" class=\"fusion-lightbox\" target=\"_self\"><img decoding=\"async\" src=\"https:\/\/powiatlwowecki.pl\/wp-content\/uploads\/2025\/01\/20250122_123953-scaled.jpg\" width=\"2560\" height=\"1152\" alt=\"\" title=\"20250122_123953\" aria-label=\"20250122_123953\" class=\"img-responsive wp-image-8968\" srcset=\"https:\/\/powiatlwowecki.pl\/wp-content\/uploads\/2025\/01\/20250122_123953-200x90.jpg 200w, https:\/\/powiatlwowecki.pl\/wp-content\/uploads\/2025\/01\/20250122_123953-400x180.jpg 400w, https:\/\/powiatlwowecki.pl\/wp-content\/uploads\/2025\/01\/20250122_123953-600x270.jpg 600w, https:\/\/powiatlwowecki.pl\/wp-content\/uploads\/2025\/01\/20250122_123953-800x360.jpg 800w, https:\/\/powiatlwowecki.pl\/wp-content\/uploads\/2025\/01\/20250122_123953-1200x540.jpg 1200w, https:\/\/powiatlwowecki.pl\/wp-content\/uploads\/2025\/01\/20250122_123953-scaled.jpg 2560w\" sizes=\"(min-width: 2200px) 100vw, (min-width: 784px) 397px, (min-width: 712px) 595px, (min-width: 640px) 712px, \" \/><\/a><\/div><\/div><\/div><\/div><\/div><\/div><\/div><\/div>\n","protected":false},"excerpt":{"rendered":"","protected":false},"author":8,"featured_media":8967,"comment_status":"closed","ping_status":"closed","sticky":false,"template":"","format":"standard","meta":{"_acf_changed":false,"footnotes":""},"categories":[5],"tags":[],"class_list":["post-8969","post","type-post","status-publish","format-standard","has-post-thumbnail","hentry","category-aktualnosci"],"acf":{"kal_data_wydarzenia":""},"_links":{"self":[{"href":"https:\/\/powiatlwowecki.pl\/plci_json_endpoint\/wp\/v2\/posts\/8969","targetHints":{"allow":["GET"]}}],"collection":[{"href":"https:\/\/powiatlwowecki.pl\/plci_json_endpoint\/wp\/v2\/posts"}],"about":[{"href":"https:\/\/powiatlwowecki.pl\/plci_json_endpoint\/wp\/v2\/types\/post"}],"author":[{"embeddable":true,"href":"https:\/\/powiatlwowecki.pl\/plci_json_endpoint\/wp\/v2\/users\/8"}],"replies":[{"embeddable":true,"href":"https:\/\/powiatlwowecki.pl\/plci_json_endpoint\/wp\/v2\/comments?post=8969"}],"version-history":[{"count":1,"href":"https:\/\/powiatlwowecki.pl\/plci_json_endpoint\/wp\/v2\/posts\/8969\/revisions"}],"predecessor-version":[{"id":8970,"href":"https:\/\/powiatlwowecki.pl\/plci_json_endpoint\/wp\/v2\/posts\/8969\/revisions\/8970"}],"wp:featuredmedia":[{"embeddable":true,"href":"https:\/\/powiatlwowecki.pl\/plci_json_endpoint\/wp\/v2\/media\/8967"}],"wp:attachment":[{"href":"https:\/\/powiatlwowecki.pl\/plci_json_endpoint\/wp\/v2\/media?parent=8969"}],"wp:term":[{"taxonomy":"category","embeddable":true,"href":"https:\/\/powiatlwowecki.pl\/plci_json_endpoint\/wp\/v2\/categories?post=8969"},{"taxonomy":"post_tag","embeddable":true,"href":"https:\/\/powiatlwowecki.pl\/plci_json_endpoint\/wp\/v2\/tags?post=8969"}],"curies":[{"name":"wp","href":"https:\/\/api.w.org\/{rel}","templated":true}]}}