{"id":8957,"date":"2025-01-22T11:01:00","date_gmt":"2025-01-22T10:01:00","guid":{"rendered":"https:\/\/powiatlwowecki.pl\/?p=8957"},"modified":"2025-01-22T11:26:30","modified_gmt":"2025-01-22T10:26:30","slug":"nabor-wnioskow-w-ramach-programu-wsparcia-rad-seniorow-na-dolnym-slasku","status":"publish","type":"post","link":"https:\/\/powiatlwowecki.pl\/nabor-wnioskow-w-ramach-programu-wsparcia-rad-seniorow-na-dolnym-slasku\/","title":{"rendered":"Nab\u00f3r wniosk\u00f3w w ramach Programu Wsparcia Rad Senior\u00f3w na Dolnym \u015al\u0105sku"},"content":{"rendered":"<h2><span style=\"font-size: 14pt;\">Uchwa\u0142\u0105 nr 1361\/VII\/25 z dnia 14 stycznia br. Zarz\u0105d Wojew\u00f3dztwa Dolno\u015bl\u0105skiego ustali\u0142 termin naboru wniosk\u00f3w w ramach Programu Wsparcia Rad Senior\u00f3w na Dolnym \u015al\u0105sku w terminie od 16.01.2025 r. do 10.02.2025 r. Termin realizacji zadania obj\u0119tego Programem w terminie od 1 kwietnia 2025 r. do 31 grudnia 2025 r.<\/span><\/h2>\n<p>Celem Programu jest m.in. zapewnienie podstawowej wiedzy o strukturze samorz\u0105du i roli rad senior\u00f3w, podniesienie kompetencji cz\u0142onk\u00f3w rad senior\u00f3w w zakresie tworzenia i wdra\u017cania lokalnych polityk senioralnych, zwi\u0119kszenie wiedzy na temat konsultacji spo\u0142ecznych oraz sposob\u00f3w aktywnego udzia\u0142u w tych procesach.<\/p>\n<p>W tym roku jest r\u00f3wnie\u017c mo\u017cliwe pozyskania pomocy finansowej dla Jednostek Samorz\u0105du Terytorialnego, przy kt\u00f3rych nie funkcjonuj\u0105 rady senior\u00f3w.<\/p>\n<p>Zwi\u0119kszeniu uleg\u0142a wysoko\u015b\u0107 pomocy finansowa na realizacj\u0119 Zadania w ramach Programu. W roku 2025 wynosi <strong>12\u00a0000 z\u0142.<\/strong><\/p>\n<p>Szczeg\u00f3\u0142owe informacje dotycz\u0105ce Programu Wsparcia Rad Senior\u00f3w na Dolnym \u015al\u0105sku znajduj\u0105 si\u0119 na stronie: <a href=\"https:\/\/umwd.dolnyslask.pl\/projekty-spoleczne\/projekty-spoleczne\/aktualnosci\/artykul\/nabor-wnioskow-w-ramach-programu-wsparcia-rad-seniorow-na-dolnym-slasku-2\/\">https:\/\/umwd.dolnyslask.pl\/projekty-spoleczne\/projekty-spoleczne\/aktualnosci\/artykul\/nabor-wnioskow-w-ramach-programu-wsparcia-rad-seniorow-na-dolnym-slasku-2\/<\/a>.<\/p>\n<p>&nbsp;<\/p>\n<p>&nbsp;<\/p>\n","protected":false},"excerpt":{"rendered":"<p>Uchwa\u0142\u0105 nr 1361\/VII\/25 z dnia 14 stycznia br. Zarz\u0105d Wojew\u00f3dztwa Dolno\u015bl\u0105skiego ustali\u0142 termin naboru wniosk\u00f3w w ramach Programu Wsparcia Rad Senior\u00f3w na Dolnym \u015al\u0105sku w terminie od 16.01.2025 r. do 10.02.2025 r. Termin realizacji zadania  [&#8230;]<\/p>\n","protected":false},"author":8,"featured_media":4788,"comment_status":"closed","ping_status":"closed","sticky":false,"template":"","format":"standard","meta":{"_acf_changed":false,"footnotes":""},"categories":[5],"tags":[],"class_list":["post-8957","post","type-post","status-publish","format-standard","has-post-thumbnail","hentry","category-aktualnosci"],"acf":{"kal_data_wydarzenia":""},"_links":{"self":[{"href":"https:\/\/powiatlwowecki.pl\/plci_json_endpoint\/wp\/v2\/posts\/8957","targetHints":{"allow":["GET"]}}],"collection":[{"href":"https:\/\/powiatlwowecki.pl\/plci_json_endpoint\/wp\/v2\/posts"}],"about":[{"href":"https:\/\/powiatlwowecki.pl\/plci_json_endpoint\/wp\/v2\/types\/post"}],"author":[{"embeddable":true,"href":"https:\/\/powiatlwowecki.pl\/plci_json_endpoint\/wp\/v2\/users\/8"}],"replies":[{"embeddable":true,"href":"https:\/\/powiatlwowecki.pl\/plci_json_endpoint\/wp\/v2\/comments?post=8957"}],"version-history":[{"count":1,"href":"https:\/\/powiatlwowecki.pl\/plci_json_endpoint\/wp\/v2\/posts\/8957\/revisions"}],"predecessor-version":[{"id":8958,"href":"https:\/\/powiatlwowecki.pl\/plci_json_endpoint\/wp\/v2\/posts\/8957\/revisions\/8958"}],"wp:featuredmedia":[{"embeddable":true,"href":"https:\/\/powiatlwowecki.pl\/plci_json_endpoint\/wp\/v2\/media\/4788"}],"wp:attachment":[{"href":"https:\/\/powiatlwowecki.pl\/plci_json_endpoint\/wp\/v2\/media?parent=8957"}],"wp:term":[{"taxonomy":"category","embeddable":true,"href":"https:\/\/powiatlwowecki.pl\/plci_json_endpoint\/wp\/v2\/categories?post=8957"},{"taxonomy":"post_tag","embeddable":true,"href":"https:\/\/powiatlwowecki.pl\/plci_json_endpoint\/wp\/v2\/tags?post=8957"}],"curies":[{"name":"wp","href":"https:\/\/api.w.org\/{rel}","templated":true}]}}