{"id":8905,"date":"2025-01-14T09:32:53","date_gmt":"2025-01-14T08:32:53","guid":{"rendered":"https:\/\/powiatlwowecki.pl\/?p=8905"},"modified":"2025-01-14T09:34:55","modified_gmt":"2025-01-14T08:34:55","slug":"8905-2","status":"publish","type":"post","link":"https:\/\/powiatlwowecki.pl\/8905-2\/","title":{"rendered":"Bezpieczny senior \u2013 jak nie da\u0107 si\u0119 oszuka\u0107 w Internecie"},"content":{"rendered":"<p style=\"text-align: center;\"><img decoding=\"async\" class=\" wp-image-8902 aligncenter\" src=\"https:\/\/powiatlwowecki.pl\/wp-content\/uploads\/2025\/01\/2__Grafika-300x150.png\" alt=\"\" width=\"670\" height=\"335\" srcset=\"https:\/\/powiatlwowecki.pl\/wp-content\/uploads\/2025\/01\/2__Grafika-24x12.png 24w, https:\/\/powiatlwowecki.pl\/wp-content\/uploads\/2025\/01\/2__Grafika-36x18.png 36w, https:\/\/powiatlwowecki.pl\/wp-content\/uploads\/2025\/01\/2__Grafika-48x24.png 48w, https:\/\/powiatlwowecki.pl\/wp-content\/uploads\/2025\/01\/2__Grafika-200x100.png 200w, https:\/\/powiatlwowecki.pl\/wp-content\/uploads\/2025\/01\/2__Grafika-300x150.png 300w, https:\/\/powiatlwowecki.pl\/wp-content\/uploads\/2025\/01\/2__Grafika-400x200.png 400w, https:\/\/powiatlwowecki.pl\/wp-content\/uploads\/2025\/01\/2__Grafika-600x300.png 600w, https:\/\/powiatlwowecki.pl\/wp-content\/uploads\/2025\/01\/2__Grafika-768x384.png 768w, https:\/\/powiatlwowecki.pl\/wp-content\/uploads\/2025\/01\/2__Grafika-800x400.png 800w, https:\/\/powiatlwowecki.pl\/wp-content\/uploads\/2025\/01\/2__Grafika.png 1024w\" sizes=\"(max-width: 670px) 100vw, 670px\" \/><span style=\"font-size: 24pt; color: #000000;\"><a style=\"color: #000000;\" href=\"https:\/\/powiatlwowecki.pl\/wp-content\/uploads\/2025\/01\/1__program_CEDUR_21_01_2025_roku_dla_seniorow_i_ich_opiekunow.pdf\">PROGRAM<\/a><\/span><\/p>\n<p>&nbsp;<\/p>\n<p><span style=\"font-size: 14pt;\">Urz\u0105d Komisji Nadzoru Finansowego <strong>zaprasza senior\u00f3w i ich opiekun\u00f3w<\/strong> na webinarium (spotkanie online) \u201eBezpieczny senior \u2013 jak nie da\u0107 si\u0119 oszuka\u0107 w Internecie\u201d organizowane<\/span><br \/>\n<span style=\"font-size: 14pt;\">w ramach projektu Centrum Edukacji dla Uczestnik\u00f3w Rynku \u2013 CEDUR, we wsp\u00f3\u0142pracy z Minister ds. Polityki Senioralnej oraz Komend\u0105 G\u0142\u00f3wn\u0105 Policji.<\/span><\/p>\n<p><span style=\"font-size: 14pt;\">Webinarium odb\u0119dzie si\u0119 <strong>21 stycznia 2025 roku<\/strong> (17:00-18:45).<\/span><\/p>\n<p><span style=\"font-size: 14pt;\"><strong>Cel<\/strong><\/span><\/p>\n<p><span style=\"font-size: 14pt;\">Celem webinarium jest zwi\u0119kszenie poziomu \u015bwiadomo\u015bci senior\u00f3w oraz ich opiekun\u00f3w odno\u015bnie do zagro\u017ce\u0144 pojawiaj\u0105cych si\u0119 w cyberprzestrzeni.<\/span><\/p>\n<p><span style=\"font-size: 14pt;\"><strong>Zg\u0142oszenia<\/strong><\/span><\/p>\n<p><span style=\"font-size: 14pt;\">Rejestracja na webinarium CEDUR odbywa si\u0119 online, tj. poprzez elektroniczny formularz zg\u0142oszeniowy \u2013 link do strony z odno\u015bnikiem do formularza:<\/span><\/p>\n<p><span style=\"font-size: 14pt;\"><a href=\"https:\/\/www.knf.gov.pl\/dla_rynku\/edukacja_cedur\/seminaria?articleId=91575&amp;p_id=18\">https:\/\/www.knf.gov.pl\/dla_rynku\/edukacja_cedur\/seminaria?articleId=91575&amp;p_id=18<\/a><\/span><\/p>\n<p><span style=\"font-size: 14pt;\">W webinarium mo\u017cna uczestniczy\u0107 zar\u00f3wno samodzielnie, jak i grupowo (zg\u0142osze\u0144 mog\u0105 dokonywa\u0107 pracownicy dom\u00f3w seniora, klub\u00f3w seniora, centr\u00f3w aktywno\u015bci seniora, dom\u00f3w pomocy spo\u0142ecznej, plac\u00f3wek spo\u0142eczno-kulturalnych np. bibliotek, dom\u00f3w kultury, itp.).<\/span><br \/>\n<span style=\"font-size: 14pt;\">W przypadku zg\u0142osze\u0144 grupowych wype\u0142niaj\u0105c formularz nale\u017cy wskaza\u0107 przybli\u017con\u0105 liczb\u0119 uczestnik\u00f3w webinarium.<\/span><\/p>\n<p><span style=\"font-size: 14pt;\">Potwierdzenia uczestnictwa zostan\u0105 przes\u0142ane do 20 stycznia 2025 roku. Formularz zg\u0142oszeniowy b\u0119dzie dost\u0119pny do dnia, w kt\u00f3rym odb\u0119dzie si\u0119 webinarium. W przypadku zg\u0142osze\u0144, kt\u00f3re wp\u0142yn\u0105 w dniu webinarium, potwierdzenia uczestnictwa oraz zaproszenia na spotkanie (wraz z linkiem) b\u0119d\u0105 przesy\u0142ane na bie\u017c\u0105co.<\/span><\/p>\n<p><span style=\"font-size: 14pt;\"><strong>Informacje techniczne<\/strong><\/span><\/p>\n<p><span style=\"font-size: 14pt;\">W celu uczestnictwa w webinarium niezb\u0119dne jest stabilne \u0142\u0105cze internetowe. W spotkaniu uczestniczy\u0107 mo\u017cna poprzez przegl\u0105dark\u0119 internetow\u0105 lub aplikacj\u0119 Cisco Webex. Szczeg\u00f3\u0142owe informacje techniczne dotycz\u0105ce do\u0142\u0105czenia do spotkania zostan\u0105 przes\u0142ane po potwierdzeniu uczestnictwa oraz wys\u0142aniu wiadomo\u015bci z zaproszeniem (wraz z linkiem) na spotkanie.\u00a0<\/span><\/p>\n<p><span style=\"font-size: 14pt;\"><strong>Op\u0142aty<\/strong><\/span><\/p>\n<p><span style=\"font-size: 14pt;\">Udzia\u0142 w webinarium jest bezp\u0142atny.<\/span><\/p>\n<p>PROGRAM<br \/>\n21 stycznia 2025 roku (wtorek)<\/p>\n<p>16:45-17:00 Logowanie uczestnik\u00f3w<\/p>\n<p>17:30-17:45 Przerwa<\/p>\n<p>17:45-18:15<\/p>\n<ul>\n<li>Oszustwa telefonicznie \u2013 na co zwr\u00f3ci\u0107 szczeg\u00f3ln\u0105 uwag\u0119?<\/li>\n<li>Dobre praktyki w odniesieniu do bezpiecze\u0144stwa w cyberprzestrzeni<\/li>\n<\/ul>\n<p>18:15-18:30 Przerwa<\/p>\n<p>18:30-18:45 Pytania i odpowiedzi<\/p>\n","protected":false},"excerpt":{"rendered":"<p>PROGRAM &nbsp; Urz\u0105d Komisji Nadzoru Finansowego zaprasza senior\u00f3w i ich opiekun\u00f3w na webinarium (spotkanie online) \u201eBezpieczny senior \u2013 jak nie da\u0107 si\u0119 oszuka\u0107 w Internecie\u201d organizowane w ramach projektu Centrum Edukacji dla Uczestnik\u00f3w Rynku \u2013  [&#8230;]<\/p>\n","protected":false},"author":8,"featured_media":8902,"comment_status":"closed","ping_status":"closed","sticky":false,"template":"","format":"standard","meta":{"_acf_changed":false,"footnotes":""},"categories":[5],"tags":[],"class_list":["post-8905","post","type-post","status-publish","format-standard","has-post-thumbnail","hentry","category-aktualnosci"],"acf":{"kal_data_wydarzenia":""},"_links":{"self":[{"href":"https:\/\/powiatlwowecki.pl\/plci_json_endpoint\/wp\/v2\/posts\/8905","targetHints":{"allow":["GET"]}}],"collection":[{"href":"https:\/\/powiatlwowecki.pl\/plci_json_endpoint\/wp\/v2\/posts"}],"about":[{"href":"https:\/\/powiatlwowecki.pl\/plci_json_endpoint\/wp\/v2\/types\/post"}],"author":[{"embeddable":true,"href":"https:\/\/powiatlwowecki.pl\/plci_json_endpoint\/wp\/v2\/users\/8"}],"replies":[{"embeddable":true,"href":"https:\/\/powiatlwowecki.pl\/plci_json_endpoint\/wp\/v2\/comments?post=8905"}],"version-history":[{"count":2,"href":"https:\/\/powiatlwowecki.pl\/plci_json_endpoint\/wp\/v2\/posts\/8905\/revisions"}],"predecessor-version":[{"id":8907,"href":"https:\/\/powiatlwowecki.pl\/plci_json_endpoint\/wp\/v2\/posts\/8905\/revisions\/8907"}],"wp:featuredmedia":[{"embeddable":true,"href":"https:\/\/powiatlwowecki.pl\/plci_json_endpoint\/wp\/v2\/media\/8902"}],"wp:attachment":[{"href":"https:\/\/powiatlwowecki.pl\/plci_json_endpoint\/wp\/v2\/media?parent=8905"}],"wp:term":[{"taxonomy":"category","embeddable":true,"href":"https:\/\/powiatlwowecki.pl\/plci_json_endpoint\/wp\/v2\/categories?post=8905"},{"taxonomy":"post_tag","embeddable":true,"href":"https:\/\/powiatlwowecki.pl\/plci_json_endpoint\/wp\/v2\/tags?post=8905"}],"curies":[{"name":"wp","href":"https:\/\/api.w.org\/{rel}","templated":true}]}}