{"id":8866,"date":"2024-12-31T10:56:32","date_gmt":"2024-12-31T09:56:32","guid":{"rendered":"https:\/\/powiatlwowecki.pl\/?p=8866"},"modified":"2024-12-31T10:57:05","modified_gmt":"2024-12-31T09:57:05","slug":"rzadowy-program-wsparcia-powiatu-w-organizacji-i-tworzeniu-rodzinnych-form-pieczy-zastepczej-w-2024-r","status":"publish","type":"post","link":"https:\/\/powiatlwowecki.pl\/rzadowy-program-wsparcia-powiatu-w-organizacji-i-tworzeniu-rodzinnych-form-pieczy-zastepczej-w-2024-r\/","title":{"rendered":"Rz\u0105dowy program wsparcia powiatu w organizacji i tworzeniu rodzinnych form pieczy zast\u0119pczej w 2024 r."},"content":{"rendered":"<p><img decoding=\"async\" class=\" wp-image-2574 aligncenter\" src=\"https:\/\/powiatlwowecki.pl\/wp-content\/uploads\/2021\/06\/FLAGI-300x100.jpg\" alt=\"God\u0142o i flaga Polski\" width=\"516\" height=\"172\" srcset=\"https:\/\/powiatlwowecki.pl\/wp-content\/uploads\/2021\/06\/FLAGI-24x8.jpg 24w, https:\/\/powiatlwowecki.pl\/wp-content\/uploads\/2021\/06\/FLAGI-36x12.jpg 36w, https:\/\/powiatlwowecki.pl\/wp-content\/uploads\/2021\/06\/FLAGI-48x16.jpg 48w, https:\/\/powiatlwowecki.pl\/wp-content\/uploads\/2021\/06\/FLAGI-200x66.jpg 200w, https:\/\/powiatlwowecki.pl\/wp-content\/uploads\/2021\/06\/FLAGI-300x100.jpg 300w, https:\/\/powiatlwowecki.pl\/wp-content\/uploads\/2021\/06\/FLAGI-400x133.jpg 400w, https:\/\/powiatlwowecki.pl\/wp-content\/uploads\/2021\/06\/FLAGI.jpg 512w\" sizes=\"(max-width: 516px) 100vw, 516px\" \/><\/p>\n<p style=\"text-align: center;\">Uchwa\u0142\u0105 nr 243 Rady Ministr\u00f3w z dnia 5 grudnia 2023 r. przyj\u0119to rz\u0105dowy program wsparcia powiatu w organizacji i tworzeniu rodzinnych form pieczy zast\u0119pczej w 2024 roku.<\/p>\n<p style=\"text-align: center;\">Powiat Lw\u00f3wecki pozyska\u0142 \u015brodki finansowe w ramach ww. programu w\u00a02024\u00a0r.\u00a0 w\u00a0kwocie <em>\u00a087\u00a0505 z\u0142.\u00a0<\/em><\/p>\n<p style=\"text-align: center;\"><em>Umow\u0119 zawarto 4 grudnia 2024 r., aneks\u00a0 do umowy 24 grudnia 2024 r<\/em><\/p>\n<p style=\"text-align: center;\">Celem Programu jest wsparcie powiat\u00f3w w\u00a0realizacji zada\u0144 w\u0142asnych z\u00a0zakresu wspierania rodziny oraz systemu pieczy zast\u0119pczej<\/p>\n<p style=\"text-align: center;\"><em>Zgodnie z zasadami Programu, powy\u017csza kwota przeznaczona zosta\u0142a na wsparcie wynagrodze\u0144<\/em> wraz z pochodnymi od wynagrodze\u0144 os\u00f3b\u00a0 prowadz\u0105cych rodziny zast\u0119pcze zawodowe oraz prowadz\u0105cych rodzinne domy dziecka w 2024 r.<\/p>\n<p style=\"text-align: center;\">\u0179r\u00f3d\u0142em finansowania programu s\u0105 \u015brodki Funduszu Pracy.<\/p>\n<p>&nbsp;<\/p>\n<p><span style=\"text-decoration: line-through;\"><img decoding=\"async\" class=\" wp-image-8868 aligncenter\" src=\"https:\/\/powiatlwowecki.pl\/wp-content\/uploads\/2024\/12\/Kopia-\u2013-Kopia-\u2013-Rzadowy-program-Dofinansowanie-wynagrodzen-rodzin-zastepczych-zawodowych-i-prowadzacych-rodzinne-domy-dziecka-na-lata-2024-2027-214x300.jpg\" alt=\"\" width=\"588\" height=\"824\" srcset=\"https:\/\/powiatlwowecki.pl\/wp-content\/uploads\/2024\/12\/Kopia-\u2013-Kopia-\u2013-Rzadowy-program-Dofinansowanie-wynagrodzen-rodzin-zastepczych-zawodowych-i-prowadzacych-rodzinne-domy-dziecka-na-lata-2024-2027-17x24.jpg 17w, https:\/\/powiatlwowecki.pl\/wp-content\/uploads\/2024\/12\/Kopia-\u2013-Kopia-\u2013-Rzadowy-program-Dofinansowanie-wynagrodzen-rodzin-zastepczych-zawodowych-i-prowadzacych-rodzinne-domy-dziecka-na-lata-2024-2027-26x36.jpg 26w, https:\/\/powiatlwowecki.pl\/wp-content\/uploads\/2024\/12\/Kopia-\u2013-Kopia-\u2013-Rzadowy-program-Dofinansowanie-wynagrodzen-rodzin-zastepczych-zawodowych-i-prowadzacych-rodzinne-domy-dziecka-na-lata-2024-2027-34x48.jpg 34w, https:\/\/powiatlwowecki.pl\/wp-content\/uploads\/2024\/12\/Kopia-\u2013-Kopia-\u2013-Rzadowy-program-Dofinansowanie-wynagrodzen-rodzin-zastepczych-zawodowych-i-prowadzacych-rodzinne-domy-dziecka-na-lata-2024-2027-200x280.jpg 200w, https:\/\/powiatlwowecki.pl\/wp-content\/uploads\/2024\/12\/Kopia-\u2013-Kopia-\u2013-Rzadowy-program-Dofinansowanie-wynagrodzen-rodzin-zastepczych-zawodowych-i-prowadzacych-rodzinne-domy-dziecka-na-lata-2024-2027-214x300.jpg 214w, https:\/\/powiatlwowecki.pl\/wp-content\/uploads\/2024\/12\/Kopia-\u2013-Kopia-\u2013-Rzadowy-program-Dofinansowanie-wynagrodzen-rodzin-zastepczych-zawodowych-i-prowadzacych-rodzinne-domy-dziecka-na-lata-2024-2027-400x560.jpg 400w, https:\/\/powiatlwowecki.pl\/wp-content\/uploads\/2024\/12\/Kopia-\u2013-Kopia-\u2013-Rzadowy-program-Dofinansowanie-wynagrodzen-rodzin-zastepczych-zawodowych-i-prowadzacych-rodzinne-domy-dziecka-na-lata-2024-2027-600x840.jpg 600w, https:\/\/powiatlwowecki.pl\/wp-content\/uploads\/2024\/12\/Kopia-\u2013-Kopia-\u2013-Rzadowy-program-Dofinansowanie-wynagrodzen-rodzin-zastepczych-zawodowych-i-prowadzacych-rodzinne-domy-dziecka-na-lata-2024-2027-731x1024.jpg 731w, https:\/\/powiatlwowecki.pl\/wp-content\/uploads\/2024\/12\/Kopia-\u2013-Kopia-\u2013-Rzadowy-program-Dofinansowanie-wynagrodzen-rodzin-zastepczych-zawodowych-i-prowadzacych-rodzinne-domy-dziecka-na-lata-2024-2027-768x1075.jpg 768w, https:\/\/powiatlwowecki.pl\/wp-content\/uploads\/2024\/12\/Kopia-\u2013-Kopia-\u2013-Rzadowy-program-Dofinansowanie-wynagrodzen-rodzin-zastepczych-zawodowych-i-prowadzacych-rodzinne-domy-dziecka-na-lata-2024-2027-800x1120.jpg 800w, https:\/\/powiatlwowecki.pl\/wp-content\/uploads\/2024\/12\/Kopia-\u2013-Kopia-\u2013-Rzadowy-program-Dofinansowanie-wynagrodzen-rodzin-zastepczych-zawodowych-i-prowadzacych-rodzinne-domy-dziecka-na-lata-2024-2027-1097x1536.jpg 1097w, https:\/\/powiatlwowecki.pl\/wp-content\/uploads\/2024\/12\/Kopia-\u2013-Kopia-\u2013-Rzadowy-program-Dofinansowanie-wynagrodzen-rodzin-zastepczych-zawodowych-i-prowadzacych-rodzinne-domy-dziecka-na-lata-2024-2027-1200x1680.jpg 1200w, https:\/\/powiatlwowecki.pl\/wp-content\/uploads\/2024\/12\/Kopia-\u2013-Kopia-\u2013-Rzadowy-program-Dofinansowanie-wynagrodzen-rodzin-zastepczych-zawodowych-i-prowadzacych-rodzinne-domy-dziecka-na-lata-2024-2027-1463x2048.jpg 1463w, https:\/\/powiatlwowecki.pl\/wp-content\/uploads\/2024\/12\/Kopia-\u2013-Kopia-\u2013-Rzadowy-program-Dofinansowanie-wynagrodzen-rodzin-zastepczych-zawodowych-i-prowadzacych-rodzinne-domy-dziecka-na-lata-2024-2027-scaled.jpg 1829w\" sizes=\"(max-width: 588px) 100vw, 588px\" \/><\/span><\/p>\n<p>&nbsp;<\/p>\n","protected":false},"excerpt":{"rendered":"<p>Uchwa\u0142\u0105 nr 243 Rady Ministr\u00f3w z dnia 5 grudnia 2023 r. przyj\u0119to rz\u0105dowy program wsparcia powiatu w organizacji i tworzeniu rodzinnych form pieczy zast\u0119pczej w 2024 roku. Powiat Lw\u00f3wecki pozyska\u0142 \u015brodki finansowe w ramach ww.  [&#8230;]<\/p>\n","protected":false},"author":8,"featured_media":2574,"comment_status":"closed","ping_status":"closed","sticky":false,"template":"","format":"standard","meta":{"_acf_changed":false,"footnotes":""},"categories":[5],"tags":[],"class_list":["post-8866","post","type-post","status-publish","format-standard","has-post-thumbnail","hentry","category-aktualnosci"],"acf":{"kal_data_wydarzenia":""},"_links":{"self":[{"href":"https:\/\/powiatlwowecki.pl\/plci_json_endpoint\/wp\/v2\/posts\/8866","targetHints":{"allow":["GET"]}}],"collection":[{"href":"https:\/\/powiatlwowecki.pl\/plci_json_endpoint\/wp\/v2\/posts"}],"about":[{"href":"https:\/\/powiatlwowecki.pl\/plci_json_endpoint\/wp\/v2\/types\/post"}],"author":[{"embeddable":true,"href":"https:\/\/powiatlwowecki.pl\/plci_json_endpoint\/wp\/v2\/users\/8"}],"replies":[{"embeddable":true,"href":"https:\/\/powiatlwowecki.pl\/plci_json_endpoint\/wp\/v2\/comments?post=8866"}],"version-history":[{"count":1,"href":"https:\/\/powiatlwowecki.pl\/plci_json_endpoint\/wp\/v2\/posts\/8866\/revisions"}],"predecessor-version":[{"id":8869,"href":"https:\/\/powiatlwowecki.pl\/plci_json_endpoint\/wp\/v2\/posts\/8866\/revisions\/8869"}],"wp:featuredmedia":[{"embeddable":true,"href":"https:\/\/powiatlwowecki.pl\/plci_json_endpoint\/wp\/v2\/media\/2574"}],"wp:attachment":[{"href":"https:\/\/powiatlwowecki.pl\/plci_json_endpoint\/wp\/v2\/media?parent=8866"}],"wp:term":[{"taxonomy":"category","embeddable":true,"href":"https:\/\/powiatlwowecki.pl\/plci_json_endpoint\/wp\/v2\/categories?post=8866"},{"taxonomy":"post_tag","embeddable":true,"href":"https:\/\/powiatlwowecki.pl\/plci_json_endpoint\/wp\/v2\/tags?post=8866"}],"curies":[{"name":"wp","href":"https:\/\/api.w.org\/{rel}","templated":true}]}}