{"id":8775,"date":"2024-12-18T14:04:28","date_gmt":"2024-12-18T13:04:28","guid":{"rendered":"https:\/\/powiatlwowecki.pl\/?p=8775"},"modified":"2024-12-18T14:04:28","modified_gmt":"2024-12-18T13:04:28","slug":"informacja-3","status":"publish","type":"post","link":"https:\/\/powiatlwowecki.pl\/informacja-3\/","title":{"rendered":"INFORMACJA"},"content":{"rendered":"<p><img decoding=\"async\" class=\"alignnone  wp-image-8773\" src=\"https:\/\/powiatlwowecki.pl\/wp-content\/uploads\/2024\/12\/STAROSTWO-POWIATOWE-300x146.jpg\" alt=\"\" width=\"1085\" height=\"528\" srcset=\"https:\/\/powiatlwowecki.pl\/wp-content\/uploads\/2024\/12\/STAROSTWO-POWIATOWE-24x12.jpg 24w, https:\/\/powiatlwowecki.pl\/wp-content\/uploads\/2024\/12\/STAROSTWO-POWIATOWE-36x18.jpg 36w, https:\/\/powiatlwowecki.pl\/wp-content\/uploads\/2024\/12\/STAROSTWO-POWIATOWE-48x23.jpg 48w, https:\/\/powiatlwowecki.pl\/wp-content\/uploads\/2024\/12\/STAROSTWO-POWIATOWE-200x98.jpg 200w, https:\/\/powiatlwowecki.pl\/wp-content\/uploads\/2024\/12\/STAROSTWO-POWIATOWE-300x146.jpg 300w, https:\/\/powiatlwowecki.pl\/wp-content\/uploads\/2024\/12\/STAROSTWO-POWIATOWE-400x195.jpg 400w, https:\/\/powiatlwowecki.pl\/wp-content\/uploads\/2024\/12\/STAROSTWO-POWIATOWE-600x293.jpg 600w, https:\/\/powiatlwowecki.pl\/wp-content\/uploads\/2024\/12\/STAROSTWO-POWIATOWE-768x375.jpg 768w, https:\/\/powiatlwowecki.pl\/wp-content\/uploads\/2024\/12\/STAROSTWO-POWIATOWE-800x390.jpg 800w, https:\/\/powiatlwowecki.pl\/wp-content\/uploads\/2024\/12\/STAROSTWO-POWIATOWE.jpg 820w\" sizes=\"(max-width: 1085px) 100vw, 1085px\" \/><\/p>\n<p>&nbsp;<\/p>\n<p>Szanowni Klienci,<\/p>\n<p>uprzejmie informujemy, i\u017c w dniu 24 grudnia 2024 r. (Wigilia) i 31.12.2024 r. \u00a0(Sylwester) obs\u0142uga klient\u00f3w odbywa\u0107 si\u0119 b\u0119dzie do godziny 12:00.<\/p>\n<p>&nbsp;<\/p>\n<p>Za utrudnienia przepraszamy.<\/p>\n","protected":false},"excerpt":{"rendered":"<p>&nbsp; Szanowni Klienci, uprzejmie informujemy, i\u017c w dniu 24 grudnia 2024 r. (Wigilia) i 31.12.2024 r. \u00a0(Sylwester) obs\u0142uga klient\u00f3w odbywa\u0107 si\u0119 b\u0119dzie do godziny 12:00. &nbsp; Za utrudnienia przepraszamy.<\/p>\n","protected":false},"author":8,"featured_media":8773,"comment_status":"closed","ping_status":"closed","sticky":false,"template":"","format":"standard","meta":{"_acf_changed":false,"footnotes":""},"categories":[5],"tags":[],"class_list":["post-8775","post","type-post","status-publish","format-standard","has-post-thumbnail","hentry","category-aktualnosci"],"acf":{"kal_data_wydarzenia":""},"_links":{"self":[{"href":"https:\/\/powiatlwowecki.pl\/plci_json_endpoint\/wp\/v2\/posts\/8775","targetHints":{"allow":["GET"]}}],"collection":[{"href":"https:\/\/powiatlwowecki.pl\/plci_json_endpoint\/wp\/v2\/posts"}],"about":[{"href":"https:\/\/powiatlwowecki.pl\/plci_json_endpoint\/wp\/v2\/types\/post"}],"author":[{"embeddable":true,"href":"https:\/\/powiatlwowecki.pl\/plci_json_endpoint\/wp\/v2\/users\/8"}],"replies":[{"embeddable":true,"href":"https:\/\/powiatlwowecki.pl\/plci_json_endpoint\/wp\/v2\/comments?post=8775"}],"version-history":[{"count":1,"href":"https:\/\/powiatlwowecki.pl\/plci_json_endpoint\/wp\/v2\/posts\/8775\/revisions"}],"predecessor-version":[{"id":8776,"href":"https:\/\/powiatlwowecki.pl\/plci_json_endpoint\/wp\/v2\/posts\/8775\/revisions\/8776"}],"wp:featuredmedia":[{"embeddable":true,"href":"https:\/\/powiatlwowecki.pl\/plci_json_endpoint\/wp\/v2\/media\/8773"}],"wp:attachment":[{"href":"https:\/\/powiatlwowecki.pl\/plci_json_endpoint\/wp\/v2\/media?parent=8775"}],"wp:term":[{"taxonomy":"category","embeddable":true,"href":"https:\/\/powiatlwowecki.pl\/plci_json_endpoint\/wp\/v2\/categories?post=8775"},{"taxonomy":"post_tag","embeddable":true,"href":"https:\/\/powiatlwowecki.pl\/plci_json_endpoint\/wp\/v2\/tags?post=8775"}],"curies":[{"name":"wp","href":"https:\/\/api.w.org\/{rel}","templated":true}]}}