{"id":8730,"date":"2024-12-16T12:38:51","date_gmt":"2024-12-16T11:38:51","guid":{"rendered":"https:\/\/powiatlwowecki.pl\/?p=8730"},"modified":"2024-12-16T12:38:51","modified_gmt":"2024-12-16T11:38:51","slug":"ogloszenie-przewodniczacego-rady-powiatu-7","status":"publish","type":"post","link":"https:\/\/powiatlwowecki.pl\/ogloszenie-przewodniczacego-rady-powiatu-7\/","title":{"rendered":"Og\u0142oszenie Przewodnicz\u0105cego Rady Powiatu"},"content":{"rendered":"<div class=\"fusion-fullwidth fullwidth-box fusion-builder-row-1 fusion-flex-container nonhundred-percent-fullwidth non-hundred-percent-height-scrolling\" style=\"--awb-border-radius-top-left:0px;--awb-border-radius-top-right:0px;--awb-border-radius-bottom-right:0px;--awb-border-radius-bottom-left:0px;--awb-flex-wrap:wrap;\" ><div class=\"fusion-builder-row fusion-row fusion-flex-align-items-flex-start fusion-flex-content-wrap\" style=\"max-width:1248px;margin-left: calc(-4% \/ 2 );margin-right: calc(-4% \/ 2 );\"><div class=\"fusion-layout-column fusion_builder_column fusion-builder-column-0 fusion_builder_column_1_1 1_1 fusion-flex-column\" style=\"--awb-bg-size:cover;--awb-width-large:100%;--awb-margin-top-large:0px;--awb-spacing-right-large:1.92%;--awb-margin-bottom-large:0px;--awb-spacing-left-large:1.92%;--awb-width-medium:100%;--awb-spacing-right-medium:1.92%;--awb-spacing-left-medium:1.92%;--awb-width-small:100%;--awb-spacing-right-small:1.92%;--awb-spacing-left-small:1.92%;\"><div class=\"fusion-column-wrapper fusion-flex-justify-content-flex-start fusion-content-layout-column\"><div class=\"fusion-text fusion-text-1\"><p style=\"text-align: center;\"><strong>Zawiadamia si\u0119 o zwo\u0142aniu IX SESJI VII KADENCJI RADY POWIATU LW\u00d3WECKIEGO, \u00a0\u00a0\u00a0\u00a0\u00a0\u00a0\u00a0 <\/strong><\/p>\n<p style=\"text-align: center;\"><strong>kt\u00f3ra odb\u0119dzie si\u0119 w dniu\u00a0<span style=\"color: #ff0000;\"><u>30 GRUDNIA 2024 <\/u><\/span>roku w sali konferencyjnej Starostwa Powiatowego w Lw\u00f3wku \u015al\u0105skim.<\/strong><\/p>\n<p style=\"text-align: center;\"><strong>Pocz\u0105tek sesji godz. <span style=\"color: #ff0000;\">10<sup>00<\/sup><\/span><\/strong><\/p>\n<p><strong><em>.<\/em><\/strong><\/p>\n<p><strong><em>\u00a0 \u00a0 \u00a0 \u00a0 \u00a0 \u00a0 \u00a0 <img decoding=\"async\" class=\"alignnone wp-image-3430\" src=\"https:\/\/powiatlwowecki.pl\/wp-content\/uploads\/2022\/08\/herb-Powiat-Lwowecki-nowy-z-ramka-e1666889931610.png\" alt=\"\" width=\"125\" height=\"144\" srcset=\"https:\/\/powiatlwowecki.pl\/wp-content\/uploads\/2022\/08\/herb-Powiat-Lwowecki-nowy-z-ramka-e1666889931610-21x24.png 21w, https:\/\/powiatlwowecki.pl\/wp-content\/uploads\/2022\/08\/herb-Powiat-Lwowecki-nowy-z-ramka-e1666889931610-31x36.png 31w, https:\/\/powiatlwowecki.pl\/wp-content\/uploads\/2022\/08\/herb-Powiat-Lwowecki-nowy-z-ramka-e1666889931610-42x48.png 42w, https:\/\/powiatlwowecki.pl\/wp-content\/uploads\/2022\/08\/herb-Powiat-Lwowecki-nowy-z-ramka-e1666889931610-200x230.png 200w, https:\/\/powiatlwowecki.pl\/wp-content\/uploads\/2022\/08\/herb-Powiat-Lwowecki-nowy-z-ramka-e1666889931610.png 250w\" sizes=\"(max-width: 125px) 100vw, 125px\" \/> \u00a0\u00a0\u00a0\u00a0\u00a0\u00a0\u00a0\u00a0\u00a0\u00a0 <\/em><\/strong><strong><em><img decoding=\"async\" class=\"alignnone wp-image-4115\" src=\"https:\/\/powiatlwowecki.pl\/wp-content\/uploads\/2023\/03\/ozdoba-300x30.jpg\" alt=\"\" width=\"630\" height=\"63\" srcset=\"https:\/\/powiatlwowecki.pl\/wp-content\/uploads\/2023\/03\/ozdoba-24x2.jpg 24w, https:\/\/powiatlwowecki.pl\/wp-content\/uploads\/2023\/03\/ozdoba-36x4.jpg 36w, https:\/\/powiatlwowecki.pl\/wp-content\/uploads\/2023\/03\/ozdoba-48x5.jpg 48w, https:\/\/powiatlwowecki.pl\/wp-content\/uploads\/2023\/03\/ozdoba-200x20.jpg 200w, https:\/\/powiatlwowecki.pl\/wp-content\/uploads\/2023\/03\/ozdoba-300x30.jpg 300w, https:\/\/powiatlwowecki.pl\/wp-content\/uploads\/2023\/03\/ozdoba-400x40.jpg 400w, https:\/\/powiatlwowecki.pl\/wp-content\/uploads\/2023\/03\/ozdoba.jpg 513w\" sizes=\"(max-width: 630px) 100vw, 630px\" \/><\/em><\/strong><\/p>\n<p style=\"text-align: center;\"><strong><u>Proponowany porz\u0105dek obrad:<\/u><\/strong><\/p>\n<p><strong>1.Powitanie radnych i zaproszonych go\u015bci.<\/strong><\/p>\n<p><strong>2.Przyj\u0119cie porz\u0105dku obrad.<\/strong><\/p>\n<p><strong>3.G\u0142osowanie w sprawie przyj\u0119cia protoko\u0142u z VI sesji RPL.<\/strong><\/p>\n<p><strong>4.G\u0142osowanie w sprawie przyj\u0119cia protoko\u0142u z VII sesji RPL.<\/strong><\/p>\n<p><strong>5.Informacja o dzia\u0142alno\u015bci Zarz\u0105du Powiatu Lw\u00f3weckiego pomi\u0119dzy Sesjami Rady\u00a0 Powiatu Lw\u00f3weckiego.<\/strong><\/p>\n<p><strong>6.Bud\u017cet Powiatu Lw\u00f3weckiego na 2025 rok:<\/strong><\/p>\n<p><strong>6.1.Odczytanie projektu uchwa\u0142y bud\u017cetowej wraz z uzasadnieniem.<\/strong><\/p>\n<p><strong>6.2.Przedstawienie opinii komisji oraz wniosk\u00f3w radnych.<\/strong><\/p>\n<p><strong>6.3.Odczytanie opinii Sk\u0142adu Orzekaj\u0105cego Regionalnej Izby Obrachunkowej o projekcie uchwa\u0142y bud\u017cetowej.<\/strong><\/p>\n<p><strong>6.4.Przedstawienie stanowiska Zarz\u0105du Powiatu Lw\u00f3weckiego w sprawie opinii RIO, wniosk\u00f3w komisji i radnych.<\/strong><\/p>\n<p><strong>6.5.Dyskusja nad wniesionymi poprawkami oraz autopoprawkami i ich przeg\u0142osowanie.<\/strong><\/p>\n<p><strong>6.6.G\u0142osowanie nad przyj\u0119ciem uchwa\u0142y w sprawie bud\u017cetu powiatu na rok 2025.<\/strong><\/p>\n<p><strong>6.7.G\u0142osowanie uchwa\u0142y w sprawie wieloletniej prognozy finansowej Powiatu Lw\u00f3weckiego na lata 2025-2033.<br \/>\n7. Przerwa w obradach.<\/strong><\/p>\n<p><strong>8.Podjcie uchwa\u0142.<\/strong><\/p>\n<p><strong>9.Interpelacje, zapytania i postulaty radnych.<\/strong><\/p>\n<p><strong>10.Sprawy r\u00f3\u017cne i organizacyjne.<\/strong><\/p>\n<p><strong>\u00a0\u00a0\u00a0\u00a0 <\/strong><\/p>\n<p><strong>\u00a0<\/strong><\/p>\n<p><strong>\u00a0\u00a0\u00a0\u00a0\u00a0\u00a0\u00a0\u00a0\u00a0\u00a0\u00a0\u00a0\u00a0\u00a0\u00a0\u00a0\u00a0\u00a0\u00a0\u00a0\u00a0\u00a0\u00a0\u00a0\u00a0\u00a0\u00a0\u00a0\u00a0\u00a0\u00a0\u00a0\u00a0\u00a0\u00a0\u00a0\u00a0\u00a0\u00a0\u00a0\u00a0\u00a0\u00a0\u00a0\u00a0\u00a0\u00a0\u00a0\u00a0\u00a0\u00a0\u00a0\u00a0\u00a0\u00a0\u00a0\u00a0\u00a0\u00a0\u00a0\u00a0\u00a0\u00a0\u00a0\u00a0\u00a0\u00a0\u00a0\u00a0\u00a0\u00a0\u00a0\u00a0\u00a0\u00a0\u00a0\u00a0\u00a0\u00a0\u00a0\u00a0 \u00a0 \u00a0 \u00a0 \u00a0 \u00a0 \u00a0 \u00a0 \u00a0 \u00a0 \u00a0 \u00a0 \u00a0 \u00a0\u00a0 <span style=\"font-family: Book Antiqua, Palatino;\">Przewodnicz\u0105cy Rady Powiatu<\/span><\/strong><\/p>\n<p><span style=\"font-family: Book Antiqua, Palatino;\"><strong>\u00a0<\/strong><\/span><\/p>\n<p><span style=\"font-family: Book Antiqua, Palatino;\"><strong>\u00a0\u00a0\u00a0\u00a0\u00a0\u00a0\u00a0\u00a0\u00a0\u00a0\u00a0\u00a0\u00a0\u00a0\u00a0\u00a0\u00a0\u00a0\u00a0\u00a0\u00a0\u00a0\u00a0\u00a0\u00a0\u00a0\u00a0\u00a0\u00a0\u00a0\u00a0\u00a0\u00a0\u00a0\u00a0\u00a0\u00a0\u00a0\u00a0\u00a0\u00a0\u00a0\u00a0\u00a0\u00a0\u00a0\u00a0\u00a0\u00a0\u00a0\u00a0\u00a0\u00a0\u00a0\u00a0\u00a0\u00a0\u00a0\u00a0\u00a0\u00a0\u00a0\u00a0\u00a0\u00a0\u00a0\u00a0\u00a0\u00a0\u00a0 \u00a0\u00a0\u00a0\u00a0\u00a0\u00a0\u00a0\u00a0\u00a0\u00a0\u00a0\u00a0\u00a0\u00a0 \u00a0\u00a0\u00a0 \/-\/ <\/strong><strong>Olgierd Poni\u017anik<br \/>\n<\/strong><\/span><\/p>\n<\/div><\/div><\/div><\/div><\/div>\n","protected":false},"excerpt":{"rendered":"","protected":false},"author":8,"featured_media":3981,"comment_status":"closed","ping_status":"closed","sticky":false,"template":"","format":"standard","meta":{"_acf_changed":false,"footnotes":""},"categories":[5,76],"tags":[],"class_list":["post-8730","post","type-post","status-publish","format-standard","has-post-thumbnail","hentry","category-aktualnosci","category-kalendarium-sidebar"],"acf":{"kal_data_wydarzenia":"20241230"},"_links":{"self":[{"href":"https:\/\/powiatlwowecki.pl\/plci_json_endpoint\/wp\/v2\/posts\/8730","targetHints":{"allow":["GET"]}}],"collection":[{"href":"https:\/\/powiatlwowecki.pl\/plci_json_endpoint\/wp\/v2\/posts"}],"about":[{"href":"https:\/\/powiatlwowecki.pl\/plci_json_endpoint\/wp\/v2\/types\/post"}],"author":[{"embeddable":true,"href":"https:\/\/powiatlwowecki.pl\/plci_json_endpoint\/wp\/v2\/users\/8"}],"replies":[{"embeddable":true,"href":"https:\/\/powiatlwowecki.pl\/plci_json_endpoint\/wp\/v2\/comments?post=8730"}],"version-history":[{"count":1,"href":"https:\/\/powiatlwowecki.pl\/plci_json_endpoint\/wp\/v2\/posts\/8730\/revisions"}],"predecessor-version":[{"id":8731,"href":"https:\/\/powiatlwowecki.pl\/plci_json_endpoint\/wp\/v2\/posts\/8730\/revisions\/8731"}],"wp:featuredmedia":[{"embeddable":true,"href":"https:\/\/powiatlwowecki.pl\/plci_json_endpoint\/wp\/v2\/media\/3981"}],"wp:attachment":[{"href":"https:\/\/powiatlwowecki.pl\/plci_json_endpoint\/wp\/v2\/media?parent=8730"}],"wp:term":[{"taxonomy":"category","embeddable":true,"href":"https:\/\/powiatlwowecki.pl\/plci_json_endpoint\/wp\/v2\/categories?post=8730"},{"taxonomy":"post_tag","embeddable":true,"href":"https:\/\/powiatlwowecki.pl\/plci_json_endpoint\/wp\/v2\/tags?post=8730"}],"curies":[{"name":"wp","href":"https:\/\/api.w.org\/{rel}","templated":true}]}}