{"id":8674,"date":"2024-12-04T09:53:36","date_gmt":"2024-12-04T08:53:36","guid":{"rendered":"https:\/\/powiatlwowecki.pl\/?p=8674"},"modified":"2024-12-04T09:53:36","modified_gmt":"2024-12-04T08:53:36","slug":"barborka-swieto-gornikow","status":"publish","type":"post","link":"https:\/\/powiatlwowecki.pl\/barborka-swieto-gornikow\/","title":{"rendered":"Barb\u00f3rka- \u015awi\u0119to G\u00f3rnik\u00f3w"},"content":{"rendered":"<p>Barb\u00f3rka, obchodzona 4 grudnia, to wyj\u0105tkowy dzie\u0144, w kt\u00f3rym z szacunkiem i wdzi\u0119czno\u015bci\u0105 oddajemy ho\u0142d wszystkim g\u00f3rnikom za ich trudn\u0105 i pe\u0142n\u0105 po\u015bwi\u0119cenia prac\u0119. To tak\u017ce okazja, by przypomnie\u0107 o bogatych tradycjach g\u00f3rniczych..<\/p>\n<p>&nbsp;<\/p>\n<p>Praca g\u00f3rnika wymaga ogromnej odwagi, determinacji i si\u0142y. Ten szczeg\u00f3lny dzie\u0144 to nie tylko \u015bwi\u0119to zawodowe, ale tak\u017ce czas integracji i kultywowania pi\u0119knych, si\u0119gaj\u0105cych wielu pokole\u0144 tradycji.<\/p>\n<p>&nbsp;<\/p>\n<p style=\"text-align: center;\">\u017byczenia od Starosty Powiatu Lw\u00f3weckiego<\/p>\n<p>&nbsp;<\/p>\n<p>Szanowni G\u00f3rnicy,<\/p>\n<p>z okazji Barb\u00f3rki sk\u0142adam Wam wyrazy najwy\u017cszego uznania za Wasz trud i oddanie. \u017bycz\u0119 Wam zdrowia, pomy\u015blno\u015bci oraz bezpiecznej pracy. Niech \u015bw. Barbara, patronka g\u00f3rnik\u00f3w, czuwa nad Wami ka\u017cdego dnia.<\/p>\n<p>Niech ten wyj\u0105tkowy dzie\u0144 b\u0119dzie dla Was czasem rado\u015bci, dumy i \u015bwi\u0119towania w gronie najbli\u017cszych. Szcz\u0119\u015b\u0107 Bo\u017ce!<\/p>\n<p>&nbsp;<\/p>\n<p style=\"text-align: center;\">\u00a0\u00a0\u00a0\u00a0\u00a0\u00a0\u00a0\u00a0\u00a0\u00a0\u00a0\u00a0\u00a0\u00a0\u00a0\u00a0\u00a0\u00a0\u00a0\u00a0\u00a0\u00a0\u00a0\u00a0\u00a0\u00a0\u00a0\u00a0\u00a0\u00a0\u00a0\u00a0\u00a0\u00a0\u00a0\u00a0\u00a0\u00a0\u00a0\u00a0\u00a0\u00a0\u00a0\u00a0\u00a0\u00a0\u00a0\u00a0\u00a0\u00a0\u00a0\u00a0\u00a0 \u00a0 \u00a0 \u00a0 \u00a0 \u00a0 \u00a0 \u00a0 \u00a0 Z powa\u017caniem,<\/p>\n<p style=\"text-align: center;\">\u00a0\u00a0\u00a0\u00a0\u00a0\u00a0\u00a0\u00a0\u00a0\u00a0\u00a0\u00a0\u00a0\u00a0\u00a0\u00a0\u00a0\u00a0\u00a0\u00a0\u00a0\u00a0\u00a0\u00a0\u00a0\u00a0\u00a0\u00a0\u00a0\u00a0\u00a0\u00a0\u00a0\u00a0\u00a0\u00a0\u00a0\u00a0\u00a0\u00a0\u00a0\u00a0\u00a0\u00a0\u00a0\u00a0\u00a0\u00a0\u00a0\u00a0\u00a0\u00a0\u00a0\u00a0\u00a0\u00a0\u00a0\u00a0\u00a0\u00a0\u00a0\u00a0\u00a0\u00a0\u00a0\u00a0\u00a0 \u00a0 \u00a0 \u00a0 \u00a0 \u00a0 \u00a0 \u00a0 \u00a0 \u00a0\u00a0 Ma\u0142gorzata Szczepa\u0144ska<\/p>\n<p style=\"text-align: center;\">\u00a0\u00a0\u00a0\u00a0\u00a0\u00a0\u00a0\u00a0\u00a0\u00a0\u00a0\u00a0\u00a0\u00a0\u00a0\u00a0\u00a0\u00a0\u00a0\u00a0\u00a0\u00a0\u00a0\u00a0\u00a0\u00a0\u00a0\u00a0\u00a0\u00a0\u00a0\u00a0\u00a0\u00a0\u00a0\u00a0\u00a0\u00a0\u00a0\u00a0 \u00a0\u00a0\u00a0\u00a0\u00a0\u00a0\u00a0\u00a0\u00a0\u00a0\u00a0\u00a0\u00a0\u00a0\u00a0\u00a0\u00a0\u00a0\u00a0\u00a0\u00a0\u00a0\u00a0\u00a0\u00a0\u00a0\u00a0\u00a0 \u00a0 \u00a0 \u00a0\u00a0 Starosta Lw\u00f3wecki<\/p>\n<p><img decoding=\"async\" class=\" wp-image-8673 aligncenter\" src=\"https:\/\/powiatlwowecki.pl\/wp-content\/uploads\/2024\/12\/n_a7198c0ac41c4fca7957ee62c585d324efe3ae15a20ca222d9df6e34449e6cdb_c1-300x169.jpg\" alt=\"\" width=\"628\" height=\"354\" srcset=\"https:\/\/powiatlwowecki.pl\/wp-content\/uploads\/2024\/12\/n_a7198c0ac41c4fca7957ee62c585d324efe3ae15a20ca222d9df6e34449e6cdb_c1-24x14.jpg 24w, https:\/\/powiatlwowecki.pl\/wp-content\/uploads\/2024\/12\/n_a7198c0ac41c4fca7957ee62c585d324efe3ae15a20ca222d9df6e34449e6cdb_c1-36x20.jpg 36w, https:\/\/powiatlwowecki.pl\/wp-content\/uploads\/2024\/12\/n_a7198c0ac41c4fca7957ee62c585d324efe3ae15a20ca222d9df6e34449e6cdb_c1-48x27.jpg 48w, https:\/\/powiatlwowecki.pl\/wp-content\/uploads\/2024\/12\/n_a7198c0ac41c4fca7957ee62c585d324efe3ae15a20ca222d9df6e34449e6cdb_c1-200x113.jpg 200w, https:\/\/powiatlwowecki.pl\/wp-content\/uploads\/2024\/12\/n_a7198c0ac41c4fca7957ee62c585d324efe3ae15a20ca222d9df6e34449e6cdb_c1-300x169.jpg 300w, https:\/\/powiatlwowecki.pl\/wp-content\/uploads\/2024\/12\/n_a7198c0ac41c4fca7957ee62c585d324efe3ae15a20ca222d9df6e34449e6cdb_c1-400x225.jpg 400w, https:\/\/powiatlwowecki.pl\/wp-content\/uploads\/2024\/12\/n_a7198c0ac41c4fca7957ee62c585d324efe3ae15a20ca222d9df6e34449e6cdb_c1-600x338.jpg 600w, https:\/\/powiatlwowecki.pl\/wp-content\/uploads\/2024\/12\/n_a7198c0ac41c4fca7957ee62c585d324efe3ae15a20ca222d9df6e34449e6cdb_c1-768x432.jpg 768w, https:\/\/powiatlwowecki.pl\/wp-content\/uploads\/2024\/12\/n_a7198c0ac41c4fca7957ee62c585d324efe3ae15a20ca222d9df6e34449e6cdb_c1-800x450.jpg 800w, https:\/\/powiatlwowecki.pl\/wp-content\/uploads\/2024\/12\/n_a7198c0ac41c4fca7957ee62c585d324efe3ae15a20ca222d9df6e34449e6cdb_c1-1024x576.jpg 1024w, https:\/\/powiatlwowecki.pl\/wp-content\/uploads\/2024\/12\/n_a7198c0ac41c4fca7957ee62c585d324efe3ae15a20ca222d9df6e34449e6cdb_c1-1200x675.jpg 1200w, https:\/\/powiatlwowecki.pl\/wp-content\/uploads\/2024\/12\/n_a7198c0ac41c4fca7957ee62c585d324efe3ae15a20ca222d9df6e34449e6cdb_c1.jpg 1280w\" sizes=\"(max-width: 628px) 100vw, 628px\" \/><\/p>\n","protected":false},"excerpt":{"rendered":"<p>Barb\u00f3rka, obchodzona 4 grudnia, to wyj\u0105tkowy dzie\u0144, w kt\u00f3rym z szacunkiem i wdzi\u0119czno\u015bci\u0105 oddajemy ho\u0142d wszystkim g\u00f3rnikom za ich trudn\u0105 i pe\u0142n\u0105 po\u015bwi\u0119cenia prac\u0119. To tak\u017ce okazja, by przypomnie\u0107 o bogatych tradycjach g\u00f3rniczych.. &nbsp; Praca  [&#8230;]<\/p>\n","protected":false},"author":8,"featured_media":8673,"comment_status":"closed","ping_status":"closed","sticky":false,"template":"","format":"standard","meta":{"_acf_changed":false,"footnotes":""},"categories":[5],"tags":[],"class_list":["post-8674","post","type-post","status-publish","format-standard","has-post-thumbnail","hentry","category-aktualnosci"],"acf":{"kal_data_wydarzenia":""},"_links":{"self":[{"href":"https:\/\/powiatlwowecki.pl\/plci_json_endpoint\/wp\/v2\/posts\/8674","targetHints":{"allow":["GET"]}}],"collection":[{"href":"https:\/\/powiatlwowecki.pl\/plci_json_endpoint\/wp\/v2\/posts"}],"about":[{"href":"https:\/\/powiatlwowecki.pl\/plci_json_endpoint\/wp\/v2\/types\/post"}],"author":[{"embeddable":true,"href":"https:\/\/powiatlwowecki.pl\/plci_json_endpoint\/wp\/v2\/users\/8"}],"replies":[{"embeddable":true,"href":"https:\/\/powiatlwowecki.pl\/plci_json_endpoint\/wp\/v2\/comments?post=8674"}],"version-history":[{"count":4,"href":"https:\/\/powiatlwowecki.pl\/plci_json_endpoint\/wp\/v2\/posts\/8674\/revisions"}],"predecessor-version":[{"id":8678,"href":"https:\/\/powiatlwowecki.pl\/plci_json_endpoint\/wp\/v2\/posts\/8674\/revisions\/8678"}],"wp:featuredmedia":[{"embeddable":true,"href":"https:\/\/powiatlwowecki.pl\/plci_json_endpoint\/wp\/v2\/media\/8673"}],"wp:attachment":[{"href":"https:\/\/powiatlwowecki.pl\/plci_json_endpoint\/wp\/v2\/media?parent=8674"}],"wp:term":[{"taxonomy":"category","embeddable":true,"href":"https:\/\/powiatlwowecki.pl\/plci_json_endpoint\/wp\/v2\/categories?post=8674"},{"taxonomy":"post_tag","embeddable":true,"href":"https:\/\/powiatlwowecki.pl\/plci_json_endpoint\/wp\/v2\/tags?post=8674"}],"curies":[{"name":"wp","href":"https:\/\/api.w.org\/{rel}","templated":true}]}}