{"id":8539,"date":"2024-11-19T08:00:24","date_gmt":"2024-11-19T07:00:24","guid":{"rendered":"https:\/\/powiatlwowecki.pl\/?p=8539"},"modified":"2024-11-19T08:00:24","modified_gmt":"2024-11-19T07:00:24","slug":"modernizacja-budynku-pomocniczego-domu-pomocy-spolecznej-w-mirsku","status":"publish","type":"post","link":"https:\/\/powiatlwowecki.pl\/modernizacja-budynku-pomocniczego-domu-pomocy-spolecznej-w-mirsku\/","title":{"rendered":"Modernizacja budynku pomocniczego Domu Pomocy Spo\u0142ecznej w Mirsku"},"content":{"rendered":"<div class=\"fusion-fullwidth fullwidth-box fusion-builder-row-1 fusion-flex-container nonhundred-percent-fullwidth non-hundred-percent-height-scrolling\" style=\"--awb-border-radius-top-left:0px;--awb-border-radius-top-right:0px;--awb-border-radius-bottom-right:0px;--awb-border-radius-bottom-left:0px;--awb-flex-wrap:wrap;\" ><div class=\"fusion-builder-row fusion-row fusion-flex-align-items-flex-start fusion-flex-content-wrap\" style=\"max-width:1248px;margin-left: calc(-4% \/ 2 );margin-right: calc(-4% \/ 2 );\"><div class=\"fusion-layout-column fusion_builder_column fusion-builder-column-0 fusion_builder_column_1_1 1_1 fusion-flex-column\" style=\"--awb-bg-size:cover;--awb-width-large:100%;--awb-margin-top-large:0px;--awb-spacing-right-large:1.92%;--awb-margin-bottom-large:0px;--awb-spacing-left-large:1.92%;--awb-width-medium:100%;--awb-spacing-right-medium:1.92%;--awb-spacing-left-medium:1.92%;--awb-width-small:100%;--awb-spacing-right-small:1.92%;--awb-spacing-left-small:1.92%;\"><div class=\"fusion-column-wrapper fusion-flex-justify-content-flex-start fusion-content-layout-column\"><div class=\"fusion-text fusion-text-1\"><p>15 listopada 2024 roku zako\u0144czono inwestycj\u0119 polegaj\u0105c\u0105 na modernizacji budynku pomocniczego Domu Pomocy Spo\u0142ecznej w Mirsku. Zadanie to mia\u0142o na celu podniesienie standardu obiektu oraz popraw\u0119 komfortu jego u\u017cytkownik\u00f3w.<\/p>\n<p>Prace zosta\u0142y zrealizowane przez Pana Tomasza Gluz\u0119, prowadz\u0105cego dzia\u0142alno\u015b\u0107 GRUPA MTG Tomasz Gluza, z siedzib\u0105 w Prze\u017adziedzy 8, 59-610 Wle\u0144.<\/p>\n<p><strong>Koszt i finansowanie inwestycji<\/strong><\/p>\n<p>\u0141\u0105czna warto\u015b\u0107 wykonanych prac wynios\u0142a 420 000,00 z\u0142 brutto. Projekt zosta\u0142 w wi\u0119kszo\u015bci sfinansowany z Rz\u0105dowego Funduszu Polski \u0141ad, kt\u00f3ry pokry\u0142 98% koszt\u00f3w inwestycji, co stanowi\u0142o 411 600,00 z\u0142. Pozosta\u0142a kwota, czyli 8 400,00 z\u0142, pochodzi\u0142a z bud\u017cetu powiatu lw\u00f3weckiego.<\/p>\n<p><strong>Zakres wykonanych prac:<\/strong><\/p>\n<p>Modernizacja budynku obejmowa\u0142a szeroki zakres rob\u00f3t remontowo-budowlanych:<\/p>\n<ol>\n<li>Wymiana pokrycia dachowego<\/li>\n<\/ol>\n<ul>\n<li>Stare pokrycie dachowe zast\u0105piono dach\u00f3wk\u0105 ceramiczn\u0105 typu karpi\u00f3wka.<\/li>\n<li>Wykonano nowe obr\u00f3bki blacharskie z blachy stalowej ocynkowanej.<\/li>\n<li>Zamontowano akcesoria dachowe, takie jak \u0142awy kominiarskie i p\u0142otki \u015bniegowe.<\/li>\n<\/ul>\n<ol start=\"2\">\n<li>Remont wi\u0119\u017aby dachowej<\/li>\n<\/ol>\n<ul>\n<li>Przeprowadzono wymian\u0119 skorodowanych element\u00f3w drewnianej konstrukcji dachowej na nowe.<\/li>\n<\/ul>\n<ol start=\"3\">\n<li>Nowa instalacja odgromowa<\/li>\n<li>Wymiana stolarki okiennej i drzwiowej<\/li>\n<li>Renowacja elewacji zewn\u0119trznej<\/li>\n<li>Izolacja cieplna stropu<\/li>\n<\/ol>\n<ul>\n<li>Wykonano izolacj\u0119 termiczn\u0105 stropu nad pomieszczeniami przyziemia (w obr\u0119bie strychu), co zwi\u0119kszy\u0142o efektywno\u015b\u0107 energetyczn\u0105 budynku.<\/li>\n<\/ul>\n<ol start=\"7\">\n<li>Malowanie wn\u0119trz<\/li>\n<\/ol>\n<ul>\n<li>Wszystkie \u015bciany i sufity wewn\u0105trz budynku zosta\u0142y odmalowane, co znacz\u0105co poprawi\u0142o estetyk\u0119 wn\u0119trz.<\/li>\n<\/ul>\n<p>Modernizacja budynku pomocniczego DPS w Mirsku to przyk\u0142ad efektywnego wykorzystania \u015brodk\u00f3w publicznych i wsp\u00f3\u0142pracy mi\u0119dzy r\u00f3\u017cnymi szczeblami administracji.<\/p>\n<p>Prace modernizacyjne znacz\u0105co wp\u0142yn\u0119\u0142y na popraw\u0119 warunk\u00f3w \u017cycia mieszka\u0144c\u00f3w i pracy personelu Domu Pomocy Spo\u0142ecznej, plac\u00f3wki \u015bwiadcz\u0105cej tak istotne us\u0142ugi spo\u0142eczne. Ponadto zastosowanie nowoczesnych materia\u0142\u00f3w oraz technologii pozwoli\u0142o zwi\u0119kszy\u0107 efektywno\u015b\u0107 energetyczn\u0105 budynku, co przyczyni si\u0119 do obni\u017cenia koszt\u00f3w eksploatacyjnych w przysz\u0142o\u015bci.<\/p>\n<\/div><div class=\"awb-gallery-wrapper awb-gallery-wrapper-1 button-span-no\" style=\"--more-btn-alignment:center;\"><div style=\"margin:-5px;--awb-bordersize:0px;\" class=\"fusion-gallery fusion-gallery-container fusion-grid-3 fusion-columns-total-13 fusion-gallery-layout-grid fusion-gallery-1\"><div style=\"padding:5px;\" class=\"fusion-grid-column fusion-gallery-column fusion-gallery-column-3 hover-type-none\"><div class=\"fusion-gallery-image\"><a href=\"https:\/\/powiatlwowecki.pl\/wp-content\/uploads\/2024\/11\/DSC6543-scaled.jpg\" rel=\"noreferrer\" data-rel=\"iLightbox[gallery_image_1]\" class=\"fusion-lightbox\" target=\"_self\"><img decoding=\"async\" src=\"https:\/\/powiatlwowecki.pl\/wp-content\/uploads\/2024\/11\/DSC6543-scaled.jpg\" width=\"2560\" height=\"1438\" alt=\"\" title=\"_DSC6543\" aria-label=\"_DSC6543\" class=\"img-responsive wp-image-8526\" srcset=\"https:\/\/powiatlwowecki.pl\/wp-content\/uploads\/2024\/11\/DSC6543-200x112.jpg 200w, https:\/\/powiatlwowecki.pl\/wp-content\/uploads\/2024\/11\/DSC6543-400x225.jpg 400w, https:\/\/powiatlwowecki.pl\/wp-content\/uploads\/2024\/11\/DSC6543-600x337.jpg 600w, https:\/\/powiatlwowecki.pl\/wp-content\/uploads\/2024\/11\/DSC6543-800x450.jpg 800w, https:\/\/powiatlwowecki.pl\/wp-content\/uploads\/2024\/11\/DSC6543-1200x674.jpg 1200w, https:\/\/powiatlwowecki.pl\/wp-content\/uploads\/2024\/11\/DSC6543-scaled.jpg 2560w\" sizes=\"(min-width: 2200px) 100vw, (min-width: 784px) 397px, (min-width: 712px) 595px, (min-width: 640px) 712px, \" \/><\/a><\/div><\/div><div style=\"padding:5px;\" class=\"fusion-grid-column fusion-gallery-column fusion-gallery-column-3 hover-type-none\"><div class=\"fusion-gallery-image\"><a href=\"https:\/\/powiatlwowecki.pl\/wp-content\/uploads\/2024\/11\/DSC6544-scaled.jpg\" rel=\"noreferrer\" data-rel=\"iLightbox[gallery_image_1]\" class=\"fusion-lightbox\" target=\"_self\"><img decoding=\"async\" src=\"https:\/\/powiatlwowecki.pl\/wp-content\/uploads\/2024\/11\/DSC6544-scaled.jpg\" width=\"2560\" height=\"1438\" alt=\"\" title=\"_DSC6544\" aria-label=\"_DSC6544\" class=\"img-responsive wp-image-8527\" srcset=\"https:\/\/powiatlwowecki.pl\/wp-content\/uploads\/2024\/11\/DSC6544-200x112.jpg 200w, https:\/\/powiatlwowecki.pl\/wp-content\/uploads\/2024\/11\/DSC6544-400x225.jpg 400w, https:\/\/powiatlwowecki.pl\/wp-content\/uploads\/2024\/11\/DSC6544-600x337.jpg 600w, https:\/\/powiatlwowecki.pl\/wp-content\/uploads\/2024\/11\/DSC6544-800x450.jpg 800w, https:\/\/powiatlwowecki.pl\/wp-content\/uploads\/2024\/11\/DSC6544-1200x674.jpg 1200w, https:\/\/powiatlwowecki.pl\/wp-content\/uploads\/2024\/11\/DSC6544-scaled.jpg 2560w\" sizes=\"(min-width: 2200px) 100vw, (min-width: 784px) 397px, (min-width: 712px) 595px, (min-width: 640px) 712px, \" \/><\/a><\/div><\/div><div style=\"padding:5px;\" class=\"fusion-grid-column fusion-gallery-column fusion-gallery-column-3 hover-type-none\"><div class=\"fusion-gallery-image\"><a href=\"https:\/\/powiatlwowecki.pl\/wp-content\/uploads\/2024\/11\/DSC6548-scaled.jpg\" rel=\"noreferrer\" data-rel=\"iLightbox[gallery_image_1]\" class=\"fusion-lightbox\" target=\"_self\"><img decoding=\"async\" src=\"https:\/\/powiatlwowecki.pl\/wp-content\/uploads\/2024\/11\/DSC6548-scaled.jpg\" width=\"2560\" height=\"1438\" alt=\"\" title=\"_DSC6548\" aria-label=\"_DSC6548\" class=\"img-responsive wp-image-8528\" srcset=\"https:\/\/powiatlwowecki.pl\/wp-content\/uploads\/2024\/11\/DSC6548-200x112.jpg 200w, https:\/\/powiatlwowecki.pl\/wp-content\/uploads\/2024\/11\/DSC6548-400x225.jpg 400w, https:\/\/powiatlwowecki.pl\/wp-content\/uploads\/2024\/11\/DSC6548-600x337.jpg 600w, https:\/\/powiatlwowecki.pl\/wp-content\/uploads\/2024\/11\/DSC6548-800x450.jpg 800w, https:\/\/powiatlwowecki.pl\/wp-content\/uploads\/2024\/11\/DSC6548-1200x674.jpg 1200w, https:\/\/powiatlwowecki.pl\/wp-content\/uploads\/2024\/11\/DSC6548-scaled.jpg 2560w\" sizes=\"(min-width: 2200px) 100vw, (min-width: 784px) 397px, (min-width: 712px) 595px, (min-width: 640px) 712px, \" \/><\/a><\/div><\/div><div class=\"clearfix\"><\/div><div style=\"padding:5px;\" class=\"fusion-grid-column fusion-gallery-column fusion-gallery-column-3 hover-type-none\"><div class=\"fusion-gallery-image\"><a href=\"https:\/\/powiatlwowecki.pl\/wp-content\/uploads\/2024\/11\/DSC6549-scaled.jpg\" rel=\"noreferrer\" data-rel=\"iLightbox[gallery_image_1]\" class=\"fusion-lightbox\" target=\"_self\"><img decoding=\"async\" src=\"https:\/\/powiatlwowecki.pl\/wp-content\/uploads\/2024\/11\/DSC6549-scaled.jpg\" width=\"2560\" height=\"1438\" alt=\"\" title=\"_DSC6549\" aria-label=\"_DSC6549\" class=\"img-responsive wp-image-8529\" srcset=\"https:\/\/powiatlwowecki.pl\/wp-content\/uploads\/2024\/11\/DSC6549-200x112.jpg 200w, https:\/\/powiatlwowecki.pl\/wp-content\/uploads\/2024\/11\/DSC6549-400x225.jpg 400w, https:\/\/powiatlwowecki.pl\/wp-content\/uploads\/2024\/11\/DSC6549-600x337.jpg 600w, https:\/\/powiatlwowecki.pl\/wp-content\/uploads\/2024\/11\/DSC6549-800x450.jpg 800w, https:\/\/powiatlwowecki.pl\/wp-content\/uploads\/2024\/11\/DSC6549-1200x674.jpg 1200w, https:\/\/powiatlwowecki.pl\/wp-content\/uploads\/2024\/11\/DSC6549-scaled.jpg 2560w\" sizes=\"(min-width: 2200px) 100vw, (min-width: 784px) 397px, (min-width: 712px) 595px, (min-width: 640px) 712px, \" \/><\/a><\/div><\/div><div style=\"padding:5px;\" class=\"fusion-grid-column fusion-gallery-column fusion-gallery-column-3 hover-type-none\"><div class=\"fusion-gallery-image\"><a href=\"https:\/\/powiatlwowecki.pl\/wp-content\/uploads\/2024\/11\/DSC6550-scaled.jpg\" rel=\"noreferrer\" data-rel=\"iLightbox[gallery_image_1]\" class=\"fusion-lightbox\" target=\"_self\"><img decoding=\"async\" src=\"https:\/\/powiatlwowecki.pl\/wp-content\/uploads\/2024\/11\/DSC6550-scaled.jpg\" width=\"2560\" height=\"1438\" alt=\"\" title=\"_DSC6550\" aria-label=\"_DSC6550\" class=\"img-responsive wp-image-8530\" srcset=\"https:\/\/powiatlwowecki.pl\/wp-content\/uploads\/2024\/11\/DSC6550-200x112.jpg 200w, https:\/\/powiatlwowecki.pl\/wp-content\/uploads\/2024\/11\/DSC6550-400x225.jpg 400w, https:\/\/powiatlwowecki.pl\/wp-content\/uploads\/2024\/11\/DSC6550-600x337.jpg 600w, https:\/\/powiatlwowecki.pl\/wp-content\/uploads\/2024\/11\/DSC6550-800x450.jpg 800w, https:\/\/powiatlwowecki.pl\/wp-content\/uploads\/2024\/11\/DSC6550-1200x674.jpg 1200w, https:\/\/powiatlwowecki.pl\/wp-content\/uploads\/2024\/11\/DSC6550-scaled.jpg 2560w\" sizes=\"(min-width: 2200px) 100vw, (min-width: 784px) 397px, (min-width: 712px) 595px, (min-width: 640px) 712px, \" \/><\/a><\/div><\/div><div style=\"padding:5px;\" class=\"fusion-grid-column fusion-gallery-column fusion-gallery-column-3 hover-type-none\"><div class=\"fusion-gallery-image\"><a href=\"https:\/\/powiatlwowecki.pl\/wp-content\/uploads\/2024\/11\/DSC6553-scaled.jpg\" rel=\"noreferrer\" data-rel=\"iLightbox[gallery_image_1]\" class=\"fusion-lightbox\" target=\"_self\"><img decoding=\"async\" src=\"https:\/\/powiatlwowecki.pl\/wp-content\/uploads\/2024\/11\/DSC6553-scaled.jpg\" width=\"2560\" height=\"1438\" alt=\"\" title=\"_DSC6553\" aria-label=\"_DSC6553\" class=\"img-responsive wp-image-8531\" srcset=\"https:\/\/powiatlwowecki.pl\/wp-content\/uploads\/2024\/11\/DSC6553-200x112.jpg 200w, https:\/\/powiatlwowecki.pl\/wp-content\/uploads\/2024\/11\/DSC6553-400x225.jpg 400w, https:\/\/powiatlwowecki.pl\/wp-content\/uploads\/2024\/11\/DSC6553-600x337.jpg 600w, https:\/\/powiatlwowecki.pl\/wp-content\/uploads\/2024\/11\/DSC6553-800x450.jpg 800w, https:\/\/powiatlwowecki.pl\/wp-content\/uploads\/2024\/11\/DSC6553-1200x674.jpg 1200w, https:\/\/powiatlwowecki.pl\/wp-content\/uploads\/2024\/11\/DSC6553-scaled.jpg 2560w\" sizes=\"(min-width: 2200px) 100vw, (min-width: 784px) 397px, (min-width: 712px) 595px, (min-width: 640px) 712px, \" \/><\/a><\/div><\/div><div class=\"clearfix\"><\/div><div style=\"padding:5px;\" class=\"fusion-grid-column fusion-gallery-column fusion-gallery-column-3 hover-type-none\"><div class=\"fusion-gallery-image\"><a href=\"https:\/\/powiatlwowecki.pl\/wp-content\/uploads\/2024\/11\/DSC6560-scaled.jpg\" rel=\"noreferrer\" data-rel=\"iLightbox[gallery_image_1]\" class=\"fusion-lightbox\" target=\"_self\"><img decoding=\"async\" src=\"https:\/\/powiatlwowecki.pl\/wp-content\/uploads\/2024\/11\/DSC6560-scaled.jpg\" width=\"2560\" height=\"1438\" alt=\"\" title=\"_DSC6560\" aria-label=\"_DSC6560\" class=\"img-responsive wp-image-8532\" srcset=\"https:\/\/powiatlwowecki.pl\/wp-content\/uploads\/2024\/11\/DSC6560-200x112.jpg 200w, https:\/\/powiatlwowecki.pl\/wp-content\/uploads\/2024\/11\/DSC6560-400x225.jpg 400w, https:\/\/powiatlwowecki.pl\/wp-content\/uploads\/2024\/11\/DSC6560-600x337.jpg 600w, https:\/\/powiatlwowecki.pl\/wp-content\/uploads\/2024\/11\/DSC6560-800x450.jpg 800w, https:\/\/powiatlwowecki.pl\/wp-content\/uploads\/2024\/11\/DSC6560-1200x674.jpg 1200w, https:\/\/powiatlwowecki.pl\/wp-content\/uploads\/2024\/11\/DSC6560-scaled.jpg 2560w\" sizes=\"(min-width: 2200px) 100vw, (min-width: 784px) 397px, (min-width: 712px) 595px, (min-width: 640px) 712px, \" \/><\/a><\/div><\/div><div style=\"padding:5px;\" class=\"fusion-grid-column fusion-gallery-column fusion-gallery-column-3 hover-type-none\"><div class=\"fusion-gallery-image\"><a href=\"https:\/\/powiatlwowecki.pl\/wp-content\/uploads\/2024\/11\/DSC6561-scaled.jpg\" rel=\"noreferrer\" data-rel=\"iLightbox[gallery_image_1]\" class=\"fusion-lightbox\" target=\"_self\"><img decoding=\"async\" src=\"https:\/\/powiatlwowecki.pl\/wp-content\/uploads\/2024\/11\/DSC6561-scaled.jpg\" width=\"2560\" height=\"1438\" alt=\"\" title=\"_DSC6561\" aria-label=\"_DSC6561\" class=\"img-responsive wp-image-8533\" srcset=\"https:\/\/powiatlwowecki.pl\/wp-content\/uploads\/2024\/11\/DSC6561-200x112.jpg 200w, https:\/\/powiatlwowecki.pl\/wp-content\/uploads\/2024\/11\/DSC6561-400x225.jpg 400w, https:\/\/powiatlwowecki.pl\/wp-content\/uploads\/2024\/11\/DSC6561-600x337.jpg 600w, https:\/\/powiatlwowecki.pl\/wp-content\/uploads\/2024\/11\/DSC6561-800x450.jpg 800w, https:\/\/powiatlwowecki.pl\/wp-content\/uploads\/2024\/11\/DSC6561-1200x674.jpg 1200w, https:\/\/powiatlwowecki.pl\/wp-content\/uploads\/2024\/11\/DSC6561-scaled.jpg 2560w\" sizes=\"(min-width: 2200px) 100vw, (min-width: 784px) 397px, (min-width: 712px) 595px, (min-width: 640px) 712px, \" \/><\/a><\/div><\/div><div style=\"padding:5px;\" class=\"fusion-grid-column fusion-gallery-column fusion-gallery-column-3 hover-type-none\"><div class=\"fusion-gallery-image\"><a href=\"https:\/\/powiatlwowecki.pl\/wp-content\/uploads\/2024\/11\/DSC6563-scaled.jpg\" rel=\"noreferrer\" data-rel=\"iLightbox[gallery_image_1]\" class=\"fusion-lightbox\" target=\"_self\"><img decoding=\"async\" src=\"https:\/\/powiatlwowecki.pl\/wp-content\/uploads\/2024\/11\/DSC6563-scaled.jpg\" width=\"2560\" height=\"1438\" alt=\"\" title=\"_DSC6563\" aria-label=\"_DSC6563\" class=\"img-responsive wp-image-8534\" srcset=\"https:\/\/powiatlwowecki.pl\/wp-content\/uploads\/2024\/11\/DSC6563-200x112.jpg 200w, https:\/\/powiatlwowecki.pl\/wp-content\/uploads\/2024\/11\/DSC6563-400x225.jpg 400w, https:\/\/powiatlwowecki.pl\/wp-content\/uploads\/2024\/11\/DSC6563-600x337.jpg 600w, https:\/\/powiatlwowecki.pl\/wp-content\/uploads\/2024\/11\/DSC6563-800x450.jpg 800w, https:\/\/powiatlwowecki.pl\/wp-content\/uploads\/2024\/11\/DSC6563-1200x674.jpg 1200w, https:\/\/powiatlwowecki.pl\/wp-content\/uploads\/2024\/11\/DSC6563-scaled.jpg 2560w\" sizes=\"(min-width: 2200px) 100vw, (min-width: 784px) 397px, (min-width: 712px) 595px, (min-width: 640px) 712px, \" \/><\/a><\/div><\/div><div class=\"clearfix\"><\/div><div style=\"padding:5px;\" class=\"fusion-grid-column fusion-gallery-column fusion-gallery-column-3 hover-type-none\"><div class=\"fusion-gallery-image\"><a href=\"https:\/\/powiatlwowecki.pl\/wp-content\/uploads\/2024\/11\/DSC6564-scaled.jpg\" rel=\"noreferrer\" data-rel=\"iLightbox[gallery_image_1]\" class=\"fusion-lightbox\" target=\"_self\"><img decoding=\"async\" src=\"https:\/\/powiatlwowecki.pl\/wp-content\/uploads\/2024\/11\/DSC6564-scaled.jpg\" width=\"2560\" height=\"1438\" alt=\"\" title=\"_DSC6564\" aria-label=\"_DSC6564\" class=\"img-responsive wp-image-8535\" srcset=\"https:\/\/powiatlwowecki.pl\/wp-content\/uploads\/2024\/11\/DSC6564-200x112.jpg 200w, https:\/\/powiatlwowecki.pl\/wp-content\/uploads\/2024\/11\/DSC6564-400x225.jpg 400w, https:\/\/powiatlwowecki.pl\/wp-content\/uploads\/2024\/11\/DSC6564-600x337.jpg 600w, https:\/\/powiatlwowecki.pl\/wp-content\/uploads\/2024\/11\/DSC6564-800x450.jpg 800w, https:\/\/powiatlwowecki.pl\/wp-content\/uploads\/2024\/11\/DSC6564-1200x674.jpg 1200w, https:\/\/powiatlwowecki.pl\/wp-content\/uploads\/2024\/11\/DSC6564-scaled.jpg 2560w\" sizes=\"(min-width: 2200px) 100vw, (min-width: 784px) 397px, (min-width: 712px) 595px, (min-width: 640px) 712px, \" \/><\/a><\/div><\/div><div style=\"padding:5px;\" class=\"fusion-grid-column fusion-gallery-column fusion-gallery-column-3 hover-type-none\"><div class=\"fusion-gallery-image\"><a href=\"https:\/\/powiatlwowecki.pl\/wp-content\/uploads\/2024\/11\/DSC6566-scaled.jpg\" rel=\"noreferrer\" data-rel=\"iLightbox[gallery_image_1]\" class=\"fusion-lightbox\" target=\"_self\"><img decoding=\"async\" src=\"https:\/\/powiatlwowecki.pl\/wp-content\/uploads\/2024\/11\/DSC6566-scaled.jpg\" width=\"2560\" height=\"1438\" alt=\"\" title=\"_DSC6566\" aria-label=\"_DSC6566\" class=\"img-responsive wp-image-8536\" srcset=\"https:\/\/powiatlwowecki.pl\/wp-content\/uploads\/2024\/11\/DSC6566-200x112.jpg 200w, https:\/\/powiatlwowecki.pl\/wp-content\/uploads\/2024\/11\/DSC6566-400x225.jpg 400w, https:\/\/powiatlwowecki.pl\/wp-content\/uploads\/2024\/11\/DSC6566-600x337.jpg 600w, https:\/\/powiatlwowecki.pl\/wp-content\/uploads\/2024\/11\/DSC6566-800x450.jpg 800w, https:\/\/powiatlwowecki.pl\/wp-content\/uploads\/2024\/11\/DSC6566-1200x674.jpg 1200w, https:\/\/powiatlwowecki.pl\/wp-content\/uploads\/2024\/11\/DSC6566-scaled.jpg 2560w\" sizes=\"(min-width: 2200px) 100vw, (min-width: 784px) 397px, (min-width: 712px) 595px, (min-width: 640px) 712px, \" \/><\/a><\/div><\/div><div style=\"padding:5px;\" class=\"fusion-grid-column fusion-gallery-column fusion-gallery-column-3 hover-type-none\"><div class=\"fusion-gallery-image\"><a href=\"https:\/\/powiatlwowecki.pl\/wp-content\/uploads\/2024\/11\/DSC6567-scaled.jpg\" rel=\"noreferrer\" data-rel=\"iLightbox[gallery_image_1]\" class=\"fusion-lightbox\" target=\"_self\"><img decoding=\"async\" src=\"https:\/\/powiatlwowecki.pl\/wp-content\/uploads\/2024\/11\/DSC6567-scaled.jpg\" width=\"2560\" height=\"1438\" alt=\"\" title=\"_DSC6567\" aria-label=\"_DSC6567\" class=\"img-responsive wp-image-8537\" srcset=\"https:\/\/powiatlwowecki.pl\/wp-content\/uploads\/2024\/11\/DSC6567-200x112.jpg 200w, https:\/\/powiatlwowecki.pl\/wp-content\/uploads\/2024\/11\/DSC6567-400x225.jpg 400w, https:\/\/powiatlwowecki.pl\/wp-content\/uploads\/2024\/11\/DSC6567-600x337.jpg 600w, https:\/\/powiatlwowecki.pl\/wp-content\/uploads\/2024\/11\/DSC6567-800x450.jpg 800w, https:\/\/powiatlwowecki.pl\/wp-content\/uploads\/2024\/11\/DSC6567-1200x674.jpg 1200w, https:\/\/powiatlwowecki.pl\/wp-content\/uploads\/2024\/11\/DSC6567-scaled.jpg 2560w\" sizes=\"(min-width: 2200px) 100vw, (min-width: 784px) 397px, (min-width: 712px) 595px, (min-width: 640px) 712px, \" \/><\/a><\/div><\/div><div class=\"clearfix\"><\/div><div style=\"padding:5px;\" class=\"fusion-grid-column fusion-gallery-column fusion-gallery-column-3 hover-type-none\"><div class=\"fusion-gallery-image\"><a href=\"https:\/\/powiatlwowecki.pl\/wp-content\/uploads\/2024\/11\/DSC6569-scaled.jpg\" rel=\"noreferrer\" data-rel=\"iLightbox[gallery_image_1]\" class=\"fusion-lightbox\" target=\"_self\"><img decoding=\"async\" src=\"https:\/\/powiatlwowecki.pl\/wp-content\/uploads\/2024\/11\/DSC6569-scaled.jpg\" width=\"2560\" height=\"1438\" alt=\"\" title=\"_DSC6569\" aria-label=\"_DSC6569\" class=\"img-responsive wp-image-8538\" srcset=\"https:\/\/powiatlwowecki.pl\/wp-content\/uploads\/2024\/11\/DSC6569-200x112.jpg 200w, https:\/\/powiatlwowecki.pl\/wp-content\/uploads\/2024\/11\/DSC6569-400x225.jpg 400w, https:\/\/powiatlwowecki.pl\/wp-content\/uploads\/2024\/11\/DSC6569-600x337.jpg 600w, https:\/\/powiatlwowecki.pl\/wp-content\/uploads\/2024\/11\/DSC6569-800x450.jpg 800w, https:\/\/powiatlwowecki.pl\/wp-content\/uploads\/2024\/11\/DSC6569-1200x674.jpg 1200w, https:\/\/powiatlwowecki.pl\/wp-content\/uploads\/2024\/11\/DSC6569-scaled.jpg 2560w\" sizes=\"(min-width: 2200px) 100vw, (min-width: 784px) 397px, (min-width: 712px) 595px, (min-width: 640px) 712px, \" \/><\/a><\/div><\/div><\/div><\/div><\/div><\/div><\/div><\/div>\n","protected":false},"excerpt":{"rendered":"","protected":false},"author":8,"featured_media":8535,"comment_status":"closed","ping_status":"closed","sticky":false,"template":"","format":"standard","meta":{"_acf_changed":false,"footnotes":""},"categories":[5],"tags":[],"class_list":["post-8539","post","type-post","status-publish","format-standard","has-post-thumbnail","hentry","category-aktualnosci"],"acf":{"kal_data_wydarzenia":""},"_links":{"self":[{"href":"https:\/\/powiatlwowecki.pl\/plci_json_endpoint\/wp\/v2\/posts\/8539","targetHints":{"allow":["GET"]}}],"collection":[{"href":"https:\/\/powiatlwowecki.pl\/plci_json_endpoint\/wp\/v2\/posts"}],"about":[{"href":"https:\/\/powiatlwowecki.pl\/plci_json_endpoint\/wp\/v2\/types\/post"}],"author":[{"embeddable":true,"href":"https:\/\/powiatlwowecki.pl\/plci_json_endpoint\/wp\/v2\/users\/8"}],"replies":[{"embeddable":true,"href":"https:\/\/powiatlwowecki.pl\/plci_json_endpoint\/wp\/v2\/comments?post=8539"}],"version-history":[{"count":1,"href":"https:\/\/powiatlwowecki.pl\/plci_json_endpoint\/wp\/v2\/posts\/8539\/revisions"}],"predecessor-version":[{"id":8540,"href":"https:\/\/powiatlwowecki.pl\/plci_json_endpoint\/wp\/v2\/posts\/8539\/revisions\/8540"}],"wp:featuredmedia":[{"embeddable":true,"href":"https:\/\/powiatlwowecki.pl\/plci_json_endpoint\/wp\/v2\/media\/8535"}],"wp:attachment":[{"href":"https:\/\/powiatlwowecki.pl\/plci_json_endpoint\/wp\/v2\/media?parent=8539"}],"wp:term":[{"taxonomy":"category","embeddable":true,"href":"https:\/\/powiatlwowecki.pl\/plci_json_endpoint\/wp\/v2\/categories?post=8539"},{"taxonomy":"post_tag","embeddable":true,"href":"https:\/\/powiatlwowecki.pl\/plci_json_endpoint\/wp\/v2\/tags?post=8539"}],"curies":[{"name":"wp","href":"https:\/\/api.w.org\/{rel}","templated":true}]}}