{"id":8466,"date":"2024-11-05T14:31:45","date_gmt":"2024-11-05T13:31:45","guid":{"rendered":"https:\/\/powiatlwowecki.pl\/?p=8466"},"modified":"2024-11-05T14:31:59","modified_gmt":"2024-11-05T13:31:59","slug":"dofinansowanie-wynagrodzen-pracownikow-jednostek-wspierania-rodziny-i-sytemu-pieczy-zastepczej-na-lata-2024-2027","status":"publish","type":"post","link":"https:\/\/powiatlwowecki.pl\/dofinansowanie-wynagrodzen-pracownikow-jednostek-wspierania-rodziny-i-sytemu-pieczy-zastepczej-na-lata-2024-2027\/","title":{"rendered":"\u201eDofinansowanie wynagrodze\u0144 pracownik\u00f3w jednostek wspierania rodziny i sytemu pieczy zast\u0119pczej na lata 2024-2027\u201d"},"content":{"rendered":"<p><img decoding=\"async\" class=\" wp-image-2574 aligncenter\" src=\"https:\/\/powiatlwowecki.pl\/wp-content\/uploads\/2021\/06\/FLAGI-300x100.jpg\" alt=\"God\u0142o i flaga Polski\" width=\"747\" height=\"249\" srcset=\"https:\/\/powiatlwowecki.pl\/wp-content\/uploads\/2021\/06\/FLAGI-24x8.jpg 24w, https:\/\/powiatlwowecki.pl\/wp-content\/uploads\/2021\/06\/FLAGI-36x12.jpg 36w, https:\/\/powiatlwowecki.pl\/wp-content\/uploads\/2021\/06\/FLAGI-48x16.jpg 48w, https:\/\/powiatlwowecki.pl\/wp-content\/uploads\/2021\/06\/FLAGI-200x66.jpg 200w, https:\/\/powiatlwowecki.pl\/wp-content\/uploads\/2021\/06\/FLAGI-300x100.jpg 300w, https:\/\/powiatlwowecki.pl\/wp-content\/uploads\/2021\/06\/FLAGI-400x133.jpg 400w, https:\/\/powiatlwowecki.pl\/wp-content\/uploads\/2021\/06\/FLAGI.jpg 512w\" sizes=\"(max-width: 747px) 100vw, 747px\" \/><\/p>\n<p>Uchwa\u0142\u0105 nr 63 Rady Ministr\u00f3w z dnia 19 czerwca 2024 r. przyj\u0119to rz\u0105dowy program \u201eDofinansowanie wynagrodze\u0144 pracownik\u00f3w jednostek wspierania rodziny i sytemu pieczy zast\u0119pczej na lata 2024-2027\u201d<\/p>\n<p>Powiat Lw\u00f3wecki pozyska\u0142 \u015brodki finansowe w ramach ww. programu w\u00a02024\u00a0r.\u00a0 w\u00a0kwocie <em>\u00a036\u00a0351 z\u0142.\u00a0<\/em><\/p>\n<p><em>Umow\u0119 zawarto 4 listopada 2024 r.<\/em><\/p>\n<p>Celem Programu jest dofinansowanie wynagrodze\u0144 pracownik\u00f3w wspierania rodziny i systemu pieczy zast\u0119pczej, zatrudnionych na podstawie stosunku pracy przez jednostki organizacyjne wspierania rodziny i systemu pieczy zast\u0119pczej prowadzone przez jednostki samorz\u0105du terytorialnego (gminy, powiatu lub wojew\u00f3dztwa) lub przez podmioty wykonuj\u0105ce zadania publiczne na ich zlecenie.<\/p>\n<p>Dofinansowanie jest realizowane w formie dodatku do wynagrodzenia w wysoko\u015bci 1000 z\u0142 brutto miesi\u0119cznie w okresie od 1 lipca 2024 r. do 31 grudnia 2024 r.<\/p>\n<p>\u0179r\u00f3d\u0142em finansowania programu s\u0105 \u015brodki bud\u017cetu pa\u0144stwa.<\/p>\n<p><img decoding=\"async\" class=\" wp-image-8465 aligncenter\" src=\"https:\/\/powiatlwowecki.pl\/wp-content\/uploads\/2024\/11\/Kopia-\u2013-Kopia-\u2013-Rzadowy-program-Dofinansowanie-wynagrodzen-rodzin-zastepczych-zawodowych-i-prowadzacych-rodzinne-domy-dziecka-na-lata-2024-2027-214x300.jpg\" alt=\"\" width=\"570\" height=\"799\" srcset=\"https:\/\/powiatlwowecki.pl\/wp-content\/uploads\/2024\/11\/Kopia-\u2013-Kopia-\u2013-Rzadowy-program-Dofinansowanie-wynagrodzen-rodzin-zastepczych-zawodowych-i-prowadzacych-rodzinne-domy-dziecka-na-lata-2024-2027-17x24.jpg 17w, https:\/\/powiatlwowecki.pl\/wp-content\/uploads\/2024\/11\/Kopia-\u2013-Kopia-\u2013-Rzadowy-program-Dofinansowanie-wynagrodzen-rodzin-zastepczych-zawodowych-i-prowadzacych-rodzinne-domy-dziecka-na-lata-2024-2027-26x36.jpg 26w, https:\/\/powiatlwowecki.pl\/wp-content\/uploads\/2024\/11\/Kopia-\u2013-Kopia-\u2013-Rzadowy-program-Dofinansowanie-wynagrodzen-rodzin-zastepczych-zawodowych-i-prowadzacych-rodzinne-domy-dziecka-na-lata-2024-2027-34x48.jpg 34w, https:\/\/powiatlwowecki.pl\/wp-content\/uploads\/2024\/11\/Kopia-\u2013-Kopia-\u2013-Rzadowy-program-Dofinansowanie-wynagrodzen-rodzin-zastepczych-zawodowych-i-prowadzacych-rodzinne-domy-dziecka-na-lata-2024-2027-200x280.jpg 200w, https:\/\/powiatlwowecki.pl\/wp-content\/uploads\/2024\/11\/Kopia-\u2013-Kopia-\u2013-Rzadowy-program-Dofinansowanie-wynagrodzen-rodzin-zastepczych-zawodowych-i-prowadzacych-rodzinne-domy-dziecka-na-lata-2024-2027-214x300.jpg 214w, https:\/\/powiatlwowecki.pl\/wp-content\/uploads\/2024\/11\/Kopia-\u2013-Kopia-\u2013-Rzadowy-program-Dofinansowanie-wynagrodzen-rodzin-zastepczych-zawodowych-i-prowadzacych-rodzinne-domy-dziecka-na-lata-2024-2027-400x560.jpg 400w, https:\/\/powiatlwowecki.pl\/wp-content\/uploads\/2024\/11\/Kopia-\u2013-Kopia-\u2013-Rzadowy-program-Dofinansowanie-wynagrodzen-rodzin-zastepczych-zawodowych-i-prowadzacych-rodzinne-domy-dziecka-na-lata-2024-2027-600x840.jpg 600w, https:\/\/powiatlwowecki.pl\/wp-content\/uploads\/2024\/11\/Kopia-\u2013-Kopia-\u2013-Rzadowy-program-Dofinansowanie-wynagrodzen-rodzin-zastepczych-zawodowych-i-prowadzacych-rodzinne-domy-dziecka-na-lata-2024-2027-731x1024.jpg 731w, https:\/\/powiatlwowecki.pl\/wp-content\/uploads\/2024\/11\/Kopia-\u2013-Kopia-\u2013-Rzadowy-program-Dofinansowanie-wynagrodzen-rodzin-zastepczych-zawodowych-i-prowadzacych-rodzinne-domy-dziecka-na-lata-2024-2027-768x1075.jpg 768w, https:\/\/powiatlwowecki.pl\/wp-content\/uploads\/2024\/11\/Kopia-\u2013-Kopia-\u2013-Rzadowy-program-Dofinansowanie-wynagrodzen-rodzin-zastepczych-zawodowych-i-prowadzacych-rodzinne-domy-dziecka-na-lata-2024-2027-800x1120.jpg 800w, https:\/\/powiatlwowecki.pl\/wp-content\/uploads\/2024\/11\/Kopia-\u2013-Kopia-\u2013-Rzadowy-program-Dofinansowanie-wynagrodzen-rodzin-zastepczych-zawodowych-i-prowadzacych-rodzinne-domy-dziecka-na-lata-2024-2027-1097x1536.jpg 1097w, https:\/\/powiatlwowecki.pl\/wp-content\/uploads\/2024\/11\/Kopia-\u2013-Kopia-\u2013-Rzadowy-program-Dofinansowanie-wynagrodzen-rodzin-zastepczych-zawodowych-i-prowadzacych-rodzinne-domy-dziecka-na-lata-2024-2027-1200x1680.jpg 1200w, https:\/\/powiatlwowecki.pl\/wp-content\/uploads\/2024\/11\/Kopia-\u2013-Kopia-\u2013-Rzadowy-program-Dofinansowanie-wynagrodzen-rodzin-zastepczych-zawodowych-i-prowadzacych-rodzinne-domy-dziecka-na-lata-2024-2027-1463x2048.jpg 1463w, https:\/\/powiatlwowecki.pl\/wp-content\/uploads\/2024\/11\/Kopia-\u2013-Kopia-\u2013-Rzadowy-program-Dofinansowanie-wynagrodzen-rodzin-zastepczych-zawodowych-i-prowadzacych-rodzinne-domy-dziecka-na-lata-2024-2027-scaled.jpg 1829w\" sizes=\"(max-width: 570px) 100vw, 570px\" \/><\/p>\n<p>&nbsp;<\/p>\n<p>&nbsp;<\/p>\n<p>&nbsp;<\/p>\n","protected":false},"excerpt":{"rendered":"<p>Uchwa\u0142\u0105 nr 63 Rady Ministr\u00f3w z dnia 19 czerwca 2024 r. przyj\u0119to rz\u0105dowy program \u201eDofinansowanie wynagrodze\u0144 pracownik\u00f3w jednostek wspierania rodziny i sytemu pieczy zast\u0119pczej na lata 2024-2027\u201d Powiat Lw\u00f3wecki pozyska\u0142 \u015brodki finansowe w ramach ww.  [&#8230;]<\/p>\n","protected":false},"author":8,"featured_media":8465,"comment_status":"closed","ping_status":"closed","sticky":false,"template":"","format":"standard","meta":{"_acf_changed":false,"footnotes":""},"categories":[5,88],"tags":[],"class_list":["post-8466","post","type-post","status-publish","format-standard","has-post-thumbnail","hentry","category-aktualnosci","category-fundusze-zewnetrzne"],"acf":{"kal_data_wydarzenia":""},"_links":{"self":[{"href":"https:\/\/powiatlwowecki.pl\/plci_json_endpoint\/wp\/v2\/posts\/8466","targetHints":{"allow":["GET"]}}],"collection":[{"href":"https:\/\/powiatlwowecki.pl\/plci_json_endpoint\/wp\/v2\/posts"}],"about":[{"href":"https:\/\/powiatlwowecki.pl\/plci_json_endpoint\/wp\/v2\/types\/post"}],"author":[{"embeddable":true,"href":"https:\/\/powiatlwowecki.pl\/plci_json_endpoint\/wp\/v2\/users\/8"}],"replies":[{"embeddable":true,"href":"https:\/\/powiatlwowecki.pl\/plci_json_endpoint\/wp\/v2\/comments?post=8466"}],"version-history":[{"count":1,"href":"https:\/\/powiatlwowecki.pl\/plci_json_endpoint\/wp\/v2\/posts\/8466\/revisions"}],"predecessor-version":[{"id":8467,"href":"https:\/\/powiatlwowecki.pl\/plci_json_endpoint\/wp\/v2\/posts\/8466\/revisions\/8467"}],"wp:featuredmedia":[{"embeddable":true,"href":"https:\/\/powiatlwowecki.pl\/plci_json_endpoint\/wp\/v2\/media\/8465"}],"wp:attachment":[{"href":"https:\/\/powiatlwowecki.pl\/plci_json_endpoint\/wp\/v2\/media?parent=8466"}],"wp:term":[{"taxonomy":"category","embeddable":true,"href":"https:\/\/powiatlwowecki.pl\/plci_json_endpoint\/wp\/v2\/categories?post=8466"},{"taxonomy":"post_tag","embeddable":true,"href":"https:\/\/powiatlwowecki.pl\/plci_json_endpoint\/wp\/v2\/tags?post=8466"}],"curies":[{"name":"wp","href":"https:\/\/api.w.org\/{rel}","templated":true}]}}