{"id":8429,"date":"2024-10-31T15:07:18","date_gmt":"2024-10-31T14:07:18","guid":{"rendered":"https:\/\/powiatlwowecki.pl\/?p=8429"},"modified":"2024-10-31T15:07:18","modified_gmt":"2024-10-31T14:07:18","slug":"1-listopada-wszystkich-swietych","status":"publish","type":"post","link":"https:\/\/powiatlwowecki.pl\/1-listopada-wszystkich-swietych\/","title":{"rendered":"1 listopada- Wszystkich \u015awi\u0119tych"},"content":{"rendered":"<p>1 listopada, w dniu Wszystkich \u015awi\u0119tych, w polskiej tradycji obchodzimy wa\u017cne \u015bwi\u0119to, kt\u00f3re ma szczeg\u00f3lne znaczenie dla wielu z nas. To czas, kiedy wspominamy i honorujemy naszych bliskich, kt\u00f3rzy odeszli. W ko\u015bcio\u0142ach odprawiane s\u0105 msze \u015bwi\u0119te, a na cmentarzach zapalamy znicze i sk\u0142adamy kwiaty na grobach.<\/p>\n<p>&nbsp;<\/p>\n<p>Dzie\u0144 ten przypomina nam o sile pami\u0119ci oraz o warto\u015bciach, kt\u00f3re przekazywane s\u0105 z pokolenia na pokolenie. To doskona\u0142a okazja, by zatrzyma\u0107 si\u0119 na chwil\u0119, zastanowi\u0107 nad \u017cyciem i \u015bmierci\u0105 oraz nad tym, co jest dla nas naprawd\u0119 wa\u017cne.<\/p>\n<p>&nbsp;<\/p>\n<p>Zach\u0119camy mieszka\u0144c\u00f3w powiatu do odwiedzenia grob\u00f3w swoich bliskich i wyra\u017cenia szacunku poprzez modlitw\u0119 oraz chwil\u0119 refleksji. Pami\u0119tajmy r\u00f3wnie\u017c o osobach, kt\u00f3re nie maj\u0105 grob\u00f3w, a kt\u00f3re zas\u0142uguj\u0105 na nasz\u0105 pami\u0119\u0107.<\/p>\n<p>&nbsp;<\/p>\n<p>Niech ten dzie\u0144 b\u0119dzie nie tylko czasem smutku, ale r\u00f3wnie\u017c radosnym wspomnieniem tych, kt\u00f3rzy wnie\u015bli wiele dobra w nasze \u017cycie.<\/p>\n<p>&nbsp;<\/p>\n<p style=\"text-align: center;\">Wszystkim mieszka\u0144com powiatu \u017cyczymy spokojnego i pe\u0142nego refleksji dnia Wszystkich \u015awi\u0119tych.<\/p>\n<p><img decoding=\"async\" class=\" wp-image-8430 aligncenter\" src=\"https:\/\/powiatlwowecki.pl\/wp-content\/uploads\/2024\/10\/Projekt-bez-nazwy-300x146.jpg\" alt=\"\" width=\"734\" height=\"357\" srcset=\"https:\/\/powiatlwowecki.pl\/wp-content\/uploads\/2024\/10\/Projekt-bez-nazwy-24x12.jpg 24w, https:\/\/powiatlwowecki.pl\/wp-content\/uploads\/2024\/10\/Projekt-bez-nazwy-36x18.jpg 36w, https:\/\/powiatlwowecki.pl\/wp-content\/uploads\/2024\/10\/Projekt-bez-nazwy-48x23.jpg 48w, https:\/\/powiatlwowecki.pl\/wp-content\/uploads\/2024\/10\/Projekt-bez-nazwy-200x98.jpg 200w, https:\/\/powiatlwowecki.pl\/wp-content\/uploads\/2024\/10\/Projekt-bez-nazwy-300x146.jpg 300w, https:\/\/powiatlwowecki.pl\/wp-content\/uploads\/2024\/10\/Projekt-bez-nazwy-400x195.jpg 400w, https:\/\/powiatlwowecki.pl\/wp-content\/uploads\/2024\/10\/Projekt-bez-nazwy-600x293.jpg 600w, https:\/\/powiatlwowecki.pl\/wp-content\/uploads\/2024\/10\/Projekt-bez-nazwy-768x375.jpg 768w, https:\/\/powiatlwowecki.pl\/wp-content\/uploads\/2024\/10\/Projekt-bez-nazwy-800x390.jpg 800w, https:\/\/powiatlwowecki.pl\/wp-content\/uploads\/2024\/10\/Projekt-bez-nazwy.jpg 820w\" sizes=\"(max-width: 734px) 100vw, 734px\" \/><\/p>\n","protected":false},"excerpt":{"rendered":"<p>1 listopada, w dniu Wszystkich \u015awi\u0119tych, w polskiej tradycji obchodzimy wa\u017cne \u015bwi\u0119to, kt\u00f3re ma szczeg\u00f3lne znaczenie dla wielu z nas. To czas, kiedy wspominamy i honorujemy naszych bliskich, kt\u00f3rzy odeszli. W ko\u015bcio\u0142ach odprawiane s\u0105 msze  [&#8230;]<\/p>\n","protected":false},"author":8,"featured_media":8430,"comment_status":"closed","ping_status":"closed","sticky":false,"template":"","format":"standard","meta":{"_acf_changed":false,"footnotes":""},"categories":[5],"tags":[],"class_list":["post-8429","post","type-post","status-publish","format-standard","has-post-thumbnail","hentry","category-aktualnosci"],"acf":{"kal_data_wydarzenia":""},"_links":{"self":[{"href":"https:\/\/powiatlwowecki.pl\/plci_json_endpoint\/wp\/v2\/posts\/8429","targetHints":{"allow":["GET"]}}],"collection":[{"href":"https:\/\/powiatlwowecki.pl\/plci_json_endpoint\/wp\/v2\/posts"}],"about":[{"href":"https:\/\/powiatlwowecki.pl\/plci_json_endpoint\/wp\/v2\/types\/post"}],"author":[{"embeddable":true,"href":"https:\/\/powiatlwowecki.pl\/plci_json_endpoint\/wp\/v2\/users\/8"}],"replies":[{"embeddable":true,"href":"https:\/\/powiatlwowecki.pl\/plci_json_endpoint\/wp\/v2\/comments?post=8429"}],"version-history":[{"count":1,"href":"https:\/\/powiatlwowecki.pl\/plci_json_endpoint\/wp\/v2\/posts\/8429\/revisions"}],"predecessor-version":[{"id":8431,"href":"https:\/\/powiatlwowecki.pl\/plci_json_endpoint\/wp\/v2\/posts\/8429\/revisions\/8431"}],"wp:featuredmedia":[{"embeddable":true,"href":"https:\/\/powiatlwowecki.pl\/plci_json_endpoint\/wp\/v2\/media\/8430"}],"wp:attachment":[{"href":"https:\/\/powiatlwowecki.pl\/plci_json_endpoint\/wp\/v2\/media?parent=8429"}],"wp:term":[{"taxonomy":"category","embeddable":true,"href":"https:\/\/powiatlwowecki.pl\/plci_json_endpoint\/wp\/v2\/categories?post=8429"},{"taxonomy":"post_tag","embeddable":true,"href":"https:\/\/powiatlwowecki.pl\/plci_json_endpoint\/wp\/v2\/tags?post=8429"}],"curies":[{"name":"wp","href":"https:\/\/api.w.org\/{rel}","templated":true}]}}