{"id":8364,"date":"2024-10-23T13:33:18","date_gmt":"2024-10-23T11:33:18","guid":{"rendered":"https:\/\/powiatlwowecki.pl\/?p=8364"},"modified":"2025-05-28T14:31:31","modified_gmt":"2025-05-28T12:31:31","slug":"pomocna-dlon-dla-powiatu-lwoweckiego-2","status":"publish","type":"post","link":"https:\/\/powiatlwowecki.pl\/pomocna-dlon-dla-powiatu-lwoweckiego-2\/","title":{"rendered":"POMOCNA D\u0141O\u0143 DLA POWIATU LW\u00d3WECKIEGO"},"content":{"rendered":"<div class=\"fusion-fullwidth fullwidth-box fusion-builder-row-1 fusion-flex-container nonhundred-percent-fullwidth non-hundred-percent-height-scrolling\" style=\"--awb-border-radius-top-left:0px;--awb-border-radius-top-right:0px;--awb-border-radius-bottom-right:0px;--awb-border-radius-bottom-left:0px;--awb-flex-wrap:wrap;\" ><div class=\"fusion-builder-row fusion-row fusion-flex-align-items-flex-start fusion-flex-content-wrap\" style=\"max-width:1248px;margin-left: calc(-4% \/ 2 );margin-right: calc(-4% \/ 2 );\"><div class=\"fusion-layout-column fusion_builder_column fusion-builder-column-0 fusion_builder_column_3_5 3_5 fusion-flex-column\" style=\"--awb-bg-size:cover;--awb-width-large:60%;--awb-margin-top-large:0px;--awb-spacing-right-large:3.84%;--awb-margin-bottom-large:0px;--awb-spacing-left-large:3.2%;--awb-width-medium:100%;--awb-spacing-right-medium:1.92%;--awb-spacing-left-medium:1.92%;--awb-width-small:100%;--awb-spacing-right-small:1.92%;--awb-spacing-left-small:1.92%;\"><div class=\"fusion-column-wrapper fusion-flex-justify-content-flex-start fusion-content-layout-column\"><div class=\"fusion-text fusion-text-1\"><p class=\"cvGsUA direction-ltr align-start para-style-body\" data-wahfont=\"16\"><span class=\"OYPEnA font-feature-liga-on font-feature-clig-on font-feature-calt-on text-decoration-none text-strikethrough-none\" data-wahfont=\"16\"><img decoding=\"async\" class=\"wp-image-8345 aligncenter\" src=\"https:\/\/powiatlwowecki.pl\/wp-content\/uploads\/2024\/10\/Projekt-\u201ePomocna-Dlon-dla-powiatu-lwoweckiego-\u2013-uslugi-opiekuncze-dla-osob-wymagajacych-wsparcia-zostal-dofinansowany-z-Europejskiego-Funduszu-Spolecznego-Plus-i-realizowany-jest-w-ramach-program-212x300.jpg\" alt=\"\" width=\"871\" height=\"1233\" srcset=\"https:\/\/powiatlwowecki.pl\/wp-content\/uploads\/2024\/10\/Projekt-\u201ePomocna-Dlon-dla-powiatu-lwoweckiego-\u2013-uslugi-opiekuncze-dla-osob-wymagajacych-wsparcia-zostal-dofinansowany-z-Europejskiego-Funduszu-Spolecznego-Plus-i-realizowany-jest-w-ramach-program-17x24.jpg 17w, https:\/\/powiatlwowecki.pl\/wp-content\/uploads\/2024\/10\/Projekt-\u201ePomocna-Dlon-dla-powiatu-lwoweckiego-\u2013-uslugi-opiekuncze-dla-osob-wymagajacych-wsparcia-zostal-dofinansowany-z-Europejskiego-Funduszu-Spolecznego-Plus-i-realizowany-jest-w-ramach-program-25x36.jpg 25w, https:\/\/powiatlwowecki.pl\/wp-content\/uploads\/2024\/10\/Projekt-\u201ePomocna-Dlon-dla-powiatu-lwoweckiego-\u2013-uslugi-opiekuncze-dla-osob-wymagajacych-wsparcia-zostal-dofinansowany-z-Europejskiego-Funduszu-Spolecznego-Plus-i-realizowany-jest-w-ramach-program-34x48.jpg 34w, https:\/\/powiatlwowecki.pl\/wp-content\/uploads\/2024\/10\/Projekt-\u201ePomocna-Dlon-dla-powiatu-lwoweckiego-\u2013-uslugi-opiekuncze-dla-osob-wymagajacych-wsparcia-zostal-dofinansowany-z-Europejskiego-Funduszu-Spolecznego-Plus-i-realizowany-jest-w-ramach-program-200x283.jpg 200w, https:\/\/powiatlwowecki.pl\/wp-content\/uploads\/2024\/10\/Projekt-\u201ePomocna-Dlon-dla-powiatu-lwoweckiego-\u2013-uslugi-opiekuncze-dla-osob-wymagajacych-wsparcia-zostal-dofinansowany-z-Europejskiego-Funduszu-Spolecznego-Plus-i-realizowany-jest-w-ramach-program-212x300.jpg 212w, https:\/\/powiatlwowecki.pl\/wp-content\/uploads\/2024\/10\/Projekt-\u201ePomocna-Dlon-dla-powiatu-lwoweckiego-\u2013-uslugi-opiekuncze-dla-osob-wymagajacych-wsparcia-zostal-dofinansowany-z-Europejskiego-Funduszu-Spolecznego-Plus-i-realizowany-jest-w-ramach-program-400x566.jpg 400w, https:\/\/powiatlwowecki.pl\/wp-content\/uploads\/2024\/10\/Projekt-\u201ePomocna-Dlon-dla-powiatu-lwoweckiego-\u2013-uslugi-opiekuncze-dla-osob-wymagajacych-wsparcia-zostal-dofinansowany-z-Europejskiego-Funduszu-Spolecznego-Plus-i-realizowany-jest-w-ramach-program-600x849.jpg 600w, https:\/\/powiatlwowecki.pl\/wp-content\/uploads\/2024\/10\/Projekt-\u201ePomocna-Dlon-dla-powiatu-lwoweckiego-\u2013-uslugi-opiekuncze-dla-osob-wymagajacych-wsparcia-zostal-dofinansowany-z-Europejskiego-Funduszu-Spolecznego-Plus-i-realizowany-jest-w-ramach-program-724x1024.jpg 724w, https:\/\/powiatlwowecki.pl\/wp-content\/uploads\/2024\/10\/Projekt-\u201ePomocna-Dlon-dla-powiatu-lwoweckiego-\u2013-uslugi-opiekuncze-dla-osob-wymagajacych-wsparcia-zostal-dofinansowany-z-Europejskiego-Funduszu-Spolecznego-Plus-i-realizowany-jest-w-ramach-program-768x1086.jpg 768w, https:\/\/powiatlwowecki.pl\/wp-content\/uploads\/2024\/10\/Projekt-\u201ePomocna-Dlon-dla-powiatu-lwoweckiego-\u2013-uslugi-opiekuncze-dla-osob-wymagajacych-wsparcia-zostal-dofinansowany-z-Europejskiego-Funduszu-Spolecznego-Plus-i-realizowany-jest-w-ramach-program-800x1132.jpg 800w, https:\/\/powiatlwowecki.pl\/wp-content\/uploads\/2024\/10\/Projekt-\u201ePomocna-Dlon-dla-powiatu-lwoweckiego-\u2013-uslugi-opiekuncze-dla-osob-wymagajacych-wsparcia-zostal-dofinansowany-z-Europejskiego-Funduszu-Spolecznego-Plus-i-realizowany-jest-w-ramach-program-1086x1536.jpg 1086w, https:\/\/powiatlwowecki.pl\/wp-content\/uploads\/2024\/10\/Projekt-\u201ePomocna-Dlon-dla-powiatu-lwoweckiego-\u2013-uslugi-opiekuncze-dla-osob-wymagajacych-wsparcia-zostal-dofinansowany-z-Europejskiego-Funduszu-Spolecznego-Plus-i-realizowany-jest-w-ramach-program-1200x1697.jpg 1200w, https:\/\/powiatlwowecki.pl\/wp-content\/uploads\/2024\/10\/Projekt-\u201ePomocna-Dlon-dla-powiatu-lwoweckiego-\u2013-uslugi-opiekuncze-dla-osob-wymagajacych-wsparcia-zostal-dofinansowany-z-Europejskiego-Funduszu-Spolecznego-Plus-i-realizowany-jest-w-ramach-program.jpg 1414w\" sizes=\"(max-width: 871px) 100vw, 871px\" \/>Projekt skierowany do:<\/span><\/p>\n<p class=\"cvGsUA direction-ltr align-start para-style-body\" data-wahfont=\"16\"><span class=\"OYPEnA font-feature-liga-on font-feature-clig-on font-feature-calt-on text-decoration-none text-strikethrough-none\" data-wahfont=\"16\">Dzieci i m\u0142odzie\u017cy do 18 roku \u017cycia (55 os\u00f3b)<\/span><\/p>\n<p class=\"cvGsUA direction-ltr align-start para-style-body\" data-wahfont=\"16\"><span class=\"OYPEnA font-feature-liga-on font-feature-clig-on font-feature-calt-on text-decoration-none text-strikethrough-none\" data-wahfont=\"16\">Specjalistyczne us\u0142ugi opieku\u0144cze \u015bwiadczone w miejscu zamieszkania, w tym:<\/span><\/p>\n<ul>\n<li><span class=\"OYPEnA font-feature-liga-on font-feature-clig-on font-feature-calt-on text-decoration-none text-strikethrough-none\" data-wahfont=\"16\">Rehabilitacja fizyczna (4 godziny miesi\u0119cznie)<\/span><\/li>\n<li><span class=\"OYPEnA font-feature-liga-on font-feature-clig-on font-feature-calt-on text-decoration-none text-strikethrough-none\" data-wahfont=\"16\">Us\u0142ugi dietetyka (\u015brednio 2 godziny miesi\u0119cznie)<\/span><\/li>\n<li><span class=\"OYPEnA font-feature-liga-on font-feature-clig-on font-feature-calt-on text-decoration-none text-strikethrough-none\" data-wahfont=\"16\">Us\u0142ugi psychologiczne (\u015brednio 2 godziny miesi\u0119cznie)<\/span><\/li>\n<li><span class=\"OYPEnA font-feature-liga-on font-feature-clig-on font-feature-calt-on text-decoration-none text-strikethrough-none\" data-wahfont=\"16\">Wsparcie psychologiczno-pedagogiczne oraz edukacyjno-terapeutyczne<\/span><\/li>\n<\/ul>\n<p class=\"cvGsUA direction-ltr align-start para-style-body\" data-wahfont=\"16\"><span class=\"OYPEnA font-feature-liga-on font-feature-clig-on font-feature-calt-on text-decoration-none text-strikethrough-none\" data-wahfont=\"16\">Doros\u0142ych (30 os\u00f3b)<\/span><\/p>\n<p class=\"cvGsUA direction-ltr align-start para-style-body\" data-wahfont=\"16\"><span class=\"OYPEnA font-feature-liga-on font-feature-clig-on font-feature-calt-on text-decoration-none text-strikethrough-none\" data-wahfont=\"16\">Us\u0142ugi opieku\u0144cze w miejscu zamieszkania, w tym:<\/span><\/p>\n<ul>\n<li><span class=\"OYPEnA font-feature-liga-on font-feature-clig-on font-feature-calt-on text-decoration-none text-strikethrough-none\" data-wahfont=\"16\">P<\/span><span class=\"OYPEnA font-feature-liga-on font-feature-clig-on font-feature-calt-on text-decoration-none text-strikethrough-none\" data-wahfont=\"16\">omoc w codziennych potrzebach \u017cyciowych<\/span><\/li>\n<li><span class=\"OYPEnA font-feature-liga-on font-feature-clig-on font-feature-calt-on text-decoration-none text-strikethrough-none\" data-wahfont=\"16\">Opieka higieniczna i piel\u0119gnacyjna<\/span><\/li>\n<li><span class=\"OYPEnA font-feature-liga-on font-feature-clig-on font-feature-calt-on text-decoration-none text-strikethrough-none\" data-wahfont=\"16\">\u015arednio 30 godzin wsparcia miesi\u0119cznie<\/span><\/li>\n<li><span class=\"OYPEnA font-feature-liga-on font-feature-clig-on font-feature-calt-on text-decoration-none text-strikethrough-none\" data-wahfont=\"16\">Teleopieka (monitorowanie stanu zdrowia i bezpiecze\u0144stwa) przez 24h na dob\u0119<\/span><\/li>\n<\/ul>\n<p class=\"cvGsUA direction-ltr align-start para-style-body\" data-wahfont=\"16\"><span class=\"OYPEnA font-feature-liga-on font-feature-clig-on font-feature-calt-on text-decoration-none text-strikethrough-none\" data-wahfont=\"16\">Doros\u0142ych w Domu Dziennego Pobytu DDP (30 os\u00f3b)<\/span><\/p>\n<p class=\"cvGsUA direction-ltr align-start para-style-body\" data-wahfont=\"16\"><span class=\"OYPEnA font-feature-liga-on font-feature-clig-on font-feature-calt-on text-decoration-none text-strikethrough-none\" data-wahfont=\"16\">Us\u0142ugi \u015bwiadczone w plac\u00f3wce w Gryfowie \u015al\u0105skim (Ubocze161)<\/span><\/p>\n<ul>\n<li><span class=\"OYPEnA font-feature-liga-on font-feature-clig-on font-feature-calt-on text-decoration-none text-strikethrough-none\" data-wahfont=\"16\">Wsparcie dostosowane do indywidualnych potrzeb<\/span><\/li>\n<li><span class=\"OYPEnA font-feature-liga-on font-feature-clig-on font-feature-calt-on text-decoration-none text-strikethrough-none\" data-wahfont=\"16\">Rehabilitacja fizyczna,dietetyka i psychologia (48 godzin fizjoterapii, 24 godziny dietetyki i psychologii miesi\u0119cznie)<\/span><\/li>\n<li><span class=\"OYPEnA font-feature-liga-on font-feature-clig-on font-feature-calt-on text-decoration-none text-strikethrough-none\" data-wahfont=\"16\">Zapewnienie wy\u017cywienia i transport do DDP<\/span><\/li>\n<li><span class=\"OYPEnA font-feature-liga-on font-feature-clig-on font-feature-calt-on text-decoration-none text-strikethrough-none\" data-wahfont=\"16\">DDP funkcjonuje min. 8 godzin dziennie<\/span><\/li>\n<\/ul>\n<div dir=\"auto\"><span class=\"html-span xdj266r x11i5rnm xat24cr x1mh8g0r xexx8yu x4uap5 x18d9i69 xkhd6sd x1hl2dhg x16tdsg8 x1vvkbs\"><a class=\"x1i10hfl xjbqb8w x1ejq31n xd10rxx x1sy0etr x17r0tee x972fbf xcfux6l x1qhh985 xm0m39n x9f619 x1ypdohk xt0psk2 xe8uvvx xdj266r x11i5rnm xat24cr x1mh8g0r xexx8yu x4uap5 x18d9i69 xkhd6sd x16tdsg8 x1hl2dhg xggy1nq x1a2a7pz x1sur9pj xkrqix3 x1fey0fg x1s688f\" tabindex=\"0\" role=\"link\" href=\"https:\/\/www.facebook.com\/hashtag\/funduszeue?__eep__=6&amp;__cft__&#091;0&#093;=AZXgZ51L9fIzVrNxo38xm01pBFTHogpfYj5DSgXSf4y8Y__HgLvIO3I__BFYg9WAd68gbVW4vPLTabFmVkhYJm92IP18wvgL2O_lykjN80eFeG1ITIn_tGuAfDizLCgXadk4bUIhezA21s4E8QVRnQGlyncjzZE82Q_7cLhLbUVfPZJa5IluaMK2SPBuOXkyrmw&amp;__tn__=*NK-R\">#FunduszeUE<\/a><\/span>, <span class=\"html-span xdj266r x11i5rnm xat24cr x1mh8g0r xexx8yu x4uap5 x18d9i69 xkhd6sd x1hl2dhg x16tdsg8 x1vvkbs\"><a class=\"x1i10hfl xjbqb8w x1ejq31n xd10rxx x1sy0etr x17r0tee x972fbf xcfux6l x1qhh985 xm0m39n x9f619 x1ypdohk xt0psk2 xe8uvvx xdj266r x11i5rnm xat24cr x1mh8g0r xexx8yu x4uap5 x18d9i69 xkhd6sd x16tdsg8 x1hl2dhg xggy1nq x1a2a7pz x1sur9pj xkrqix3 x1fey0fg x1s688f\" tabindex=\"0\" role=\"link\" href=\"https:\/\/www.facebook.com\/hashtag\/funduszeeuropejskie?__eep__=6&amp;__cft__&#091;0&#093;=AZXgZ51L9fIzVrNxo38xm01pBFTHogpfYj5DSgXSf4y8Y__HgLvIO3I__BFYg9WAd68gbVW4vPLTabFmVkhYJm92IP18wvgL2O_lykjN80eFeG1ITIn_tGuAfDizLCgXadk4bUIhezA21s4E8QVRnQGlyncjzZE82Q_7cLhLbUVfPZJa5IluaMK2SPBuOXkyrmw&amp;__tn__=*NK-R\">#FunduszeEuropejskie<\/a><\/span><\/div>\n<\/div><\/div><\/div><div class=\"fusion-layout-column fusion_builder_column fusion-builder-column-1 fusion_builder_column_2_5 2_5 fusion-flex-column\" style=\"--awb-bg-size:cover;--awb-width-large:40%;--awb-margin-top-large:0px;--awb-spacing-right-large:4.8%;--awb-margin-bottom-large:20px;--awb-spacing-left-large:3.84%;--awb-width-medium:100%;--awb-order-medium:0;--awb-spacing-right-medium:1.92%;--awb-spacing-left-medium:1.92%;--awb-width-small:100%;--awb-order-small:0;--awb-spacing-right-small:1.92%;--awb-spacing-left-small:1.92%;\"><div class=\"fusion-column-wrapper fusion-column-has-shadow fusion-flex-justify-content-flex-start fusion-content-layout-column\"><div class=\"fusion-content-boxes content-boxes columns row fusion-columns-1 fusion-columns-total-10 fusion-content-boxes-1 content-boxes-icon-with-title content-left\" style=\"--awb-hover-accent-color:#f44336;--awb-circle-hover-accent-color:#f44336;--awb-item-margin-bottom:40px;\" data-animationOffset=\"top-into-view\"><div style=\"--awb-backgroundcolor:#7be59d;\" class=\"fusion-column content-box-column content-box-column content-box-column-1 col-lg-12 col-md-12 col-sm-12 fusion-content-box-hover content-box-column-last-in-row\"><div class=\"col content-box-wrapper content-wrapper-background link-area-link-icon link-type-text content-icon-wrapper-yes icon-hover-animation-slide\" data-animationOffset=\"top-into-view\"><div class=\"heading icon-left\"><a class=\"heading-link\" style=\"float:left;\" href=\"https:\/\/powiatlwowecki.pl\/wp-content\/uploads\/2024\/09\/regulamin-rekrutacji-i-uczestnictwa.docx\" target=\"_self\"><h2 class=\"content-box-heading\" style=\"--h2_typography-font-size:24px;line-height:29px;\">regulamin rekrutacji i uczestnictwa<\/h2><\/a><\/div><\/div><\/div><div style=\"--awb-backgroundcolor:#7be59d;\" class=\"fusion-column content-box-column content-box-column content-box-column-2 col-lg-12 col-md-12 col-sm-12 fusion-content-box-hover content-box-column-last-in-row\"><div class=\"col content-box-wrapper content-wrapper-background link-area-link-icon link-type-text content-icon-wrapper-yes icon-hover-animation-slide\" data-animationOffset=\"top-into-view\"><div class=\"heading icon-left\"><a class=\"heading-link\" style=\"float:left;\" href=\"https:\/\/powiatlwowecki.pl\/wp-content\/uploads\/2024\/09\/zal_nr-1-formularz_rekrutacyjny_osoba_potrzebujaca_wsparcia.docx\" target=\"_self\"><h2 class=\"content-box-heading\" style=\"--h2_typography-font-size:24px;line-height:29px;\">formularz rekrutacyjny osoba potrzebujaca wsparcia<\/h2><\/a><\/div><\/div><\/div><div style=\"--awb-backgroundcolor:#7be59d;\" class=\"fusion-column content-box-column content-box-column content-box-column-3 col-lg-12 col-md-12 col-sm-12 fusion-content-box-hover content-box-column-last-in-row\"><div class=\"col content-box-wrapper content-wrapper-background link-area-link-icon link-type-text content-icon-wrapper-yes icon-hover-animation-slide\" data-animationOffset=\"top-into-view\"><div class=\"heading icon-left\"><a class=\"heading-link\" style=\"float:left;\" href=\"https:\/\/powiatlwowecki.pl\/wp-content\/uploads\/2024\/09\/zal-nr-2-osw_o_zamieszkiwaniu_i_gospdom.docx\" target=\"_self\"><h2 class=\"content-box-heading\" style=\"--h2_typography-font-size:24px;line-height:29px;\">o\u015bwiadczenie o zamieszkaniu <\/h2><\/a><\/div><\/div><\/div><div style=\"--awb-backgroundcolor:#7be59d;\" class=\"fusion-column content-box-column content-box-column content-box-column-4 col-lg-12 col-md-12 col-sm-12 fusion-content-box-hover content-box-column-last-in-row\"><div class=\"col content-box-wrapper content-wrapper-background link-area-link-icon link-type-text content-icon-wrapper-yes icon-hover-animation-slide\" data-animationOffset=\"top-into-view\"><div class=\"heading icon-left\"><a class=\"heading-link\" style=\"float:left;\" href=\"https:\/\/powiatlwowecki.pl\/wp-content\/uploads\/2024\/09\/zal-nr-3-oswiad-o-korzystaniu-z-fe-pz.docx\" target=\"_self\"><h2 class=\"content-box-heading\" style=\"--h2_typography-font-size:24px;line-height:29px;\">o\u015bwiadczenia Kandydata\/Kandydatki o korzystaniu z programu FE P\u017b.<\/h2><\/a><\/div><\/div><\/div><div style=\"--awb-backgroundcolor:#7be59d;\" class=\"fusion-column content-box-column content-box-column content-box-column-5 col-lg-12 col-md-12 col-sm-12 fusion-content-box-hover content-box-column-last-in-row\"><div class=\"col content-box-wrapper content-wrapper-background link-area-link-icon link-type-text content-icon-wrapper-yes icon-hover-animation-slide\" data-animationOffset=\"top-into-view\"><div class=\"heading icon-left\"><a class=\"heading-link\" style=\"float:left;\" href=\"https:\/\/powiatlwowecki.pl\/wp-content\/uploads\/2024\/09\/zal-nr-4-karta-oceny-stanu-pacjenta.doc\" target=\"_self\"><h2 class=\"content-box-heading\" style=\"--h2_typography-font-size:24px;line-height:29px;\">karta oceny stanu pacjenta<\/h2><\/a><\/div><\/div><\/div><div style=\"--awb-backgroundcolor:#7be59d;\" class=\"fusion-column content-box-column content-box-column content-box-column-6 col-lg-12 col-md-12 col-sm-12 fusion-content-box-hover content-box-column-last-in-row\"><div class=\"col content-box-wrapper content-wrapper-background link-area-link-icon link-type-text content-icon-wrapper-yes icon-hover-animation-slide\" data-animationOffset=\"top-into-view\"><div class=\"heading icon-left\"><a class=\"heading-link\" style=\"float:left;\" href=\"https:\/\/powiatlwowecki.pl\/wp-content\/uploads\/2024\/09\/zgoda-na-przetwarzanie-danych-osobowych-osoby-niepelnoletnie.docx\" target=\"_self\"><h2 class=\"content-box-heading\" style=\"--h2_typography-font-size:24px;line-height:29px;\">zgoda na przetwarzanie danych osobowych - osoby niepe\u0142noletnie<\/h2><\/a><\/div><\/div><\/div><div style=\"--awb-backgroundcolor:#7be59d;\" class=\"fusion-column content-box-column content-box-column content-box-column-7 col-lg-12 col-md-12 col-sm-12 fusion-content-box-hover content-box-column-last-in-row\"><div class=\"col content-box-wrapper content-wrapper-background link-area-link-icon link-type-text content-icon-wrapper-yes icon-hover-animation-slide\" data-animationOffset=\"top-into-view\"><div class=\"heading icon-left\"><a class=\"heading-link\" style=\"float:left;\" href=\"https:\/\/powiatlwowecki.pl\/wp-content\/uploads\/2024\/09\/zgoda-na-przetwarzanie-danych-osobowych-osoby-pelnoletnie.docx\" target=\"_self\"><h2 class=\"content-box-heading\" style=\"--h2_typography-font-size:24px;line-height:29px;\">zgoda na przetwarzanie danych osobowych - osoby pe\u0142noletnie<\/h2><\/a><\/div><\/div><\/div><div style=\"--awb-backgroundcolor:#7be59d;\" class=\"fusion-column content-box-column content-box-column content-box-column-8 col-lg-12 col-md-12 col-sm-12 fusion-content-box-hover content-box-column-last-in-row\"><div class=\"col content-box-wrapper content-wrapper-background link-area-link-icon link-type-text content-icon-wrapper-yes icon-hover-animation-slide\" data-animationOffset=\"top-into-view\"><div class=\"heading icon-left\"><a class=\"heading-link\" style=\"float:left;\" href=\"zgoda na przetwarzanie danych osobowych - osoby ubezw\u0142asnowolnione\" target=\"_self\"><h2 class=\"content-box-heading\" style=\"--h2_typography-font-size:24px;line-height:29px;\">zgoda na przetwarzanie danych osobowych - osoby ubezw\u0142asnowolnione<\/h2><\/a><\/div><\/div><\/div><div style=\"--awb-backgroundcolor:#7be59d;\" class=\"fusion-column content-box-column content-box-column content-box-column-9 col-lg-12 col-md-12 col-sm-12 fusion-content-box-hover content-box-column-last-in-row\"><div class=\"col content-box-wrapper content-wrapper-background link-area-link-icon link-type-text content-icon-wrapper-yes icon-hover-animation-slide\" data-animationOffset=\"top-into-view\"><div class=\"heading icon-left\"><a class=\"heading-link\" style=\"float:left;\" href=\"https:\/\/powiatlwowecki.pl\/wp-content\/uploads\/2024\/09\/Zal-nr-6-Klauzula-Informacyjna.docx\" target=\"_self\"><h2 class=\"content-box-heading\" style=\"--h2_typography-font-size:24px;line-height:29px;\">klauzula informacyjna<\/h2><\/a><\/div><\/div><\/div><div style=\"--awb-backgroundcolor:#7be59d;\" class=\"fusion-column content-box-column content-box-column content-box-column-10 col-lg-12 col-md-12 col-sm-12 fusion-content-box-hover content-box-column-last content-box-column-last-in-row\"><div class=\"col content-box-wrapper content-wrapper-background link-area-link-icon link-type-text content-icon-wrapper-yes icon-hover-animation-slide\" data-animationOffset=\"top-into-view\"><div class=\"heading icon-left\"><a class=\"heading-link\" style=\"float:left;\" href=\"https:\/\/powiatlwowecki.pl\/wp-content\/uploads\/2024\/12\/zal-nr-7-KARTA-OCENY-POTRZEB-W-CODZIENNYM-FUNKCJONOWANIU.docx\" target=\"_self\"><h2 class=\"content-box-heading\" style=\"--h2_typography-font-size:24px;line-height:29px;\">Karta oceny potrzeb w codziennym funkcjonowaniu <\/h2><\/a><\/div><\/div><\/div><div class=\"fusion-clearfix\"><\/div><\/div><\/div><\/div><\/div><\/div>\n","protected":false},"excerpt":{"rendered":"","protected":false},"author":8,"featured_media":8184,"comment_status":"closed","ping_status":"closed","sticky":false,"template":"","format":"standard","meta":{"_acf_changed":false,"footnotes":""},"categories":[5,84],"tags":[],"class_list":["post-8364","post","type-post","status-publish","format-standard","has-post-thumbnail","hentry","category-aktualnosci","category-fundusze-unijne"],"acf":{"kal_data_wydarzenia":""},"_links":{"self":[{"href":"https:\/\/powiatlwowecki.pl\/plci_json_endpoint\/wp\/v2\/posts\/8364","targetHints":{"allow":["GET"]}}],"collection":[{"href":"https:\/\/powiatlwowecki.pl\/plci_json_endpoint\/wp\/v2\/posts"}],"about":[{"href":"https:\/\/powiatlwowecki.pl\/plci_json_endpoint\/wp\/v2\/types\/post"}],"author":[{"embeddable":true,"href":"https:\/\/powiatlwowecki.pl\/plci_json_endpoint\/wp\/v2\/users\/8"}],"replies":[{"embeddable":true,"href":"https:\/\/powiatlwowecki.pl\/plci_json_endpoint\/wp\/v2\/comments?post=8364"}],"version-history":[{"count":5,"href":"https:\/\/powiatlwowecki.pl\/plci_json_endpoint\/wp\/v2\/posts\/8364\/revisions"}],"predecessor-version":[{"id":10046,"href":"https:\/\/powiatlwowecki.pl\/plci_json_endpoint\/wp\/v2\/posts\/8364\/revisions\/10046"}],"wp:featuredmedia":[{"embeddable":true,"href":"https:\/\/powiatlwowecki.pl\/plci_json_endpoint\/wp\/v2\/media\/8184"}],"wp:attachment":[{"href":"https:\/\/powiatlwowecki.pl\/plci_json_endpoint\/wp\/v2\/media?parent=8364"}],"wp:term":[{"taxonomy":"category","embeddable":true,"href":"https:\/\/powiatlwowecki.pl\/plci_json_endpoint\/wp\/v2\/categories?post=8364"},{"taxonomy":"post_tag","embeddable":true,"href":"https:\/\/powiatlwowecki.pl\/plci_json_endpoint\/wp\/v2\/tags?post=8364"}],"curies":[{"name":"wp","href":"https:\/\/api.w.org\/{rel}","templated":true}]}}