{"id":8250,"date":"2024-10-14T09:03:18","date_gmt":"2024-10-14T07:03:18","guid":{"rendered":"https:\/\/powiatlwowecki.pl\/?p=8250"},"modified":"2024-10-14T09:03:18","modified_gmt":"2024-10-14T07:03:18","slug":"zyczenia-z-okazji-dnia-edukacji-narodowej-3","status":"publish","type":"post","link":"https:\/\/powiatlwowecki.pl\/zyczenia-z-okazji-dnia-edukacji-narodowej-3\/","title":{"rendered":"\u017byczenia z okazji Dnia Edukacji Narodowej"},"content":{"rendered":"<p class=\"cvGsUA direction-ltr align-justify para-style-body\"><span class=\"OYPEnA font-feature-liga-off font-feature-clig-off font-feature-calt-off text-decoration-none text-strikethrough-none\">Z okazji Dnia Edukacji Narodowej sk\u0142adamy najserdeczniejsze \u017cyczenia. <\/span><\/p>\n<p class=\"cvGsUA direction-ltr align-justify para-style-body\"><span class=\"OYPEnA font-feature-liga-off font-feature-clig-off font-feature-calt-off text-decoration-none text-strikethrough-none\">Pa\u0144stwa codzienna praca, pe\u0142na po\u015bwi\u0119cenia i oddania , jest fundamentem, na kt\u00f3rym m\u0142ode pokolenia buduj\u0105 swoj\u0105 przysz\u0142o\u015b\u0107. <\/span><\/p>\n<p class=\"cvGsUA direction-ltr align-justify para-style-body\"><span class=\"OYPEnA font-feature-liga-off font-feature-clig-off font-feature-calt-off text-decoration-none text-strikethrough-none\">\u017byczymy, aby ka\u017cdy dzie\u0144 przynosi\u0142 Pa\u0144stwu rado\u015b\u0107, motywacj\u0119 <\/span><span class=\"OYPEnA font-feature-liga-off font-feature-clig-off font-feature-calt-off text-decoration-none text-strikethrough-none\">i dum\u0119 z osi\u0105gni\u0119\u0107 uczni\u00f3w. <\/span><\/p>\n<p class=\"cvGsUA direction-ltr align-justify para-style-body\"><span class=\"OYPEnA font-feature-liga-off font-feature-clig-off font-feature-calt-off text-decoration-none text-strikethrough-none\">Niech wytrwa\u0142o\u015b\u0107, pasja oraz uznanie ze strony spo\u0142eczno\u015bci b\u0119d\u0105 sta\u0142ym \u017ar\u00f3d\u0142em satysfakcji w tej wyj\u0105tkowej misji.<\/span><\/p>\n<p>&nbsp;<\/p>\n<hr \/>\n<p style=\"text-align: center;\"><span class=\"OYPEnA text-decoration-none text-strikethrough-none\"> \u017cyczenia sk\u0142adaj\u0105 w imieniu Zarz\u0105du <\/span><\/p>\n<p style=\"text-align: center;\"><span class=\"OYPEnA text-decoration-none text-strikethrough-none\">Starosta Ma\u0142gorzata Szczepa\u0144ska<br \/>\n<\/span><\/p>\n<p class=\"cvGsUA direction-ltr align-start para-style-body\" style=\"text-align: center;\"><span class=\"OYPEnA text-decoration-none text-strikethrough-none\">w imieniu Rady Powiatu<\/span><\/p>\n<p class=\"cvGsUA direction-ltr align-justify para-style-body\" style=\"text-align: center;\"><span class=\"OYPEnA text-decoration-none text-strikethrough-none\">Przewodnicz\u0105cy<\/span> <span class=\"OYPEnA text-decoration-none text-strikethrough-none\">Rady Powiatu<\/span><\/p>\n<p class=\"cvGsUA direction-ltr align-justify para-style-body\" style=\"text-align: center;\"><span class=\"OYPEnA text-decoration-none text-strikethrough-none\">Olgierd Poni\u017anik<br \/>\n<\/span><\/p>\n<p><img decoding=\"async\" class=\"wp-image-8249  aligncenter\" src=\"https:\/\/powiatlwowecki.pl\/wp-content\/uploads\/2024\/10\/Jasnozielona-Bezowa-Podziekowania-Pogrzeb-Kartka-Pozioma-300x200.jpg\" alt=\"\" width=\"731\" height=\"487\" srcset=\"https:\/\/powiatlwowecki.pl\/wp-content\/uploads\/2024\/10\/Jasnozielona-Bezowa-Podziekowania-Pogrzeb-Kartka-Pozioma-24x16.jpg 24w, https:\/\/powiatlwowecki.pl\/wp-content\/uploads\/2024\/10\/Jasnozielona-Bezowa-Podziekowania-Pogrzeb-Kartka-Pozioma-36x24.jpg 36w, https:\/\/powiatlwowecki.pl\/wp-content\/uploads\/2024\/10\/Jasnozielona-Bezowa-Podziekowania-Pogrzeb-Kartka-Pozioma-48x32.jpg 48w, https:\/\/powiatlwowecki.pl\/wp-content\/uploads\/2024\/10\/Jasnozielona-Bezowa-Podziekowania-Pogrzeb-Kartka-Pozioma-200x133.jpg 200w, https:\/\/powiatlwowecki.pl\/wp-content\/uploads\/2024\/10\/Jasnozielona-Bezowa-Podziekowania-Pogrzeb-Kartka-Pozioma-300x200.jpg 300w, https:\/\/powiatlwowecki.pl\/wp-content\/uploads\/2024\/10\/Jasnozielona-Bezowa-Podziekowania-Pogrzeb-Kartka-Pozioma-400x267.jpg 400w, https:\/\/powiatlwowecki.pl\/wp-content\/uploads\/2024\/10\/Jasnozielona-Bezowa-Podziekowania-Pogrzeb-Kartka-Pozioma-600x400.jpg 600w, https:\/\/powiatlwowecki.pl\/wp-content\/uploads\/2024\/10\/Jasnozielona-Bezowa-Podziekowania-Pogrzeb-Kartka-Pozioma-768x512.jpg 768w, https:\/\/powiatlwowecki.pl\/wp-content\/uploads\/2024\/10\/Jasnozielona-Bezowa-Podziekowania-Pogrzeb-Kartka-Pozioma-800x533.jpg 800w, https:\/\/powiatlwowecki.pl\/wp-content\/uploads\/2024\/10\/Jasnozielona-Bezowa-Podziekowania-Pogrzeb-Kartka-Pozioma-1024x683.jpg 1024w, https:\/\/powiatlwowecki.pl\/wp-content\/uploads\/2024\/10\/Jasnozielona-Bezowa-Podziekowania-Pogrzeb-Kartka-Pozioma-1200x800.jpg 1200w, https:\/\/powiatlwowecki.pl\/wp-content\/uploads\/2024\/10\/Jasnozielona-Bezowa-Podziekowania-Pogrzeb-Kartka-Pozioma-1536x1024.jpg 1536w, https:\/\/powiatlwowecki.pl\/wp-content\/uploads\/2024\/10\/Jasnozielona-Bezowa-Podziekowania-Pogrzeb-Kartka-Pozioma.jpg 1800w\" sizes=\"(max-width: 731px) 100vw, 731px\" \/><\/p>\n","protected":false},"excerpt":{"rendered":"<p>Z okazji Dnia Edukacji Narodowej sk\u0142adamy najserdeczniejsze \u017cyczenia. Pa\u0144stwa codzienna praca, pe\u0142na po\u015bwi\u0119cenia i oddania , jest fundamentem, na kt\u00f3rym m\u0142ode pokolenia buduj\u0105 swoj\u0105 przysz\u0142o\u015b\u0107. \u017byczymy, aby ka\u017cdy dzie\u0144 przynosi\u0142 Pa\u0144stwu rado\u015b\u0107, motywacj\u0119 i dum\u0119  [&#8230;]<\/p>\n","protected":false},"author":8,"featured_media":8249,"comment_status":"closed","ping_status":"closed","sticky":false,"template":"","format":"standard","meta":{"_acf_changed":false,"footnotes":""},"categories":[5],"tags":[],"class_list":["post-8250","post","type-post","status-publish","format-standard","has-post-thumbnail","hentry","category-aktualnosci"],"acf":{"kal_data_wydarzenia":""},"_links":{"self":[{"href":"https:\/\/powiatlwowecki.pl\/plci_json_endpoint\/wp\/v2\/posts\/8250","targetHints":{"allow":["GET"]}}],"collection":[{"href":"https:\/\/powiatlwowecki.pl\/plci_json_endpoint\/wp\/v2\/posts"}],"about":[{"href":"https:\/\/powiatlwowecki.pl\/plci_json_endpoint\/wp\/v2\/types\/post"}],"author":[{"embeddable":true,"href":"https:\/\/powiatlwowecki.pl\/plci_json_endpoint\/wp\/v2\/users\/8"}],"replies":[{"embeddable":true,"href":"https:\/\/powiatlwowecki.pl\/plci_json_endpoint\/wp\/v2\/comments?post=8250"}],"version-history":[{"count":1,"href":"https:\/\/powiatlwowecki.pl\/plci_json_endpoint\/wp\/v2\/posts\/8250\/revisions"}],"predecessor-version":[{"id":8251,"href":"https:\/\/powiatlwowecki.pl\/plci_json_endpoint\/wp\/v2\/posts\/8250\/revisions\/8251"}],"wp:featuredmedia":[{"embeddable":true,"href":"https:\/\/powiatlwowecki.pl\/plci_json_endpoint\/wp\/v2\/media\/8249"}],"wp:attachment":[{"href":"https:\/\/powiatlwowecki.pl\/plci_json_endpoint\/wp\/v2\/media?parent=8250"}],"wp:term":[{"taxonomy":"category","embeddable":true,"href":"https:\/\/powiatlwowecki.pl\/plci_json_endpoint\/wp\/v2\/categories?post=8250"},{"taxonomy":"post_tag","embeddable":true,"href":"https:\/\/powiatlwowecki.pl\/plci_json_endpoint\/wp\/v2\/tags?post=8250"}],"curies":[{"name":"wp","href":"https:\/\/api.w.org\/{rel}","templated":true}]}}