{"id":8020,"date":"2024-09-15T23:26:14","date_gmt":"2024-09-15T21:26:14","guid":{"rendered":"https:\/\/powiatlwowecki.pl\/?p=8020"},"modified":"2024-09-15T23:26:14","modified_gmt":"2024-09-15T21:26:14","slug":"w-poniedzialek-16-wrzesnia-starostwo-powiatowe-w-lwowku-slaskim-bedzie-nieczynne","status":"publish","type":"post","link":"https:\/\/powiatlwowecki.pl\/w-poniedzialek-16-wrzesnia-starostwo-powiatowe-w-lwowku-slaskim-bedzie-nieczynne\/","title":{"rendered":"W poniedzia\u0142ek 16 wrze\u015bnia Starostwo Powiatowe w Lw\u00f3wku \u015al\u0105skim b\u0119dzie nieczynne"},"content":{"rendered":"<div class=\"html-div xdj266r x11i5rnm xat24cr x1mh8g0r xexx8yu x4uap5 x18d9i69 xkhd6sd\" dir=\"auto\">\n<div id=\":rjf:\" class=\"x1l90r2v x1pi30zi x1swvt13 x1iorvi4\" data-ad-comet-preview=\"message\" data-ad-preview=\"message\">\n<div class=\"x78zum5 xdt5ytf xz62fqu x16ldp7u\">\n<div class=\"xu06os2 x1ok221b\">\n<div class=\"xdj266r x11i5rnm xat24cr x1mh8g0r x1vvkbs x126k92a\">\n<div dir=\"auto\">Informujemy, \u017ce w poniedzia\u0142ek, 16 wrze\u015bnia, Starostwo Powiatowe w Lw\u00f3wku \u015al\u0105skim b\u0119dzie nieczynne. Jednocze\u015bnie zach\u0119camy, aby w sytuacjach, gdy za\u0142atwienie sprawy w naszym urz\u0119dzie nie wymaga osobistego stawiennictwa, skorzysta\u0107 z innych form komunikacji: maila oraz skrzynki ePUAP.<\/div>\n<\/div>\n<\/div>\n<\/div>\n<\/div>\n<\/div>\n","protected":false},"excerpt":{"rendered":"<p>Informujemy, \u017ce w poniedzia\u0142ek, 16 wrze\u015bnia, Starostwo Powiatowe w Lw\u00f3wku \u015al\u0105skim b\u0119dzie nieczynne. Jednocze\u015bnie zach\u0119camy, aby w sytuacjach, gdy za\u0142atwienie sprawy w naszym urz\u0119dzie nie wymaga osobistego stawiennictwa, skorzysta\u0107 z innych form komunikacji: maila oraz  [&#8230;]<\/p>\n","protected":false},"author":4,"featured_media":8021,"comment_status":"closed","ping_status":"closed","sticky":false,"template":"","format":"standard","meta":{"_acf_changed":false,"footnotes":""},"categories":[5],"tags":[],"class_list":["post-8020","post","type-post","status-publish","format-standard","has-post-thumbnail","hentry","category-aktualnosci"],"acf":{"kal_data_wydarzenia":""},"_links":{"self":[{"href":"https:\/\/powiatlwowecki.pl\/plci_json_endpoint\/wp\/v2\/posts\/8020","targetHints":{"allow":["GET"]}}],"collection":[{"href":"https:\/\/powiatlwowecki.pl\/plci_json_endpoint\/wp\/v2\/posts"}],"about":[{"href":"https:\/\/powiatlwowecki.pl\/plci_json_endpoint\/wp\/v2\/types\/post"}],"author":[{"embeddable":true,"href":"https:\/\/powiatlwowecki.pl\/plci_json_endpoint\/wp\/v2\/users\/4"}],"replies":[{"embeddable":true,"href":"https:\/\/powiatlwowecki.pl\/plci_json_endpoint\/wp\/v2\/comments?post=8020"}],"version-history":[{"count":1,"href":"https:\/\/powiatlwowecki.pl\/plci_json_endpoint\/wp\/v2\/posts\/8020\/revisions"}],"predecessor-version":[{"id":8022,"href":"https:\/\/powiatlwowecki.pl\/plci_json_endpoint\/wp\/v2\/posts\/8020\/revisions\/8022"}],"wp:featuredmedia":[{"embeddable":true,"href":"https:\/\/powiatlwowecki.pl\/plci_json_endpoint\/wp\/v2\/media\/8021"}],"wp:attachment":[{"href":"https:\/\/powiatlwowecki.pl\/plci_json_endpoint\/wp\/v2\/media?parent=8020"}],"wp:term":[{"taxonomy":"category","embeddable":true,"href":"https:\/\/powiatlwowecki.pl\/plci_json_endpoint\/wp\/v2\/categories?post=8020"},{"taxonomy":"post_tag","embeddable":true,"href":"https:\/\/powiatlwowecki.pl\/plci_json_endpoint\/wp\/v2\/tags?post=8020"}],"curies":[{"name":"wp","href":"https:\/\/api.w.org\/{rel}","templated":true}]}}