{"id":8012,"date":"2024-09-15T12:03:33","date_gmt":"2024-09-15T10:03:33","guid":{"rendered":"https:\/\/powiatlwowecki.pl\/?p=8012"},"modified":"2024-09-15T12:03:33","modified_gmt":"2024-09-15T10:03:33","slug":"8012-2","status":"publish","type":"post","link":"https:\/\/powiatlwowecki.pl\/8012-2\/","title":{"rendered":""},"content":{"rendered":"<div class=\"html-div xdj266r x11i5rnm xat24cr x1mh8g0r xexx8yu x4uap5 x18d9i69 xkhd6sd\" dir=\"auto\">\n<div id=\":r5i:\" class=\"x1l90r2v x1pi30zi x1swvt13 x1iorvi4\" data-ad-comet-preview=\"message\" data-ad-preview=\"message\">\n<div class=\"x78zum5 xdt5ytf xz62fqu x16ldp7u\">\n<div class=\"xu06os2 x1ok221b\">\n<div class=\"xdj266r x11i5rnm xat24cr x1mh8g0r x1vvkbs x126k92a\">\n<div dir=\"auto\" style=\"text-align: center;\"><span style=\"font-size: 24pt;\">Ze wzgl\u0119du na utrzymuj\u0105ce si\u0119 trudne warunki pogodowe i zagro\u017cenie powodziowe, podj\u0119to decyzje o odwo\u0142aniu zaj\u0119\u0107 lekcyjnych w dniu 16.09.2024 r. w szko\u0142ach:<\/span><\/div>\n<div dir=\"auto\" style=\"text-align: center;\"><span style=\"font-size: 24pt;\">Zesp\u00f3\u0142 Plac\u00f3wek Edukacyjno- Wychowawczych w Lw\u00f3wku \u015al\u0105skim<\/span><\/div>\n<div dir=\"auto\" style=\"text-align: center;\"><span style=\"font-size: 24pt;\">Zesp\u00f3\u0142 Szk\u00f3\u0142 Og\u00f3lnokszta\u0142c\u0105cych i Zawodowych w Lw\u00f3wku \u015al\u0105skim<\/span><\/div>\n<div dir=\"auto\" style=\"text-align: center;\"><span style=\"font-size: 24pt;\">Zesp\u00f3\u0142 Szk\u00f3\u0142 Ekonomiczno-Technicznych w Rakowicach Wielkich<\/span><\/div>\n<div dir=\"auto\" style=\"text-align: center;\"><span style=\"font-size: 24pt;\">Zesp\u00f3\u0142 Szk\u00f3\u0142 Og\u00f3lnokszta\u0142c\u0105cych i Zawodowych w Gryfowie \u015al\u0105skim<\/span><\/div>\n<div dir=\"auto\" style=\"text-align: center;\"><span style=\"font-size: 24pt;\">Decyzja ta zosta\u0142a podj\u0119ta w trosce o bezpiecze\u0144stwo uczni\u00f3w i pracownik\u00f3w.<\/span><\/div>\n<\/div>\n<\/div>\n<\/div>\n<\/div>\n<\/div>\n","protected":false},"excerpt":{"rendered":"<p>Ze wzgl\u0119du na utrzymuj\u0105ce si\u0119 trudne warunki pogodowe i zagro\u017cenie powodziowe, podj\u0119to decyzje o odwo\u0142aniu zaj\u0119\u0107 lekcyjnych w dniu 16.09.2024 r. w szko\u0142ach: Zesp\u00f3\u0142 Plac\u00f3wek Edukacyjno- Wychowawczych w Lw\u00f3wku \u015al\u0105skim Zesp\u00f3\u0142 Szk\u00f3\u0142 Og\u00f3lnokszta\u0142c\u0105cych i Zawodowych  [&#8230;]<\/p>\n","protected":false},"author":8,"featured_media":8011,"comment_status":"closed","ping_status":"closed","sticky":false,"template":"","format":"standard","meta":{"_acf_changed":false,"footnotes":""},"categories":[5],"tags":[],"class_list":["post-8012","post","type-post","status-publish","format-standard","has-post-thumbnail","hentry","category-aktualnosci"],"acf":{"kal_data_wydarzenia":""},"_links":{"self":[{"href":"https:\/\/powiatlwowecki.pl\/plci_json_endpoint\/wp\/v2\/posts\/8012","targetHints":{"allow":["GET"]}}],"collection":[{"href":"https:\/\/powiatlwowecki.pl\/plci_json_endpoint\/wp\/v2\/posts"}],"about":[{"href":"https:\/\/powiatlwowecki.pl\/plci_json_endpoint\/wp\/v2\/types\/post"}],"author":[{"embeddable":true,"href":"https:\/\/powiatlwowecki.pl\/plci_json_endpoint\/wp\/v2\/users\/8"}],"replies":[{"embeddable":true,"href":"https:\/\/powiatlwowecki.pl\/plci_json_endpoint\/wp\/v2\/comments?post=8012"}],"version-history":[{"count":2,"href":"https:\/\/powiatlwowecki.pl\/plci_json_endpoint\/wp\/v2\/posts\/8012\/revisions"}],"predecessor-version":[{"id":8014,"href":"https:\/\/powiatlwowecki.pl\/plci_json_endpoint\/wp\/v2\/posts\/8012\/revisions\/8014"}],"wp:featuredmedia":[{"embeddable":true,"href":"https:\/\/powiatlwowecki.pl\/plci_json_endpoint\/wp\/v2\/media\/8011"}],"wp:attachment":[{"href":"https:\/\/powiatlwowecki.pl\/plci_json_endpoint\/wp\/v2\/media?parent=8012"}],"wp:term":[{"taxonomy":"category","embeddable":true,"href":"https:\/\/powiatlwowecki.pl\/plci_json_endpoint\/wp\/v2\/categories?post=8012"},{"taxonomy":"post_tag","embeddable":true,"href":"https:\/\/powiatlwowecki.pl\/plci_json_endpoint\/wp\/v2\/tags?post=8012"}],"curies":[{"name":"wp","href":"https:\/\/api.w.org\/{rel}","templated":true}]}}