{"id":7922,"date":"2024-09-04T14:58:00","date_gmt":"2024-09-04T12:58:00","guid":{"rendered":"https:\/\/powiatlwowecki.pl\/?p=7922"},"modified":"2024-10-23T13:43:42","modified_gmt":"2024-10-23T11:43:42","slug":"powiat-lwowecki-realizuje-projekt-pomocna-dlon-dla-powiatu-lwoweckiego","status":"publish","type":"post","link":"https:\/\/powiatlwowecki.pl\/powiat-lwowecki-realizuje-projekt-pomocna-dlon-dla-powiatu-lwoweckiego\/","title":{"rendered":"Powiat Lw\u00f3wecki realizuje projekt \u201ePomocna D\u0142o\u0144 dla powiatu lw\u00f3weckiego\u201d"},"content":{"rendered":"<p>Powiat lw\u00f3wecki przyst\u0119puje do realizacji projektu \u201ePomocna D\u0142o\u0144 dla powiatu lw\u00f3weckiego \u2013 us\u0142ugi opieku\u0144cze dla os\u00f3b wymagaj\u0105cych wsparcia\u201d. Projekt otrzyma\u0142 dofinansowanie w wysoko\u015bci 3 <img decoding=\"async\" class=\" wp-image-7923 alignright\" src=\"https:\/\/powiatlwowecki.pl\/wp-content\/uploads\/2024\/09\/certyfikat-210x300.png\" alt=\"\" width=\"420\" height=\"601\" srcset=\"https:\/\/powiatlwowecki.pl\/wp-content\/uploads\/2024\/09\/certyfikat-17x24.png 17w, https:\/\/powiatlwowecki.pl\/wp-content\/uploads\/2024\/09\/certyfikat-25x36.png 25w, https:\/\/powiatlwowecki.pl\/wp-content\/uploads\/2024\/09\/certyfikat-34x48.png 34w, https:\/\/powiatlwowecki.pl\/wp-content\/uploads\/2024\/09\/certyfikat-200x286.png 200w, https:\/\/powiatlwowecki.pl\/wp-content\/uploads\/2024\/09\/certyfikat-210x300.png 210w, https:\/\/powiatlwowecki.pl\/wp-content\/uploads\/2024\/09\/certyfikat-400x571.png 400w, https:\/\/powiatlwowecki.pl\/wp-content\/uploads\/2024\/09\/certyfikat-600x857.png 600w, https:\/\/powiatlwowecki.pl\/wp-content\/uploads\/2024\/09\/certyfikat.png 666w\" sizes=\"(max-width: 420px) 100vw, 420px\" \/>920 131,99 PLN z Funduszy Europejskich dla Dolnego \u015al\u0105ska na lata 2021-2027. Wk\u0142ad w\u0142asny 206 322,74 PLN. Ca\u0142kowita warto\u015b\u0107 projektu wynosi 4 126 454,73 PLN.<\/p>\n<p><span style=\"font-size: 14pt;\"><strong>Cel projektu:<\/strong><\/span><\/p>\n<p>Projekt ma na celu zwi\u0119kszenie dost\u0119pno\u015bci wysokiej jako\u015bci us\u0142ug spo\u0142ecznych dla 115 os\u00f3b z powiatu lw\u00f3weckiego, kt\u00f3re potrzebuj\u0105 wsparcia w codziennym funkcjonowaniu. W ramach projektu planowane jest:<\/p>\n<p>&#8211; Utworzenie 12 nowych miejsc \u015bwiadczenia us\u0142ug w Dziennym Domu Pomocy (DDP).<\/p>\n<p>&#8211; Zwi\u0119kszenie liczby os\u00f3b \u015bwiadcz\u0105cych us\u0142ugi spo\u0142eczne o 19, w tym us\u0142ugi opieku\u0144cze i specjalistyczne (fizjoterapia, dietetyka, psychologia).<\/p>\n<p>&#8211; Wprowadzenie teleopieki dla 60 os\u00f3b doros\u0142ych.<\/p>\n<p><span style=\"font-size: 14pt;\"><strong>Grupa docelowa:<\/strong><\/span><\/p>\n<p>Projekt skierowany jest do 115 os\u00f3b z powiatu lw\u00f3weckiego, w tym 60 os\u00f3b doros\u0142ych oraz 55 dzieci i m\u0142odzie\u017cy. W\u015br\u00f3d nich znajduje si\u0119 19 os\u00f3b z niepe\u0142nosprawno\u015bciami.<\/p>\n<p><span style=\"font-size: 14pt;\"><strong>Dzia\u0142ania<\/strong><\/span><\/p>\n<p>W ramach projektu przewidziane s\u0105 nast\u0119puj\u0105ce dzia\u0142ania:<\/p>\n<p>&#8211; Wyposa\u017cenie i uruchomienie Dziennego Domu Pomocy (DDP), kt\u00f3ry b\u0119dzie oferowa\u0142 us\u0142ugi opieku\u0144cze i specjalistyczne dla 30 os\u00f3b doros\u0142ych.<\/p>\n<p>&#8211; \u015awiadczenie us\u0142ug opieku\u0144czych w miejscu zamieszkania dla 30 os\u00f3b doros\u0142ych i 55 dzieci oraz m\u0142odzie\u017cy.<\/p>\n<p>&#8211; Wprowadzenie teleopieki jako dodatkowego wsparcia dla 60 os\u00f3b doros\u0142ych.<\/p>\n<p><span style=\"font-size: 14pt;\"><strong>Okres realizacji:<\/strong><\/span><\/p>\n<p>Projekt b\u0119dzie realizowany od 1 lipca 2024 roku do 30 czerwca 2026 roku.<\/p>\n<p>&nbsp;<\/p>\n<p>DOKUMENTY REKRUTACYJNE: <a href=\"https:\/\/powiatlwowecki.pl\/pomocna-dlon-dla-powiatu-lwoweckiego-2\/\">https:\/\/powiatlwowecki.pl\/pomocna-dlon-dla-powiatu-lwoweckiego-2\/<\/a><\/p>\n<p><img decoding=\"async\" class=\"alignnone wp-image-6017\" src=\"https:\/\/powiatlwowecki.pl\/wp-content\/uploads\/2024\/02\/Logo-aktywne-ksztalcenie-300x32.jpg\" alt=\"\" width=\"1125\" height=\"120\" srcset=\"https:\/\/powiatlwowecki.pl\/wp-content\/uploads\/2024\/02\/Logo-aktywne-ksztalcenie-24x3.jpg 24w, https:\/\/powiatlwowecki.pl\/wp-content\/uploads\/2024\/02\/Logo-aktywne-ksztalcenie-36x4.jpg 36w, https:\/\/powiatlwowecki.pl\/wp-content\/uploads\/2024\/02\/Logo-aktywne-ksztalcenie-48x5.jpg 48w, https:\/\/powiatlwowecki.pl\/wp-content\/uploads\/2024\/02\/Logo-aktywne-ksztalcenie-200x21.jpg 200w, https:\/\/powiatlwowecki.pl\/wp-content\/uploads\/2024\/02\/Logo-aktywne-ksztalcenie-300x32.jpg 300w, https:\/\/powiatlwowecki.pl\/wp-content\/uploads\/2024\/02\/Logo-aktywne-ksztalcenie-400x42.jpg 400w, https:\/\/powiatlwowecki.pl\/wp-content\/uploads\/2024\/02\/Logo-aktywne-ksztalcenie-600x63.jpg 600w, https:\/\/powiatlwowecki.pl\/wp-content\/uploads\/2024\/02\/Logo-aktywne-ksztalcenie-768x81.jpg 768w, https:\/\/powiatlwowecki.pl\/wp-content\/uploads\/2024\/02\/Logo-aktywne-ksztalcenie-800x84.jpg 800w, https:\/\/powiatlwowecki.pl\/wp-content\/uploads\/2024\/02\/Logo-aktywne-ksztalcenie-1024x108.jpg 1024w, https:\/\/powiatlwowecki.pl\/wp-content\/uploads\/2024\/02\/Logo-aktywne-ksztalcenie.jpg 1386w\" sizes=\"(max-width: 1125px) 100vw, 1125px\" \/><\/p>\n<p>&nbsp;<\/p>\n","protected":false},"excerpt":{"rendered":"<p>Powiat lw\u00f3wecki przyst\u0119puje do realizacji projektu \u201ePomocna D\u0142o\u0144 dla powiatu lw\u00f3weckiego \u2013 us\u0142ugi opieku\u0144cze dla os\u00f3b wymagaj\u0105cych wsparcia\u201d. Projekt otrzyma\u0142 dofinansowanie w wysoko\u015bci 3 920 131,99 PLN z Funduszy Europejskich dla Dolnego \u015al\u0105ska na lata  [&#8230;]<\/p>\n","protected":false},"author":8,"featured_media":7925,"comment_status":"closed","ping_status":"closed","sticky":false,"template":"","format":"standard","meta":{"_acf_changed":false,"footnotes":""},"categories":[5],"tags":[],"class_list":["post-7922","post","type-post","status-publish","format-standard","has-post-thumbnail","hentry","category-aktualnosci"],"acf":{"kal_data_wydarzenia":""},"_links":{"self":[{"href":"https:\/\/powiatlwowecki.pl\/plci_json_endpoint\/wp\/v2\/posts\/7922","targetHints":{"allow":["GET"]}}],"collection":[{"href":"https:\/\/powiatlwowecki.pl\/plci_json_endpoint\/wp\/v2\/posts"}],"about":[{"href":"https:\/\/powiatlwowecki.pl\/plci_json_endpoint\/wp\/v2\/types\/post"}],"author":[{"embeddable":true,"href":"https:\/\/powiatlwowecki.pl\/plci_json_endpoint\/wp\/v2\/users\/8"}],"replies":[{"embeddable":true,"href":"https:\/\/powiatlwowecki.pl\/plci_json_endpoint\/wp\/v2\/comments?post=7922"}],"version-history":[{"count":6,"href":"https:\/\/powiatlwowecki.pl\/plci_json_endpoint\/wp\/v2\/posts\/7922\/revisions"}],"predecessor-version":[{"id":8367,"href":"https:\/\/powiatlwowecki.pl\/plci_json_endpoint\/wp\/v2\/posts\/7922\/revisions\/8367"}],"wp:featuredmedia":[{"embeddable":true,"href":"https:\/\/powiatlwowecki.pl\/plci_json_endpoint\/wp\/v2\/media\/7925"}],"wp:attachment":[{"href":"https:\/\/powiatlwowecki.pl\/plci_json_endpoint\/wp\/v2\/media?parent=7922"}],"wp:term":[{"taxonomy":"category","embeddable":true,"href":"https:\/\/powiatlwowecki.pl\/plci_json_endpoint\/wp\/v2\/categories?post=7922"},{"taxonomy":"post_tag","embeddable":true,"href":"https:\/\/powiatlwowecki.pl\/plci_json_endpoint\/wp\/v2\/tags?post=7922"}],"curies":[{"name":"wp","href":"https:\/\/api.w.org\/{rel}","templated":true}]}}