{"id":7551,"date":"2024-06-12T13:21:35","date_gmt":"2024-06-12T11:21:35","guid":{"rendered":"https:\/\/powiatlwowecki.pl\/?p=7551"},"modified":"2024-06-12T13:22:28","modified_gmt":"2024-06-12T11:22:28","slug":"zmiana-rachunku-bankowego","status":"publish","type":"post","link":"https:\/\/powiatlwowecki.pl\/zmiana-rachunku-bankowego\/","title":{"rendered":"Zmiana rachunku bankowego"},"content":{"rendered":"<p style=\"text-align: center;\"><span style=\"font-size: 24pt;\">W zwi\u0105zku ze zmian\u0105 rachunku bankowego dochod\u00f3w\u00a0 Starostwa Powiatowego w Lw\u00f3wku \u015al\u0105skim, <strong>od 1 lipca 2024 r.<\/strong> wp\u0142aty z tytu\u0142u: op\u0142at geodezyjnych, komunikacyjnych, u\u017cytkowania wieczystego mienia powiatu, op\u0142aty za karty w\u0119dkarskie oraz op\u0142aty z najmu, nale\u017cy dokonywa\u0107 na rachunek bankowy <strong>74 1020 5226 0000 6802 0616 7748<\/strong>. <\/span><\/p>\n","protected":false},"excerpt":{"rendered":"<p>W zwi\u0105zku ze zmian\u0105 rachunku bankowego dochod\u00f3w\u00a0 Starostwa Powiatowego w Lw\u00f3wku \u015al\u0105skim, od 1 lipca 2024 r. wp\u0142aty z tytu\u0142u: op\u0142at geodezyjnych, komunikacyjnych, u\u017cytkowania wieczystego mienia powiatu, op\u0142aty za karty w\u0119dkarskie oraz op\u0142aty z najmu,  [&#8230;]<\/p>\n","protected":false},"author":8,"featured_media":3660,"comment_status":"closed","ping_status":"closed","sticky":false,"template":"","format":"standard","meta":{"_acf_changed":false,"footnotes":""},"categories":[5],"tags":[],"class_list":["post-7551","post","type-post","status-publish","format-standard","has-post-thumbnail","hentry","category-aktualnosci"],"acf":{"kal_data_wydarzenia":"20240701"},"_links":{"self":[{"href":"https:\/\/powiatlwowecki.pl\/plci_json_endpoint\/wp\/v2\/posts\/7551","targetHints":{"allow":["GET"]}}],"collection":[{"href":"https:\/\/powiatlwowecki.pl\/plci_json_endpoint\/wp\/v2\/posts"}],"about":[{"href":"https:\/\/powiatlwowecki.pl\/plci_json_endpoint\/wp\/v2\/types\/post"}],"author":[{"embeddable":true,"href":"https:\/\/powiatlwowecki.pl\/plci_json_endpoint\/wp\/v2\/users\/8"}],"replies":[{"embeddable":true,"href":"https:\/\/powiatlwowecki.pl\/plci_json_endpoint\/wp\/v2\/comments?post=7551"}],"version-history":[{"count":2,"href":"https:\/\/powiatlwowecki.pl\/plci_json_endpoint\/wp\/v2\/posts\/7551\/revisions"}],"predecessor-version":[{"id":7553,"href":"https:\/\/powiatlwowecki.pl\/plci_json_endpoint\/wp\/v2\/posts\/7551\/revisions\/7553"}],"wp:featuredmedia":[{"embeddable":true,"href":"https:\/\/powiatlwowecki.pl\/plci_json_endpoint\/wp\/v2\/media\/3660"}],"wp:attachment":[{"href":"https:\/\/powiatlwowecki.pl\/plci_json_endpoint\/wp\/v2\/media?parent=7551"}],"wp:term":[{"taxonomy":"category","embeddable":true,"href":"https:\/\/powiatlwowecki.pl\/plci_json_endpoint\/wp\/v2\/categories?post=7551"},{"taxonomy":"post_tag","embeddable":true,"href":"https:\/\/powiatlwowecki.pl\/plci_json_endpoint\/wp\/v2\/tags?post=7551"}],"curies":[{"name":"wp","href":"https:\/\/api.w.org\/{rel}","templated":true}]}}