{"id":7436,"date":"2024-05-28T14:27:59","date_gmt":"2024-05-28T12:27:59","guid":{"rendered":"https:\/\/powiatlwowecki.pl\/?p=7436"},"modified":"2024-05-28T14:27:59","modified_gmt":"2024-05-28T12:27:59","slug":"konkurs-na-stanowisko-dyrektora-powiatowego-osrodka-rozwoju-edukacji","status":"publish","type":"post","link":"https:\/\/powiatlwowecki.pl\/konkurs-na-stanowisko-dyrektora-powiatowego-osrodka-rozwoju-edukacji\/","title":{"rendered":"Konkurs na stanowisko dyrektora Powiatowego O\u015brodka Rozwoju Edukacji"},"content":{"rendered":"<p><img decoding=\"async\" class=\" wp-image-7438 aligncenter\" src=\"https:\/\/powiatlwowecki.pl\/wp-content\/uploads\/2024\/05\/konkurs-na-stanowisko-dyrektora.png\" alt=\"\" width=\"740\" height=\"361\" srcset=\"https:\/\/powiatlwowecki.pl\/wp-content\/uploads\/2024\/05\/konkurs-na-stanowisko-dyrektora-24x12.png 24w, https:\/\/powiatlwowecki.pl\/wp-content\/uploads\/2024\/05\/konkurs-na-stanowisko-dyrektora-36x18.png 36w, https:\/\/powiatlwowecki.pl\/wp-content\/uploads\/2024\/05\/konkurs-na-stanowisko-dyrektora-48x23.png 48w, https:\/\/powiatlwowecki.pl\/wp-content\/uploads\/2024\/05\/konkurs-na-stanowisko-dyrektora-200x98.png 200w, https:\/\/powiatlwowecki.pl\/wp-content\/uploads\/2024\/05\/konkurs-na-stanowisko-dyrektora-300x146.png 300w, https:\/\/powiatlwowecki.pl\/wp-content\/uploads\/2024\/05\/konkurs-na-stanowisko-dyrektora-400x195.png 400w, https:\/\/powiatlwowecki.pl\/wp-content\/uploads\/2024\/05\/konkurs-na-stanowisko-dyrektora-600x293.png 600w, https:\/\/powiatlwowecki.pl\/wp-content\/uploads\/2024\/05\/konkurs-na-stanowisko-dyrektora-768x375.png 768w, https:\/\/powiatlwowecki.pl\/wp-content\/uploads\/2024\/05\/konkurs-na-stanowisko-dyrektora-800x390.png 800w, https:\/\/powiatlwowecki.pl\/wp-content\/uploads\/2024\/05\/konkurs-na-stanowisko-dyrektora.png 820w\" sizes=\"(max-width: 740px) 100vw, 740px\" \/><\/p>\n<p style=\"text-align: center;\"><span style=\"font-family: Arial, Helvetica, sans-serif;\"><strong>Zarz\u0105d Powiatu Lw\u00f3weckiego \u2013 organ prowadz\u0105cy<\/strong><\/span><\/p>\n<p style=\"text-align: center;\"><span style=\"font-family: Arial, Helvetica, sans-serif;\"><strong>og\u0142asza konkurs na stanowisko<\/strong><\/span><\/p>\n<p style=\"text-align: center;\"><span style=\"font-family: Arial, Helvetica, sans-serif;\"><strong>dyrektora<\/strong><\/span><\/p>\n<p style=\"text-align: center;\"><span style=\"font-family: Arial, Helvetica, sans-serif;\"><strong>Powiatowego O\u015brodka Rozwoju Edukacji w Lw\u00f3wku \u015al\u0105skim<\/strong><\/span><\/p>\n<p style=\"text-align: center;\"><span style=\"font-family: Arial, Helvetica, sans-serif;\">(adres siedziby: ul. Henryka Brodatego 1, 59-600 Lw\u00f3wek \u015al\u0105ski)<\/span><\/p>\n<p>&nbsp;<\/p>\n<p>&nbsp;<\/p>\n<p><span style=\"font-family: Arial, Helvetica, sans-serif;\"><strong>I. <\/strong><\/span><span style=\"font-family: Arial, Helvetica, sans-serif;\"><strong>Wymogi na stanowisko dyrektora<\/strong><\/span><\/p>\n<p><span style=\"font-family: Arial, Helvetica, sans-serif;\">Stanowisko dyrektora, zgodnie z \u00a7 1 Rozporz\u0105dzeniem Ministra Edukacji Narodowej z dnia 11 sierpnia 2017 roku w sprawie wymaga\u0144, jakimi powinna odpowiada\u0107 osoba zajmuj\u0105ca stanowisko dyrektora w publicznej szkole ponadpodstawowej (Dz.U.2023.2578 t.j.) mo\u017ce zajmowa\u0107:<\/span><\/p>\n<ol>\n<li><span style=\"font-family: Arial, Helvetica, sans-serif;\"><strong> nauczyciel mianowany lub dyplomowany, kt\u00f3ry spe\u0142nia \u0142\u0105cznie nast\u0119puj\u0105ce wymagania:<\/strong><\/span><\/li>\n<\/ol>\n<ul>\n<li><span style=\"font-family: Arial, Helvetica, sans-serif;\">posiada wykszta\u0142cenie wy\u017csze i tytu\u0142 zawodowy magister, magister in\u017cynier lub r\u00f3wnorz\u0119dny, oraz przygotowanie pedagogiczne i kwalifikacje do zajmowania stanowiska nauczyciela w plac\u00f3wce;<\/span><\/li>\n<li><span style=\"font-family: Arial, Helvetica, sans-serif;\">uko\u0144czy\u0142 studia pierwszego stopnia, studia drugiego stopnia, jednolite studia magisterskie lub studia podyplomowe, z zakresu zarz\u0105dzania albo kurs kwalifikacyjny z\u00a0zakresu zarz\u0105dzania o\u015bwiat\u0105 prowadzony zgodnie z przepisami w sprawie plac\u00f3wek doskonalenia nauczycieli;<\/span><\/li>\n<li><span style=\"font-family: Arial, Helvetica, sans-serif;\">posiada co najmniej pi\u0119cioletni sta\u017c pracy pedagogicznej na stanowisku nauczyciela lub pi\u0119cioletni sta\u017c pracy dydaktycznej na stanowisku nauczyciela akademickiego;<\/span><\/li>\n<li><span style=\"font-family: Arial, Helvetica, sans-serif;\">uzyska\u0142:<\/span>\n<ol>\n<li><span style=\"font-family: Arial, Helvetica, sans-serif;\">co najmniej bardzo dobr\u0105 ocen\u0119 pracy w okresie ostatnich pi\u0119ciu lat pracy albo,<\/span><\/li>\n<li><span style=\"font-family: Arial, Helvetica, sans-serif;\">w przypadku nauczyciela akademickiego &#8211; pozytywn\u0105 ocen\u0119 pracy w okresie ostatnich czterech lat pracy w uczelni,<\/span><\/li>\n<\/ol>\n<\/li>\n<\/ul>\n<p><span style=\"font-family: Arial, Helvetica, sans-serif;\">&#8211; przed przyst\u0105pieniem do konkursu na stanowisko dyrektora;<\/span><\/p>\n<ul>\n<li><span style=\"font-family: Arial, Helvetica, sans-serif;\">spe\u0142nia warunki zdrowotne niezb\u0119dne do wykonywania pracy na stanowisku kierowniczym;<\/span><\/li>\n<li><span style=\"font-family: Arial, Helvetica, sans-serif;\">ma pe\u0142n\u0105 zdolno\u015b\u0107 do czynno\u015bci prawnych i korzysta z pe\u0142ni praw publicznych;<\/span><\/li>\n<li><span style=\"font-family: Arial, Helvetica, sans-serif;\">nie by\u0142 prawomocnie ukarany kar\u0105 dyscyplinarn\u0105, o kt\u00f3rej mowa w <a href=\"https:\/\/sip.lex.pl\/#\/document\/16790821?unitId=art(76)ust(1)&amp;cm=DOCUMENT\"> 76 ust. 1<\/a> ustawy z\u00a0dnia 26\u00a0stycznia 1982 r. &#8211; Karta Nauczyciela (Dz.U.2023.984 t.j. ze zm.), a w przypadku nauczyciela akademickiego &#8211; kar\u0105 dyscyplinarn\u0105, o kt\u00f3rej mowa w <a href=\"https:\/\/sip.lex.pl\/#\/document\/17215286?unitId=art(140)ust(1)&amp;cm=DOCUMENT\">art. 276 ust. 1<\/a> ustawy z\u00a0dnia 20\u00a0lipca 2018 r. &#8211; Prawo o szkolnictwie wy\u017cszym i nauce (Dz.U.2023.742 t.j. ze zm.), lub kar\u0105 dyscyplinarn\u0105, o\u00a0kt\u00f3rej mowa w <a href=\"https:\/\/sip.lex.pl\/#\/document\/17215286?unitId=art(140)ust(1)&amp;cm=DOCUMENT\">art. 140 ust. 1<\/a> ustawy z dnia 27\u00a0lipca 2005 r. &#8211; Prawo o szkolnictwie wy\u017cszym (Dz.U.2017.2183 t.j. ze zm.), oraz nie toczy si\u0119 przeciwko niemu post\u0119powanie dyscyplinarne;<\/span><\/li>\n<li><span style=\"font-family: Arial, Helvetica, sans-serif;\">nie by\u0142 skazany prawomocnym wyrokiem za umy\u015blne przest\u0119pstwo lub umy\u015blne przest\u0119pstwo skarbowe;<\/span><\/li>\n<li><span style=\"font-family: Arial, Helvetica, sans-serif;\">nie toczy si\u0119 przeciwko niemu post\u0119powanie o przest\u0119pstwo \u015bcigane z oskar\u017cenia publicznego;<\/span><\/li>\n<li><span style=\"font-family: Arial, Helvetica, sans-serif;\">nie by\u0142 karany zakazem pe\u0142nienia funkcji zwi\u0105zanych z dysponowaniem \u015brodkami publicznymi, o kt\u00f3rym mowa w <a href=\"https:\/\/sip.lex.pl\/#\/document\/17154532?unitId=art(31)ust(1)pkt(4)&amp;cm=DOCUMENT\"> 31 ust. 1 pkt 4<\/a> ustawy z dnia 17 grudnia 2004 r. o\u00a0odpowiedzialno\u015bci za\u00a0naruszenie dyscypliny finans\u00f3w publicznych (Dz.U.2024.104 t.j.);<\/span><\/li>\n<li><span style=\"font-family: Arial, Helvetica, sans-serif;\">w przypadku cudzoziemca &#8211; posiada znajomo\u015b\u0107 j\u0119zyka polskiego po\u015bwiadczon\u0105 na zasadach okre\u015blonych w <a href=\"https:\/\/sip.lex.pl\/#\/document\/16854899?cm=DOCUMENT\">ustawie<\/a> z dnia 7 pa\u017adziernika 1999 r. o j\u0119zyku polskim (Dz.U.2021.672 t.j. ze zm.), uko\u0144czy\u0142 studia pierwszego stopnia, studia drugiego stopnia lub jednolite studia magisterskie, na kierunku filologia polska lub jest t\u0142umaczem przysi\u0119g\u0142ym j\u0119zyka polskiego.<\/span><\/li>\n<\/ul>\n<p>&nbsp;<\/p>\n<ol start=\"2\">\n<li><span style=\"font-family: Arial, Helvetica, sans-serif;\"><strong> osoba nieb\u0119d\u0105ca nauczycielem, kt\u00f3ra spe\u0142nia \u0142\u0105cznie nast\u0119puj\u0105ce wymagania (zgodnie z\u00a0<\/strong><strong>\u00a7 6 wy\u017cej cytowanego rozporz\u0105dzenia):<\/strong><\/span><\/li>\n<\/ol>\n<ul>\n<li><span style=\"font-family: Arial, Helvetica, sans-serif;\"><strong>posiada obywatelstwo polskie, z tym \u017ce wym\u00f3g ten nie dotyczy obywateli pa\u0144stw cz\u0142onkowskich Unii Europejskiej, pa\u0144stw cz\u0142onkowskich Europejskiego Porozumienia o\u00a0Wolnym Handlu (EFTA) \u2013 stron umowy o Europejskim Obszarze Gospodarczym oraz Konfederacji Szwajcarskiej;<\/strong><\/span><\/li>\n<li><span style=\"font-family: Arial, Helvetica, sans-serif;\"><strong>posiada wykszta\u0142cenie wy\u017csze i tytu\u0142 zawodowy magister, magister in\u017cynier lub r\u00f3wnorz\u0119dny;<\/strong><\/span><\/li>\n<li><span style=\"font-family: Arial, Helvetica, sans-serif;\"><strong>posiada co najmniej pi\u0119cioletni sta\u017c pracy, w tym co najmniej dwuletni sta\u017c pracy na stanowisku kierowniczym;<\/strong><\/span><\/li>\n<li><span style=\"font-family: Arial, Helvetica, sans-serif;\"><strong>nie toczy si\u0119 przeciwko niej post\u0119powanie o przest\u0119pstwo \u015bcigane z oskar\u017cenia publicznego lub post\u0119powanie dyscyplinarne;<\/strong><\/span><\/li>\n<li><span style=\"font-family: Arial, Helvetica, sans-serif;\"><strong>spe\u0142nia wymagania okre\u015blone w ust. 1 (jak dla nauczyciela mianowanego lub dyplomowanego), w zakresie punkt\u00f3w:<\/strong> 2, 5, 6, 8, 10 i 11 og\u0142oszenia o konkursie.<\/span><\/li>\n<\/ul>\n<p>&nbsp;<\/p>\n<ol start=\"3\">\n<li><span style=\"font-family: Arial, Helvetica, sans-serif;\"><strong> nauczyciel mianowany lub dyplomowany (zgodnie z \u00a7 12 wy\u017cej cytowanego rozporz\u0105dzenia):<\/strong><\/span><\/li>\n<\/ol>\n<ul>\n<li><span style=\"font-family: Arial, Helvetica, sans-serif;\"><strong>zatrudniony na stanowisku<\/strong> wymagaj\u0105cym kwalifikacji pedagogicznych w urz\u0119dzie organu administracji rz\u0105dowej, kuratorium o\u015bwiaty, Centrum Edukacji Artystycznej, Centralnej Komisji Egzaminacyjnej i okr\u0119gowych komisjach egzaminacyjnych, lub<\/span><\/li>\n<li><span style=\"font-family: Arial, Helvetica, sans-serif;\"><strong>zatrudniony na stanowisku<\/strong> innym ni\u017c okre\u015blone w pkt 1, na kt\u00f3rym realizowane s\u0105 zadania z zakresu o\u015bwiaty, w urz\u0119dzie organu administracji rz\u0105dowej, kuratorium o\u015bwiaty, Centrum Edukacji Artystycznej, Centralnej Komisji Egzaminacyjnej i okr\u0119gowych komisjach egzaminacyjnych, lub na stanowisku, na kt\u00f3rym s\u0105 realizowane zadania z\u00a0zakresu o\u015bwiaty w urz\u0119dzie organu administracji samorz\u0105dowej, lub<\/span><\/li>\n<li><span style=\"font-family: Arial, Helvetica, sans-serif;\"><strong>urlopowany lub zwolniony z obowi\u0105zku \u015bwiadczenia pracy<\/strong> na podstawie przepis\u00f3w ustawy z\u00a0dnia 23 maja 1991 r. o zwi\u0105zkach zawodowych (Dz.U.2022.854 t.j.),<\/span><\/li>\n<\/ul>\n<p><span style=\"font-family: Arial, Helvetica, sans-serif;\">&#8211; spe\u0142niaj\u0105cy wymagania okre\u015blone w ust. 1<strong> jak dla nauczyciela mianowanego lub dyplomowanego, w zakresie <\/strong>punkt\u00f3w: 1-11, z wyj\u0105tkiem wymogu posiadania co najmniej bardzo dobrej oceny pracy.<\/span><\/p>\n<p>&nbsp;<\/p>\n<p><span style=\"font-family: Arial, Helvetica, sans-serif;\"><strong>II. <\/strong><\/span><span style=\"font-family: Arial, Helvetica, sans-serif;\"><strong>Wymagane dokumenty<\/strong><\/span><\/p>\n<p><span style=\"font-family: Arial, Helvetica, sans-serif;\"><strong>\u00a0<\/strong><\/span><span style=\"font-family: Arial, Helvetica, sans-serif;\">Oferta kandydata przyst\u0119puj\u0105cego do konkursu powinna zawiera\u0107 nast\u0119puj\u0105ce dokumenty:<\/span><\/p>\n<ol>\n<li><span style=\"font-family: Arial, Helvetica, sans-serif;\">uzasadnienie przyst\u0105pienia do konkursu oraz koncepcja funkcjonowania i rozwoju Powiatowego O\u015brodka Rozwoju Edukacji w Lw\u00f3wku \u015al\u0105skim,<\/span><\/li>\n<li><span style=\"font-family: Arial, Helvetica, sans-serif;\">\u017cyciorys z opisem przebiegu pracy zawodowej, zawieraj\u0105cy w szczeg\u00f3lno\u015bci informacj\u0119 o:<\/span><\/li>\n<\/ol>\n<ul>\n<li><span style=\"font-family: Arial, Helvetica, sans-serif;\">sta\u017cu pracy pedagogicznej &#8211; w przypadku nauczyciela, albo<\/span><\/li>\n<li><span style=\"font-family: Arial, Helvetica, sans-serif;\">sta\u017cu pracy dydaktycznej &#8211; w przypadku nauczyciela akademickiego, albo<\/span><\/li>\n<li><span style=\"font-family: Arial, Helvetica, sans-serif;\">sta\u017cu pracy, w tym sta\u017cu pracy na stanowisku kierowniczym &#8211; w przypadku osoby nieb\u0119d\u0105cej nauczycielem,<\/span><\/li>\n<\/ul>\n<ol>\n<li><span style=\"font-family: Arial, Helvetica, sans-serif;\">o\u015bwiadczenie zawieraj\u0105ce nast\u0119puj\u0105ce dane osobowe kandydata:<\/span><\/li>\n<\/ol>\n<ul>\n<li><span style=\"font-family: Arial, Helvetica, sans-serif;\">imi\u0119 (imiona) i nazwisko,<\/span><\/li>\n<li><span style=\"font-family: Arial, Helvetica, sans-serif;\">data i miejsce urodzenia,<\/span><\/li>\n<li><span style=\"font-family: Arial, Helvetica, sans-serif;\">obywatelstwo,<\/span><\/li>\n<li><span style=\"font-family: Arial, Helvetica, sans-serif;\">miejsce zamieszkania (adres do korespondencji),<\/span><\/li>\n<\/ul>\n<ol>\n<li><span style=\"font-family: Arial, Helvetica, sans-serif;\">po\u015bwiadczone przez kandydata za zgodno\u015b\u0107 z orygina\u0142em kopie dokument\u00f3w potwierdzaj\u0105cych posiadanie wymaganego sta\u017cu pracy, o kt\u00f3rym mowa w lit.\u00a0b: \u015bwiadectwa pracy, za\u015bwiadczenia o zatrudnieniu lub inne dokumenty potwierdzaj\u0105ce okres zatrudnienia,<\/span><\/li>\n<li><span style=\"font-family: Arial, Helvetica, sans-serif;\">po\u015bwiadczone przez kandydata za zgodno\u015b\u0107 z orygina\u0142em kopie dokument\u00f3w potwierdzaj\u0105cych posiadanie wymaganego wykszta\u0142cenia, w tym dyplomu uko\u0144czenia studi\u00f3w pierwszego stopnia, studi\u00f3w drugiego stopnia, jednolitych studi\u00f3w magisterskich lub \u015bwiadectwa uko\u0144czenia studi\u00f3w podyplomowych z zakresu zarz\u0105dzania albo \u015bwiadectwa uko\u0144czenia kursu kwalifikacyjnego z zakresu zarz\u0105dzania o\u015bwiat\u0105,<\/span><\/li>\n<li><span style=\"font-family: Arial, Helvetica, sans-serif;\">w przypadku cudzoziemca &#8211; po\u015bwiadczona przez kandydata za zgodno\u015b\u0107 z orygina\u0142em kopia:<\/span><\/li>\n<\/ol>\n<ul>\n<li><span style=\"font-family: Arial, Helvetica, sans-serif;\">dokumentu potwierdzaj\u0105cego znajomo\u015b\u0107 j\u0119zyka polskiego, o kt\u00f3rym mowa w <a href=\"https:\/\/sip.lex.pl\/#\/document\/16854899?cm=DOCUMENT\">ustawie<\/a> z dnia 7\u00a0pa\u017adziernika 1999 r. o j\u0119zyku polskim (Dz.U.2021.672 t.j. ze zm.), lub<\/span><\/li>\n<li><span style=\"font-family: Arial, Helvetica, sans-serif;\">dyplomu uko\u0144czenia studi\u00f3w pierwszego stopnia, studi\u00f3w drugiego stopnia lub jednolitych studi\u00f3w magisterskich, na kierunku filologia polska, lub<\/span><\/li>\n<li><span style=\"font-family: Arial, Helvetica, sans-serif;\">dokumentu potwierdzaj\u0105cego prawo do wykonywania zawodu t\u0142umacza przysi\u0119g\u0142ego j\u0119zyka polskiego,<\/span><\/li>\n<\/ul>\n<ol>\n<li><span style=\"font-family: Arial, Helvetica, sans-serif;\">po\u015bwiadczona przez kandydata za zgodno\u015b\u0107 z orygina\u0142em kopia za\u015bwiadczenia lekarskiego o\u00a0braku przeciwwskaza\u0144 zdrowotnych do wykonywania pracy na stanowisku kierowniczym,<\/span><\/li>\n<li><span style=\"font-family: Arial, Helvetica, sans-serif;\">o\u015bwiadczenie, \u017ce przeciwko kandydatowi nie toczy si\u0119 post\u0119powanie o przest\u0119pstwo \u015bcigane z\u00a0oskar\u017cenia publicznego lub post\u0119powanie dyscyplinarne,<\/span><\/li>\n<li><span style=\"font-family: Arial, Helvetica, sans-serif;\">o\u015bwiadczenie, \u017ce kandydat nie by\u0142 skazany prawomocnym wyrokiem za umy\u015blne przest\u0119pstwo lub umy\u015blne przest\u0119pstwo skarbowe,<\/span><\/li>\n<li><span style=\"font-family: Arial, Helvetica, sans-serif;\">o\u015bwiadczenie, \u017ce kandydat nie by\u0142 karany zakazem pe\u0142nienia funkcji zwi\u0105zanych z\u00a0dysponowaniem \u015brodkami publicznymi, o kt\u00f3rym mowa w <a href=\"https:\/\/sip.lex.pl\/#\/document\/17154532?unitId=art(31)ust(1)pkt(4)&amp;cm=DOCUMENT\"> 31 ust. 1 pkt 4<\/a> ustawy z\u00a0dnia 1 \u00a0grudnia 2004 r. o\u00a0odpowiedzialno\u015bci za naruszenie dyscypliny finans\u00f3w publicznych (Dz.U.2024. 104 t.j.),<\/span><\/li>\n<li><span style=\"font-family: Arial, Helvetica, sans-serif;\">po\u015bwiadczona przez kandydata za zgodno\u015b\u0107 z orygina\u0142em kopia aktu nadania stopnia nauczyciela mianowanego lub dyplomowanego &#8211; w przypadku nauczyciela,<\/span><\/li>\n<li><span style=\"font-family: Arial, Helvetica, sans-serif;\">po\u015bwiadczona przez kandydata za zgodno\u015b\u0107 z orygina\u0142em kopia karty oceny pracy lub oceny dorobku zawodowego &#8211; w przypadku nauczyciela i nauczyciela akademickiego,<\/span><\/li>\n<li><span style=\"font-family: Arial, Helvetica, sans-serif;\">w przypadku nauczyciela i nauczyciela akademickiego &#8211; o\u015bwiadczenie, \u017ce kandydat nie by\u0142 prawomocnie ukarany kar\u0105 dyscyplinarn\u0105, o kt\u00f3rej mowa w <a href=\"https:\/\/sip.lex.pl\/#\/document\/16790821?unitId=art(76)ust(1)&amp;cm=DOCUMENT\"> 76 ust. 1<\/a> ustawy z dnia 26\u00a0stycznia 1982 r. &#8211; Karta Nauczyciela (Dz.U.2023.984 t.j. ze zm.), lub kar\u0105 dyscyplinarn\u0105, o\u00a0kt\u00f3rej mowa w\u00a0<a href=\"https:\/\/sip.lex.pl\/#\/document\/17215286?unitId=art(140)ust(1)&amp;cm=DOCUMENT\">art. 276 ust. 1<\/a> ustawy z dnia 20\u00a0lipca 2018 r. &#8211; Prawo o\u00a0szkolnictwie wy\u017cszym i\u00a0nauce (Dz.U.2023.742 t.j. ze zm.), lub kar\u0105 dyscyplinarn\u0105, o kt\u00f3rej mowa w <a href=\"https:\/\/sip.lex.pl\/#\/document\/17215286?unitId=art(140)ust(1)&amp;cm=DOCUMENT\">art. 140 ust. 1<\/a> ustawy z dnia 27 lipca 2005 r. &#8211; Prawo o szkolnictwie wy\u017cszym (Dz.U.2017.2183 t.j. ze zm.),<\/span><\/li>\n<li><span style=\"font-family: Arial, Helvetica, sans-serif;\">o\u015bwiadczenie, \u017ce kandydat ma pe\u0142n\u0105 zdolno\u015b\u0107 do czynno\u015bci prawnych i korzysta z pe\u0142ni praw publicznych,<\/span><\/li>\n<li><span style=\"font-family: Arial, Helvetica, sans-serif;\">o\u015bwiadczenie o wyra\u017ceniu zgody na przetwarzanie danych osobowych do cel\u00f3w realizacji post\u0119powania konkursowego na stanowisko dyrektora Powiatowego O\u015brodka Rozwoju Edukacji w Lw\u00f3wku \u015al\u0105skim (wg za\u0142\u0105czonego wzoru).<\/span><\/li>\n<\/ol>\n<p><span style=\"font-family: Arial, Helvetica, sans-serif;\"><strong>\u00a0<\/strong><\/span><\/p>\n<p><span style=\"font-family: Arial, Helvetica, sans-serif;\"><strong>\u00a0III. <\/strong><\/span><span style=\"font-family: Arial, Helvetica, sans-serif;\"><strong>Sk\u0142adanie ofert i post\u0119powanie konkursowe<\/strong><\/span><\/p>\n<p><span style=\"font-family: Arial, Helvetica, sans-serif;\"><strong>\u00a0<\/strong><\/span><span style=\"font-family: Arial, Helvetica, sans-serif;\">Oferty nale\u017cy sk\u0142ada\u0107:<\/span><\/p>\n<ul>\n<li><span style=\"font-family: Arial, Helvetica, sans-serif;\"><strong>w formie papierowej w zamkni\u0119tych kopertach<\/strong> z dopiskiem:<\/span><\/li>\n<\/ul>\n<p><span style=\"font-family: Arial, Helvetica, sans-serif;\"><em>\u201eKonkurs na stanowisko dyrektora <\/em><\/span><\/p>\n<p><span style=\"font-family: Arial, Helvetica, sans-serif;\"><em>Powiatowego O\u015brodka Rozwoju Edukacji w Lw\u00f3wku \u015al\u0105skim\u201d<\/em><\/span><\/p>\n<p>&nbsp;<\/p>\n<p><span style=\"font-family: Arial, Helvetica, sans-serif;\">w sekretariacie lub na adres:<\/span><\/p>\n<p><span style=\"font-family: Arial, Helvetica, sans-serif;\">Starostwo Powiatowe w Lw\u00f3wku \u015al\u0105skim<\/span><\/p>\n<ol>\n<li><span style=\"font-family: Arial, Helvetica, sans-serif;\">Szpitalna 4, 59-600 Lw\u00f3wek \u015al\u0105ski<\/span><\/li>\n<\/ol>\n<p><span style=\"font-family: Arial, Helvetica, sans-serif;\">Na kopercie nale\u017cy poda\u0107 adres zwrotny, telefon kontaktowy i adres poczty elektronicznej kandydata<\/span><\/p>\n<p><span style=\"font-family: Arial, Helvetica, sans-serif;\">lub<\/span><\/p>\n<ul>\n<li><span style=\"font-family: Arial, Helvetica, sans-serif;\"><strong>w formie elektronicznej<\/strong>, przy czym oferta taka powinna by\u0107 opatrzona kwalifikowanym podpisem elektronicznym albo podpisana profilem zaufanym ePUAP i zawiera\u0107 elektroniczne kopie dokument\u00f3w wymaganych jako za\u0142\u0105czniki do oferty (PDF) na skrzynk\u0119 ePUAP Starostwa Powiatowego w Lw\u00f3wku \u015al\u0105skim: <strong>\/j3075uhbh4\/SkrytkaESP<\/strong><\/span><\/li>\n<\/ul>\n<p><span style=\"font-family: Arial, Helvetica, sans-serif;\"><strong>do dnia 18 czerwca 2024 r. do godz. 15.00<\/strong> (decyduje data wp\u0142ywu do sekretariatu).<\/span><\/p>\n<ol start=\"2\">\n<li><span style=\"font-family: Arial, Helvetica, sans-serif;\">O dok\u0142adnym terminie i miejscu przeprowadzenia post\u0119powania konkursowego kandydaci zostan\u0105 powiadomieni niezw\u0142ocznie po up\u0142ywie terminu sk\u0142adania ofert.<\/span><\/li>\n<li><span style=\"font-family: Arial, Helvetica, sans-serif;\">Konkurs przeprowadzi komisja konkursowa powo\u0142ana przez Zarz\u0105d Powiatu Lw\u00f3weckiego.<\/span><\/li>\n<\/ol>\n<p><span style=\"font-family: Arial, Helvetica, sans-serif;\"><strong>\u00a0<\/strong><\/span><\/p>\n<p><span style=\"font-family: Arial, Helvetica, sans-serif;\"><strong>IV. <\/strong><\/span><span style=\"font-family: Arial, Helvetica, sans-serif;\"><strong>Klauzula informacyjna o przetwarzaniu danych osobowych<\/strong><\/span><\/p>\n<p><span style=\"font-family: Arial, Helvetica, sans-serif;\"><strong>\u00a0<\/strong><\/span><\/p>\n<p><span style=\"font-family: Arial, Helvetica, sans-serif;\">Zgodnie z art. 13 ust. 1 i 2 Rozporz\u0105dzenia Parlamentu Europejskiego i Rady UE 2016\/679 z\u00a0dnia 27 kwietnia 2016 r. w sprawie ochrony os\u00f3b fizycznych w zwi\u0105zku z przetwarzaniem danych osobowych i w sprawie swobodnego przep\u0142ywu takich danych oraz uchylenia dyrektywy 95\/46\/WE (Dz.U. UE z\u00a0dnia 4 maja 2016 r. L 119\/1) &#8211; dalej RODO, informuj\u0119, \u017ce:<\/span><\/p>\n<p>&nbsp;<\/p>\n<ol>\n<li><span style=\"font-family: Arial, Helvetica, sans-serif;\">Administratorem Pani\/Pana danych osobowych w post\u0119powaniu rekrutacyjnym na stanowisko dyrektora Powiatowego O\u015brodka Rozwoju Edukacji w Lw\u00f3wku \u015al\u0105skim jest Starosta Lw\u00f3wecki (dalej: Administrator). Kontakt z Administratorem: Starostwo Powiatowe, ul. Szpitalna 4, 59-600 Lw\u00f3wek \u015al\u0105ski lub elektronicznie e-mail: <a href=\"mailto:sekretariat@powiatlwowecki.pl\">sekretariat@powiatlwowecki.pl<\/a>.<\/span><\/li>\n<li><span style=\"font-family: Arial, Helvetica, sans-serif;\">Administrator wyznaczy\u0142 Inspektora Ochrony Danych. Kontakt z Inspektorem: Magdalena Strzelecka, Starostwo Powiatowe ul. Szpitalna 4, 59-600 Lw\u00f3wek \u015al\u0105ski z\u00a0dopiskiem: \u201eInspektor Ochrony Danych\u201d lub elektronicznie e-mail: <a href=\"mailto:rodo@powiatlwowecki.pl\">rodo@powiatlwowecki.pl<\/a>.<\/span><\/li>\n<li><span style=\"font-family: Arial, Helvetica, sans-serif;\">Dane osobowe podane przez Pani\u0105\/Pana b\u0119d\u0105 przetwarzane przez Administratora w\u00a0celu realizacji konkursu na stanowisko dyrektora Powiatowego O\u015brodka Rozwoju Edukacji <\/span><br \/>\n<span style=\"font-family: Arial, Helvetica, sans-serif;\">w Lw\u00f3wku \u015al\u0105skim na podstawie:<\/span><\/li>\n<li><span style=\"font-family: Arial, Helvetica, sans-serif;\">6 ust.\u00a01 lit.\u00a0e RODO przetwarzanie jest niezb\u0119dne do wykonania zadania realizowanego w\u00a0interesie publicznym lub w ramach sprawowania w\u0142adzy publicznej powierzonej administratorowi \u2013 art. 63 Ustawa Prawo o\u015bwiatowe z dnia 14 grudnia 2016 (Dz.U.2024.737 t.j.) i Rozporz\u0105dzenie Ministra Edukacji Narodowej z\u00a0dnia 11 sierpnia 2017 r. w sprawie regulaminu konkursu na stanowisko dyrektora publicznego przedszkola, publicznej szko\u0142y podstawowej, publicznej szko\u0142y ponadpodstawowej lub publicznej plac\u00f3wki oraz trybu pracy komisji konkursowej (Dz.U.2021.1428 t.j.),<\/span><\/li>\n<li><span style=\"font-family: Arial, Helvetica, sans-serif;\">6 ust. 1 lit. a RODO udzielona zgoda, kt\u00f3ra mo\u017ce zosta\u0107 odwo\u0142ana w\u00a0dowolnym czasie.<\/span><\/li>\n<li><span style=\"font-family: Arial, Helvetica, sans-serif;\">Podanie danych jest dobrowolne, ale niezb\u0119dne w celu przeprowadzenia konkursu. Niepodanie danych skutkuje odrzuceniem kandydatury.<\/span><\/li>\n<li><span style=\"font-family: Arial, Helvetica, sans-serif;\">Odbiorc\u0105 Pani\/Pana danych osobowych mog\u0105 by\u0107 podmioty przetwarzaj\u0105ce dane osobowe na podstawie przepis\u00f3w prawa.<\/span><\/li>\n<li><span style=\"font-family: Arial, Helvetica, sans-serif;\">W przypadku wygrania konkursu Pani\/Pana dane osobowe b\u0119d\u0105 przekazane zgodnie z\u00a0przepisami prawa Dolno\u015bl\u0105skiemu Kuratorowi O\u015bwiaty oraz zostan\u0105 zawarte w\u00a0informacji zatwierdzaj\u0105cej wynik konkursu, kt\u00f3ra zostanie zamieszczona na stronie Biuletynu Informacji Publicznej Starostwa Powiatowego w Lw\u00f3wku \u015al\u0105skim.<\/span><\/li>\n<li><span style=\"font-family: Arial, Helvetica, sans-serif;\">Pani\/Pana dane osobowe b\u0119d\u0105 przetwarzane w zakresie niezb\u0119dnym do realizacji celu przetwarzania danych osobowych, okre\u015blonym w pkt. 3, a po tym czasie przechowywane zgodnie z przepisami prawa (Rozporz\u0105dzenie Prezesa Rady Ministr\u00f3w z dnia 18 stycznia 2011 r. w sprawie instrukcji kancelaryjnej, jednolitych rzeczowych wykaz\u00f3w akt oraz instrukcji w sprawie organizacji i\u00a0zakresu dzia\u0142ania archiw\u00f3w).<\/span><\/li>\n<li><span style=\"font-family: Arial, Helvetica, sans-serif;\">Posiada Pani\/Pan prawo dost\u0119pu do tre\u015bci swoich danych, prawo ich sprostowania b\u0105d\u017a aktualizacji, prawo do przenoszenia danych oraz prawo do cofni\u0119cia zgody na przetwarzanie danych w dowolnym momencie. Wycofanie zgody nie wp\u0142ywa na zgodno\u015b\u0107 z prawem przetwarzania, kt\u00f3rego dokonano na podstawie zgody przed jej wycofaniem.<\/span><\/li>\n<li><span style=\"font-family: Arial, Helvetica, sans-serif;\">Ma Pani\/Pan prawo wniesienia skargi do Prezesa Urz\u0119du Ochrony Danych Osobowych ul.\u00a0Stawki\u00a02, 00-193 Warszawa, gdy uzna Pani\/Pan, \u017ce przetwarzanie danych osobowych narusza przepisy RODO.<\/span><\/li>\n<li><span style=\"font-family: Arial, Helvetica, sans-serif;\">Dane osobowe nie b\u0119d\u0105 podlega\u0142y zautomatyzowanemu podejmowaniu decyzji, w\u00a0tym profilowaniu.<\/span><\/li>\n<li><span style=\"font-family: Arial, Helvetica, sans-serif;\">Szczeg\u00f3\u0142owe informacje o celu przetwarzania danych osobowych, podstawie prawnej, o\u00a0odbiorcach i okresie przechowywania udziela pracownik merytoryczny lub Inspektor Ochrony Danych Osobowych.<\/span><\/li>\n<\/ol>\n<ul>\n<li><a href=\"https:\/\/powiatlwowecki.pl\/wp-content\/uploads\/2024\/05\/Oswiadczenie-zgoda-na-przetwarzanie-danych-osobowych.pdf\">O\u015bwiadczenie zgoda na przetwarzanie danych osobowych<\/a><\/li>\n<li><a href=\"https:\/\/powiatlwowecki.pl\/wp-content\/uploads\/2024\/05\/ogloszenie-o-konkursie-na-dyrektora-PORE.pdf\">og\u0142oszenie o konkursie na dyrektora PORE<\/a><\/li>\n<\/ul>\n<p><span style=\"font-family: Arial, Helvetica, sans-serif;\"><strong> <img decoding=\"async\" class=\"size-full wp-image-7437 alignright\" src=\"https:\/\/powiatlwowecki.pl\/wp-content\/uploads\/2024\/05\/podpis.png\" alt=\"\" width=\"319\" height=\"144\" srcset=\"https:\/\/powiatlwowecki.pl\/wp-content\/uploads\/2024\/05\/podpis-24x11.png 24w, https:\/\/powiatlwowecki.pl\/wp-content\/uploads\/2024\/05\/podpis-36x16.png 36w, https:\/\/powiatlwowecki.pl\/wp-content\/uploads\/2024\/05\/podpis-48x22.png 48w, https:\/\/powiatlwowecki.pl\/wp-content\/uploads\/2024\/05\/podpis-200x90.png 200w, https:\/\/powiatlwowecki.pl\/wp-content\/uploads\/2024\/05\/podpis-300x135.png 300w, https:\/\/powiatlwowecki.pl\/wp-content\/uploads\/2024\/05\/podpis.png 319w\" sizes=\"(max-width: 319px) 100vw, 319px\" \/><\/strong><\/span><\/p>\n<p>&nbsp;<\/p>\n<p><span style=\"font-family: Arial, Helvetica, sans-serif;\"><strong>\u00a0<\/strong><\/span><\/p>\n<p><span style=\"font-family: Arial, Helvetica, sans-serif;\"><strong>\u00a0<\/strong><\/span><\/p>\n","protected":false},"excerpt":{"rendered":"<p>Zarz\u0105d Powiatu Lw\u00f3weckiego \u2013 organ prowadz\u0105cy og\u0142asza konkurs na stanowisko dyrektora Powiatowego O\u015brodka Rozwoju Edukacji w Lw\u00f3wku \u015al\u0105skim (adres siedziby: ul. Henryka Brodatego 1, 59-600 Lw\u00f3wek \u015al\u0105ski) &nbsp; &nbsp; I. Wymogi na stanowisko dyrektora Stanowisko  [&#8230;]<\/p>\n","protected":false},"author":4,"featured_media":7438,"comment_status":"closed","ping_status":"closed","sticky":false,"template":"","format":"standard","meta":{"_acf_changed":false,"footnotes":""},"categories":[5],"tags":[],"class_list":["post-7436","post","type-post","status-publish","format-standard","has-post-thumbnail","hentry","category-aktualnosci"],"acf":{"kal_data_wydarzenia":""},"_links":{"self":[{"href":"https:\/\/powiatlwowecki.pl\/plci_json_endpoint\/wp\/v2\/posts\/7436","targetHints":{"allow":["GET"]}}],"collection":[{"href":"https:\/\/powiatlwowecki.pl\/plci_json_endpoint\/wp\/v2\/posts"}],"about":[{"href":"https:\/\/powiatlwowecki.pl\/plci_json_endpoint\/wp\/v2\/types\/post"}],"author":[{"embeddable":true,"href":"https:\/\/powiatlwowecki.pl\/plci_json_endpoint\/wp\/v2\/users\/4"}],"replies":[{"embeddable":true,"href":"https:\/\/powiatlwowecki.pl\/plci_json_endpoint\/wp\/v2\/comments?post=7436"}],"version-history":[{"count":1,"href":"https:\/\/powiatlwowecki.pl\/plci_json_endpoint\/wp\/v2\/posts\/7436\/revisions"}],"predecessor-version":[{"id":7441,"href":"https:\/\/powiatlwowecki.pl\/plci_json_endpoint\/wp\/v2\/posts\/7436\/revisions\/7441"}],"wp:featuredmedia":[{"embeddable":true,"href":"https:\/\/powiatlwowecki.pl\/plci_json_endpoint\/wp\/v2\/media\/7438"}],"wp:attachment":[{"href":"https:\/\/powiatlwowecki.pl\/plci_json_endpoint\/wp\/v2\/media?parent=7436"}],"wp:term":[{"taxonomy":"category","embeddable":true,"href":"https:\/\/powiatlwowecki.pl\/plci_json_endpoint\/wp\/v2\/categories?post=7436"},{"taxonomy":"post_tag","embeddable":true,"href":"https:\/\/powiatlwowecki.pl\/plci_json_endpoint\/wp\/v2\/tags?post=7436"}],"curies":[{"name":"wp","href":"https:\/\/api.w.org\/{rel}","templated":true}]}}