{"id":7373,"date":"2024-05-23T12:48:36","date_gmt":"2024-05-23T10:48:36","guid":{"rendered":"https:\/\/powiatlwowecki.pl\/?p=7373"},"modified":"2024-05-23T12:48:36","modified_gmt":"2024-05-23T10:48:36","slug":"mistrzostwa-powiatu-szs-w-lekkoatletycznej-licealiadzie-mlodziezy","status":"publish","type":"post","link":"https:\/\/powiatlwowecki.pl\/mistrzostwa-powiatu-szs-w-lekkoatletycznej-licealiadzie-mlodziezy\/","title":{"rendered":"MISTRZOSTWA POWIATU SZS W LEKKOATLETYCZNEJ LICEALIADZIE M\u0141ODZIE\u017bY"},"content":{"rendered":"<div class=\"fusion-fullwidth fullwidth-box fusion-builder-row-1 fusion-flex-container nonhundred-percent-fullwidth non-hundred-percent-height-scrolling\" style=\"--awb-border-radius-top-left:0px;--awb-border-radius-top-right:0px;--awb-border-radius-bottom-right:0px;--awb-border-radius-bottom-left:0px;--awb-flex-wrap:wrap;\" ><div class=\"fusion-builder-row fusion-row fusion-flex-align-items-flex-start fusion-flex-content-wrap\" style=\"max-width:1248px;margin-left: calc(-4% \/ 2 );margin-right: calc(-4% \/ 2 );\"><div class=\"fusion-layout-column fusion_builder_column fusion-builder-column-0 fusion_builder_column_1_1 1_1 fusion-flex-column\" style=\"--awb-bg-size:cover;--awb-width-large:100%;--awb-margin-top-large:0px;--awb-spacing-right-large:1.92%;--awb-margin-bottom-large:0px;--awb-spacing-left-large:1.92%;--awb-width-medium:100%;--awb-spacing-right-medium:1.92%;--awb-spacing-left-medium:1.92%;--awb-width-small:100%;--awb-spacing-right-small:1.92%;--awb-spacing-left-small:1.92%;\"><div class=\"fusion-column-wrapper fusion-flex-justify-content-flex-start fusion-content-layout-column\"><div class=\"fusion-text fusion-text-1\"><h2 style=\"text-align: center;\"><span style=\"font-family: Impact, Chicago; color: #000000;\"><a style=\"color: #000000;\" href=\"https:\/\/powiatlwowecki.pl\/wp-content\/uploads\/2024\/05\/sprawozdanie_powiat_lwowek_indywidualne_mistrzostwa_la_LM_2024.doc\">Sprawozdanie szczeg\u00f3\u0142owe\u00a0<\/a><\/span><\/h2>\n<p>Dnia 22 maja 2022 roku na Stadionie Lekkoatletycznym przy Szkole Podstawowej nr 1 w Lw\u00f3wku \u015al\u0105skim odby\u0142y si\u0119 Mistrzostwa Powiatu Lw\u00f3weckiego SZS w Lekkoatletycznej Licealiadzie M\u0142odzie\u017cy Dziewcz\u0105t i Ch\u0142opc\u00f3w (rocznik 2004 i m\u0142odsi). Organizatorem zawod\u00f3w by\u0142 Powiatowy Szkolny Zwi\u0105zek Sportowy w Lw\u00f3wku. Wsp\u00f3\u0142organizatorem imprezy by\u0142a SP 1 Lw\u00f3wek \u015al\u0105ski, SP 2 Lw\u00f3wek \u015al\u0105ski. Zawody finansowane ze \u015brodk\u00f3w dotacji Powiatu Lw\u00f3weckiego oraz Gminy i Miasta Lw\u00f3wek \u015al\u0105ski. Kierownikiem zawod\u00f3w by\u0142 p. Grzegorz Po\u0142aczewski. Poszczeg\u00f3lne konkurencje s\u0119dziowali nauczyciele wychowania fizycznego. W rozgrywkach wystartowa\u0142o oko\u0142o 94 zawodniczek \u00a0i zawodnik\u00f3w, rywalizuj\u0105c w konkurencjach lekkoatletycznych tj, bieg 100m, 200m, 400m, \u00a0800m, 1000m, 1500m, 3000m ch\u0142opc\u00f3w, rzut oszczepem 600g dziewcz\u0105t oraz 800g ch\u0142opc\u00f3w, skok w dal z rozbiegu, pchni\u0119cie kul\u0105 4kg dziewcz\u0105t 6kg ch\u0142opc\u00f3w, skok wzwy\u017c, sztafeta 4x100m, sztafeta szwedzka (100m,200m,300m,400m). Wyniki poszczeg\u00f3lnych konkurencji \u00a0do\u0142\u0105czone si\u0119 do sprawozdania. Gratulacje dla wszystkich startuj\u0105cych.<\/p>\n<p><strong><u>KLASYFIKACJA DRU\u017bYNOWA LICEALIADA M\u0141ODZIE\u017bY:<\/u><\/strong><\/p>\n<p><strong><u>Dziewcz\u0119ta\u00a0\u00a0\u00a0\u00a0\u00a0\u00a0\u00a0\u00a0\u00a0\u00a0\u00a0\u00a0\u00a0\u00a0\u00a0\u00a0\u00a0\u00a0\u00a0\u00a0\u00a0\u00a0\u00a0\u00a0\u00a0\u00a0 <\/u><\/strong><\/p>\n<p>I miejsce\u00a0\u00a0\u00a0\u00a0\u00a0\u00a0\u00a0\u00a0\u00a0\u00a0\u00a0 ZSE \u2013 T Rakowice Wielkie\u00a0\u00a0\u00a0\u00a0\u00a0\u00a0\u00a0\u00a0\u00a0\u00a0\u00a0\u00a0\u00a0\u00a0\u00a0\u00a0\u00a0\u00a0\u00a0\u00a0\u00a0\u00a0\u00a0\u00a0\u00a0\u00a0\u00a0\u00a0 194 pkt.<\/p>\n<p>II miejsce\u00a0\u00a0\u00a0\u00a0\u00a0\u00a0\u00a0\u00a0\u00a0\u00a0\u00a0 ZSOiZ Lw\u00f3wek \u015al\u0105ski\u00a0\u00a0\u00a0\u00a0\u00a0\u00a0\u00a0\u00a0\u00a0\u00a0\u00a0\u00a0\u00a0\u00a0\u00a0\u00a0\u00a0\u00a0\u00a0\u00a0\u00a0\u00a0\u00a0\u00a0\u00a0\u00a0\u00a0\u00a0\u00a0\u00a0\u00a0\u00a0\u00a0\u00a0\u00a0\u00a0\u00a0 70 pkt.<\/p>\n<p><strong><u>Ch\u0142opcy<\/u><\/strong><\/p>\n<p>I miejsce\u00a0\u00a0\u00a0\u00a0\u00a0\u00a0\u00a0\u00a0\u00a0\u00a0\u00a0\u00a0 ZSE \u2013 T Rakowice Wielkie\u00a0\u00a0\u00a0\u00a0\u00a0\u00a0\u00a0\u00a0\u00a0\u00a0\u00a0\u00a0\u00a0\u00a0\u00a0\u00a0\u00a0\u00a0\u00a0\u00a0\u00a0\u00a0\u00a0\u00a0\u00a0\u00a0\u00a0\u00a0 202 pkt.<\/p>\n<p>II miejsce\u00a0\u00a0\u00a0\u00a0\u00a0\u00a0\u00a0\u00a0\u00a0\u00a0\u00a0 ZSOiZ Lw\u00f3wek \u015al\u0105ski\u00a0\u00a0\u00a0\u00a0\u00a0\u00a0\u00a0\u00a0\u00a0\u00a0\u00a0\u00a0\u00a0\u00a0\u00a0\u00a0\u00a0\u00a0\u00a0\u00a0\u00a0\u00a0\u00a0\u00a0\u00a0\u00a0\u00a0\u00a0\u00a0\u00a0\u00a0\u00a0\u00a0\u00a0\u00a0\u00a0\u00a0 72 pkt.<\/p>\n<p>G. Po\u0142aczewski<\/p>\n<\/div><div class=\"awb-gallery-wrapper awb-gallery-wrapper-1 button-span-no\" style=\"--more-btn-alignment:center;\"><div style=\"margin:-5px;--awb-bordersize:0px;\" class=\"fusion-gallery fusion-gallery-container fusion-grid-3 fusion-columns-total-13 fusion-gallery-layout-grid fusion-gallery-1\"><div style=\"padding:5px;\" class=\"fusion-grid-column fusion-gallery-column fusion-gallery-column-3 hover-type-none\"><div class=\"fusion-gallery-image\"><a href=\"https:\/\/powiatlwowecki.pl\/wp-content\/uploads\/2024\/05\/20240522_130526-scaled-e1716461306544.jpg\" rel=\"noreferrer\" data-rel=\"iLightbox[gallery_image_1]\" class=\"fusion-lightbox\" target=\"_self\"><img decoding=\"async\" src=\"https:\/\/powiatlwowecki.pl\/wp-content\/uploads\/2024\/05\/20240522_130526-scaled-e1716461306544.jpg\" width=\"1139\" height=\"1092\" alt=\"\" title=\"20240522_130526\" aria-label=\"20240522_130526\" class=\"img-responsive wp-image-7359\" srcset=\"https:\/\/powiatlwowecki.pl\/wp-content\/uploads\/2024\/05\/20240522_130526-scaled-e1716461306544-200x192.jpg 200w, https:\/\/powiatlwowecki.pl\/wp-content\/uploads\/2024\/05\/20240522_130526-scaled-e1716461306544-400x383.jpg 400w, https:\/\/powiatlwowecki.pl\/wp-content\/uploads\/2024\/05\/20240522_130526-scaled-e1716461306544-600x575.jpg 600w, https:\/\/powiatlwowecki.pl\/wp-content\/uploads\/2024\/05\/20240522_130526-scaled-e1716461306544-800x767.jpg 800w, https:\/\/powiatlwowecki.pl\/wp-content\/uploads\/2024\/05\/20240522_130526-scaled-e1716461306544.jpg 1139w\" sizes=\"(min-width: 2200px) 100vw, (min-width: 784px) 397px, (min-width: 712px) 595px, (min-width: 640px) 712px, \" \/><\/a><\/div><\/div><div style=\"padding:5px;\" class=\"fusion-grid-column fusion-gallery-column fusion-gallery-column-3 hover-type-none\"><div class=\"fusion-gallery-image\"><a href=\"https:\/\/powiatlwowecki.pl\/wp-content\/uploads\/2024\/05\/20240522_131319-scaled.jpg\" rel=\"noreferrer\" data-rel=\"iLightbox[gallery_image_1]\" class=\"fusion-lightbox\" target=\"_self\"><img decoding=\"async\" src=\"https:\/\/powiatlwowecki.pl\/wp-content\/uploads\/2024\/05\/20240522_131319-scaled.jpg\" width=\"1152\" height=\"2560\" alt=\"\" title=\"20240522_131319\" aria-label=\"20240522_131319\" class=\"img-responsive wp-image-7360\" srcset=\"https:\/\/powiatlwowecki.pl\/wp-content\/uploads\/2024\/05\/20240522_131319-200x444.jpg 200w, https:\/\/powiatlwowecki.pl\/wp-content\/uploads\/2024\/05\/20240522_131319-400x889.jpg 400w, https:\/\/powiatlwowecki.pl\/wp-content\/uploads\/2024\/05\/20240522_131319-600x1333.jpg 600w, https:\/\/powiatlwowecki.pl\/wp-content\/uploads\/2024\/05\/20240522_131319-800x1778.jpg 800w, https:\/\/powiatlwowecki.pl\/wp-content\/uploads\/2024\/05\/20240522_131319-scaled.jpg 1152w, https:\/\/powiatlwowecki.pl\/wp-content\/uploads\/2024\/05\/20240522_131319-1200x2667.jpg 1200w\" sizes=\"(min-width: 2200px) 100vw, (min-width: 784px) 397px, (min-width: 712px) 595px, (min-width: 640px) 712px, \" \/><\/a><\/div><\/div><div style=\"padding:5px;\" class=\"fusion-grid-column fusion-gallery-column fusion-gallery-column-3 hover-type-none\"><div class=\"fusion-gallery-image\"><a href=\"https:\/\/powiatlwowecki.pl\/wp-content\/uploads\/2024\/05\/20240522_131438-scaled.jpg\" rel=\"noreferrer\" data-rel=\"iLightbox[gallery_image_1]\" class=\"fusion-lightbox\" target=\"_self\"><img decoding=\"async\" src=\"https:\/\/powiatlwowecki.pl\/wp-content\/uploads\/2024\/05\/20240522_131438-scaled.jpg\" width=\"2560\" height=\"1152\" alt=\"\" title=\"20240522_131438\" aria-label=\"20240522_131438\" class=\"img-responsive wp-image-7361\" srcset=\"https:\/\/powiatlwowecki.pl\/wp-content\/uploads\/2024\/05\/20240522_131438-200x90.jpg 200w, https:\/\/powiatlwowecki.pl\/wp-content\/uploads\/2024\/05\/20240522_131438-400x180.jpg 400w, https:\/\/powiatlwowecki.pl\/wp-content\/uploads\/2024\/05\/20240522_131438-600x270.jpg 600w, https:\/\/powiatlwowecki.pl\/wp-content\/uploads\/2024\/05\/20240522_131438-800x360.jpg 800w, https:\/\/powiatlwowecki.pl\/wp-content\/uploads\/2024\/05\/20240522_131438-1200x540.jpg 1200w, https:\/\/powiatlwowecki.pl\/wp-content\/uploads\/2024\/05\/20240522_131438-scaled.jpg 2560w\" sizes=\"(min-width: 2200px) 100vw, (min-width: 784px) 397px, (min-width: 712px) 595px, (min-width: 640px) 712px, \" \/><\/a><\/div><\/div><div class=\"clearfix\"><\/div><div style=\"padding:5px;\" class=\"fusion-grid-column fusion-gallery-column fusion-gallery-column-3 hover-type-none\"><div class=\"fusion-gallery-image\"><a href=\"https:\/\/powiatlwowecki.pl\/wp-content\/uploads\/2024\/05\/20240522_131542-scaled.jpg\" rel=\"noreferrer\" data-rel=\"iLightbox[gallery_image_1]\" class=\"fusion-lightbox\" target=\"_self\"><img decoding=\"async\" src=\"https:\/\/powiatlwowecki.pl\/wp-content\/uploads\/2024\/05\/20240522_131542-scaled.jpg\" width=\"2560\" height=\"1152\" alt=\"\" title=\"20240522_131542\" aria-label=\"20240522_131542\" class=\"img-responsive wp-image-7362\" srcset=\"https:\/\/powiatlwowecki.pl\/wp-content\/uploads\/2024\/05\/20240522_131542-200x90.jpg 200w, https:\/\/powiatlwowecki.pl\/wp-content\/uploads\/2024\/05\/20240522_131542-400x180.jpg 400w, https:\/\/powiatlwowecki.pl\/wp-content\/uploads\/2024\/05\/20240522_131542-600x270.jpg 600w, https:\/\/powiatlwowecki.pl\/wp-content\/uploads\/2024\/05\/20240522_131542-800x360.jpg 800w, https:\/\/powiatlwowecki.pl\/wp-content\/uploads\/2024\/05\/20240522_131542-1200x540.jpg 1200w, https:\/\/powiatlwowecki.pl\/wp-content\/uploads\/2024\/05\/20240522_131542-scaled.jpg 2560w\" sizes=\"(min-width: 2200px) 100vw, (min-width: 784px) 397px, (min-width: 712px) 595px, (min-width: 640px) 712px, \" \/><\/a><\/div><\/div><div style=\"padding:5px;\" class=\"fusion-grid-column fusion-gallery-column fusion-gallery-column-3 hover-type-none\"><div class=\"fusion-gallery-image\"><a href=\"https:\/\/powiatlwowecki.pl\/wp-content\/uploads\/2024\/05\/20240522_131740-scaled.jpg\" rel=\"noreferrer\" data-rel=\"iLightbox[gallery_image_1]\" class=\"fusion-lightbox\" target=\"_self\"><img decoding=\"async\" src=\"https:\/\/powiatlwowecki.pl\/wp-content\/uploads\/2024\/05\/20240522_131740-scaled.jpg\" width=\"2560\" height=\"1152\" alt=\"\" title=\"20240522_131740\" aria-label=\"20240522_131740\" class=\"img-responsive wp-image-7363\" srcset=\"https:\/\/powiatlwowecki.pl\/wp-content\/uploads\/2024\/05\/20240522_131740-200x90.jpg 200w, https:\/\/powiatlwowecki.pl\/wp-content\/uploads\/2024\/05\/20240522_131740-400x180.jpg 400w, https:\/\/powiatlwowecki.pl\/wp-content\/uploads\/2024\/05\/20240522_131740-600x270.jpg 600w, https:\/\/powiatlwowecki.pl\/wp-content\/uploads\/2024\/05\/20240522_131740-800x360.jpg 800w, https:\/\/powiatlwowecki.pl\/wp-content\/uploads\/2024\/05\/20240522_131740-1200x540.jpg 1200w, https:\/\/powiatlwowecki.pl\/wp-content\/uploads\/2024\/05\/20240522_131740-scaled.jpg 2560w\" sizes=\"(min-width: 2200px) 100vw, (min-width: 784px) 397px, (min-width: 712px) 595px, (min-width: 640px) 712px, \" \/><\/a><\/div><\/div><div style=\"padding:5px;\" class=\"fusion-grid-column fusion-gallery-column fusion-gallery-column-3 hover-type-none\"><div class=\"fusion-gallery-image\"><a href=\"https:\/\/powiatlwowecki.pl\/wp-content\/uploads\/2024\/05\/20240522_131949-scaled.jpg\" rel=\"noreferrer\" data-rel=\"iLightbox[gallery_image_1]\" class=\"fusion-lightbox\" target=\"_self\"><img decoding=\"async\" src=\"https:\/\/powiatlwowecki.pl\/wp-content\/uploads\/2024\/05\/20240522_131949-scaled.jpg\" width=\"2560\" height=\"1152\" alt=\"\" title=\"20240522_131949\" aria-label=\"20240522_131949\" class=\"img-responsive wp-image-7364\" srcset=\"https:\/\/powiatlwowecki.pl\/wp-content\/uploads\/2024\/05\/20240522_131949-200x90.jpg 200w, https:\/\/powiatlwowecki.pl\/wp-content\/uploads\/2024\/05\/20240522_131949-400x180.jpg 400w, https:\/\/powiatlwowecki.pl\/wp-content\/uploads\/2024\/05\/20240522_131949-600x270.jpg 600w, https:\/\/powiatlwowecki.pl\/wp-content\/uploads\/2024\/05\/20240522_131949-800x360.jpg 800w, https:\/\/powiatlwowecki.pl\/wp-content\/uploads\/2024\/05\/20240522_131949-1200x540.jpg 1200w, https:\/\/powiatlwowecki.pl\/wp-content\/uploads\/2024\/05\/20240522_131949-scaled.jpg 2560w\" sizes=\"(min-width: 2200px) 100vw, (min-width: 784px) 397px, (min-width: 712px) 595px, (min-width: 640px) 712px, \" \/><\/a><\/div><\/div><div class=\"clearfix\"><\/div><div style=\"padding:5px;\" class=\"fusion-grid-column fusion-gallery-column fusion-gallery-column-3 hover-type-none\"><div class=\"fusion-gallery-image\"><a href=\"https:\/\/powiatlwowecki.pl\/wp-content\/uploads\/2024\/05\/20240522_132038-scaled.jpg\" rel=\"noreferrer\" data-rel=\"iLightbox[gallery_image_1]\" class=\"fusion-lightbox\" target=\"_self\"><img decoding=\"async\" src=\"https:\/\/powiatlwowecki.pl\/wp-content\/uploads\/2024\/05\/20240522_132038-scaled.jpg\" width=\"2560\" height=\"1152\" alt=\"\" title=\"20240522_132038\" aria-label=\"20240522_132038\" class=\"img-responsive wp-image-7365\" srcset=\"https:\/\/powiatlwowecki.pl\/wp-content\/uploads\/2024\/05\/20240522_132038-200x90.jpg 200w, https:\/\/powiatlwowecki.pl\/wp-content\/uploads\/2024\/05\/20240522_132038-400x180.jpg 400w, https:\/\/powiatlwowecki.pl\/wp-content\/uploads\/2024\/05\/20240522_132038-600x270.jpg 600w, https:\/\/powiatlwowecki.pl\/wp-content\/uploads\/2024\/05\/20240522_132038-800x360.jpg 800w, https:\/\/powiatlwowecki.pl\/wp-content\/uploads\/2024\/05\/20240522_132038-1200x540.jpg 1200w, https:\/\/powiatlwowecki.pl\/wp-content\/uploads\/2024\/05\/20240522_132038-scaled.jpg 2560w\" sizes=\"(min-width: 2200px) 100vw, (min-width: 784px) 397px, (min-width: 712px) 595px, (min-width: 640px) 712px, \" \/><\/a><\/div><\/div><div style=\"padding:5px;\" class=\"fusion-grid-column fusion-gallery-column fusion-gallery-column-3 hover-type-none\"><div class=\"fusion-gallery-image\"><a href=\"https:\/\/powiatlwowecki.pl\/wp-content\/uploads\/2024\/05\/20240522_132445-scaled.jpg\" rel=\"noreferrer\" data-rel=\"iLightbox[gallery_image_1]\" class=\"fusion-lightbox\" target=\"_self\"><img decoding=\"async\" src=\"https:\/\/powiatlwowecki.pl\/wp-content\/uploads\/2024\/05\/20240522_132445-scaled.jpg\" width=\"2560\" height=\"1152\" alt=\"\" title=\"20240522_132445\" aria-label=\"20240522_132445\" class=\"img-responsive wp-image-7366\" srcset=\"https:\/\/powiatlwowecki.pl\/wp-content\/uploads\/2024\/05\/20240522_132445-200x90.jpg 200w, https:\/\/powiatlwowecki.pl\/wp-content\/uploads\/2024\/05\/20240522_132445-400x180.jpg 400w, https:\/\/powiatlwowecki.pl\/wp-content\/uploads\/2024\/05\/20240522_132445-600x270.jpg 600w, https:\/\/powiatlwowecki.pl\/wp-content\/uploads\/2024\/05\/20240522_132445-800x360.jpg 800w, https:\/\/powiatlwowecki.pl\/wp-content\/uploads\/2024\/05\/20240522_132445-1200x540.jpg 1200w, https:\/\/powiatlwowecki.pl\/wp-content\/uploads\/2024\/05\/20240522_132445-scaled.jpg 2560w\" sizes=\"(min-width: 2200px) 100vw, (min-width: 784px) 397px, (min-width: 712px) 595px, (min-width: 640px) 712px, \" \/><\/a><\/div><\/div><div style=\"padding:5px;\" class=\"fusion-grid-column fusion-gallery-column fusion-gallery-column-3 hover-type-none\"><div class=\"fusion-gallery-image\"><a href=\"https:\/\/powiatlwowecki.pl\/wp-content\/uploads\/2024\/05\/20240522_132754-scaled.jpg\" rel=\"noreferrer\" data-rel=\"iLightbox[gallery_image_1]\" class=\"fusion-lightbox\" target=\"_self\"><img decoding=\"async\" src=\"https:\/\/powiatlwowecki.pl\/wp-content\/uploads\/2024\/05\/20240522_132754-scaled.jpg\" width=\"2560\" height=\"1152\" alt=\"\" title=\"20240522_132754\" aria-label=\"20240522_132754\" class=\"img-responsive wp-image-7367\" srcset=\"https:\/\/powiatlwowecki.pl\/wp-content\/uploads\/2024\/05\/20240522_132754-200x90.jpg 200w, https:\/\/powiatlwowecki.pl\/wp-content\/uploads\/2024\/05\/20240522_132754-400x180.jpg 400w, https:\/\/powiatlwowecki.pl\/wp-content\/uploads\/2024\/05\/20240522_132754-600x270.jpg 600w, https:\/\/powiatlwowecki.pl\/wp-content\/uploads\/2024\/05\/20240522_132754-800x360.jpg 800w, https:\/\/powiatlwowecki.pl\/wp-content\/uploads\/2024\/05\/20240522_132754-1200x540.jpg 1200w, https:\/\/powiatlwowecki.pl\/wp-content\/uploads\/2024\/05\/20240522_132754-scaled.jpg 2560w\" sizes=\"(min-width: 2200px) 100vw, (min-width: 784px) 397px, (min-width: 712px) 595px, (min-width: 640px) 712px, \" \/><\/a><\/div><\/div><div class=\"clearfix\"><\/div><div style=\"padding:5px;\" class=\"fusion-grid-column fusion-gallery-column fusion-gallery-column-3 hover-type-none\"><div class=\"fusion-gallery-image\"><a href=\"https:\/\/powiatlwowecki.pl\/wp-content\/uploads\/2024\/05\/20240522_132921-scaled.jpg\" rel=\"noreferrer\" data-rel=\"iLightbox[gallery_image_1]\" class=\"fusion-lightbox\" target=\"_self\"><img decoding=\"async\" src=\"https:\/\/powiatlwowecki.pl\/wp-content\/uploads\/2024\/05\/20240522_132921-scaled.jpg\" width=\"2560\" height=\"1152\" alt=\"\" title=\"20240522_132921\" aria-label=\"20240522_132921\" class=\"img-responsive wp-image-7368\" srcset=\"https:\/\/powiatlwowecki.pl\/wp-content\/uploads\/2024\/05\/20240522_132921-200x90.jpg 200w, https:\/\/powiatlwowecki.pl\/wp-content\/uploads\/2024\/05\/20240522_132921-400x180.jpg 400w, https:\/\/powiatlwowecki.pl\/wp-content\/uploads\/2024\/05\/20240522_132921-600x270.jpg 600w, https:\/\/powiatlwowecki.pl\/wp-content\/uploads\/2024\/05\/20240522_132921-800x360.jpg 800w, https:\/\/powiatlwowecki.pl\/wp-content\/uploads\/2024\/05\/20240522_132921-1200x540.jpg 1200w, https:\/\/powiatlwowecki.pl\/wp-content\/uploads\/2024\/05\/20240522_132921-scaled.jpg 2560w\" sizes=\"(min-width: 2200px) 100vw, (min-width: 784px) 397px, (min-width: 712px) 595px, (min-width: 640px) 712px, \" \/><\/a><\/div><\/div><div style=\"padding:5px;\" class=\"fusion-grid-column fusion-gallery-column fusion-gallery-column-3 hover-type-none\"><div class=\"fusion-gallery-image\"><a href=\"https:\/\/powiatlwowecki.pl\/wp-content\/uploads\/2024\/05\/20240522_133739-scaled.jpg\" rel=\"noreferrer\" data-rel=\"iLightbox[gallery_image_1]\" class=\"fusion-lightbox\" target=\"_self\"><img decoding=\"async\" src=\"https:\/\/powiatlwowecki.pl\/wp-content\/uploads\/2024\/05\/20240522_133739-scaled.jpg\" width=\"2560\" height=\"1152\" alt=\"\" title=\"20240522_133739\" aria-label=\"20240522_133739\" class=\"img-responsive wp-image-7369\" srcset=\"https:\/\/powiatlwowecki.pl\/wp-content\/uploads\/2024\/05\/20240522_133739-200x90.jpg 200w, https:\/\/powiatlwowecki.pl\/wp-content\/uploads\/2024\/05\/20240522_133739-400x180.jpg 400w, https:\/\/powiatlwowecki.pl\/wp-content\/uploads\/2024\/05\/20240522_133739-600x270.jpg 600w, https:\/\/powiatlwowecki.pl\/wp-content\/uploads\/2024\/05\/20240522_133739-800x360.jpg 800w, https:\/\/powiatlwowecki.pl\/wp-content\/uploads\/2024\/05\/20240522_133739-1200x540.jpg 1200w, https:\/\/powiatlwowecki.pl\/wp-content\/uploads\/2024\/05\/20240522_133739-scaled.jpg 2560w\" sizes=\"(min-width: 2200px) 100vw, (min-width: 784px) 397px, (min-width: 712px) 595px, (min-width: 640px) 712px, \" \/><\/a><\/div><\/div><div style=\"padding:5px;\" class=\"fusion-grid-column fusion-gallery-column fusion-gallery-column-3 hover-type-none\"><div class=\"fusion-gallery-image\"><a href=\"https:\/\/powiatlwowecki.pl\/wp-content\/uploads\/2024\/05\/20240522_134303-scaled.jpg\" rel=\"noreferrer\" data-rel=\"iLightbox[gallery_image_1]\" class=\"fusion-lightbox\" target=\"_self\"><img decoding=\"async\" src=\"https:\/\/powiatlwowecki.pl\/wp-content\/uploads\/2024\/05\/20240522_134303-scaled.jpg\" width=\"2560\" height=\"1152\" alt=\"\" title=\"20240522_134303\" aria-label=\"20240522_134303\" class=\"img-responsive wp-image-7370\" srcset=\"https:\/\/powiatlwowecki.pl\/wp-content\/uploads\/2024\/05\/20240522_134303-200x90.jpg 200w, https:\/\/powiatlwowecki.pl\/wp-content\/uploads\/2024\/05\/20240522_134303-400x180.jpg 400w, https:\/\/powiatlwowecki.pl\/wp-content\/uploads\/2024\/05\/20240522_134303-600x270.jpg 600w, https:\/\/powiatlwowecki.pl\/wp-content\/uploads\/2024\/05\/20240522_134303-800x360.jpg 800w, https:\/\/powiatlwowecki.pl\/wp-content\/uploads\/2024\/05\/20240522_134303-1200x540.jpg 1200w, https:\/\/powiatlwowecki.pl\/wp-content\/uploads\/2024\/05\/20240522_134303-scaled.jpg 2560w\" sizes=\"(min-width: 2200px) 100vw, (min-width: 784px) 397px, (min-width: 712px) 595px, (min-width: 640px) 712px, \" \/><\/a><\/div><\/div><div class=\"clearfix\"><\/div><div style=\"padding:5px;\" class=\"fusion-grid-column fusion-gallery-column fusion-gallery-column-3 hover-type-none\"><div class=\"fusion-gallery-image\"><a href=\"https:\/\/powiatlwowecki.pl\/wp-content\/uploads\/2024\/05\/20240522_135515-scaled.jpg\" rel=\"noreferrer\" data-rel=\"iLightbox[gallery_image_1]\" class=\"fusion-lightbox\" target=\"_self\"><img decoding=\"async\" src=\"https:\/\/powiatlwowecki.pl\/wp-content\/uploads\/2024\/05\/20240522_135515-scaled.jpg\" width=\"2560\" height=\"1152\" alt=\"\" title=\"20240522_135515\" aria-label=\"20240522_135515\" class=\"img-responsive wp-image-7371\" srcset=\"https:\/\/powiatlwowecki.pl\/wp-content\/uploads\/2024\/05\/20240522_135515-200x90.jpg 200w, https:\/\/powiatlwowecki.pl\/wp-content\/uploads\/2024\/05\/20240522_135515-400x180.jpg 400w, https:\/\/powiatlwowecki.pl\/wp-content\/uploads\/2024\/05\/20240522_135515-600x270.jpg 600w, https:\/\/powiatlwowecki.pl\/wp-content\/uploads\/2024\/05\/20240522_135515-800x360.jpg 800w, https:\/\/powiatlwowecki.pl\/wp-content\/uploads\/2024\/05\/20240522_135515-1200x540.jpg 1200w, https:\/\/powiatlwowecki.pl\/wp-content\/uploads\/2024\/05\/20240522_135515-scaled.jpg 2560w\" sizes=\"(min-width: 2200px) 100vw, (min-width: 784px) 397px, (min-width: 712px) 595px, (min-width: 640px) 712px, \" \/><\/a><\/div><\/div><\/div><\/div><\/div><\/div><\/div><\/div>\n","protected":false},"excerpt":{"rendered":"","protected":false},"author":8,"featured_media":7359,"comment_status":"closed","ping_status":"closed","sticky":false,"template":"","format":"standard","meta":{"_acf_changed":false,"footnotes":""},"categories":[5],"tags":[],"class_list":["post-7373","post","type-post","status-publish","format-standard","has-post-thumbnail","hentry","category-aktualnosci"],"acf":{"kal_data_wydarzenia":""},"_links":{"self":[{"href":"https:\/\/powiatlwowecki.pl\/plci_json_endpoint\/wp\/v2\/posts\/7373","targetHints":{"allow":["GET"]}}],"collection":[{"href":"https:\/\/powiatlwowecki.pl\/plci_json_endpoint\/wp\/v2\/posts"}],"about":[{"href":"https:\/\/powiatlwowecki.pl\/plci_json_endpoint\/wp\/v2\/types\/post"}],"author":[{"embeddable":true,"href":"https:\/\/powiatlwowecki.pl\/plci_json_endpoint\/wp\/v2\/users\/8"}],"replies":[{"embeddable":true,"href":"https:\/\/powiatlwowecki.pl\/plci_json_endpoint\/wp\/v2\/comments?post=7373"}],"version-history":[{"count":1,"href":"https:\/\/powiatlwowecki.pl\/plci_json_endpoint\/wp\/v2\/posts\/7373\/revisions"}],"predecessor-version":[{"id":7374,"href":"https:\/\/powiatlwowecki.pl\/plci_json_endpoint\/wp\/v2\/posts\/7373\/revisions\/7374"}],"wp:featuredmedia":[{"embeddable":true,"href":"https:\/\/powiatlwowecki.pl\/plci_json_endpoint\/wp\/v2\/media\/7359"}],"wp:attachment":[{"href":"https:\/\/powiatlwowecki.pl\/plci_json_endpoint\/wp\/v2\/media?parent=7373"}],"wp:term":[{"taxonomy":"category","embeddable":true,"href":"https:\/\/powiatlwowecki.pl\/plci_json_endpoint\/wp\/v2\/categories?post=7373"},{"taxonomy":"post_tag","embeddable":true,"href":"https:\/\/powiatlwowecki.pl\/plci_json_endpoint\/wp\/v2\/tags?post=7373"}],"curies":[{"name":"wp","href":"https:\/\/api.w.org\/{rel}","templated":true}]}}