{"id":7082,"date":"2024-05-06T14:12:10","date_gmt":"2024-05-06T12:12:10","guid":{"rendered":"https:\/\/powiatlwowecki.pl\/?p=7082"},"modified":"2024-05-06T14:12:10","modified_gmt":"2024-05-06T12:12:10","slug":"i-sesja-vii-kadencji-rady-powiatu-lwoweckiego","status":"publish","type":"post","link":"https:\/\/powiatlwowecki.pl\/i-sesja-vii-kadencji-rady-powiatu-lwoweckiego\/","title":{"rendered":"I sesja VII kadencji Rady Powiatu Lw\u00f3weckiego"},"content":{"rendered":"<div class=\"fusion-fullwidth fullwidth-box fusion-builder-row-1 fusion-flex-container has-pattern-background has-mask-background nonhundred-percent-fullwidth non-hundred-percent-height-scrolling\" style=\"--awb-border-radius-top-left:0px;--awb-border-radius-top-right:0px;--awb-border-radius-bottom-right:0px;--awb-border-radius-bottom-left:0px;--awb-flex-wrap:wrap;\" ><div class=\"fusion-builder-row fusion-row fusion-flex-align-items-flex-start fusion-flex-content-wrap\" style=\"max-width:1248px;margin-left: calc(-4% \/ 2 );margin-right: calc(-4% \/ 2 );\"><div class=\"fusion-layout-column fusion_builder_column fusion-builder-column-0 fusion_builder_column_1_1 1_1 fusion-flex-column\" style=\"--awb-bg-size:cover;--awb-width-large:100%;--awb-margin-top-large:0px;--awb-spacing-right-large:1.92%;--awb-margin-bottom-large:20px;--awb-spacing-left-large:1.92%;--awb-width-medium:100%;--awb-order-medium:0;--awb-spacing-right-medium:1.92%;--awb-spacing-left-medium:1.92%;--awb-width-small:100%;--awb-order-small:0;--awb-spacing-right-small:1.92%;--awb-spacing-left-small:1.92%;\"><div class=\"fusion-column-wrapper fusion-column-has-shadow fusion-flex-justify-content-flex-start fusion-content-layout-column\"><div class=\"fusion-text fusion-text-1\"><p><img decoding=\"async\" class=\"size-medium wp-image-7081 alignleft\" src=\"https:\/\/powiatlwowecki.pl\/wp-content\/uploads\/2024\/05\/Malgorzata-Szczepanska-225x300.jpg\" alt=\"\" width=\"225\" height=\"300\" srcset=\"https:\/\/powiatlwowecki.pl\/wp-content\/uploads\/2024\/05\/Malgorzata-Szczepanska-18x24.jpg 18w, https:\/\/powiatlwowecki.pl\/wp-content\/uploads\/2024\/05\/Malgorzata-Szczepanska-27x36.jpg 27w, https:\/\/powiatlwowecki.pl\/wp-content\/uploads\/2024\/05\/Malgorzata-Szczepanska-36x48.jpg 36w, https:\/\/powiatlwowecki.pl\/wp-content\/uploads\/2024\/05\/Malgorzata-Szczepanska-200x267.jpg 200w, https:\/\/powiatlwowecki.pl\/wp-content\/uploads\/2024\/05\/Malgorzata-Szczepanska-225x300.jpg 225w, https:\/\/powiatlwowecki.pl\/wp-content\/uploads\/2024\/05\/Malgorzata-Szczepanska-400x533.jpg 400w, https:\/\/powiatlwowecki.pl\/wp-content\/uploads\/2024\/05\/Malgorzata-Szczepanska-600x800.jpg 600w, https:\/\/powiatlwowecki.pl\/wp-content\/uploads\/2024\/05\/Malgorzata-Szczepanska-768x1024.jpg 768w, https:\/\/powiatlwowecki.pl\/wp-content\/uploads\/2024\/05\/Malgorzata-Szczepanska-800x1067.jpg 800w, https:\/\/powiatlwowecki.pl\/wp-content\/uploads\/2024\/05\/Malgorzata-Szczepanska-1152x1536.jpg 1152w, https:\/\/powiatlwowecki.pl\/wp-content\/uploads\/2024\/05\/Malgorzata-Szczepanska-1200x1600.jpg 1200w, https:\/\/powiatlwowecki.pl\/wp-content\/uploads\/2024\/05\/Malgorzata-Szczepanska-1536x2048.jpg 1536w, https:\/\/powiatlwowecki.pl\/wp-content\/uploads\/2024\/05\/Malgorzata-Szczepanska-scaled.jpg 1920w\" sizes=\"(max-width: 225px) 100vw, 225px\" \/>Dzisiejsza sesja Rady Powiatu rozpocz\u0119\u0142a si\u0119 od uroczystego \u015blubowania Radnych Powiatu Lw\u00f3weckiego. Po \u015blubowaniu ustalono sk\u0142ad Komisji Skrutacyjnej, w kt\u00f3rej znale\u017ali si\u0119: Przewodnicz\u0105ca Komisji Radna Anna Michalkiewicz, Cz\u0142onek Komisji Radny Jacek Mariusz \u017bojdzik oraz Cz\u0142onek Komisji Radny Marcin Karasi\u0144ski.<\/p>\n<\/div><div class=\"fusion-text fusion-text-2\"><p>Podczas tajnego g\u0142osowania:<\/p>\n<p>Na Przewodnicz\u0105cego Rady Powiatu wybrany zosta\u0142 Radny Olgierd Poni\u017anik.<\/p>\n<p>Wyniki g\u0142osowania: 13 g\u0142os\u00f3w za, 2 przeciw, 1 niewa\u017cny, 1 wstrzymany.<\/p>\n<p>Na Wiceprzewodnicz\u0105c\u0105 Rady Powiatu Lw\u00f3weckiego zg\u0142oszono kandydatur\u0119 Radnej Eweliny Kredkowskiej.<\/p>\n<p>Wyniki g\u0142osowania: 6 g\u0142os\u00f3w za, 11 przeciw<\/p>\n<p>Na Wiceprzewodnicz\u0105c\u0105 Rady Powiatu Lw\u00f3weckiego zg\u0142oszono kandydatur\u0119 Radnej Iwony Kobiereckiej.<\/p>\n<p>Wyniki g\u0142osowania: 13 g\u0142os\u00f3w za, 4 g\u0142osy niewa\u017cne,<\/p>\n<p>Na Wiceprzewodnicz\u0105cego Rady Powiatu Lw\u00f3weckiego zg\u0142oszono r\u00f3wnie\u017c kandydatur\u0119 Radnego Piotra Konsura<\/p>\n<p>Wyniki g\u0142osowania: 12 g\u0142os\u00f3w za, 1 g\u0142os przeciw, 3 g\u0142osy niewa\u017cne<\/p>\n<p>Niewystarczaj\u0105ca ilo\u015b\u0107 g\u0142os\u00f3w nie pozwoli\u0142a Radnej Ewelinie Kredkowskiej obj\u0105\u0107 stanowiska Wiceprzewodnicz\u0105cej Rady Powiatu.<\/p>\n<p>Radna Iwona Kobierecka zosta\u0142a wybrana Wiceprzewodnicz\u0105c\u0105 Rady Powiatu Lw\u00f3weckiego.<\/p>\n<p>Radny Piotr Konsur zosta\u0142 wybrany Wiceprzewodnicz\u0105cym Rady Powiatu Lw\u00f3weckiego<\/p>\n<p>Kandydatk\u0105 na Starost\u0119 Powiatu Lw\u00f3weckiego -Radna Powiatu Lw\u00f3weckiego Ma\u0142gorzata Katarzyna Szczepa\u0144ska<\/p>\n<p>Wyniki g\u0142osowania: 11 g\u0142os\u00f3w za, 4 g\u0142osy przeciw, 2 g\u0142osy wstrzymane.<\/p>\n<p>Starost\u0105 Powiatu Lw\u00f3weckiego- Ma\u0142gorzata Katarzyna Szczepa\u0144ska<\/p>\n<p>Kandydatem na Wicestarost\u0119 Powiatu Lw\u00f3weckiego- Radny Powiatu Lw\u00f3weckiego Zbigniew Grze\u015bk\u00f3w<\/p>\n<p>Zosta\u0142o wydanych 16 kart do g\u0142osowania<\/p>\n<p>Wyniki g\u0142osowania: 11 g\u0142os\u00f3w za, 5 g\u0142os\u00f3w przeciw<\/p>\n<p>Wicestarost\u0105 Powiaty Lw\u00f3weckiego- Zbigniew Grze\u015bk\u00f3w<\/p>\n<p>Starosta Lw\u00f3wecki Ma\u0142gorzata Katarzyna Szczepa\u0144ska zg\u0142osi\u0142a swoich kandydat\u00f3w do Zarz\u0105du Powiatu Lw\u00f3weckiego:<\/p>\n<p>Radnego Powiatu Lw\u00f3weckiego Zenona Zatchieja<\/p>\n<p>Wyniki g\u0142osowania: zosta\u0142o wydanych 16 kart, \u00a011 g\u0142os\u00f3w za, 5 g\u0142os\u00f3w przeciw.<\/p>\n<p>Radnego Powiatu Lw\u00f3weckiego Dariusza Szorca<\/p>\n<p>Wyniki g\u0142osowania: zosta\u0142o wydanych 16 kart, 12 g\u0142os\u00f3w za, 3 g\u0142osy przeciw, 1 wstrzymany.<\/p>\n<p>oraz Radnego Powiatu Lw\u00f3weckiego Micha\u0142a Patera<\/p>\n<p>Wyniki g\u0142osowania: zosta\u0142o wydanych 16 kart, 13 g\u0142os\u00f3w za, 3 g\u0142osy przeciw.<\/p>\n<p>Sk\u0142ad Zarz\u0105du Powiatu:<\/p>\n<p>Starosta Lw\u00f3wecki Ma\u0142gorzata Katarzyna Sczepa\u0144ska<\/p>\n<p>Wicestarosta Lw\u00f3wecki Zbigniew Grze\u015bk\u00f3w<\/p>\n<p>Cz\u0142onek Zarz\u0105du Powiatu Zenon Zatchiej<\/p>\n<p>Cz\u0142onek Zarz\u0105du Powiatu Dariusz Szorc<\/p>\n<p>Cz\u0142onek Zarz\u0105du Powiatu Micha\u0142 Pater<\/p>\n<p>Sk\u0142ad Rady Powiatu:<\/p>\n<p>Przewodnicz\u0105cy Rady Powiatu Lw\u00f3weckiego: Olgierd Poni\u017anik<\/p>\n<p>Wiceprzewodnicz\u0105ca Rady Powiatu Lw\u00f3weckiego: Iwona Kobierecka<\/p>\n<p>Wiceprzewodnicz\u0105cy Rady Powiatu Lw\u00f3weckiego: Piotr Andrzej Konsur<\/p>\n<p>Radny Powiatu Lw\u00f3weckiego Bogdan Ciereszko<\/p>\n<p>Radny Powiatu Lw\u00f3weckiego Piotr Czembrowski<\/p>\n<p>Wicestarosta Lw\u00f3wecki Zbigniew Grze\u015bk\u00f3w<\/p>\n<p>Radny Powiatu Lw\u00f3weckiego Marcin \u00a0Karasi\u0144ski<\/p>\n<p>Radna Powiatu Lw\u00f3weckiego Ewelina Anna Kredkowska<\/p>\n<p>Radny Powiatu Lw\u00f3weckiego Roman Marian \u00a0Kulczycki<\/p>\n<p>Randa Powiatu Lw\u00f3weckiego Anna Michalkiewicz<\/p>\n<p>Radny Powiatu Lw\u00f3weckiego Micha\u0142 Mateusz Pater<\/p>\n<p>Radna Powiatu Lw\u00f3weckiego Katarzyna Piotrowicz<\/p>\n<p>Starosta Lw\u00f3wecki Ma\u0142gorzata Katarzyna Szczepa\u0144ska<\/p>\n<p>Radny Powiatu Lw\u00f3weckiego Dariusz Robert Szorc<\/p>\n<p>Radny Powiatu Lw\u00f3weckiego Rafa\u0142 \u015alusarz<\/p>\n<p>Radny Powiatu Lw\u00f3weckiego Zenon Zatchiej<\/p>\n<p>Radny Powiatu Lw\u00f3weckiego Jacek Mariusz \u017bojdzik<\/p>\n<\/div><div class=\"awb-gallery-wrapper awb-gallery-wrapper-1 button-span-no\" style=\"--more-btn-alignment:center;\"><div style=\"margin:-5px;--awb-bordersize:0px;\" class=\"fusion-gallery fusion-gallery-container fusion-grid-3 fusion-columns-total-18 fusion-gallery-layout-grid fusion-gallery-1\"><div style=\"padding:5px;\" class=\"fusion-grid-column fusion-gallery-column fusion-gallery-column-3 hover-type-none\"><div class=\"fusion-gallery-image\"><a href=\"https:\/\/powiatlwowecki.pl\/wp-content\/uploads\/2024\/05\/DSC5813-scaled.jpg\" rel=\"noreferrer\" data-rel=\"iLightbox[gallery_image_1]\" class=\"fusion-lightbox\" target=\"_self\"><img decoding=\"async\" src=\"https:\/\/powiatlwowecki.pl\/wp-content\/uploads\/2024\/05\/DSC5813-scaled.jpg\" width=\"2560\" height=\"1438\" alt=\"\" title=\"_DSC5813\" aria-label=\"_DSC5813\" class=\"img-responsive wp-image-7060\" srcset=\"https:\/\/powiatlwowecki.pl\/wp-content\/uploads\/2024\/05\/DSC5813-200x112.jpg 200w, https:\/\/powiatlwowecki.pl\/wp-content\/uploads\/2024\/05\/DSC5813-400x225.jpg 400w, https:\/\/powiatlwowecki.pl\/wp-content\/uploads\/2024\/05\/DSC5813-600x337.jpg 600w, https:\/\/powiatlwowecki.pl\/wp-content\/uploads\/2024\/05\/DSC5813-800x450.jpg 800w, https:\/\/powiatlwowecki.pl\/wp-content\/uploads\/2024\/05\/DSC5813-1200x674.jpg 1200w, https:\/\/powiatlwowecki.pl\/wp-content\/uploads\/2024\/05\/DSC5813-scaled.jpg 2560w\" sizes=\"(min-width: 2200px) 100vw, (min-width: 784px) 397px, (min-width: 712px) 595px, (min-width: 640px) 712px, \" \/><\/a><\/div><\/div><div style=\"padding:5px;\" class=\"fusion-grid-column fusion-gallery-column fusion-gallery-column-3 hover-type-none\"><div class=\"fusion-gallery-image\"><a href=\"https:\/\/powiatlwowecki.pl\/wp-content\/uploads\/2024\/05\/DSC5816-scaled.jpg\" rel=\"noreferrer\" data-rel=\"iLightbox[gallery_image_1]\" class=\"fusion-lightbox\" target=\"_self\"><img decoding=\"async\" src=\"https:\/\/powiatlwowecki.pl\/wp-content\/uploads\/2024\/05\/DSC5816-scaled.jpg\" width=\"2560\" height=\"1438\" alt=\"\" title=\"_DSC5816\" aria-label=\"_DSC5816\" class=\"img-responsive wp-image-7062\" srcset=\"https:\/\/powiatlwowecki.pl\/wp-content\/uploads\/2024\/05\/DSC5816-200x112.jpg 200w, https:\/\/powiatlwowecki.pl\/wp-content\/uploads\/2024\/05\/DSC5816-400x225.jpg 400w, https:\/\/powiatlwowecki.pl\/wp-content\/uploads\/2024\/05\/DSC5816-600x337.jpg 600w, https:\/\/powiatlwowecki.pl\/wp-content\/uploads\/2024\/05\/DSC5816-800x450.jpg 800w, https:\/\/powiatlwowecki.pl\/wp-content\/uploads\/2024\/05\/DSC5816-1200x674.jpg 1200w, https:\/\/powiatlwowecki.pl\/wp-content\/uploads\/2024\/05\/DSC5816-scaled.jpg 2560w\" sizes=\"(min-width: 2200px) 100vw, (min-width: 784px) 397px, (min-width: 712px) 595px, (min-width: 640px) 712px, \" \/><\/a><\/div><\/div><div style=\"padding:5px;\" class=\"fusion-grid-column fusion-gallery-column fusion-gallery-column-3 hover-type-none\"><div class=\"fusion-gallery-image\"><a href=\"https:\/\/powiatlwowecki.pl\/wp-content\/uploads\/2024\/05\/DSC5817-scaled.jpg\" rel=\"noreferrer\" data-rel=\"iLightbox[gallery_image_1]\" class=\"fusion-lightbox\" target=\"_self\"><img decoding=\"async\" src=\"https:\/\/powiatlwowecki.pl\/wp-content\/uploads\/2024\/05\/DSC5817-scaled.jpg\" width=\"2560\" height=\"1438\" alt=\"\" title=\"_DSC5817\" aria-label=\"_DSC5817\" class=\"img-responsive wp-image-7063\" srcset=\"https:\/\/powiatlwowecki.pl\/wp-content\/uploads\/2024\/05\/DSC5817-200x112.jpg 200w, https:\/\/powiatlwowecki.pl\/wp-content\/uploads\/2024\/05\/DSC5817-400x225.jpg 400w, https:\/\/powiatlwowecki.pl\/wp-content\/uploads\/2024\/05\/DSC5817-600x337.jpg 600w, https:\/\/powiatlwowecki.pl\/wp-content\/uploads\/2024\/05\/DSC5817-800x450.jpg 800w, https:\/\/powiatlwowecki.pl\/wp-content\/uploads\/2024\/05\/DSC5817-1200x674.jpg 1200w, https:\/\/powiatlwowecki.pl\/wp-content\/uploads\/2024\/05\/DSC5817-scaled.jpg 2560w\" sizes=\"(min-width: 2200px) 100vw, (min-width: 784px) 397px, (min-width: 712px) 595px, (min-width: 640px) 712px, \" \/><\/a><\/div><\/div><div class=\"clearfix\"><\/div><div style=\"padding:5px;\" class=\"fusion-grid-column fusion-gallery-column fusion-gallery-column-3 hover-type-none\"><div class=\"fusion-gallery-image\"><a href=\"https:\/\/powiatlwowecki.pl\/wp-content\/uploads\/2024\/05\/DSC5818-scaled.jpg\" rel=\"noreferrer\" data-rel=\"iLightbox[gallery_image_1]\" class=\"fusion-lightbox\" target=\"_self\"><img decoding=\"async\" src=\"https:\/\/powiatlwowecki.pl\/wp-content\/uploads\/2024\/05\/DSC5818-scaled.jpg\" width=\"2560\" height=\"1438\" alt=\"\" title=\"_DSC5818\" aria-label=\"_DSC5818\" class=\"img-responsive wp-image-7064\" srcset=\"https:\/\/powiatlwowecki.pl\/wp-content\/uploads\/2024\/05\/DSC5818-200x112.jpg 200w, https:\/\/powiatlwowecki.pl\/wp-content\/uploads\/2024\/05\/DSC5818-400x225.jpg 400w, https:\/\/powiatlwowecki.pl\/wp-content\/uploads\/2024\/05\/DSC5818-600x337.jpg 600w, https:\/\/powiatlwowecki.pl\/wp-content\/uploads\/2024\/05\/DSC5818-800x450.jpg 800w, https:\/\/powiatlwowecki.pl\/wp-content\/uploads\/2024\/05\/DSC5818-1200x674.jpg 1200w, https:\/\/powiatlwowecki.pl\/wp-content\/uploads\/2024\/05\/DSC5818-scaled.jpg 2560w\" sizes=\"(min-width: 2200px) 100vw, (min-width: 784px) 397px, (min-width: 712px) 595px, (min-width: 640px) 712px, \" \/><\/a><\/div><\/div><div style=\"padding:5px;\" class=\"fusion-grid-column fusion-gallery-column fusion-gallery-column-3 hover-type-none\"><div class=\"fusion-gallery-image\"><a href=\"https:\/\/powiatlwowecki.pl\/wp-content\/uploads\/2024\/05\/DSC5819-scaled.jpg\" rel=\"noreferrer\" data-rel=\"iLightbox[gallery_image_1]\" class=\"fusion-lightbox\" target=\"_self\"><img decoding=\"async\" src=\"https:\/\/powiatlwowecki.pl\/wp-content\/uploads\/2024\/05\/DSC5819-scaled.jpg\" width=\"2560\" height=\"1438\" alt=\"\" title=\"_DSC5819\" aria-label=\"_DSC5819\" class=\"img-responsive wp-image-7065\" srcset=\"https:\/\/powiatlwowecki.pl\/wp-content\/uploads\/2024\/05\/DSC5819-200x112.jpg 200w, https:\/\/powiatlwowecki.pl\/wp-content\/uploads\/2024\/05\/DSC5819-400x225.jpg 400w, https:\/\/powiatlwowecki.pl\/wp-content\/uploads\/2024\/05\/DSC5819-600x337.jpg 600w, https:\/\/powiatlwowecki.pl\/wp-content\/uploads\/2024\/05\/DSC5819-800x450.jpg 800w, https:\/\/powiatlwowecki.pl\/wp-content\/uploads\/2024\/05\/DSC5819-1200x674.jpg 1200w, https:\/\/powiatlwowecki.pl\/wp-content\/uploads\/2024\/05\/DSC5819-scaled.jpg 2560w\" sizes=\"(min-width: 2200px) 100vw, (min-width: 784px) 397px, (min-width: 712px) 595px, (min-width: 640px) 712px, \" \/><\/a><\/div><\/div><div style=\"padding:5px;\" class=\"fusion-grid-column fusion-gallery-column fusion-gallery-column-3 hover-type-none\"><div class=\"fusion-gallery-image\"><a href=\"https:\/\/powiatlwowecki.pl\/wp-content\/uploads\/2024\/05\/DSC5820-scaled.jpg\" rel=\"noreferrer\" data-rel=\"iLightbox[gallery_image_1]\" class=\"fusion-lightbox\" target=\"_self\"><img decoding=\"async\" src=\"https:\/\/powiatlwowecki.pl\/wp-content\/uploads\/2024\/05\/DSC5820-scaled.jpg\" width=\"2560\" height=\"1438\" alt=\"\" title=\"_DSC5820\" aria-label=\"_DSC5820\" class=\"img-responsive wp-image-7066\" srcset=\"https:\/\/powiatlwowecki.pl\/wp-content\/uploads\/2024\/05\/DSC5820-200x112.jpg 200w, https:\/\/powiatlwowecki.pl\/wp-content\/uploads\/2024\/05\/DSC5820-400x225.jpg 400w, https:\/\/powiatlwowecki.pl\/wp-content\/uploads\/2024\/05\/DSC5820-600x337.jpg 600w, https:\/\/powiatlwowecki.pl\/wp-content\/uploads\/2024\/05\/DSC5820-800x450.jpg 800w, https:\/\/powiatlwowecki.pl\/wp-content\/uploads\/2024\/05\/DSC5820-1200x674.jpg 1200w, https:\/\/powiatlwowecki.pl\/wp-content\/uploads\/2024\/05\/DSC5820-scaled.jpg 2560w\" sizes=\"(min-width: 2200px) 100vw, (min-width: 784px) 397px, (min-width: 712px) 595px, (min-width: 640px) 712px, \" \/><\/a><\/div><\/div><div class=\"clearfix\"><\/div><div style=\"padding:5px;\" class=\"fusion-grid-column fusion-gallery-column fusion-gallery-column-3 hover-type-none\"><div class=\"fusion-gallery-image\"><a href=\"https:\/\/powiatlwowecki.pl\/wp-content\/uploads\/2024\/05\/DSC5821-scaled.jpg\" rel=\"noreferrer\" data-rel=\"iLightbox[gallery_image_1]\" class=\"fusion-lightbox\" target=\"_self\"><img decoding=\"async\" src=\"https:\/\/powiatlwowecki.pl\/wp-content\/uploads\/2024\/05\/DSC5821-scaled.jpg\" width=\"2560\" height=\"1438\" alt=\"\" title=\"_DSC5821\" aria-label=\"_DSC5821\" class=\"img-responsive wp-image-7067\" srcset=\"https:\/\/powiatlwowecki.pl\/wp-content\/uploads\/2024\/05\/DSC5821-200x112.jpg 200w, https:\/\/powiatlwowecki.pl\/wp-content\/uploads\/2024\/05\/DSC5821-400x225.jpg 400w, https:\/\/powiatlwowecki.pl\/wp-content\/uploads\/2024\/05\/DSC5821-600x337.jpg 600w, https:\/\/powiatlwowecki.pl\/wp-content\/uploads\/2024\/05\/DSC5821-800x450.jpg 800w, https:\/\/powiatlwowecki.pl\/wp-content\/uploads\/2024\/05\/DSC5821-1200x674.jpg 1200w, https:\/\/powiatlwowecki.pl\/wp-content\/uploads\/2024\/05\/DSC5821-scaled.jpg 2560w\" sizes=\"(min-width: 2200px) 100vw, (min-width: 784px) 397px, (min-width: 712px) 595px, (min-width: 640px) 712px, \" \/><\/a><\/div><\/div><div style=\"padding:5px;\" class=\"fusion-grid-column fusion-gallery-column fusion-gallery-column-3 hover-type-none\"><div class=\"fusion-gallery-image\"><a href=\"https:\/\/powiatlwowecki.pl\/wp-content\/uploads\/2024\/05\/DSC5822-scaled.jpg\" rel=\"noreferrer\" data-rel=\"iLightbox[gallery_image_1]\" class=\"fusion-lightbox\" target=\"_self\"><img decoding=\"async\" src=\"https:\/\/powiatlwowecki.pl\/wp-content\/uploads\/2024\/05\/DSC5822-scaled.jpg\" width=\"2560\" height=\"1438\" alt=\"\" title=\"_DSC5822\" aria-label=\"_DSC5822\" class=\"img-responsive wp-image-7068\" srcset=\"https:\/\/powiatlwowecki.pl\/wp-content\/uploads\/2024\/05\/DSC5822-200x112.jpg 200w, https:\/\/powiatlwowecki.pl\/wp-content\/uploads\/2024\/05\/DSC5822-400x225.jpg 400w, https:\/\/powiatlwowecki.pl\/wp-content\/uploads\/2024\/05\/DSC5822-600x337.jpg 600w, https:\/\/powiatlwowecki.pl\/wp-content\/uploads\/2024\/05\/DSC5822-800x450.jpg 800w, https:\/\/powiatlwowecki.pl\/wp-content\/uploads\/2024\/05\/DSC5822-1200x674.jpg 1200w, https:\/\/powiatlwowecki.pl\/wp-content\/uploads\/2024\/05\/DSC5822-scaled.jpg 2560w\" sizes=\"(min-width: 2200px) 100vw, (min-width: 784px) 397px, (min-width: 712px) 595px, (min-width: 640px) 712px, \" \/><\/a><\/div><\/div><div style=\"padding:5px;\" class=\"fusion-grid-column fusion-gallery-column fusion-gallery-column-3 hover-type-none\"><div class=\"fusion-gallery-image\"><a href=\"https:\/\/powiatlwowecki.pl\/wp-content\/uploads\/2024\/05\/DSC5826-scaled.jpg\" rel=\"noreferrer\" data-rel=\"iLightbox[gallery_image_1]\" class=\"fusion-lightbox\" target=\"_self\"><img decoding=\"async\" src=\"https:\/\/powiatlwowecki.pl\/wp-content\/uploads\/2024\/05\/DSC5826-scaled.jpg\" width=\"2560\" height=\"1438\" alt=\"\" title=\"_DSC5826\" aria-label=\"_DSC5826\" class=\"img-responsive wp-image-7070\" srcset=\"https:\/\/powiatlwowecki.pl\/wp-content\/uploads\/2024\/05\/DSC5826-200x112.jpg 200w, https:\/\/powiatlwowecki.pl\/wp-content\/uploads\/2024\/05\/DSC5826-400x225.jpg 400w, https:\/\/powiatlwowecki.pl\/wp-content\/uploads\/2024\/05\/DSC5826-600x337.jpg 600w, https:\/\/powiatlwowecki.pl\/wp-content\/uploads\/2024\/05\/DSC5826-800x450.jpg 800w, https:\/\/powiatlwowecki.pl\/wp-content\/uploads\/2024\/05\/DSC5826-1200x674.jpg 1200w, https:\/\/powiatlwowecki.pl\/wp-content\/uploads\/2024\/05\/DSC5826-scaled.jpg 2560w\" sizes=\"(min-width: 2200px) 100vw, (min-width: 784px) 397px, (min-width: 712px) 595px, (min-width: 640px) 712px, \" \/><\/a><\/div><\/div><div class=\"clearfix\"><\/div><div style=\"padding:5px;\" class=\"fusion-grid-column fusion-gallery-column fusion-gallery-column-3 hover-type-none\"><div class=\"fusion-gallery-image\"><a href=\"https:\/\/powiatlwowecki.pl\/wp-content\/uploads\/2024\/05\/DSC5829-scaled.jpg\" rel=\"noreferrer\" data-rel=\"iLightbox[gallery_image_1]\" class=\"fusion-lightbox\" target=\"_self\"><img decoding=\"async\" src=\"https:\/\/powiatlwowecki.pl\/wp-content\/uploads\/2024\/05\/DSC5829-scaled.jpg\" width=\"2560\" height=\"1438\" alt=\"\" title=\"_DSC5829\" aria-label=\"_DSC5829\" class=\"img-responsive wp-image-7072\" srcset=\"https:\/\/powiatlwowecki.pl\/wp-content\/uploads\/2024\/05\/DSC5829-200x112.jpg 200w, https:\/\/powiatlwowecki.pl\/wp-content\/uploads\/2024\/05\/DSC5829-400x225.jpg 400w, https:\/\/powiatlwowecki.pl\/wp-content\/uploads\/2024\/05\/DSC5829-600x337.jpg 600w, https:\/\/powiatlwowecki.pl\/wp-content\/uploads\/2024\/05\/DSC5829-800x450.jpg 800w, https:\/\/powiatlwowecki.pl\/wp-content\/uploads\/2024\/05\/DSC5829-1200x674.jpg 1200w, https:\/\/powiatlwowecki.pl\/wp-content\/uploads\/2024\/05\/DSC5829-scaled.jpg 2560w\" sizes=\"(min-width: 2200px) 100vw, (min-width: 784px) 397px, (min-width: 712px) 595px, (min-width: 640px) 712px, \" \/><\/a><\/div><\/div><div style=\"padding:5px;\" class=\"fusion-grid-column fusion-gallery-column fusion-gallery-column-3 hover-type-none\"><div class=\"fusion-gallery-image\"><a href=\"https:\/\/powiatlwowecki.pl\/wp-content\/uploads\/2024\/05\/DSC5830-scaled.jpg\" rel=\"noreferrer\" data-rel=\"iLightbox[gallery_image_1]\" class=\"fusion-lightbox\" target=\"_self\"><img decoding=\"async\" src=\"https:\/\/powiatlwowecki.pl\/wp-content\/uploads\/2024\/05\/DSC5830-scaled.jpg\" width=\"2560\" height=\"1438\" alt=\"\" title=\"_DSC5830\" aria-label=\"_DSC5830\" class=\"img-responsive wp-image-7073\" srcset=\"https:\/\/powiatlwowecki.pl\/wp-content\/uploads\/2024\/05\/DSC5830-200x112.jpg 200w, https:\/\/powiatlwowecki.pl\/wp-content\/uploads\/2024\/05\/DSC5830-400x225.jpg 400w, https:\/\/powiatlwowecki.pl\/wp-content\/uploads\/2024\/05\/DSC5830-600x337.jpg 600w, https:\/\/powiatlwowecki.pl\/wp-content\/uploads\/2024\/05\/DSC5830-800x450.jpg 800w, https:\/\/powiatlwowecki.pl\/wp-content\/uploads\/2024\/05\/DSC5830-1200x674.jpg 1200w, https:\/\/powiatlwowecki.pl\/wp-content\/uploads\/2024\/05\/DSC5830-scaled.jpg 2560w\" sizes=\"(min-width: 2200px) 100vw, (min-width: 784px) 397px, (min-width: 712px) 595px, (min-width: 640px) 712px, \" \/><\/a><\/div><\/div><div style=\"padding:5px;\" class=\"fusion-grid-column fusion-gallery-column fusion-gallery-column-3 hover-type-none\"><div class=\"fusion-gallery-image\"><a href=\"https:\/\/powiatlwowecki.pl\/wp-content\/uploads\/2024\/05\/DSC5831-scaled.jpg\" rel=\"noreferrer\" data-rel=\"iLightbox[gallery_image_1]\" class=\"fusion-lightbox\" target=\"_self\"><img decoding=\"async\" src=\"https:\/\/powiatlwowecki.pl\/wp-content\/uploads\/2024\/05\/DSC5831-scaled.jpg\" width=\"2560\" height=\"1438\" alt=\"\" title=\"_DSC5831\" aria-label=\"_DSC5831\" class=\"img-responsive wp-image-7074\" srcset=\"https:\/\/powiatlwowecki.pl\/wp-content\/uploads\/2024\/05\/DSC5831-200x112.jpg 200w, https:\/\/powiatlwowecki.pl\/wp-content\/uploads\/2024\/05\/DSC5831-400x225.jpg 400w, https:\/\/powiatlwowecki.pl\/wp-content\/uploads\/2024\/05\/DSC5831-600x337.jpg 600w, https:\/\/powiatlwowecki.pl\/wp-content\/uploads\/2024\/05\/DSC5831-800x450.jpg 800w, https:\/\/powiatlwowecki.pl\/wp-content\/uploads\/2024\/05\/DSC5831-1200x674.jpg 1200w, https:\/\/powiatlwowecki.pl\/wp-content\/uploads\/2024\/05\/DSC5831-scaled.jpg 2560w\" sizes=\"(min-width: 2200px) 100vw, (min-width: 784px) 397px, (min-width: 712px) 595px, (min-width: 640px) 712px, \" \/><\/a><\/div><\/div><div class=\"clearfix\"><\/div><div style=\"padding:5px;\" class=\"fusion-grid-column fusion-gallery-column fusion-gallery-column-3 hover-type-none\"><div class=\"fusion-gallery-image\"><a href=\"https:\/\/powiatlwowecki.pl\/wp-content\/uploads\/2024\/05\/DSC5832-scaled.jpg\" rel=\"noreferrer\" data-rel=\"iLightbox[gallery_image_1]\" class=\"fusion-lightbox\" target=\"_self\"><img decoding=\"async\" src=\"https:\/\/powiatlwowecki.pl\/wp-content\/uploads\/2024\/05\/DSC5832-scaled.jpg\" width=\"2560\" height=\"1438\" alt=\"\" title=\"_DSC5832\" aria-label=\"_DSC5832\" class=\"img-responsive wp-image-7075\" srcset=\"https:\/\/powiatlwowecki.pl\/wp-content\/uploads\/2024\/05\/DSC5832-200x112.jpg 200w, https:\/\/powiatlwowecki.pl\/wp-content\/uploads\/2024\/05\/DSC5832-400x225.jpg 400w, https:\/\/powiatlwowecki.pl\/wp-content\/uploads\/2024\/05\/DSC5832-600x337.jpg 600w, https:\/\/powiatlwowecki.pl\/wp-content\/uploads\/2024\/05\/DSC5832-800x450.jpg 800w, https:\/\/powiatlwowecki.pl\/wp-content\/uploads\/2024\/05\/DSC5832-1200x674.jpg 1200w, https:\/\/powiatlwowecki.pl\/wp-content\/uploads\/2024\/05\/DSC5832-scaled.jpg 2560w\" sizes=\"(min-width: 2200px) 100vw, (min-width: 784px) 397px, (min-width: 712px) 595px, (min-width: 640px) 712px, \" \/><\/a><\/div><\/div><div style=\"padding:5px;\" class=\"fusion-grid-column fusion-gallery-column fusion-gallery-column-3 hover-type-none\"><div class=\"fusion-gallery-image\"><a href=\"https:\/\/powiatlwowecki.pl\/wp-content\/uploads\/2024\/05\/DSC5833-scaled.jpg\" rel=\"noreferrer\" data-rel=\"iLightbox[gallery_image_1]\" class=\"fusion-lightbox\" target=\"_self\"><img decoding=\"async\" src=\"https:\/\/powiatlwowecki.pl\/wp-content\/uploads\/2024\/05\/DSC5833-scaled.jpg\" width=\"2560\" height=\"1438\" alt=\"\" title=\"_DSC5833\" aria-label=\"_DSC5833\" class=\"img-responsive wp-image-7076\" srcset=\"https:\/\/powiatlwowecki.pl\/wp-content\/uploads\/2024\/05\/DSC5833-200x112.jpg 200w, https:\/\/powiatlwowecki.pl\/wp-content\/uploads\/2024\/05\/DSC5833-400x225.jpg 400w, https:\/\/powiatlwowecki.pl\/wp-content\/uploads\/2024\/05\/DSC5833-600x337.jpg 600w, https:\/\/powiatlwowecki.pl\/wp-content\/uploads\/2024\/05\/DSC5833-800x450.jpg 800w, https:\/\/powiatlwowecki.pl\/wp-content\/uploads\/2024\/05\/DSC5833-1200x674.jpg 1200w, https:\/\/powiatlwowecki.pl\/wp-content\/uploads\/2024\/05\/DSC5833-scaled.jpg 2560w\" sizes=\"(min-width: 2200px) 100vw, (min-width: 784px) 397px, (min-width: 712px) 595px, (min-width: 640px) 712px, \" \/><\/a><\/div><\/div><div style=\"padding:5px;\" class=\"fusion-grid-column fusion-gallery-column fusion-gallery-column-3 hover-type-none\"><div class=\"fusion-gallery-image\"><a href=\"https:\/\/powiatlwowecki.pl\/wp-content\/uploads\/2024\/05\/DSC5836-scaled.jpg\" rel=\"noreferrer\" data-rel=\"iLightbox[gallery_image_1]\" class=\"fusion-lightbox\" target=\"_self\"><img decoding=\"async\" src=\"https:\/\/powiatlwowecki.pl\/wp-content\/uploads\/2024\/05\/DSC5836-scaled.jpg\" width=\"2560\" height=\"1438\" alt=\"\" title=\"_DSC5836\" aria-label=\"_DSC5836\" class=\"img-responsive wp-image-7077\" srcset=\"https:\/\/powiatlwowecki.pl\/wp-content\/uploads\/2024\/05\/DSC5836-200x112.jpg 200w, https:\/\/powiatlwowecki.pl\/wp-content\/uploads\/2024\/05\/DSC5836-400x225.jpg 400w, https:\/\/powiatlwowecki.pl\/wp-content\/uploads\/2024\/05\/DSC5836-600x337.jpg 600w, https:\/\/powiatlwowecki.pl\/wp-content\/uploads\/2024\/05\/DSC5836-800x450.jpg 800w, https:\/\/powiatlwowecki.pl\/wp-content\/uploads\/2024\/05\/DSC5836-1200x674.jpg 1200w, https:\/\/powiatlwowecki.pl\/wp-content\/uploads\/2024\/05\/DSC5836-scaled.jpg 2560w\" sizes=\"(min-width: 2200px) 100vw, (min-width: 784px) 397px, (min-width: 712px) 595px, (min-width: 640px) 712px, \" \/><\/a><\/div><\/div><div class=\"clearfix\"><\/div><div style=\"padding:5px;\" class=\"fusion-grid-column fusion-gallery-column fusion-gallery-column-3 hover-type-none\"><div class=\"fusion-gallery-image\"><a href=\"https:\/\/powiatlwowecki.pl\/wp-content\/uploads\/2024\/05\/DSC5838-scaled.jpg\" rel=\"noreferrer\" data-rel=\"iLightbox[gallery_image_1]\" class=\"fusion-lightbox\" target=\"_self\"><img decoding=\"async\" src=\"https:\/\/powiatlwowecki.pl\/wp-content\/uploads\/2024\/05\/DSC5838-scaled.jpg\" width=\"2560\" height=\"1438\" alt=\"\" title=\"_DSC5838\" aria-label=\"_DSC5838\" class=\"img-responsive wp-image-7078\" srcset=\"https:\/\/powiatlwowecki.pl\/wp-content\/uploads\/2024\/05\/DSC5838-200x112.jpg 200w, https:\/\/powiatlwowecki.pl\/wp-content\/uploads\/2024\/05\/DSC5838-400x225.jpg 400w, https:\/\/powiatlwowecki.pl\/wp-content\/uploads\/2024\/05\/DSC5838-600x337.jpg 600w, https:\/\/powiatlwowecki.pl\/wp-content\/uploads\/2024\/05\/DSC5838-800x450.jpg 800w, https:\/\/powiatlwowecki.pl\/wp-content\/uploads\/2024\/05\/DSC5838-1200x674.jpg 1200w, https:\/\/powiatlwowecki.pl\/wp-content\/uploads\/2024\/05\/DSC5838-scaled.jpg 2560w\" sizes=\"(min-width: 2200px) 100vw, (min-width: 784px) 397px, (min-width: 712px) 595px, (min-width: 640px) 712px, \" \/><\/a><\/div><\/div><div style=\"padding:5px;\" class=\"fusion-grid-column fusion-gallery-column fusion-gallery-column-3 hover-type-none\"><div class=\"fusion-gallery-image\"><a href=\"https:\/\/powiatlwowecki.pl\/wp-content\/uploads\/2024\/05\/DSC5842-scaled.jpg\" rel=\"noreferrer\" data-rel=\"iLightbox[gallery_image_1]\" class=\"fusion-lightbox\" target=\"_self\"><img decoding=\"async\" src=\"https:\/\/powiatlwowecki.pl\/wp-content\/uploads\/2024\/05\/DSC5842-scaled.jpg\" width=\"2560\" height=\"1438\" alt=\"\" title=\"_DSC5842\" aria-label=\"_DSC5842\" class=\"img-responsive wp-image-7079\" srcset=\"https:\/\/powiatlwowecki.pl\/wp-content\/uploads\/2024\/05\/DSC5842-200x112.jpg 200w, https:\/\/powiatlwowecki.pl\/wp-content\/uploads\/2024\/05\/DSC5842-400x225.jpg 400w, https:\/\/powiatlwowecki.pl\/wp-content\/uploads\/2024\/05\/DSC5842-600x337.jpg 600w, https:\/\/powiatlwowecki.pl\/wp-content\/uploads\/2024\/05\/DSC5842-800x450.jpg 800w, https:\/\/powiatlwowecki.pl\/wp-content\/uploads\/2024\/05\/DSC5842-1200x674.jpg 1200w, https:\/\/powiatlwowecki.pl\/wp-content\/uploads\/2024\/05\/DSC5842-scaled.jpg 2560w\" sizes=\"(min-width: 2200px) 100vw, (min-width: 784px) 397px, (min-width: 712px) 595px, (min-width: 640px) 712px, \" \/><\/a><\/div><\/div><div style=\"padding:5px;\" class=\"fusion-grid-column fusion-gallery-column fusion-gallery-column-3 hover-type-none\"><div class=\"fusion-gallery-image\"><a href=\"https:\/\/powiatlwowecki.pl\/wp-content\/uploads\/2024\/05\/DSC5843-scaled.jpg\" rel=\"noreferrer\" data-rel=\"iLightbox[gallery_image_1]\" class=\"fusion-lightbox\" target=\"_self\"><img decoding=\"async\" src=\"https:\/\/powiatlwowecki.pl\/wp-content\/uploads\/2024\/05\/DSC5843-scaled.jpg\" width=\"2560\" height=\"1438\" alt=\"\" title=\"_DSC5843\" aria-label=\"_DSC5843\" class=\"img-responsive wp-image-7080\" srcset=\"https:\/\/powiatlwowecki.pl\/wp-content\/uploads\/2024\/05\/DSC5843-200x112.jpg 200w, https:\/\/powiatlwowecki.pl\/wp-content\/uploads\/2024\/05\/DSC5843-400x225.jpg 400w, https:\/\/powiatlwowecki.pl\/wp-content\/uploads\/2024\/05\/DSC5843-600x337.jpg 600w, https:\/\/powiatlwowecki.pl\/wp-content\/uploads\/2024\/05\/DSC5843-800x450.jpg 800w, https:\/\/powiatlwowecki.pl\/wp-content\/uploads\/2024\/05\/DSC5843-1200x674.jpg 1200w, https:\/\/powiatlwowecki.pl\/wp-content\/uploads\/2024\/05\/DSC5843-scaled.jpg 2560w\" sizes=\"(min-width: 2200px) 100vw, (min-width: 784px) 397px, (min-width: 712px) 595px, (min-width: 640px) 712px, \" \/><\/a><\/div><\/div><div class=\"clearfix\"><\/div><\/div><\/div><\/div><\/div><\/div><\/div>\n","protected":false},"excerpt":{"rendered":"","protected":false},"author":8,"featured_media":7060,"comment_status":"closed","ping_status":"closed","sticky":false,"template":"","format":"standard","meta":{"_acf_changed":false,"footnotes":""},"categories":[5],"tags":[],"class_list":["post-7082","post","type-post","status-publish","format-standard","has-post-thumbnail","hentry","category-aktualnosci"],"acf":{"kal_data_wydarzenia":""},"_links":{"self":[{"href":"https:\/\/powiatlwowecki.pl\/plci_json_endpoint\/wp\/v2\/posts\/7082","targetHints":{"allow":["GET"]}}],"collection":[{"href":"https:\/\/powiatlwowecki.pl\/plci_json_endpoint\/wp\/v2\/posts"}],"about":[{"href":"https:\/\/powiatlwowecki.pl\/plci_json_endpoint\/wp\/v2\/types\/post"}],"author":[{"embeddable":true,"href":"https:\/\/powiatlwowecki.pl\/plci_json_endpoint\/wp\/v2\/users\/8"}],"replies":[{"embeddable":true,"href":"https:\/\/powiatlwowecki.pl\/plci_json_endpoint\/wp\/v2\/comments?post=7082"}],"version-history":[{"count":2,"href":"https:\/\/powiatlwowecki.pl\/plci_json_endpoint\/wp\/v2\/posts\/7082\/revisions"}],"predecessor-version":[{"id":7085,"href":"https:\/\/powiatlwowecki.pl\/plci_json_endpoint\/wp\/v2\/posts\/7082\/revisions\/7085"}],"wp:featuredmedia":[{"embeddable":true,"href":"https:\/\/powiatlwowecki.pl\/plci_json_endpoint\/wp\/v2\/media\/7060"}],"wp:attachment":[{"href":"https:\/\/powiatlwowecki.pl\/plci_json_endpoint\/wp\/v2\/media?parent=7082"}],"wp:term":[{"taxonomy":"category","embeddable":true,"href":"https:\/\/powiatlwowecki.pl\/plci_json_endpoint\/wp\/v2\/categories?post=7082"},{"taxonomy":"post_tag","embeddable":true,"href":"https:\/\/powiatlwowecki.pl\/plci_json_endpoint\/wp\/v2\/tags?post=7082"}],"curies":[{"name":"wp","href":"https:\/\/api.w.org\/{rel}","templated":true}]}}