{"id":7027,"date":"2024-04-29T14:25:29","date_gmt":"2024-04-29T12:25:29","guid":{"rendered":"https:\/\/powiatlwowecki.pl\/?p=7027"},"modified":"2024-04-29T14:26:07","modified_gmt":"2024-04-29T12:26:07","slug":"spotkanie-informacyjne-fundusze-europejskie-dla-przedsiebiorcow","status":"publish","type":"post","link":"https:\/\/powiatlwowecki.pl\/spotkanie-informacyjne-fundusze-europejskie-dla-przedsiebiorcow\/","title":{"rendered":"Spotkanie informacyjne \u201eFundusze Europejskie dla przedsi\u0119biorc\u00f3w\u201d"},"content":{"rendered":"<p><img decoding=\"async\" class=\"size-medium wp-image-7026 alignleft\" src=\"https:\/\/powiatlwowecki.pl\/wp-content\/uploads\/2024\/04\/punkt-informacji-300x71.png\" alt=\"\" width=\"300\" height=\"71\" srcset=\"https:\/\/powiatlwowecki.pl\/wp-content\/uploads\/2024\/04\/punkt-informacji-24x6.png 24w, https:\/\/powiatlwowecki.pl\/wp-content\/uploads\/2024\/04\/punkt-informacji-36x9.png 36w, https:\/\/powiatlwowecki.pl\/wp-content\/uploads\/2024\/04\/punkt-informacji-48x11.png 48w, https:\/\/powiatlwowecki.pl\/wp-content\/uploads\/2024\/04\/punkt-informacji-200x48.png 200w, https:\/\/powiatlwowecki.pl\/wp-content\/uploads\/2024\/04\/punkt-informacji-300x71.png 300w, https:\/\/powiatlwowecki.pl\/wp-content\/uploads\/2024\/04\/punkt-informacji-400x95.png 400w, https:\/\/powiatlwowecki.pl\/wp-content\/uploads\/2024\/04\/punkt-informacji-600x143.png 600w, https:\/\/powiatlwowecki.pl\/wp-content\/uploads\/2024\/04\/punkt-informacji-700x169.png 700w, https:\/\/powiatlwowecki.pl\/wp-content\/uploads\/2024\/04\/punkt-informacji.png 710w\" sizes=\"(max-width: 300px) 100vw, 300px\" \/><\/p>\n<p>Punkt Informacyjny Funduszy Europejskich w Jeleniej G\u00f3rze zaprasza\u00a0 na spotkanie informacyjne pt.<strong> \u201eFundusze Europejskie dla przedsi\u0119biorc\u00f3w\u201d<\/strong><\/p>\n<p>W zwi\u0105zku z dost\u0119pem \u015brodk\u00f3w unijnych na rozw\u00f3j dolno\u015bl\u0105skich firm w ramach program\u00f3w: Fundusze Europejskie dla Nowoczesnej Gospodarki, Fundusze Europejskie dla Dolnego \u015al\u0105ska i funduszy z Krajowego Planu Odbudowy zapraszamy przedstawicieli przedsi\u0119biorstw na spotkanie informacyjne, na kt\u00f3rym om\u00f3wimy zaplanowane i trwaj\u0105ce konkursy dotacyjne oraz wska\u017cemy Pa\u0144stwu mo\u017cliwo\u015bci wsparcia rozwoju firm poprzez instrumenty zwrotne.<\/p>\n<p>Dla sprawnej organizacji spotkania prosimy o zg\u0142aszanie si\u0119 za po\u015brednictwem <a href=\"http:\/\/sonda.dolnyslask.pl\/index.php\/319465?lang=pl\"><strong>FORMULARZA ZG\u0141OSZENIOWEGO<\/strong><\/a> do dnia <strong>07.05.2024r<\/strong><strong>., do godz. 12.00.<\/strong> Po rejestracji otrzymacie Pa\u0144stwo na sw\u00f3j adres<br \/>\ne-mailowy potwierdzenie uczestnictwa w\u00a0 spotkaniu.<\/p>\n<p>Udzia\u0142 w spotkaniu jest<strong> bezp\u0142atny<\/strong>.<\/p>\n<p>O uczestnictwie decyduje kolejno\u015b\u0107 zg\u0142osze\u0144. W przypadku os\u00f3b z\u00a0niepe\u0142nosprawno\u015bciami prosimy o\u00a0poinformowanie organizatora o swoich potrzebach. Umo\u017cliwi to przygotowanie odpowiedniej pomocy oraz zapewni sprawn\u0105 obs\u0142ug\u0119 spotkania.<\/p>\n<p>&nbsp;<\/p>\n<p><strong>Do udzia\u0142u zapraszamy: <\/strong>przedstawicieli przedsi\u0119biorc\u00f3w, w tym w szczeg\u00f3lno\u015bci mikro, ma\u0142ych, \u015brednich oraz \u00a0du\u017cych dzia\u0142aj\u0105cych na obszarze wojew\u00f3dztwa dolno\u015bl\u0105skiego zainteresowanych uzyskaniem wsparcia \u00a0na rozw\u00f3j firmy.<\/p>\n<p>Spotkanie odb\u0119dzie si\u0119 w siedzibie Punktu Informacyjnego Funduszy Europejskich w Jeleniej G\u00f3rze, ul.\u00a0Bankowa 27 (sala konferencyjna Ksi\u0105\u017cnicy Karkonoskiej, III pi\u0119tro), <strong>8 \u00a0maja <\/strong><strong>2024 r. (\u015broda), w godz. 10.00-12.30<\/strong>.<\/p>\n<p><strong><u>Program spotkania:<\/u><\/strong><\/p>\n<ul>\n<li>\u017ar\u00f3d\u0142a informacji o Funduszach Europejskich oraz oferta Sieci Punkt\u00f3w Informacyjnych Funduszy Europejskich \u2013 <em>Punkt Informacyjny Funduszy Europejskich w Jeleniej G\u00f3rze;<\/em><\/li>\n<li>Przegl\u0105d aktualnych mo\u017cliwo\u015bci wsparcia dla firm:\n<ul>\n<li>Przedstawienie og\u00f3lnych za\u0142o\u017ce\u0144 oraz om\u00f3wienie kryteri\u00f3w wyboru projekt\u00f3w dot. projektu <strong><em>\u201eDotacje na us\u0142ugi rozwojowe dla dolno\u015bl\u0105skich firm\u201d<\/em><\/strong> \u2013 <em>Karkonoska Agencja Rozwoju Regionalnego S.A. w Jeleniej G\u00f3rze;<\/em><\/li>\n<li>\u201eKredyt ekologiczny\u201d oraz <strong>\u00a0<\/strong>\u201eGranty na Cyfryzacj\u0119\u201d &#8211; konkursy dla przedsi\u0119biorc\u00f3w w ramach\u00a0 programu Fundusze Europejskie dla Nowoczesnej Gospodarki 2021-2027;<\/li>\n<li>Przedstawienie og\u00f3lnych za\u0142o\u017ce\u0144 oraz om\u00f3wienie kryteri\u00f3w wyboru projekt\u00f3w dot. naboru: <strong>Inwestycje\u00a0 w dywersyfikacj\u0119 dzia\u0142alno\u015bci sektora HoReCa; <\/strong><\/li>\n<li>Preferencyjne po\u017cyczki dla mikro, ma\u0142ych i \u015brednich przedsi\u0119biorc\u00f3w w\u00a0wojew\u00f3dztwie dolno\u015bl\u0105skim;<\/li>\n<\/ul>\n<\/li>\n<li>Pytania i odpowiedzi;<\/li>\n<\/ul>\n<p>&nbsp;<\/p>\n<p>&nbsp;<\/p>\n<p><strong><u>\u00a0<\/u><\/strong><\/p>\n<p><strong><u>Organizator spotkania :<\/u><\/strong><\/p>\n<p>Punkt Informacyjny Funduszy Europejskich w Jeleniej G\u00f3rze<\/p>\n<p>Urz\u0105d Marsza\u0142kowski Wojew\u00f3dztwa Dolno\u015bl\u0105skiego<\/p>\n<p>Ul. Bankowa 27; 58-500 Jelenia G\u00f3ra<\/p>\n<p>tel. 75\u00a0619 97 44, 75\u00a0619 97 45; e-mail: <a href=\"mailto:pife.jeleniagora@dolnyslask.pl\">pife.jeleniagora@dolnyslask.pl<\/a><\/p>\n<p><img decoding=\"async\" class=\" wp-image-7028 aligncenter\" src=\"https:\/\/powiatlwowecki.pl\/wp-content\/uploads\/2024\/04\/LOGA-300x41.png\" alt=\"\" width=\"600\" height=\"82\" srcset=\"https:\/\/powiatlwowecki.pl\/wp-content\/uploads\/2024\/04\/LOGA-24x3.png 24w, https:\/\/powiatlwowecki.pl\/wp-content\/uploads\/2024\/04\/LOGA-36x5.png 36w, https:\/\/powiatlwowecki.pl\/wp-content\/uploads\/2024\/04\/LOGA-48x7.png 48w, https:\/\/powiatlwowecki.pl\/wp-content\/uploads\/2024\/04\/LOGA-200x27.png 200w, https:\/\/powiatlwowecki.pl\/wp-content\/uploads\/2024\/04\/LOGA-300x41.png 300w, https:\/\/powiatlwowecki.pl\/wp-content\/uploads\/2024\/04\/LOGA-400x55.png 400w, https:\/\/powiatlwowecki.pl\/wp-content\/uploads\/2024\/04\/LOGA-600x82.png 600w, https:\/\/powiatlwowecki.pl\/wp-content\/uploads\/2024\/04\/LOGA-768x105.png 768w, https:\/\/powiatlwowecki.pl\/wp-content\/uploads\/2024\/04\/LOGA-800x109.png 800w, https:\/\/powiatlwowecki.pl\/wp-content\/uploads\/2024\/04\/LOGA-940x129.png 940w, https:\/\/powiatlwowecki.pl\/wp-content\/uploads\/2024\/04\/LOGA.png 945w\" sizes=\"(max-width: 600px) 100vw, 600px\" \/><\/p>\n<p style=\"text-align: center;\"><strong>Spotkanie informacyjne<\/strong><\/p>\n<p style=\"text-align: center;\"><strong>\u201eFundusze Europejskie dla przedsi\u0119biorc\u00f3w\u201d<\/strong><\/p>\n<p style=\"text-align: center;\"><strong>Jelenia G\u00f3ra, 8 maja \u00a02024 r.<\/strong><strong>\u00a0<\/strong><\/p>\n<p><strong>\u00a0<\/strong><\/p>\n<p style=\"text-align: center;\"><strong>\u00a0<\/strong><\/p>\n<p style=\"text-align: center;\"><strong>Program <\/strong><\/p>\n<p>10.00- 10.20 \u017ar\u00f3d\u0142a informacji o Funduszach Europejskich oraz oferta Sieci Punkt\u00f3w Informacyjnych Funduszy Europejskich \u2013 <em>Punkt Informacyjny Funduszy Europejskich w Jeleniej G\u00f3rze;<\/em><\/p>\n<p>10.20- 10.40 Przedstawienie og\u00f3lnych za\u0142o\u017ce\u0144 oraz om\u00f3wienie kryteri\u00f3w wyboru projekt\u00f3w dot. projektu <strong><em>\u201eDotacje na us\u0142ugi rozwojowe dla dolno\u015bl\u0105skich firm\u201d<\/em><\/strong> \u2013 <em>Karkonoska Agencja Rozwoju Regionalnego S.A. w Jeleniej G\u00f3rze;<\/em><\/p>\n<p>10.40- 11.15 \u201eKredyt ekologiczny\u201d oraz <strong>\u00a0<\/strong>\u201eGranty na Cyfryzacj\u0119\u201d &#8211; konkursy dla przedsi\u0119biorc\u00f3w w ramach\u00a0 programu Fundusze Europejskie dla Nowoczesnej Gospodarki 2021-2027;<\/p>\n<p>11.15- 11.40 Przedstawienie og\u00f3lnych za\u0142o\u017ce\u0144 oraz om\u00f3wienie kryteri\u00f3w wyboru projekt\u00f3w dot. naboru: <strong>Inwestycje\u00a0 w dywersyfikacj\u0119 dzia\u0142alno\u015bci sektora HoReCa; <\/strong><\/p>\n<p>11.40- 12.00 Preferencyjne po\u017cyczki dla mikro, ma\u0142ych i \u015brednich przedsi\u0119biorc\u00f3w w wojew\u00f3dztwie dolno\u015bl\u0105skim;<\/p>\n<p>12.00 \u2013 12.30 Pytania i odpowiedzi.<\/p>\n<p><img decoding=\"async\" class=\" wp-image-7028 aligncenter\" src=\"https:\/\/powiatlwowecki.pl\/wp-content\/uploads\/2024\/04\/LOGA-300x41.png\" alt=\"\" width=\"732\" height=\"100\" srcset=\"https:\/\/powiatlwowecki.pl\/wp-content\/uploads\/2024\/04\/LOGA-24x3.png 24w, https:\/\/powiatlwowecki.pl\/wp-content\/uploads\/2024\/04\/LOGA-36x5.png 36w, https:\/\/powiatlwowecki.pl\/wp-content\/uploads\/2024\/04\/LOGA-48x7.png 48w, https:\/\/powiatlwowecki.pl\/wp-content\/uploads\/2024\/04\/LOGA-200x27.png 200w, https:\/\/powiatlwowecki.pl\/wp-content\/uploads\/2024\/04\/LOGA-300x41.png 300w, https:\/\/powiatlwowecki.pl\/wp-content\/uploads\/2024\/04\/LOGA-400x55.png 400w, https:\/\/powiatlwowecki.pl\/wp-content\/uploads\/2024\/04\/LOGA-600x82.png 600w, https:\/\/powiatlwowecki.pl\/wp-content\/uploads\/2024\/04\/LOGA-768x105.png 768w, https:\/\/powiatlwowecki.pl\/wp-content\/uploads\/2024\/04\/LOGA-800x109.png 800w, https:\/\/powiatlwowecki.pl\/wp-content\/uploads\/2024\/04\/LOGA-940x129.png 940w, https:\/\/powiatlwowecki.pl\/wp-content\/uploads\/2024\/04\/LOGA.png 945w\" sizes=\"(max-width: 732px) 100vw, 732px\" \/><\/p>\n","protected":false},"excerpt":{"rendered":"<p>Punkt Informacyjny Funduszy Europejskich w Jeleniej G\u00f3rze zaprasza\u00a0 na spotkanie informacyjne pt. \u201eFundusze Europejskie dla przedsi\u0119biorc\u00f3w\u201d W zwi\u0105zku z dost\u0119pem \u015brodk\u00f3w unijnych na rozw\u00f3j dolno\u015bl\u0105skich firm w ramach program\u00f3w: Fundusze Europejskie dla Nowoczesnej Gospodarki, Fundusze  [&#8230;]<\/p>\n","protected":false},"author":8,"featured_media":2138,"comment_status":"closed","ping_status":"closed","sticky":false,"template":"","format":"standard","meta":{"_acf_changed":false,"footnotes":""},"categories":[5],"tags":[],"class_list":["post-7027","post","type-post","status-publish","format-standard","has-post-thumbnail","hentry","category-aktualnosci"],"acf":{"kal_data_wydarzenia":""},"_links":{"self":[{"href":"https:\/\/powiatlwowecki.pl\/plci_json_endpoint\/wp\/v2\/posts\/7027","targetHints":{"allow":["GET"]}}],"collection":[{"href":"https:\/\/powiatlwowecki.pl\/plci_json_endpoint\/wp\/v2\/posts"}],"about":[{"href":"https:\/\/powiatlwowecki.pl\/plci_json_endpoint\/wp\/v2\/types\/post"}],"author":[{"embeddable":true,"href":"https:\/\/powiatlwowecki.pl\/plci_json_endpoint\/wp\/v2\/users\/8"}],"replies":[{"embeddable":true,"href":"https:\/\/powiatlwowecki.pl\/plci_json_endpoint\/wp\/v2\/comments?post=7027"}],"version-history":[{"count":3,"href":"https:\/\/powiatlwowecki.pl\/plci_json_endpoint\/wp\/v2\/posts\/7027\/revisions"}],"predecessor-version":[{"id":7031,"href":"https:\/\/powiatlwowecki.pl\/plci_json_endpoint\/wp\/v2\/posts\/7027\/revisions\/7031"}],"wp:featuredmedia":[{"embeddable":true,"href":"https:\/\/powiatlwowecki.pl\/plci_json_endpoint\/wp\/v2\/media\/2138"}],"wp:attachment":[{"href":"https:\/\/powiatlwowecki.pl\/plci_json_endpoint\/wp\/v2\/media?parent=7027"}],"wp:term":[{"taxonomy":"category","embeddable":true,"href":"https:\/\/powiatlwowecki.pl\/plci_json_endpoint\/wp\/v2\/categories?post=7027"},{"taxonomy":"post_tag","embeddable":true,"href":"https:\/\/powiatlwowecki.pl\/plci_json_endpoint\/wp\/v2\/tags?post=7027"}],"curies":[{"name":"wp","href":"https:\/\/api.w.org\/{rel}","templated":true}]}}