{"id":6548,"date":"2024-03-15T11:49:20","date_gmt":"2024-03-15T10:49:20","guid":{"rendered":"https:\/\/powiatlwowecki.pl\/?p=6548"},"modified":"2024-03-15T11:49:20","modified_gmt":"2024-03-15T10:49:20","slug":"mistrzostwa-powiatu-w-pilce-siatkowej-4-dziewczat-i-chlopcow-igrzysk-dzieci-2","status":"publish","type":"post","link":"https:\/\/powiatlwowecki.pl\/mistrzostwa-powiatu-w-pilce-siatkowej-4-dziewczat-i-chlopcow-igrzysk-dzieci-2\/","title":{"rendered":"MISTRZOSTWA POWIATU W PI\u0141CE SIATKOWEJ \u201e4\u201d DZIEWCZ\u0104T I CH\u0141OPC\u00d3W IGRZYSK DZIECI"},"content":{"rendered":"<div class=\"fusion-fullwidth fullwidth-box fusion-builder-row-1 fusion-flex-container nonhundred-percent-fullwidth non-hundred-percent-height-scrolling\" style=\"--awb-border-radius-top-left:0px;--awb-border-radius-top-right:0px;--awb-border-radius-bottom-right:0px;--awb-border-radius-bottom-left:0px;--awb-flex-wrap:wrap;\" ><div class=\"fusion-builder-row fusion-row fusion-flex-align-items-flex-start fusion-flex-content-wrap\" style=\"max-width:1248px;margin-left: calc(-4% \/ 2 );margin-right: calc(-4% \/ 2 );\"><div class=\"fusion-layout-column fusion_builder_column fusion-builder-column-0 fusion_builder_column_1_1 1_1 fusion-flex-column\" style=\"--awb-bg-size:cover;--awb-width-large:100%;--awb-margin-top-large:0px;--awb-spacing-right-large:1.92%;--awb-margin-bottom-large:0px;--awb-spacing-left-large:1.92%;--awb-width-medium:100%;--awb-spacing-right-medium:1.92%;--awb-spacing-left-medium:1.92%;--awb-width-small:100%;--awb-spacing-right-small:1.92%;--awb-spacing-left-small:1.92%;\"><div class=\"fusion-column-wrapper fusion-flex-justify-content-flex-start fusion-content-layout-column\"><div class=\"fusion-text fusion-text-1\"><p>Dnia 14 marca 2024 roku w Hali Sportowej przy Szkole Podstawowej nr 1 w Gryfowie \u015al\u0105skim odby\u0142y si\u0119 Mistrzostwa Powiatu Lw\u00f3weckiego Szkolnego Zwi\u0105zku Sportowego w Pi\u0142ce Siatkowej \u201e4\u201d \u00a0Dziewcz\u0105t i Ch\u0142opc\u00f3w w ramach Igrzysk Dzieci (rocznik 2011). Organizatorem zawod\u00f3w by\u0142 PSZS w Lw\u00f3wku \u015al\u0105skim oraz SP 1 w Gryfowie \u015al\u0105skim. Zawody finansowane ze \u015brodk\u00f3w dotacji \u00a0Powiatu Lw\u00f3weckiego. Zwyci\u0119skie dru\u017cyny b\u0119d\u0105 reprezentowa\u0142y Powiat Lw\u00f3wecki w Finale Strefy Jeleniog\u00f3rskiej, kt\u00f3ry odb\u0119dzie si\u0119 22 marca 2024 roku w Kamiennej G\u00f3rze dla dziewcz\u0105t oraz\u00a0\u00a0\u00a0\u00a0\u00a0\u00a0\u00a0\u00a0\u00a0\u00a0\u00a0\u00a0 20 marca 2024 roku w Lubawce dla ch\u0142opc\u00f3w. \u00a0Gratulacje dla wszystkich dru\u017cyn i \u017cyczymy dalszych sukces\u00f3w sportowych.<\/p>\n<p>Przebieg zawod\u00f3w:<\/p>\n<p><strong><u>DZIEWCZ\u0118TA:<\/u><\/strong><\/p>\n<p>SP Wle\u0144\u00a0\u00a0\u00a0\u00a0\u00a0\u00a0\u00a0\u00a0\u00a0\u00a0\u00a0\u00a0\u00a0\u00a0\u00a0\u00a0\u00a0\u00a0\u00a0\u00a0\u00a0\u00a0\u00a0\u00a0\u00a0\u00a0\u00a0\u00a0\u00a0\u00a0\u00a0\u00a0\u00a0\u00a0\u00a0\u00a0\u00a0\u00a0\u00a0\u00a0\u00a0\u00a0\u00a0\u00a0\u00a0 &#8211;\u00a0\u00a0\u00a0\u00a0\u00a0\u00a0\u00a0\u00a0\u00a0\u00a0\u00a0\u00a0\u00a0 SP 1 Gryf\u00f3w \u015al\u0105ski\u00a0\u00a0\u00a0\u00a0\u00a0\u00a0\u00a0\u00a0\u00a0\u00a0 2 : 1<\/p>\n<p>SP P\u0142awna\u00a0\u00a0\u00a0\u00a0\u00a0\u00a0\u00a0\u00a0\u00a0\u00a0\u00a0\u00a0\u00a0\u00a0\u00a0\u00a0\u00a0\u00a0\u00a0\u00a0\u00a0\u00a0\u00a0\u00a0\u00a0\u00a0\u00a0\u00a0\u00a0\u00a0\u00a0\u00a0\u00a0\u00a0\u00a0\u00a0\u00a0\u00a0\u00a0\u00a0\u00a0 &#8211;\u00a0\u00a0\u00a0\u00a0\u00a0\u00a0\u00a0\u00a0\u00a0\u00a0\u00a0\u00a0\u00a0 SP R\u0119bisz\u00f3w\u00a0\u00a0\u00a0\u00a0\u00a0\u00a0\u00a0\u00a0\u00a0\u00a0\u00a0\u00a0\u00a0\u00a0\u00a0\u00a0\u00a0\u00a0\u00a0\u00a0\u00a0 1 : 2<\/p>\n<p>SP Wle\u0144\u00a0\u00a0\u00a0\u00a0\u00a0\u00a0\u00a0\u00a0\u00a0\u00a0\u00a0\u00a0\u00a0\u00a0\u00a0\u00a0\u00a0\u00a0\u00a0\u00a0\u00a0\u00a0\u00a0\u00a0\u00a0\u00a0\u00a0\u00a0\u00a0\u00a0\u00a0\u00a0\u00a0\u00a0\u00a0\u00a0\u00a0\u00a0\u00a0\u00a0\u00a0\u00a0\u00a0\u00a0\u00a0 &#8211;\u00a0\u00a0\u00a0\u00a0\u00a0\u00a0\u00a0\u00a0\u00a0\u00a0\u00a0\u00a0\u00a0 SP 2 Lw\u00f3wek \u015al\u0105ski\u00a0\u00a0\u00a0\u00a0\u00a0\u00a0\u00a0\u00a0 0 : 2<\/p>\n<p>SP 1 Gryf\u00f3w \u015al\u0105ski\u00a0\u00a0\u00a0\u00a0\u00a0\u00a0\u00a0\u00a0\u00a0\u00a0\u00a0\u00a0\u00a0\u00a0\u00a0\u00a0\u00a0\u00a0\u00a0\u00a0\u00a0\u00a0\u00a0\u00a0\u00a0\u00a0 &#8211;\u00a0\u00a0\u00a0\u00a0\u00a0\u00a0\u00a0\u00a0\u00a0\u00a0\u00a0\u00a0\u00a0 SP R\u0119bisz\u00f3w\u00a0\u00a0\u00a0\u00a0\u00a0\u00a0\u00a0\u00a0\u00a0\u00a0\u00a0\u00a0\u00a0\u00a0\u00a0\u00a0\u00a0\u00a0\u00a0\u00a0\u00a0 1 : 2<\/p>\n<p>SP P\u0142awna\u00a0\u00a0\u00a0\u00a0\u00a0\u00a0\u00a0\u00a0\u00a0\u00a0\u00a0\u00a0\u00a0\u00a0\u00a0\u00a0\u00a0\u00a0\u00a0\u00a0\u00a0\u00a0\u00a0\u00a0\u00a0\u00a0\u00a0\u00a0\u00a0\u00a0\u00a0\u00a0\u00a0\u00a0\u00a0\u00a0\u00a0\u00a0\u00a0\u00a0\u00a0 &#8211;\u00a0\u00a0\u00a0\u00a0\u00a0\u00a0\u00a0\u00a0\u00a0\u00a0\u00a0\u00a0\u00a0 SP 2 Lw\u00f3wek \u015al\u0105ski\u00a0\u00a0\u00a0\u00a0\u00a0\u00a0\u00a0\u00a0 1 : 2<\/p>\n<p>SP Wle\u0144\u00a0\u00a0\u00a0\u00a0\u00a0\u00a0\u00a0\u00a0\u00a0\u00a0\u00a0\u00a0\u00a0\u00a0\u00a0\u00a0\u00a0\u00a0\u00a0\u00a0\u00a0\u00a0\u00a0\u00a0\u00a0\u00a0\u00a0\u00a0\u00a0\u00a0\u00a0\u00a0\u00a0\u00a0\u00a0\u00a0\u00a0\u00a0\u00a0\u00a0\u00a0\u00a0\u00a0\u00a0\u00a0 &#8211;\u00a0\u00a0\u00a0\u00a0\u00a0\u00a0\u00a0\u00a0\u00a0\u00a0\u00a0\u00a0\u00a0 SP R\u0119bisz\u00f3w\u00a0\u00a0\u00a0\u00a0\u00a0\u00a0\u00a0\u00a0\u00a0\u00a0\u00a0\u00a0\u00a0\u00a0\u00a0\u00a0\u00a0\u00a0\u00a0\u00a0\u00a0 0 : 2<\/p>\n<p>SP 1 Gryf\u00f3w \u015al\u0105ski\u00a0\u00a0\u00a0\u00a0\u00a0\u00a0\u00a0\u00a0\u00a0\u00a0\u00a0\u00a0\u00a0\u00a0\u00a0\u00a0\u00a0\u00a0\u00a0\u00a0\u00a0\u00a0\u00a0\u00a0\u00a0\u00a0 &#8211;\u00a0\u00a0\u00a0\u00a0\u00a0\u00a0\u00a0\u00a0\u00a0\u00a0\u00a0\u00a0\u00a0 SP P\u0142awna\u00a0\u00a0\u00a0\u00a0\u00a0\u00a0\u00a0\u00a0\u00a0\u00a0\u00a0\u00a0\u00a0\u00a0\u00a0\u00a0\u00a0\u00a0\u00a0\u00a0\u00a0\u00a0\u00a0\u00a0\u00a0 2 : 1<\/p>\n<p>SP R\u0119bisz\u00f3w\u00a0\u00a0\u00a0\u00a0\u00a0\u00a0\u00a0\u00a0\u00a0\u00a0\u00a0\u00a0\u00a0\u00a0\u00a0\u00a0\u00a0\u00a0\u00a0\u00a0\u00a0\u00a0\u00a0\u00a0\u00a0\u00a0\u00a0\u00a0\u00a0\u00a0\u00a0\u00a0\u00a0\u00a0\u00a0\u00a0\u00a0 &#8211;\u00a0\u00a0\u00a0\u00a0\u00a0\u00a0\u00a0\u00a0\u00a0\u00a0\u00a0\u00a0\u00a0 SP 2 Lw\u00f3wek \u015al\u0105ski\u00a0\u00a0\u00a0\u00a0\u00a0\u00a0\u00a0\u00a0 2 : 1<\/p>\n<p>SP Wle\u0144\u00a0\u00a0\u00a0\u00a0\u00a0\u00a0\u00a0\u00a0\u00a0\u00a0\u00a0\u00a0\u00a0\u00a0\u00a0\u00a0\u00a0\u00a0\u00a0\u00a0\u00a0\u00a0\u00a0\u00a0\u00a0\u00a0\u00a0\u00a0\u00a0\u00a0\u00a0\u00a0\u00a0\u00a0\u00a0\u00a0\u00a0\u00a0\u00a0\u00a0\u00a0\u00a0\u00a0\u00a0\u00a0 &#8211;\u00a0\u00a0\u00a0\u00a0\u00a0\u00a0\u00a0\u00a0\u00a0\u00a0\u00a0\u00a0\u00a0 SP P\u0142awna\u00a0\u00a0\u00a0\u00a0\u00a0\u00a0\u00a0\u00a0\u00a0\u00a0\u00a0\u00a0\u00a0\u00a0\u00a0\u00a0\u00a0\u00a0\u00a0\u00a0\u00a0\u00a0\u00a0\u00a0\u00a0 0 : 2<\/p>\n<p>SP 1 Gryf\u00f3w \u015al\u0105ski\u00a0\u00a0\u00a0\u00a0\u00a0\u00a0\u00a0\u00a0\u00a0\u00a0\u00a0\u00a0\u00a0\u00a0\u00a0\u00a0\u00a0\u00a0\u00a0\u00a0\u00a0\u00a0\u00a0\u00a0\u00a0\u00a0 &#8211;\u00a0\u00a0\u00a0\u00a0\u00a0\u00a0\u00a0\u00a0\u00a0\u00a0\u00a0\u00a0\u00a0 SP 2 Lw\u00f3wek \u015al\u0105ski\u00a0\u00a0\u00a0\u00a0\u00a0\u00a0\u00a0\u00a0 1 : 2<\/p>\n<p><strong>KLASYFIKACJA KO\u0143COWA:<\/strong><\/p>\n<p>I miejsce\u00a0\u00a0\u00a0\u00a0\u00a0\u00a0\u00a0\u00a0\u00a0\u00a0\u00a0\u00a0 SP R\u0119bisz\u00f3w\u00a0\u00a0\u00a0\u00a0\u00a0\u00a0\u00a0\u00a0\u00a0\u00a0\u00a0\u00a0\u00a0\u00a0\u00a0\u00a0\u00a0\u00a0\u00a0\u00a0\u00a0\u00a0\u00a0\u00a0\u00a0\u00a0\u00a0\u00a0\u00a0\u00a0\u00a0\u00a0\u00a0\u00a0\u00a0\u00a0\u00a0 op.\u00a0 Arkadiusz Do\u0142\u0119ga<\/p>\n<p>II miejsce\u00a0\u00a0\u00a0\u00a0\u00a0\u00a0\u00a0\u00a0\u00a0\u00a0\u00a0 SP 2 Lw\u00f3wek \u015al\u0105ski\u00a0\u00a0\u00a0\u00a0\u00a0\u00a0\u00a0\u00a0\u00a0\u00a0\u00a0\u00a0\u00a0\u00a0\u00a0\u00a0\u00a0\u00a0\u00a0\u00a0\u00a0\u00a0\u00a0\u00a0 op. Grzegorz Po\u0142aczewski<\/p>\n<p>III miejsce\u00a0\u00a0\u00a0\u00a0\u00a0\u00a0\u00a0\u00a0\u00a0\u00a0 SP 1 Gryf\u00f3w \u015al\u0105ski\u00a0\u00a0\u00a0\u00a0\u00a0\u00a0\u00a0\u00a0\u00a0\u00a0\u00a0\u00a0\u00a0\u00a0\u00a0\u00a0\u00a0\u00a0\u00a0\u00a0\u00a0\u00a0\u00a0\u00a0\u00a0\u00a0 op. Karolina Harmaci\u0144ska<\/p>\n<p>IV miejsce\u00a0\u00a0\u00a0\u00a0\u00a0\u00a0\u00a0\u00a0\u00a0\u00a0 SP P\u0142awna\u00a0\u00a0\u00a0\u00a0\u00a0\u00a0\u00a0\u00a0\u00a0\u00a0\u00a0\u00a0\u00a0\u00a0\u00a0\u00a0\u00a0\u00a0\u00a0\u00a0\u00a0\u00a0\u00a0\u00a0\u00a0\u00a0\u00a0\u00a0\u00a0\u00a0\u00a0\u00a0\u00a0\u00a0\u00a0\u00a0\u00a0\u00a0\u00a0\u00a0\u00a0 op. Jolanta \u015aliwi\u0144ska<\/p>\n<p>V miejsce\u00a0\u00a0\u00a0\u00a0\u00a0\u00a0\u00a0\u00a0\u00a0\u00a0\u00a0 SP Wle\u0144\u00a0\u00a0\u00a0\u00a0\u00a0\u00a0\u00a0\u00a0\u00a0\u00a0\u00a0\u00a0\u00a0\u00a0\u00a0\u00a0\u00a0\u00a0\u00a0\u00a0\u00a0\u00a0\u00a0\u00a0\u00a0\u00a0\u00a0\u00a0\u00a0\u00a0\u00a0\u00a0\u00a0\u00a0\u00a0\u00a0\u00a0\u00a0\u00a0\u00a0\u00a0\u00a0\u00a0\u00a0\u00a0 op. Janusz Janur<\/p>\n<p><strong>SK\u0141ADY DRU\u017bYN:<\/strong><\/p>\n<p><strong>SP R\u0119bisz\u00f3w:<\/strong> Emilia Bielecka, Hanna Czarnecka, Oliwia G\u0142\u00f3wczyk, Lena Kowalska, Milena Kubis, Maria Maksymowicz, Weronika Pisarczyk, Sara Soko\u0142owska, Laura Warda, Samanta Zborowska.<\/p>\n<p><strong>SP 2 Lw\u00f3wek \u015al\u0105ski:<\/strong> Hanna Gelleta, Amanda Jakubowska, Aleksandra Liput, Aleksandra Malczewska, Oliwia Nowakowska, Julia Szandrowska, Zuzanna Szandrowska, Polina Ulko.<\/p>\n<p><strong>SP 1 Gryf\u00f3w \u015al\u0105ski:<\/strong> Justyna Apolinarska, Milena Jasi\u0144ska, Michalina Jaworska, Zuzanna Koko, Zuzanna Kopczy\u0144ska, Zofia Kostrzewska, Julia Kowalska, Lena Kozak, Lena \u0141ukasik, Oliwia Mlonek, Nikola \u015awi\u0119tochowska<\/p>\n<p><strong>SP P\u0142awna:<\/strong> Magdalena Babicz, Lena Bili\u0144ska, Anna Decowska, Marlena \u0141awruk, Nikola Matuszewicz, Barbara Miter, Wiktoria Staszkowian, Wiktoria Sulich, Jessica Szyler, Liliana Wr\u00f3blewska<\/p>\n<p><strong>SP Wle\u0144: <\/strong>Anna Babicz, Wiktoria Borkowska, Hanna Kodzis, Zuzanna Po\u017coga, Nadia Rykaczewska, Maja Wr\u00f3bel, Marcelina Wr\u00f3bel, Nadia Wzi\u0105tek<\/p>\n<p><strong><u>CH\u0141OPCY:<\/u><\/strong><\/p>\n<p>SP Wle\u0144\u00a0\u00a0\u00a0\u00a0\u00a0\u00a0\u00a0\u00a0\u00a0\u00a0\u00a0\u00a0\u00a0\u00a0\u00a0\u00a0\u00a0\u00a0\u00a0\u00a0\u00a0\u00a0\u00a0\u00a0\u00a0\u00a0\u00a0\u00a0\u00a0\u00a0\u00a0\u00a0\u00a0\u00a0\u00a0\u00a0\u00a0\u00a0\u00a0\u00a0\u00a0\u00a0\u00a0\u00a0\u00a0 &#8211;\u00a0\u00a0\u00a0\u00a0\u00a0\u00a0\u00a0\u00a0\u00a0\u00a0\u00a0\u00a0\u00a0 SP Giebu\u0142t\u00f3w\u00a0\u00a0\u00a0\u00a0\u00a0\u00a0\u00a0\u00a0\u00a0\u00a0\u00a0\u00a0\u00a0\u00a0\u00a0\u00a0\u00a0\u00a0\u00a0 1 : 2<\/p>\n<p>SP 2 Lw\u00f3wek \u015al\u0105ski\u00a0\u00a0\u00a0\u00a0\u00a0\u00a0\u00a0\u00a0\u00a0\u00a0\u00a0\u00a0\u00a0\u00a0\u00a0\u00a0\u00a0\u00a0\u00a0\u00a0\u00a0\u00a0\u00a0\u00a0 &#8211;\u00a0\u00a0\u00a0\u00a0\u00a0\u00a0\u00a0\u00a0\u00a0\u00a0\u00a0\u00a0\u00a0 SP 1 Gryf\u00f3w \u015al\u0105ski\u00a0\u00a0\u00a0\u00a0\u00a0\u00a0\u00a0\u00a0\u00a0\u00a0 0 : 2<\/p>\n<p>SP Wle\u0144\u00a0\u00a0\u00a0\u00a0\u00a0\u00a0\u00a0\u00a0\u00a0\u00a0\u00a0\u00a0\u00a0\u00a0\u00a0\u00a0\u00a0\u00a0\u00a0\u00a0\u00a0\u00a0\u00a0\u00a0\u00a0\u00a0\u00a0\u00a0\u00a0\u00a0\u00a0\u00a0\u00a0\u00a0\u00a0\u00a0\u00a0\u00a0\u00a0\u00a0\u00a0\u00a0\u00a0\u00a0\u00a0 &#8211;\u00a0\u00a0\u00a0\u00a0\u00a0\u00a0\u00a0\u00a0\u00a0\u00a0\u00a0\u00a0\u00a0 SP 2 Lw\u00f3wek \u015al\u0105ski\u00a0\u00a0\u00a0\u00a0\u00a0\u00a0\u00a0\u00a0 2 : 0<\/p>\n<p>SP Giebu\u0142t\u00f3w\u00a0\u00a0\u00a0\u00a0\u00a0\u00a0\u00a0\u00a0\u00a0\u00a0\u00a0\u00a0\u00a0\u00a0\u00a0\u00a0\u00a0\u00a0\u00a0\u00a0\u00a0\u00a0\u00a0\u00a0\u00a0\u00a0\u00a0\u00a0\u00a0\u00a0\u00a0\u00a0\u00a0\u00a0 &#8211;\u00a0\u00a0\u00a0\u00a0\u00a0\u00a0\u00a0\u00a0\u00a0\u00a0\u00a0\u00a0\u00a0 SP 1 Gryf\u00f3w \u015al\u0105ski\u00a0\u00a0\u00a0\u00a0\u00a0\u00a0\u00a0\u00a0\u00a0\u00a0 0 : 2<\/p>\n<p>SP Wle\u0144\u00a0\u00a0\u00a0\u00a0\u00a0\u00a0\u00a0\u00a0\u00a0\u00a0\u00a0\u00a0\u00a0\u00a0\u00a0\u00a0\u00a0\u00a0\u00a0\u00a0\u00a0\u00a0\u00a0\u00a0\u00a0\u00a0\u00a0\u00a0\u00a0\u00a0\u00a0\u00a0\u00a0\u00a0\u00a0\u00a0\u00a0\u00a0\u00a0\u00a0\u00a0\u00a0\u00a0\u00a0\u00a0 &#8211;\u00a0\u00a0\u00a0\u00a0\u00a0\u00a0\u00a0\u00a0\u00a0\u00a0\u00a0\u00a0\u00a0 SP 1 Gryf\u00f3w \u015al\u0105ski\u00a0\u00a0\u00a0\u00a0\u00a0\u00a0\u00a0\u00a0\u00a0\u00a0 2 : 0<\/p>\n<p>SP Giebu\u0142t\u00f3w\u00a0\u00a0\u00a0\u00a0\u00a0\u00a0\u00a0\u00a0\u00a0\u00a0\u00a0\u00a0\u00a0\u00a0\u00a0\u00a0\u00a0\u00a0\u00a0\u00a0\u00a0\u00a0\u00a0\u00a0\u00a0\u00a0\u00a0\u00a0\u00a0\u00a0\u00a0\u00a0\u00a0\u00a0 &#8211;\u00a0\u00a0\u00a0\u00a0\u00a0\u00a0\u00a0\u00a0\u00a0\u00a0\u00a0\u00a0\u00a0 SP 2 Lw\u00f3wek \u015al\u0105ski\u00a0\u00a0\u00a0\u00a0\u00a0\u00a0\u00a0\u00a0 2 : 1<\/p>\n<p><strong>KLASYFIKACJA KO\u0143COWA:<\/strong><\/p>\n<p>I miejsce\u00a0\u00a0\u00a0\u00a0\u00a0\u00a0\u00a0\u00a0\u00a0\u00a0\u00a0\u00a0 SP Wle\u0144\u00a0\u00a0\u00a0\u00a0\u00a0\u00a0\u00a0\u00a0\u00a0\u00a0\u00a0\u00a0\u00a0\u00a0\u00a0\u00a0\u00a0\u00a0\u00a0\u00a0\u00a0\u00a0\u00a0\u00a0\u00a0\u00a0\u00a0\u00a0\u00a0\u00a0\u00a0\u00a0\u00a0\u00a0\u00a0\u00a0\u00a0\u00a0\u00a0\u00a0\u00a0\u00a0\u00a0\u00a0\u00a0 op.\u00a0 Janusz Janur<\/p>\n<p>II miejsce\u00a0\u00a0\u00a0\u00a0\u00a0\u00a0\u00a0\u00a0\u00a0\u00a0\u00a0 SP 1 Gryf\u00f3w \u015al\u0105ski\u00a0\u00a0\u00a0\u00a0\u00a0\u00a0\u00a0\u00a0\u00a0\u00a0\u00a0\u00a0\u00a0\u00a0\u00a0\u00a0\u00a0\u00a0\u00a0\u00a0\u00a0\u00a0\u00a0\u00a0\u00a0\u00a0 op. Beata Hryciew-Listwan<\/p>\n<p>III miejsce\u00a0\u00a0\u00a0\u00a0\u00a0\u00a0\u00a0\u00a0\u00a0\u00a0 SP Giebu\u0142t\u00f3w\u00a0\u00a0\u00a0\u00a0\u00a0\u00a0\u00a0\u00a0\u00a0\u00a0\u00a0\u00a0\u00a0\u00a0\u00a0\u00a0\u00a0\u00a0\u00a0\u00a0\u00a0\u00a0\u00a0\u00a0\u00a0\u00a0\u00a0\u00a0\u00a0\u00a0\u00a0\u00a0\u00a0\u00a0 op. Tomasz Gajewski<\/p>\n<p>IV miejsce\u00a0\u00a0\u00a0\u00a0\u00a0\u00a0\u00a0\u00a0\u00a0\u00a0 SP 2 Lw\u00f3wek \u015al\u0105ski\u00a0\u00a0\u00a0\u00a0\u00a0\u00a0\u00a0\u00a0\u00a0\u00a0\u00a0\u00a0\u00a0\u00a0\u00a0\u00a0\u00a0\u00a0\u00a0\u00a0\u00a0\u00a0\u00a0\u00a0 op. Grzegorz Po\u0142aczewski<\/p>\n<p><strong>SK\u0141ADY DRU\u017bYN:<\/strong><\/p>\n<p><strong>SP Wle\u0144:<\/strong> Antoni Klimek, Mateusz Kupczyk, Antoni Libowiecki, Mateusz Michalczuk, Hubert Mrozik, Jakub Odziemek, Oskar Olearczyk, Grzegorz Ostasz, Maciej W\u00f3jcik<\/p>\n<p><strong>SP 1 Gryf\u00f3w \u015al\u0105ski:<\/strong> Maciej Baszak, Rafa\u0142 Kowalski, Oskar Lisowski, Alex Moch, Filip Nowosielski, Natan Pogorzelski, Natan Su\u0142kowski, Filip Szlas, Alan Wi\u015bniewski, Nikodem \u017buraw<\/p>\n<p><strong>SP Giebu\u0142t\u00f3w:<\/strong> B\u0142a\u017cej Balcerzyk, Wiktor Jadczak, Emil Musztafa, Miko\u0142aj Orkowski, Piotr Stankiewicz, Wojciech St\u0119pie\u0144, Karol Szczekulski, Bartosz \u015awiacki<\/p>\n<p><strong>SP 2 Lw\u00f3wek \u015al\u0105ski:<\/strong> Wiktor Baszak, Marcin Cie\u015blak, Filip Grze\u015bk\u00f3w, Dawid Fojna, Dominik Matkowski, Olaf Poni\u017aniak, Kacper Przyby\u0142o, Bartosz Sojka.<\/p>\n<p>Opracowa\u0142<\/p>\n<p>G. Po\u0142aczewski<\/p>\n<\/div><div class=\"fusion-slider-sc\"><div class=\"fusion-flexslider-loading flexslider flexslider-hover-type-none\" data-slideshow_autoplay=\"1\" data-slideshow_smooth_height=\"0\" data-slideshow_speed=\"7000\" style=\"max-width:100%;height:100%;\"><ul class=\"slides\"><li class=\"image\"><span class=\"fusion-image-hover-element hover-type-none\"><img decoding=\"async\" src=\"https:\/\/powiatlwowecki.pl\/wp-content\/uploads\/2024\/03\/20240314_095438-300x135.jpg\" width=\"300\" height=\"135\" class=\"wp-image-6531\" srcset=\"https:\/\/powiatlwowecki.pl\/wp-content\/uploads\/2024\/03\/20240314_095438-200x90.jpg 200w, https:\/\/powiatlwowecki.pl\/wp-content\/uploads\/2024\/03\/20240314_095438-400x180.jpg 400w, https:\/\/powiatlwowecki.pl\/wp-content\/uploads\/2024\/03\/20240314_095438-600x270.jpg 600w, https:\/\/powiatlwowecki.pl\/wp-content\/uploads\/2024\/03\/20240314_095438-800x360.jpg 800w, https:\/\/powiatlwowecki.pl\/wp-content\/uploads\/2024\/03\/20240314_095438-1200x540.jpg 1200w\" sizes=\"(max-width: 1024px) 100vw, (max-width: 640px) 100vw, 1200px\" \/><\/span><\/li><li class=\"image\"><span class=\"fusion-image-hover-element hover-type-none\"><img decoding=\"async\" src=\"https:\/\/powiatlwowecki.pl\/wp-content\/uploads\/2024\/03\/20240314_095453-300x135.jpg\" width=\"300\" height=\"135\" class=\"wp-image-6532\" srcset=\"https:\/\/powiatlwowecki.pl\/wp-content\/uploads\/2024\/03\/20240314_095453-200x90.jpg 200w, https:\/\/powiatlwowecki.pl\/wp-content\/uploads\/2024\/03\/20240314_095453-400x180.jpg 400w, https:\/\/powiatlwowecki.pl\/wp-content\/uploads\/2024\/03\/20240314_095453-600x270.jpg 600w, https:\/\/powiatlwowecki.pl\/wp-content\/uploads\/2024\/03\/20240314_095453-800x360.jpg 800w, https:\/\/powiatlwowecki.pl\/wp-content\/uploads\/2024\/03\/20240314_095453-1200x540.jpg 1200w\" sizes=\"(max-width: 1024px) 100vw, (max-width: 640px) 100vw, 1200px\" \/><\/span><\/li><li class=\"image\"><span class=\"fusion-image-hover-element hover-type-none\"><img decoding=\"async\" src=\"https:\/\/powiatlwowecki.pl\/wp-content\/uploads\/2024\/03\/20240314_101525-scaled.jpg\" width=\"2560\" height=\"1151\" class=\"wp-image-6534\" srcset=\"https:\/\/powiatlwowecki.pl\/wp-content\/uploads\/2024\/03\/20240314_101525-200x90.jpg 200w, https:\/\/powiatlwowecki.pl\/wp-content\/uploads\/2024\/03\/20240314_101525-400x180.jpg 400w, https:\/\/powiatlwowecki.pl\/wp-content\/uploads\/2024\/03\/20240314_101525-600x270.jpg 600w, https:\/\/powiatlwowecki.pl\/wp-content\/uploads\/2024\/03\/20240314_101525-800x360.jpg 800w, https:\/\/powiatlwowecki.pl\/wp-content\/uploads\/2024\/03\/20240314_101525-1200x540.jpg 1200w, https:\/\/powiatlwowecki.pl\/wp-content\/uploads\/2024\/03\/20240314_101525-scaled.jpg 2560w\" sizes=\"(max-width: 1024px) 100vw, (max-width: 640px) 100vw, 1200px\" \/><\/span><\/li><li class=\"image\"><span class=\"fusion-image-hover-element hover-type-none\"><img decoding=\"async\" src=\"https:\/\/powiatlwowecki.pl\/wp-content\/uploads\/2024\/03\/20240314_101525-scaled.jpg\" width=\"2560\" height=\"1151\" class=\"wp-image-6534\" srcset=\"https:\/\/powiatlwowecki.pl\/wp-content\/uploads\/2024\/03\/20240314_101525-200x90.jpg 200w, https:\/\/powiatlwowecki.pl\/wp-content\/uploads\/2024\/03\/20240314_101525-400x180.jpg 400w, https:\/\/powiatlwowecki.pl\/wp-content\/uploads\/2024\/03\/20240314_101525-600x270.jpg 600w, https:\/\/powiatlwowecki.pl\/wp-content\/uploads\/2024\/03\/20240314_101525-800x360.jpg 800w, https:\/\/powiatlwowecki.pl\/wp-content\/uploads\/2024\/03\/20240314_101525-1200x540.jpg 1200w, https:\/\/powiatlwowecki.pl\/wp-content\/uploads\/2024\/03\/20240314_101525-scaled.jpg 2560w\" sizes=\"(max-width: 1024px) 100vw, (max-width: 640px) 100vw, 1200px\" \/><\/span><\/li><li class=\"image\"><span class=\"fusion-image-hover-element hover-type-none\"><img decoding=\"async\" src=\"https:\/\/powiatlwowecki.pl\/wp-content\/uploads\/2024\/03\/20240314_104615-scaled.jpg\" width=\"2560\" height=\"1151\" class=\"wp-image-6536\" srcset=\"https:\/\/powiatlwowecki.pl\/wp-content\/uploads\/2024\/03\/20240314_104615-200x90.jpg 200w, https:\/\/powiatlwowecki.pl\/wp-content\/uploads\/2024\/03\/20240314_104615-400x180.jpg 400w, https:\/\/powiatlwowecki.pl\/wp-content\/uploads\/2024\/03\/20240314_104615-600x270.jpg 600w, https:\/\/powiatlwowecki.pl\/wp-content\/uploads\/2024\/03\/20240314_104615-800x360.jpg 800w, https:\/\/powiatlwowecki.pl\/wp-content\/uploads\/2024\/03\/20240314_104615-1200x540.jpg 1200w, https:\/\/powiatlwowecki.pl\/wp-content\/uploads\/2024\/03\/20240314_104615-scaled.jpg 2560w\" sizes=\"(max-width: 1024px) 100vw, (max-width: 640px) 100vw, 1200px\" \/><\/span><\/li><li class=\"image\"><span class=\"fusion-image-hover-element hover-type-none\"><img decoding=\"async\" src=\"https:\/\/powiatlwowecki.pl\/wp-content\/uploads\/2024\/03\/20240314_104624-scaled.jpg\" width=\"2560\" height=\"1151\" class=\"wp-image-6537\" srcset=\"https:\/\/powiatlwowecki.pl\/wp-content\/uploads\/2024\/03\/20240314_104624-200x90.jpg 200w, https:\/\/powiatlwowecki.pl\/wp-content\/uploads\/2024\/03\/20240314_104624-400x180.jpg 400w, https:\/\/powiatlwowecki.pl\/wp-content\/uploads\/2024\/03\/20240314_104624-600x270.jpg 600w, https:\/\/powiatlwowecki.pl\/wp-content\/uploads\/2024\/03\/20240314_104624-800x360.jpg 800w, https:\/\/powiatlwowecki.pl\/wp-content\/uploads\/2024\/03\/20240314_104624-1200x540.jpg 1200w, https:\/\/powiatlwowecki.pl\/wp-content\/uploads\/2024\/03\/20240314_104624-scaled.jpg 2560w\" sizes=\"(max-width: 1024px) 100vw, (max-width: 640px) 100vw, 1200px\" \/><\/span><\/li><li class=\"image\"><span class=\"fusion-image-hover-element hover-type-none\"><img decoding=\"async\" src=\"https:\/\/powiatlwowecki.pl\/wp-content\/uploads\/2024\/03\/20240314_111803-scaled.jpg\" width=\"2560\" height=\"1152\" class=\"wp-image-6538\" srcset=\"https:\/\/powiatlwowecki.pl\/wp-content\/uploads\/2024\/03\/20240314_111803-200x90.jpg 200w, https:\/\/powiatlwowecki.pl\/wp-content\/uploads\/2024\/03\/20240314_111803-400x180.jpg 400w, https:\/\/powiatlwowecki.pl\/wp-content\/uploads\/2024\/03\/20240314_111803-600x270.jpg 600w, https:\/\/powiatlwowecki.pl\/wp-content\/uploads\/2024\/03\/20240314_111803-800x360.jpg 800w, https:\/\/powiatlwowecki.pl\/wp-content\/uploads\/2024\/03\/20240314_111803-1200x540.jpg 1200w, https:\/\/powiatlwowecki.pl\/wp-content\/uploads\/2024\/03\/20240314_111803-scaled.jpg 2560w\" sizes=\"(max-width: 1024px) 100vw, (max-width: 640px) 100vw, 1200px\" \/><\/span><\/li><li class=\"image\"><span class=\"fusion-image-hover-element hover-type-none\"><img decoding=\"async\" src=\"https:\/\/powiatlwowecki.pl\/wp-content\/uploads\/2024\/03\/20240314_114214-scaled.jpg\" width=\"2560\" height=\"1152\" class=\"wp-image-6539\" srcset=\"https:\/\/powiatlwowecki.pl\/wp-content\/uploads\/2024\/03\/20240314_114214-200x90.jpg 200w, https:\/\/powiatlwowecki.pl\/wp-content\/uploads\/2024\/03\/20240314_114214-400x180.jpg 400w, https:\/\/powiatlwowecki.pl\/wp-content\/uploads\/2024\/03\/20240314_114214-600x270.jpg 600w, https:\/\/powiatlwowecki.pl\/wp-content\/uploads\/2024\/03\/20240314_114214-800x360.jpg 800w, https:\/\/powiatlwowecki.pl\/wp-content\/uploads\/2024\/03\/20240314_114214-1200x540.jpg 1200w, https:\/\/powiatlwowecki.pl\/wp-content\/uploads\/2024\/03\/20240314_114214-scaled.jpg 2560w\" sizes=\"(max-width: 1024px) 100vw, (max-width: 640px) 100vw, 1200px\" \/><\/span><\/li><li class=\"image\"><span class=\"fusion-image-hover-element hover-type-none\"><img decoding=\"async\" src=\"https:\/\/powiatlwowecki.pl\/wp-content\/uploads\/2024\/03\/20240314_114216-scaled.jpg\" width=\"2560\" height=\"1152\" class=\"wp-image-6540\" srcset=\"https:\/\/powiatlwowecki.pl\/wp-content\/uploads\/2024\/03\/20240314_114216-200x90.jpg 200w, https:\/\/powiatlwowecki.pl\/wp-content\/uploads\/2024\/03\/20240314_114216-400x180.jpg 400w, https:\/\/powiatlwowecki.pl\/wp-content\/uploads\/2024\/03\/20240314_114216-600x270.jpg 600w, https:\/\/powiatlwowecki.pl\/wp-content\/uploads\/2024\/03\/20240314_114216-800x360.jpg 800w, https:\/\/powiatlwowecki.pl\/wp-content\/uploads\/2024\/03\/20240314_114216-1200x540.jpg 1200w, https:\/\/powiatlwowecki.pl\/wp-content\/uploads\/2024\/03\/20240314_114216-scaled.jpg 2560w\" sizes=\"(max-width: 1024px) 100vw, (max-width: 640px) 100vw, 1200px\" \/><\/span><\/li><li class=\"image\"><span class=\"fusion-image-hover-element hover-type-none\"><img decoding=\"async\" src=\"https:\/\/powiatlwowecki.pl\/wp-content\/uploads\/2024\/03\/20240314_125005-scaled.jpg\" width=\"2560\" height=\"1152\" class=\"wp-image-6541\" srcset=\"https:\/\/powiatlwowecki.pl\/wp-content\/uploads\/2024\/03\/20240314_125005-200x90.jpg 200w, https:\/\/powiatlwowecki.pl\/wp-content\/uploads\/2024\/03\/20240314_125005-400x180.jpg 400w, https:\/\/powiatlwowecki.pl\/wp-content\/uploads\/2024\/03\/20240314_125005-600x270.jpg 600w, https:\/\/powiatlwowecki.pl\/wp-content\/uploads\/2024\/03\/20240314_125005-800x360.jpg 800w, https:\/\/powiatlwowecki.pl\/wp-content\/uploads\/2024\/03\/20240314_125005-1200x540.jpg 1200w, https:\/\/powiatlwowecki.pl\/wp-content\/uploads\/2024\/03\/20240314_125005-scaled.jpg 2560w\" sizes=\"(max-width: 1024px) 100vw, (max-width: 640px) 100vw, 1200px\" \/><\/span><\/li><li class=\"image\"><span class=\"fusion-image-hover-element hover-type-none\"><img decoding=\"async\" src=\"https:\/\/powiatlwowecki.pl\/wp-content\/uploads\/2024\/03\/20240314_125520-scaled.jpg\" width=\"2560\" height=\"1152\" class=\"wp-image-6542\" srcset=\"https:\/\/powiatlwowecki.pl\/wp-content\/uploads\/2024\/03\/20240314_125520-200x90.jpg 200w, https:\/\/powiatlwowecki.pl\/wp-content\/uploads\/2024\/03\/20240314_125520-400x180.jpg 400w, https:\/\/powiatlwowecki.pl\/wp-content\/uploads\/2024\/03\/20240314_125520-600x270.jpg 600w, https:\/\/powiatlwowecki.pl\/wp-content\/uploads\/2024\/03\/20240314_125520-800x360.jpg 800w, https:\/\/powiatlwowecki.pl\/wp-content\/uploads\/2024\/03\/20240314_125520-1200x540.jpg 1200w, https:\/\/powiatlwowecki.pl\/wp-content\/uploads\/2024\/03\/20240314_125520-scaled.jpg 2560w\" sizes=\"(max-width: 1024px) 100vw, (max-width: 640px) 100vw, 1200px\" \/><\/span><\/li><li class=\"image\"><span class=\"fusion-image-hover-element hover-type-none\"><img decoding=\"async\" src=\"https:\/\/powiatlwowecki.pl\/wp-content\/uploads\/2024\/03\/20240314_131208-scaled.jpg\" width=\"2560\" height=\"1152\" class=\"wp-image-6543\" srcset=\"https:\/\/powiatlwowecki.pl\/wp-content\/uploads\/2024\/03\/20240314_131208-200x90.jpg 200w, https:\/\/powiatlwowecki.pl\/wp-content\/uploads\/2024\/03\/20240314_131208-400x180.jpg 400w, https:\/\/powiatlwowecki.pl\/wp-content\/uploads\/2024\/03\/20240314_131208-600x270.jpg 600w, https:\/\/powiatlwowecki.pl\/wp-content\/uploads\/2024\/03\/20240314_131208-800x360.jpg 800w, https:\/\/powiatlwowecki.pl\/wp-content\/uploads\/2024\/03\/20240314_131208-1200x540.jpg 1200w, https:\/\/powiatlwowecki.pl\/wp-content\/uploads\/2024\/03\/20240314_131208-scaled.jpg 2560w\" sizes=\"(max-width: 1024px) 100vw, (max-width: 640px) 100vw, 1200px\" \/><\/span><\/li><li class=\"image\"><span class=\"fusion-image-hover-element hover-type-none\"><img decoding=\"async\" src=\"https:\/\/powiatlwowecki.pl\/wp-content\/uploads\/2024\/03\/20240314_131145-scaled.jpg\" width=\"2560\" height=\"1152\" class=\"wp-image-6544\" srcset=\"https:\/\/powiatlwowecki.pl\/wp-content\/uploads\/2024\/03\/20240314_131145-200x90.jpg 200w, https:\/\/powiatlwowecki.pl\/wp-content\/uploads\/2024\/03\/20240314_131145-400x180.jpg 400w, https:\/\/powiatlwowecki.pl\/wp-content\/uploads\/2024\/03\/20240314_131145-600x270.jpg 600w, https:\/\/powiatlwowecki.pl\/wp-content\/uploads\/2024\/03\/20240314_131145-800x360.jpg 800w, https:\/\/powiatlwowecki.pl\/wp-content\/uploads\/2024\/03\/20240314_131145-1200x540.jpg 1200w, https:\/\/powiatlwowecki.pl\/wp-content\/uploads\/2024\/03\/20240314_131145-scaled.jpg 2560w\" sizes=\"(max-width: 1024px) 100vw, (max-width: 640px) 100vw, 1200px\" \/><\/span><\/li><li class=\"image\"><span class=\"fusion-image-hover-element hover-type-none\"><img decoding=\"async\" src=\"https:\/\/powiatlwowecki.pl\/wp-content\/uploads\/2024\/03\/20240314_125401-scaled.jpg\" width=\"2560\" height=\"1152\" class=\"wp-image-6545\" srcset=\"https:\/\/powiatlwowecki.pl\/wp-content\/uploads\/2024\/03\/20240314_125401-200x90.jpg 200w, https:\/\/powiatlwowecki.pl\/wp-content\/uploads\/2024\/03\/20240314_125401-400x180.jpg 400w, https:\/\/powiatlwowecki.pl\/wp-content\/uploads\/2024\/03\/20240314_125401-600x270.jpg 600w, https:\/\/powiatlwowecki.pl\/wp-content\/uploads\/2024\/03\/20240314_125401-800x360.jpg 800w, https:\/\/powiatlwowecki.pl\/wp-content\/uploads\/2024\/03\/20240314_125401-1200x540.jpg 1200w, https:\/\/powiatlwowecki.pl\/wp-content\/uploads\/2024\/03\/20240314_125401-scaled.jpg 2560w\" sizes=\"(max-width: 1024px) 100vw, (max-width: 640px) 100vw, 1200px\" \/><\/span><\/li><li class=\"image\"><span class=\"fusion-image-hover-element hover-type-none\"><img decoding=\"async\" src=\"https:\/\/powiatlwowecki.pl\/wp-content\/uploads\/2024\/03\/20240314_121704-scaled.jpg\" width=\"2560\" height=\"1152\" class=\"wp-image-6546\" srcset=\"https:\/\/powiatlwowecki.pl\/wp-content\/uploads\/2024\/03\/20240314_121704-200x90.jpg 200w, https:\/\/powiatlwowecki.pl\/wp-content\/uploads\/2024\/03\/20240314_121704-400x180.jpg 400w, https:\/\/powiatlwowecki.pl\/wp-content\/uploads\/2024\/03\/20240314_121704-600x270.jpg 600w, https:\/\/powiatlwowecki.pl\/wp-content\/uploads\/2024\/03\/20240314_121704-800x360.jpg 800w, https:\/\/powiatlwowecki.pl\/wp-content\/uploads\/2024\/03\/20240314_121704-1200x540.jpg 1200w, https:\/\/powiatlwowecki.pl\/wp-content\/uploads\/2024\/03\/20240314_121704-scaled.jpg 2560w\" sizes=\"(max-width: 1024px) 100vw, (max-width: 640px) 100vw, 1200px\" \/><\/span><\/li><li class=\"image\"><span class=\"fusion-image-hover-element hover-type-none\"><img decoding=\"async\" src=\"https:\/\/powiatlwowecki.pl\/wp-content\/uploads\/2024\/03\/20240314_124906-scaled.jpg\" width=\"2560\" height=\"1152\" class=\"wp-image-6547\" srcset=\"https:\/\/powiatlwowecki.pl\/wp-content\/uploads\/2024\/03\/20240314_124906-200x90.jpg 200w, https:\/\/powiatlwowecki.pl\/wp-content\/uploads\/2024\/03\/20240314_124906-400x180.jpg 400w, https:\/\/powiatlwowecki.pl\/wp-content\/uploads\/2024\/03\/20240314_124906-600x270.jpg 600w, https:\/\/powiatlwowecki.pl\/wp-content\/uploads\/2024\/03\/20240314_124906-800x360.jpg 800w, https:\/\/powiatlwowecki.pl\/wp-content\/uploads\/2024\/03\/20240314_124906-1200x540.jpg 1200w, https:\/\/powiatlwowecki.pl\/wp-content\/uploads\/2024\/03\/20240314_124906-scaled.jpg 2560w\" sizes=\"(max-width: 1024px) 100vw, (max-width: 640px) 100vw, 1200px\" \/><\/span><\/li><\/ul><\/div><\/div><\/div><\/div><\/div><\/div>\n","protected":false},"excerpt":{"rendered":"","protected":false},"author":8,"featured_media":6531,"comment_status":"closed","ping_status":"closed","sticky":false,"template":"","format":"standard","meta":{"_acf_changed":false,"footnotes":""},"categories":[5],"tags":[],"class_list":["post-6548","post","type-post","status-publish","format-standard","has-post-thumbnail","hentry","category-aktualnosci"],"acf":{"kal_data_wydarzenia":""},"_links":{"self":[{"href":"https:\/\/powiatlwowecki.pl\/plci_json_endpoint\/wp\/v2\/posts\/6548","targetHints":{"allow":["GET"]}}],"collection":[{"href":"https:\/\/powiatlwowecki.pl\/plci_json_endpoint\/wp\/v2\/posts"}],"about":[{"href":"https:\/\/powiatlwowecki.pl\/plci_json_endpoint\/wp\/v2\/types\/post"}],"author":[{"embeddable":true,"href":"https:\/\/powiatlwowecki.pl\/plci_json_endpoint\/wp\/v2\/users\/8"}],"replies":[{"embeddable":true,"href":"https:\/\/powiatlwowecki.pl\/plci_json_endpoint\/wp\/v2\/comments?post=6548"}],"version-history":[{"count":2,"href":"https:\/\/powiatlwowecki.pl\/plci_json_endpoint\/wp\/v2\/posts\/6548\/revisions"}],"predecessor-version":[{"id":6550,"href":"https:\/\/powiatlwowecki.pl\/plci_json_endpoint\/wp\/v2\/posts\/6548\/revisions\/6550"}],"wp:featuredmedia":[{"embeddable":true,"href":"https:\/\/powiatlwowecki.pl\/plci_json_endpoint\/wp\/v2\/media\/6531"}],"wp:attachment":[{"href":"https:\/\/powiatlwowecki.pl\/plci_json_endpoint\/wp\/v2\/media?parent=6548"}],"wp:term":[{"taxonomy":"category","embeddable":true,"href":"https:\/\/powiatlwowecki.pl\/plci_json_endpoint\/wp\/v2\/categories?post=6548"},{"taxonomy":"post_tag","embeddable":true,"href":"https:\/\/powiatlwowecki.pl\/plci_json_endpoint\/wp\/v2\/tags?post=6548"}],"curies":[{"name":"wp","href":"https:\/\/api.w.org\/{rel}","templated":true}]}}