{"id":6516,"date":"2024-03-15T10:48:59","date_gmt":"2024-03-15T09:48:59","guid":{"rendered":"https:\/\/powiatlwowecki.pl\/?p=6516"},"modified":"2024-03-15T10:48:59","modified_gmt":"2024-03-15T09:48:59","slug":"remonty-nawierzchni-drogowych-na-wybranych-drogach-powiatowych-gmina-mirsk","status":"publish","type":"post","link":"https:\/\/powiatlwowecki.pl\/remonty-nawierzchni-drogowych-na-wybranych-drogach-powiatowych-gmina-mirsk\/","title":{"rendered":"Remonty nawierzchni drogowych na wybranych drogach powiatowych: Gmina Mirsk"},"content":{"rendered":"<div class=\"fusion-fullwidth fullwidth-box fusion-builder-row-1 fusion-flex-container nonhundred-percent-fullwidth non-hundred-percent-height-scrolling\" style=\"--awb-border-radius-top-left:0px;--awb-border-radius-top-right:0px;--awb-border-radius-bottom-right:0px;--awb-border-radius-bottom-left:0px;--awb-flex-wrap:wrap;\" ><div class=\"fusion-builder-row fusion-row fusion-flex-align-items-flex-start fusion-flex-content-wrap\" style=\"max-width:1248px;margin-left: calc(-4% \/ 2 );margin-right: calc(-4% \/ 2 );\"><div class=\"fusion-layout-column fusion_builder_column fusion-builder-column-0 fusion_builder_column_1_1 1_1 fusion-flex-column\" style=\"--awb-bg-size:cover;--awb-width-large:100%;--awb-margin-top-large:0px;--awb-spacing-right-large:1.92%;--awb-margin-bottom-large:0px;--awb-spacing-left-large:1.92%;--awb-width-medium:100%;--awb-spacing-right-medium:1.92%;--awb-spacing-left-medium:1.92%;--awb-width-small:100%;--awb-spacing-right-small:1.92%;--awb-spacing-left-small:1.92%;\"><div class=\"fusion-column-wrapper fusion-flex-justify-content-flex-start fusion-content-layout-column\"><div class=\"fusion-text fusion-text-1\"><p>W ramach realizacji Zadania \u201eRemonty nawierzchni drogowych na wybranych drogach powiatowych w Gminach\u201d, prace remontowe obj\u0119\u0142y tak\u017ce drogi powiatowe w Gminie Mirsk.<\/p>\n<p>Poni\u017cej przedstawiamy szczeg\u00f3\u0142y wykonanych dzia\u0142a\u0144:<\/p>\n<p><strong>Droga powiatowa 2502D Mirsk \u2013 Brzeziniec<img decoding=\"async\" class=\" wp-image-6512 alignright\" src=\"https:\/\/powiatlwowecki.pl\/wp-content\/uploads\/2024\/03\/Droga-Mirsk-Brzeziniec-300x199.jpg\" alt=\"\" width=\"421\" height=\"279\" srcset=\"https:\/\/powiatlwowecki.pl\/wp-content\/uploads\/2024\/03\/Droga-Mirsk-Brzeziniec-24x16.jpg 24w, https:\/\/powiatlwowecki.pl\/wp-content\/uploads\/2024\/03\/Droga-Mirsk-Brzeziniec-36x24.jpg 36w, https:\/\/powiatlwowecki.pl\/wp-content\/uploads\/2024\/03\/Droga-Mirsk-Brzeziniec-48x32.jpg 48w, https:\/\/powiatlwowecki.pl\/wp-content\/uploads\/2024\/03\/Droga-Mirsk-Brzeziniec-200x133.jpg 200w, https:\/\/powiatlwowecki.pl\/wp-content\/uploads\/2024\/03\/Droga-Mirsk-Brzeziniec-300x199.jpg 300w, https:\/\/powiatlwowecki.pl\/wp-content\/uploads\/2024\/03\/Droga-Mirsk-Brzeziniec-400x266.jpg 400w, https:\/\/powiatlwowecki.pl\/wp-content\/uploads\/2024\/03\/Droga-Mirsk-Brzeziniec-600x399.jpg 600w, https:\/\/powiatlwowecki.pl\/wp-content\/uploads\/2024\/03\/Droga-Mirsk-Brzeziniec.jpg 635w\" sizes=\"(max-width: 421px) 100vw, 421px\" \/><\/strong><\/p>\n<p>Przeprowadzono remont odcinka o d\u0142ugo\u015bci 630 m<\/p>\n<p>(od km 0+040 do km 0+670), co znacz\u0105co poprawi\u0142o stan tej trasy<\/p>\n<p>i zwi\u0119kszy\u0142o komfort podr\u00f3\u017cy dla u\u017cytkownik\u00f3w.<\/p>\n<\/div><div class=\"fusion-text fusion-text-2\"><hr \/>\n<\/div><div class=\"fusion-text fusion-text-3\"><p><strong>Droga powiatowa 2514D R\u0119bisz\u00f3w \u2013 Gaj\u00f3wka <img decoding=\"async\" class=\" wp-image-6515 alignright\" src=\"https:\/\/powiatlwowecki.pl\/wp-content\/uploads\/2024\/03\/Rebiszow-w-kierunku-Gajowki-300x225.png\" alt=\"\" width=\"435\" height=\"326\" srcset=\"https:\/\/powiatlwowecki.pl\/wp-content\/uploads\/2024\/03\/Rebiszow-w-kierunku-Gajowki-24x18.png 24w, https:\/\/powiatlwowecki.pl\/wp-content\/uploads\/2024\/03\/Rebiszow-w-kierunku-Gajowki-36x27.png 36w, https:\/\/powiatlwowecki.pl\/wp-content\/uploads\/2024\/03\/Rebiszow-w-kierunku-Gajowki-48x36.png 48w, https:\/\/powiatlwowecki.pl\/wp-content\/uploads\/2024\/03\/Rebiszow-w-kierunku-Gajowki-200x150.png 200w, https:\/\/powiatlwowecki.pl\/wp-content\/uploads\/2024\/03\/Rebiszow-w-kierunku-Gajowki-300x225.png 300w, https:\/\/powiatlwowecki.pl\/wp-content\/uploads\/2024\/03\/Rebiszow-w-kierunku-Gajowki-400x300.png 400w, https:\/\/powiatlwowecki.pl\/wp-content\/uploads\/2024\/03\/Rebiszow-w-kierunku-Gajowki-600x450.png 600w, https:\/\/powiatlwowecki.pl\/wp-content\/uploads\/2024\/03\/Rebiszow-w-kierunku-Gajowki-768x576.png 768w, https:\/\/powiatlwowecki.pl\/wp-content\/uploads\/2024\/03\/Rebiszow-w-kierunku-Gajowki-800x600.png 800w, https:\/\/powiatlwowecki.pl\/wp-content\/uploads\/2024\/03\/Rebiszow-w-kierunku-Gajowki-1024x768.png 1024w, https:\/\/powiatlwowecki.pl\/wp-content\/uploads\/2024\/03\/Rebiszow-w-kierunku-Gajowki.png 1033w\" sizes=\"(max-width: 435px) 100vw, 435px\" \/><br \/>\n<\/strong><\/p>\n<p>Na tym odcinku o d\u0142ugo\u015bci 340 m (od km 6+572 do km 6+912) przeprowadzono prace remontowe, kt\u00f3re przyczyni\u0142y si\u0119 do zwi\u0119kszenia bezpiecze\u0144stwa i p\u0142ynno\u015bci ruchu.<\/p>\n<\/div><div class=\"fusion-text fusion-text-4\"><hr \/>\n<\/div><div class=\"fusion-text fusion-text-5\"><\/div><div class=\"fusion-text fusion-text-6\"><p><strong>Droga powiatowa 2494D Grudza \u2013 Janice<\/strong><\/p>\n<p>Remontowany odcinek o d\u0142ugo\u015bci 750 m (od km 12+750 do km 13+500) umo\u017cliwi\u0142 popraw\u0119 stanu technicznego nawierzchni oraz wyd\u0142u\u017cy\u0142 jej trwa\u0142o\u015b\u0107.<img decoding=\"async\" class=\"size-medium wp-image-6514 alignright\" src=\"https:\/\/powiatlwowecki.pl\/wp-content\/uploads\/2024\/03\/Grudza-Janice-300x300.jpg\" alt=\"\" width=\"300\" height=\"300\" srcset=\"https:\/\/powiatlwowecki.pl\/wp-content\/uploads\/2024\/03\/Grudza-Janice-24x24.jpg 24w, https:\/\/powiatlwowecki.pl\/wp-content\/uploads\/2024\/03\/Grudza-Janice-36x36.jpg 36w, https:\/\/powiatlwowecki.pl\/wp-content\/uploads\/2024\/03\/Grudza-Janice-48x48.jpg 48w, https:\/\/powiatlwowecki.pl\/wp-content\/uploads\/2024\/03\/Grudza-Janice-66x66.jpg 66w, https:\/\/powiatlwowecki.pl\/wp-content\/uploads\/2024\/03\/Grudza-Janice-150x150.jpg 150w, https:\/\/powiatlwowecki.pl\/wp-content\/uploads\/2024\/03\/Grudza-Janice-200x200.jpg 200w, https:\/\/powiatlwowecki.pl\/wp-content\/uploads\/2024\/03\/Grudza-Janice-300x300.jpg 300w, https:\/\/powiatlwowecki.pl\/wp-content\/uploads\/2024\/03\/Grudza-Janice-400x400.jpg 400w, https:\/\/powiatlwowecki.pl\/wp-content\/uploads\/2024\/03\/Grudza-Janice.jpg 414w\" sizes=\"(max-width: 300px) 100vw, 300px\" \/><img decoding=\"async\" class=\"size-medium wp-image-6514 alignleft\" src=\"https:\/\/powiatlwowecki.pl\/wp-content\/uploads\/2024\/03\/Grudza-Janice-300x300.jpg\" alt=\"\" width=\"300\" height=\"300\" srcset=\"https:\/\/powiatlwowecki.pl\/wp-content\/uploads\/2024\/03\/Grudza-Janice-24x24.jpg 24w, https:\/\/powiatlwowecki.pl\/wp-content\/uploads\/2024\/03\/Grudza-Janice-36x36.jpg 36w, https:\/\/powiatlwowecki.pl\/wp-content\/uploads\/2024\/03\/Grudza-Janice-48x48.jpg 48w, https:\/\/powiatlwowecki.pl\/wp-content\/uploads\/2024\/03\/Grudza-Janice-66x66.jpg 66w, https:\/\/powiatlwowecki.pl\/wp-content\/uploads\/2024\/03\/Grudza-Janice-150x150.jpg 150w, https:\/\/powiatlwowecki.pl\/wp-content\/uploads\/2024\/03\/Grudza-Janice-200x200.jpg 200w, https:\/\/powiatlwowecki.pl\/wp-content\/uploads\/2024\/03\/Grudza-Janice-300x300.jpg 300w, https:\/\/powiatlwowecki.pl\/wp-content\/uploads\/2024\/03\/Grudza-Janice-400x400.jpg 400w, https:\/\/powiatlwowecki.pl\/wp-content\/uploads\/2024\/03\/Grudza-Janice.jpg 414w\" sizes=\"(max-width: 300px) 100vw, 300px\" \/><\/p>\n<\/div><div class=\"fusion-text fusion-text-7\"><p>Ca\u0142kowita warto\u015b\u0107 zadania, obejmuj\u0105cego remonty nawierzchni drogowych na wybranych drogach powiatowych w Gminach, wynios\u0142a prawie 2 mln. z\u0142, a \u015brodki na ten cel pochodzi\u0142y z w\u0142asnych zasob\u00f3w Powiatu Lw\u00f3weckiego.<\/p>\n<\/div><\/div><\/div><\/div><\/div>\n","protected":false},"excerpt":{"rendered":"","protected":false},"author":8,"featured_media":6512,"comment_status":"closed","ping_status":"closed","sticky":false,"template":"","format":"standard","meta":{"_acf_changed":false,"footnotes":""},"categories":[5],"tags":[],"class_list":["post-6516","post","type-post","status-publish","format-standard","has-post-thumbnail","hentry","category-aktualnosci"],"acf":{"kal_data_wydarzenia":""},"_links":{"self":[{"href":"https:\/\/powiatlwowecki.pl\/plci_json_endpoint\/wp\/v2\/posts\/6516","targetHints":{"allow":["GET"]}}],"collection":[{"href":"https:\/\/powiatlwowecki.pl\/plci_json_endpoint\/wp\/v2\/posts"}],"about":[{"href":"https:\/\/powiatlwowecki.pl\/plci_json_endpoint\/wp\/v2\/types\/post"}],"author":[{"embeddable":true,"href":"https:\/\/powiatlwowecki.pl\/plci_json_endpoint\/wp\/v2\/users\/8"}],"replies":[{"embeddable":true,"href":"https:\/\/powiatlwowecki.pl\/plci_json_endpoint\/wp\/v2\/comments?post=6516"}],"version-history":[{"count":5,"href":"https:\/\/powiatlwowecki.pl\/plci_json_endpoint\/wp\/v2\/posts\/6516\/revisions"}],"predecessor-version":[{"id":6529,"href":"https:\/\/powiatlwowecki.pl\/plci_json_endpoint\/wp\/v2\/posts\/6516\/revisions\/6529"}],"wp:featuredmedia":[{"embeddable":true,"href":"https:\/\/powiatlwowecki.pl\/plci_json_endpoint\/wp\/v2\/media\/6512"}],"wp:attachment":[{"href":"https:\/\/powiatlwowecki.pl\/plci_json_endpoint\/wp\/v2\/media?parent=6516"}],"wp:term":[{"taxonomy":"category","embeddable":true,"href":"https:\/\/powiatlwowecki.pl\/plci_json_endpoint\/wp\/v2\/categories?post=6516"},{"taxonomy":"post_tag","embeddable":true,"href":"https:\/\/powiatlwowecki.pl\/plci_json_endpoint\/wp\/v2\/tags?post=6516"}],"curies":[{"name":"wp","href":"https:\/\/api.w.org\/{rel}","templated":true}]}}