{"id":6199,"date":"2024-03-01T12:09:22","date_gmt":"2024-03-01T11:09:22","guid":{"rendered":"https:\/\/powiatlwowecki.pl\/?p=6199"},"modified":"2024-03-01T12:09:57","modified_gmt":"2024-03-01T11:09:57","slug":"inwestycje-w-edukacje-dla-przyszlosci-powiatu-lwoweckiego-rok-2021","status":"publish","type":"post","link":"https:\/\/powiatlwowecki.pl\/inwestycje-w-edukacje-dla-przyszlosci-powiatu-lwoweckiego-rok-2021\/","title":{"rendered":"Inwestycje w Edukacj\u0119 dla Przysz\u0142o\u015bci Powiatu Lw\u00f3weckiego: Rok 2021"},"content":{"rendered":"<div class=\"fusion-fullwidth fullwidth-box fusion-builder-row-1 fusion-flex-container nonhundred-percent-fullwidth non-hundred-percent-height-scrolling\" style=\"--awb-border-radius-top-left:0px;--awb-border-radius-top-right:0px;--awb-border-radius-bottom-right:0px;--awb-border-radius-bottom-left:0px;--awb-flex-wrap:wrap;\" ><div class=\"fusion-builder-row fusion-row fusion-flex-align-items-flex-start fusion-flex-content-wrap\" style=\"max-width:1248px;margin-left: calc(-4% \/ 2 );margin-right: calc(-4% \/ 2 );\"><div class=\"fusion-layout-column fusion_builder_column fusion-builder-column-0 fusion_builder_column_1_1 1_1 fusion-flex-column\" style=\"--awb-bg-size:cover;--awb-width-large:100%;--awb-margin-top-large:0px;--awb-spacing-right-large:1.92%;--awb-margin-bottom-large:0px;--awb-spacing-left-large:1.92%;--awb-width-medium:100%;--awb-spacing-right-medium:1.92%;--awb-spacing-left-medium:1.92%;--awb-width-small:100%;--awb-spacing-right-small:1.92%;--awb-spacing-left-small:1.92%;\"><div class=\"fusion-column-wrapper fusion-flex-justify-content-flex-start fusion-content-layout-column\"><div class=\"fusion-text fusion-text-1\"><p style=\"text-align: center;\">Rok 2021 przyni\u00f3s\u0142 nowe perspektywy dla edukacji zawodowej w Powiecie Lw\u00f3weckim, zainicjowane przez projekty Kwalifikacje i sta\u017ce szans\u0105 rozwoju dla kolejnych rocznik\u00f3w uczni\u00f3w szk\u00f3\u0142 zawodowych oraz Dalszy rozw\u00f3j szkolnictwa zawodowego. Te innowacyjne inwestycje, o \u0142\u0105cznej warto\u015bci ponad 11,5 mln z\u0142, stanowi\u0105 krok naprz\u00f3d w kszta\u0142ceniu zawodowym i poprawie warunk\u00f3w edukacyjnych.<\/p>\n<p style=\"text-align: center;\"><strong>Projekt &#8222;Kwalifikacje i sta\u017ce szans\u0105 rozwoju dla kolejnych rocznik\u00f3w uczni\u00f3w szk\u00f3\u0142 zawodowych&#8221;<\/strong><\/p>\n<p>Projekt o warto\u015bci ok.4 mln z\u0142 z dofinansowaniem wynosz\u0105cym ponad 3,5 mln z\u0142, skoncentrowa\u0142 si\u0119 na zwi\u0119kszeniu zatrudnialno\u015bci 399 uczni\u00f3w z 5 szk\u00f3\u0142 zawodowych oraz podniesieniu kwalifikacji 7 nauczycieli. Dzia\u0142ania obejmowa\u0142y wyposa\u017cenie pracowni zawodowych w r\u00f3\u017cnych specjalno\u015bciach, takich jak cukiernik, kucharz, technik informatyk czy technik \u017cywienia i us\u0142ug gastronomicznych. Organizacja sta\u017cy uczniowskich dla minimum 70% uczni\u00f3w, rozw\u00f3j kwalifikacji nauczycieli zawodu oraz zdobycie nowych kwalifikacji rynkowych przez uczni\u00f3w to kluczowe elementy projektu.<\/p>\n<p style=\"text-align: center;\"><strong>Projekt &#8222;Dalszy rozw\u00f3j szkolnictwa zawodowego<\/strong><\/p>\n<p>Z kolei inwestycja o warto\u015bci ponad 7,5 mln z\u0142, z dofinansowaniem 6,3 mln z\u0142, skupi\u0142a si\u0119 na rozbudowie i modernizacji struktur szkolnictwa zawodowego w trzech plac\u00f3wkach edukacyjnych:<\/p>\n<p>Zesp\u00f3\u0142 Szk\u00f3\u0142 Ekonomiczno-Technicznych w Rakowicach Wielkich<\/p>\n<p>&#8211; Wykonanie podjazdu dla os\u00f3b niepe\u0142nosprawnych.<\/p>\n<p>&#8211; Remont 8 klas lekcyjnych.<\/p>\n<p>&#8211; Nowa instalacja Wod-kan.<\/p>\n<p>Zesp\u00f3\u0142 Szk\u00f3\u0142 Og\u00f3lnokszta\u0142c\u0105cych i Zawodowych w Lw\u00f3wku \u015al\u0105skim<\/p>\n<p>&#8211; Remont dachu i \u015bcian dobud\u00f3wki wraz z ociepleniem.<\/p>\n<p>&#8211; Remont 6 klas lekcyjnych.<\/p>\n<p>&#8211; Dostawa nowych mebli szkolnych.<\/p>\n<p>Zesp\u00f3\u0142 Plac\u00f3wek Edukacyjno-Wychowawczych w Lw\u00f3wku \u015al\u0105skim (Parkowa 5, Parkowa 17, Pa\u0142acowa 8)<\/p>\n<p>&#8211; Remont \u0142azienki.<\/p>\n<p>&#8211; Remont 15 klas lekcyjnych.<\/p>\n<p>&#8211; Dostawa mebli szkolnych.<\/p>\n<p style=\"text-align: center;\"><strong>Remont pomieszcze\u0144 rehabilitacji zespo\u0142u rewalidacyjno-wychowawczego w ZPEW w Lw\u00f3wku \u015al\u0105skim<\/strong><\/p>\n<p>Inwestycja o warto\u015bci niemal\u017ce 262,7 tys. z\u0142, z dofinansowaniem ponad 131,3 tys. z\u0142, skoncentrowa\u0142a si\u0119 na remoncie pomieszcze\u0144 rehabilitacji zespo\u0142u rewalidacyjno-wychowawczego. Realizacja projektu obejmowa\u0142a rozbi\u00f3rk\u0119 i wykonanie nowych podk\u0142ad\u00f3w oraz posadzek w r\u00f3\u017cnych pomieszczeniach, w tym \u015bwiat\u0142oterapii, sali gimnastycznej, korytarza, przedsionka, szatni, logopedii i toalety. Wszystkie prace budowlane uwzgl\u0119dnia\u0142y dostosowanie toalety dla os\u00f3b niepe\u0142nosprawnych.<\/p>\n<p style=\"text-align: center;\">Dzi\u0119ki tym strategicznym inwestycjom Powiat Lw\u00f3wecki potwierdza swoje zaanga\u017cowanie w rozw\u00f3j edukacyjny, dbaj\u0105c o nowoczesne i funkcjonalne warunki nauki, kt\u00f3re przek\u0142adaj\u0105 si\u0119 na lepsz\u0105 jako\u015b\u0107 kszta\u0142cenia i gotowo\u015b\u0107 uczni\u00f3w do wej\u015bcia na rynek pracy. Wraz z szko\u0142ami, Powiat Lw\u00f3wecki kroczy naprz\u00f3d, tworz\u0105c perspektywy rozwoju zawodowego dla m\u0142odego pokolenia.<\/p>\n<\/div><div class=\"awb-gallery-wrapper awb-gallery-wrapper-1 button-span-no\" style=\"--more-btn-alignment:center;\"><div style=\"margin:-5px;--awb-bordersize:0px;\" class=\"fusion-gallery fusion-gallery-container fusion-grid-3 fusion-columns-total-22 fusion-gallery-layout-grid fusion-gallery-1\"><div style=\"padding:5px;\" class=\"fusion-grid-column fusion-gallery-column fusion-gallery-column-3 hover-type-none\"><div class=\"fusion-gallery-image\"><a href=\"https:\/\/powiatlwowecki.pl\/wp-content\/uploads\/2024\/03\/Obraz1.jpg\" rel=\"noreferrer\" data-rel=\"iLightbox[gallery_image_1]\" class=\"fusion-lightbox\" target=\"_self\"><img decoding=\"async\" src=\"https:\/\/powiatlwowecki.pl\/wp-content\/uploads\/2024\/03\/Obraz1.jpg\" width=\"273\" height=\"196\" alt=\"\" title=\"Obraz1\" aria-label=\"Obraz1\" class=\"img-responsive wp-image-6183\" srcset=\"https:\/\/powiatlwowecki.pl\/wp-content\/uploads\/2024\/03\/Obraz1-200x144.jpg 200w, https:\/\/powiatlwowecki.pl\/wp-content\/uploads\/2024\/03\/Obraz1.jpg 273w\" sizes=\"(min-width: 2200px) 100vw, (min-width: 784px) 397px, (min-width: 712px) 595px, (min-width: 640px) 712px, \" \/><\/a><\/div><\/div><div style=\"padding:5px;\" class=\"fusion-grid-column fusion-gallery-column fusion-gallery-column-3 hover-type-none\"><div class=\"fusion-gallery-image\"><a href=\"https:\/\/powiatlwowecki.pl\/wp-content\/uploads\/2024\/03\/1-scaled.jpg\" rel=\"noreferrer\" data-rel=\"iLightbox[gallery_image_1]\" class=\"fusion-lightbox\" target=\"_self\"><img decoding=\"async\" src=\"https:\/\/powiatlwowecki.pl\/wp-content\/uploads\/2024\/03\/1-scaled.jpg\" width=\"2560\" height=\"1920\" alt=\"\" title=\"1\" aria-label=\"1\" class=\"img-responsive wp-image-6176\" srcset=\"https:\/\/powiatlwowecki.pl\/wp-content\/uploads\/2024\/03\/1-200x150.jpg 200w, https:\/\/powiatlwowecki.pl\/wp-content\/uploads\/2024\/03\/1-400x300.jpg 400w, https:\/\/powiatlwowecki.pl\/wp-content\/uploads\/2024\/03\/1-600x450.jpg 600w, https:\/\/powiatlwowecki.pl\/wp-content\/uploads\/2024\/03\/1-800x600.jpg 800w, https:\/\/powiatlwowecki.pl\/wp-content\/uploads\/2024\/03\/1-1200x900.jpg 1200w, https:\/\/powiatlwowecki.pl\/wp-content\/uploads\/2024\/03\/1-scaled.jpg 2560w\" sizes=\"(min-width: 2200px) 100vw, (min-width: 784px) 397px, (min-width: 712px) 595px, (min-width: 640px) 712px, \" \/><\/a><\/div><\/div><div style=\"padding:5px;\" class=\"fusion-grid-column fusion-gallery-column fusion-gallery-column-3 hover-type-none\"><div class=\"fusion-gallery-image\"><a href=\"https:\/\/powiatlwowecki.pl\/wp-content\/uploads\/2024\/03\/3-scaled.jpg\" rel=\"noreferrer\" data-rel=\"iLightbox[gallery_image_1]\" class=\"fusion-lightbox\" target=\"_self\"><img decoding=\"async\" src=\"https:\/\/powiatlwowecki.pl\/wp-content\/uploads\/2024\/03\/3-scaled.jpg\" width=\"2560\" height=\"1438\" alt=\"\" title=\"3\" aria-label=\"3\" class=\"img-responsive wp-image-6177\" srcset=\"https:\/\/powiatlwowecki.pl\/wp-content\/uploads\/2024\/03\/3-200x112.jpg 200w, https:\/\/powiatlwowecki.pl\/wp-content\/uploads\/2024\/03\/3-400x225.jpg 400w, https:\/\/powiatlwowecki.pl\/wp-content\/uploads\/2024\/03\/3-600x337.jpg 600w, https:\/\/powiatlwowecki.pl\/wp-content\/uploads\/2024\/03\/3-800x450.jpg 800w, https:\/\/powiatlwowecki.pl\/wp-content\/uploads\/2024\/03\/3-1200x674.jpg 1200w, https:\/\/powiatlwowecki.pl\/wp-content\/uploads\/2024\/03\/3-scaled.jpg 2560w\" sizes=\"(min-width: 2200px) 100vw, (min-width: 784px) 397px, (min-width: 712px) 595px, (min-width: 640px) 712px, \" \/><\/a><\/div><\/div><div class=\"clearfix\"><\/div><div style=\"padding:5px;\" class=\"fusion-grid-column fusion-gallery-column fusion-gallery-column-3 hover-type-none\"><div class=\"fusion-gallery-image\"><a href=\"https:\/\/powiatlwowecki.pl\/wp-content\/uploads\/2024\/03\/IMG_1530-scaled.jpg\" rel=\"noreferrer\" data-rel=\"iLightbox[gallery_image_1]\" class=\"fusion-lightbox\" target=\"_self\"><img decoding=\"async\" src=\"https:\/\/powiatlwowecki.pl\/wp-content\/uploads\/2024\/03\/IMG_1530-scaled.jpg\" width=\"2560\" height=\"1920\" alt=\"\" title=\"IMG_1530\" aria-label=\"IMG_1530\" class=\"img-responsive wp-image-6178\" srcset=\"https:\/\/powiatlwowecki.pl\/wp-content\/uploads\/2024\/03\/IMG_1530-200x150.jpg 200w, https:\/\/powiatlwowecki.pl\/wp-content\/uploads\/2024\/03\/IMG_1530-400x300.jpg 400w, https:\/\/powiatlwowecki.pl\/wp-content\/uploads\/2024\/03\/IMG_1530-600x450.jpg 600w, https:\/\/powiatlwowecki.pl\/wp-content\/uploads\/2024\/03\/IMG_1530-800x600.jpg 800w, https:\/\/powiatlwowecki.pl\/wp-content\/uploads\/2024\/03\/IMG_1530-1200x900.jpg 1200w, https:\/\/powiatlwowecki.pl\/wp-content\/uploads\/2024\/03\/IMG_1530-scaled.jpg 2560w\" sizes=\"(min-width: 2200px) 100vw, (min-width: 784px) 397px, (min-width: 712px) 595px, (min-width: 640px) 712px, \" \/><\/a><\/div><\/div><div style=\"padding:5px;\" class=\"fusion-grid-column fusion-gallery-column fusion-gallery-column-3 hover-type-none\"><div class=\"fusion-gallery-image\"><a href=\"https:\/\/powiatlwowecki.pl\/wp-content\/uploads\/2024\/03\/IMG_1531-scaled.jpg\" rel=\"noreferrer\" data-rel=\"iLightbox[gallery_image_1]\" class=\"fusion-lightbox\" target=\"_self\"><img decoding=\"async\" src=\"https:\/\/powiatlwowecki.pl\/wp-content\/uploads\/2024\/03\/IMG_1531-scaled.jpg\" width=\"2560\" height=\"1920\" alt=\"\" title=\"IMG_1531\" aria-label=\"IMG_1531\" class=\"img-responsive wp-image-6179\" srcset=\"https:\/\/powiatlwowecki.pl\/wp-content\/uploads\/2024\/03\/IMG_1531-200x150.jpg 200w, https:\/\/powiatlwowecki.pl\/wp-content\/uploads\/2024\/03\/IMG_1531-400x300.jpg 400w, https:\/\/powiatlwowecki.pl\/wp-content\/uploads\/2024\/03\/IMG_1531-600x450.jpg 600w, https:\/\/powiatlwowecki.pl\/wp-content\/uploads\/2024\/03\/IMG_1531-800x600.jpg 800w, https:\/\/powiatlwowecki.pl\/wp-content\/uploads\/2024\/03\/IMG_1531-1200x900.jpg 1200w, https:\/\/powiatlwowecki.pl\/wp-content\/uploads\/2024\/03\/IMG_1531-scaled.jpg 2560w\" sizes=\"(min-width: 2200px) 100vw, (min-width: 784px) 397px, (min-width: 712px) 595px, (min-width: 640px) 712px, \" \/><\/a><\/div><\/div><div style=\"padding:5px;\" class=\"fusion-grid-column fusion-gallery-column fusion-gallery-column-3 hover-type-none\"><div class=\"fusion-gallery-image\"><a href=\"https:\/\/powiatlwowecki.pl\/wp-content\/uploads\/2024\/03\/IMG_1533-scaled.jpg\" rel=\"noreferrer\" data-rel=\"iLightbox[gallery_image_1]\" class=\"fusion-lightbox\" target=\"_self\"><img decoding=\"async\" src=\"https:\/\/powiatlwowecki.pl\/wp-content\/uploads\/2024\/03\/IMG_1533-scaled.jpg\" width=\"2560\" height=\"1920\" alt=\"\" title=\"IMG_1533\" aria-label=\"IMG_1533\" class=\"img-responsive wp-image-6180\" srcset=\"https:\/\/powiatlwowecki.pl\/wp-content\/uploads\/2024\/03\/IMG_1533-200x150.jpg 200w, https:\/\/powiatlwowecki.pl\/wp-content\/uploads\/2024\/03\/IMG_1533-400x300.jpg 400w, https:\/\/powiatlwowecki.pl\/wp-content\/uploads\/2024\/03\/IMG_1533-600x450.jpg 600w, https:\/\/powiatlwowecki.pl\/wp-content\/uploads\/2024\/03\/IMG_1533-800x600.jpg 800w, https:\/\/powiatlwowecki.pl\/wp-content\/uploads\/2024\/03\/IMG_1533-1200x900.jpg 1200w, https:\/\/powiatlwowecki.pl\/wp-content\/uploads\/2024\/03\/IMG_1533-scaled.jpg 2560w\" sizes=\"(min-width: 2200px) 100vw, (min-width: 784px) 397px, (min-width: 712px) 595px, (min-width: 640px) 712px, \" \/><\/a><\/div><\/div><div class=\"clearfix\"><\/div><div style=\"padding:5px;\" class=\"fusion-grid-column fusion-gallery-column fusion-gallery-column-3 hover-type-none\"><div class=\"fusion-gallery-image\"><a href=\"https:\/\/powiatlwowecki.pl\/wp-content\/uploads\/2024\/03\/IMG_1534-scaled.jpg\" rel=\"noreferrer\" data-rel=\"iLightbox[gallery_image_1]\" class=\"fusion-lightbox\" target=\"_self\"><img decoding=\"async\" src=\"https:\/\/powiatlwowecki.pl\/wp-content\/uploads\/2024\/03\/IMG_1534-scaled.jpg\" width=\"2560\" height=\"1920\" alt=\"\" title=\"IMG_1534\" aria-label=\"IMG_1534\" class=\"img-responsive wp-image-6181\" srcset=\"https:\/\/powiatlwowecki.pl\/wp-content\/uploads\/2024\/03\/IMG_1534-200x150.jpg 200w, https:\/\/powiatlwowecki.pl\/wp-content\/uploads\/2024\/03\/IMG_1534-400x300.jpg 400w, https:\/\/powiatlwowecki.pl\/wp-content\/uploads\/2024\/03\/IMG_1534-600x450.jpg 600w, https:\/\/powiatlwowecki.pl\/wp-content\/uploads\/2024\/03\/IMG_1534-800x600.jpg 800w, https:\/\/powiatlwowecki.pl\/wp-content\/uploads\/2024\/03\/IMG_1534-1200x900.jpg 1200w, https:\/\/powiatlwowecki.pl\/wp-content\/uploads\/2024\/03\/IMG_1534-scaled.jpg 2560w\" sizes=\"(min-width: 2200px) 100vw, (min-width: 784px) 397px, (min-width: 712px) 595px, (min-width: 640px) 712px, \" \/><\/a><\/div><\/div><div style=\"padding:5px;\" class=\"fusion-grid-column fusion-gallery-column fusion-gallery-column-3 hover-type-none\"><div class=\"fusion-gallery-image\"><a href=\"https:\/\/powiatlwowecki.pl\/wp-content\/uploads\/2024\/03\/IMG_20230310_154109-scaled.jpg\" rel=\"noreferrer\" data-rel=\"iLightbox[gallery_image_1]\" class=\"fusion-lightbox\" target=\"_self\"><img decoding=\"async\" src=\"https:\/\/powiatlwowecki.pl\/wp-content\/uploads\/2024\/03\/IMG_20230310_154109-scaled.jpg\" width=\"2560\" height=\"1920\" alt=\"\" title=\"IMG_20230310_154109\" aria-label=\"IMG_20230310_154109\" class=\"img-responsive wp-image-6182\" srcset=\"https:\/\/powiatlwowecki.pl\/wp-content\/uploads\/2024\/03\/IMG_20230310_154109-200x150.jpg 200w, https:\/\/powiatlwowecki.pl\/wp-content\/uploads\/2024\/03\/IMG_20230310_154109-400x300.jpg 400w, https:\/\/powiatlwowecki.pl\/wp-content\/uploads\/2024\/03\/IMG_20230310_154109-600x450.jpg 600w, https:\/\/powiatlwowecki.pl\/wp-content\/uploads\/2024\/03\/IMG_20230310_154109-800x600.jpg 800w, https:\/\/powiatlwowecki.pl\/wp-content\/uploads\/2024\/03\/IMG_20230310_154109-1200x900.jpg 1200w, https:\/\/powiatlwowecki.pl\/wp-content\/uploads\/2024\/03\/IMG_20230310_154109-scaled.jpg 2560w\" sizes=\"(min-width: 2200px) 100vw, (min-width: 784px) 397px, (min-width: 712px) 595px, (min-width: 640px) 712px, \" \/><\/a><\/div><\/div><div style=\"padding:5px;\" class=\"fusion-grid-column fusion-gallery-column fusion-gallery-column-3 hover-type-none\"><div class=\"fusion-gallery-image\"><a href=\"https:\/\/powiatlwowecki.pl\/wp-content\/uploads\/2024\/03\/pracownia-rakowice-1-rotated.jpg\" rel=\"noreferrer\" data-rel=\"iLightbox[gallery_image_1]\" class=\"fusion-lightbox\" target=\"_self\"><img decoding=\"async\" src=\"https:\/\/powiatlwowecki.pl\/wp-content\/uploads\/2024\/03\/pracownia-rakowice-1-rotated.jpg\" width=\"1736\" height=\"2320\" alt=\"\" title=\"pracownia rakowice 1\" aria-label=\"pracownia rakowice 1\" class=\"img-responsive wp-image-6185\" srcset=\"https:\/\/powiatlwowecki.pl\/wp-content\/uploads\/2024\/03\/pracownia-rakowice-1-200x267.jpg 200w, https:\/\/powiatlwowecki.pl\/wp-content\/uploads\/2024\/03\/pracownia-rakowice-1-400x535.jpg 400w, https:\/\/powiatlwowecki.pl\/wp-content\/uploads\/2024\/03\/pracownia-rakowice-1-600x802.jpg 600w, https:\/\/powiatlwowecki.pl\/wp-content\/uploads\/2024\/03\/pracownia-rakowice-1-800x1069.jpg 800w, https:\/\/powiatlwowecki.pl\/wp-content\/uploads\/2024\/03\/pracownia-rakowice-1-1200x1604.jpg 1200w, https:\/\/powiatlwowecki.pl\/wp-content\/uploads\/2024\/03\/pracownia-rakowice-1-rotated.jpg 1736w\" sizes=\"(min-width: 2200px) 100vw, (min-width: 784px) 397px, (min-width: 712px) 595px, (min-width: 640px) 712px, \" \/><\/a><\/div><\/div><div class=\"clearfix\"><\/div><div style=\"padding:5px;\" class=\"fusion-grid-column fusion-gallery-column fusion-gallery-column-3 hover-type-none\"><div class=\"fusion-gallery-image\"><a href=\"https:\/\/powiatlwowecki.pl\/wp-content\/uploads\/2024\/03\/pracownia-rakowice-matematyka-scaled.jpg\" rel=\"noreferrer\" data-rel=\"iLightbox[gallery_image_1]\" class=\"fusion-lightbox\" target=\"_self\"><img decoding=\"async\" src=\"https:\/\/powiatlwowecki.pl\/wp-content\/uploads\/2024\/03\/pracownia-rakowice-matematyka-scaled.jpg\" width=\"1915\" height=\"2560\" alt=\"\" title=\"pracownia rakowice matematyka\" aria-label=\"pracownia rakowice matematyka\" class=\"img-responsive wp-image-6186\" srcset=\"https:\/\/powiatlwowecki.pl\/wp-content\/uploads\/2024\/03\/pracownia-rakowice-matematyka-200x267.jpg 200w, https:\/\/powiatlwowecki.pl\/wp-content\/uploads\/2024\/03\/pracownia-rakowice-matematyka-400x535.jpg 400w, https:\/\/powiatlwowecki.pl\/wp-content\/uploads\/2024\/03\/pracownia-rakowice-matematyka-600x802.jpg 600w, https:\/\/powiatlwowecki.pl\/wp-content\/uploads\/2024\/03\/pracownia-rakowice-matematyka-800x1070.jpg 800w, https:\/\/powiatlwowecki.pl\/wp-content\/uploads\/2024\/03\/pracownia-rakowice-matematyka-1200x1604.jpg 1200w, https:\/\/powiatlwowecki.pl\/wp-content\/uploads\/2024\/03\/pracownia-rakowice-matematyka-scaled.jpg 1915w\" sizes=\"(min-width: 2200px) 100vw, (min-width: 784px) 397px, (min-width: 712px) 595px, (min-width: 640px) 712px, \" \/><\/a><\/div><\/div><div style=\"padding:5px;\" class=\"fusion-grid-column fusion-gallery-column fusion-gallery-column-3 hover-type-none\"><div class=\"fusion-gallery-image\"><a href=\"https:\/\/powiatlwowecki.pl\/wp-content\/uploads\/2024\/03\/pracownia-rakowice-matma-scaled.jpg\" rel=\"noreferrer\" data-rel=\"iLightbox[gallery_image_1]\" class=\"fusion-lightbox\" target=\"_self\"><img decoding=\"async\" src=\"https:\/\/powiatlwowecki.pl\/wp-content\/uploads\/2024\/03\/pracownia-rakowice-matma-scaled.jpg\" width=\"1915\" height=\"2560\" alt=\"\" title=\"pracownia rakowice matma\" aria-label=\"pracownia rakowice matma\" class=\"img-responsive wp-image-6187\" srcset=\"https:\/\/powiatlwowecki.pl\/wp-content\/uploads\/2024\/03\/pracownia-rakowice-matma-200x267.jpg 200w, https:\/\/powiatlwowecki.pl\/wp-content\/uploads\/2024\/03\/pracownia-rakowice-matma-400x535.jpg 400w, https:\/\/powiatlwowecki.pl\/wp-content\/uploads\/2024\/03\/pracownia-rakowice-matma-600x802.jpg 600w, https:\/\/powiatlwowecki.pl\/wp-content\/uploads\/2024\/03\/pracownia-rakowice-matma-800x1070.jpg 800w, https:\/\/powiatlwowecki.pl\/wp-content\/uploads\/2024\/03\/pracownia-rakowice-matma-1200x1604.jpg 1200w, https:\/\/powiatlwowecki.pl\/wp-content\/uploads\/2024\/03\/pracownia-rakowice-matma-scaled.jpg 1915w\" sizes=\"(min-width: 2200px) 100vw, (min-width: 784px) 397px, (min-width: 712px) 595px, (min-width: 640px) 712px, \" \/><\/a><\/div><\/div><div style=\"padding:5px;\" class=\"fusion-grid-column fusion-gallery-column fusion-gallery-column-3 hover-type-none\"><div class=\"fusion-gallery-image\"><a href=\"https:\/\/powiatlwowecki.pl\/wp-content\/uploads\/2024\/03\/Resized-20220218-114110.jpeg\" rel=\"noreferrer\" data-rel=\"iLightbox[gallery_image_1]\" class=\"fusion-lightbox\" target=\"_self\"><img decoding=\"async\" src=\"https:\/\/powiatlwowecki.pl\/wp-content\/uploads\/2024\/03\/Resized-20220218-114110.jpeg\" width=\"756\" height=\"1008\" alt=\"\" title=\"Resized-20220218-114110\" aria-label=\"Resized-20220218-114110\" class=\"img-responsive wp-image-6188\" srcset=\"https:\/\/powiatlwowecki.pl\/wp-content\/uploads\/2024\/03\/Resized-20220218-114110-200x267.jpeg 200w, https:\/\/powiatlwowecki.pl\/wp-content\/uploads\/2024\/03\/Resized-20220218-114110-400x533.jpeg 400w, https:\/\/powiatlwowecki.pl\/wp-content\/uploads\/2024\/03\/Resized-20220218-114110-600x800.jpeg 600w, https:\/\/powiatlwowecki.pl\/wp-content\/uploads\/2024\/03\/Resized-20220218-114110.jpeg 756w\" sizes=\"(min-width: 2200px) 100vw, (min-width: 784px) 397px, (min-width: 712px) 595px, (min-width: 640px) 712px, \" \/><\/a><\/div><\/div><div class=\"clearfix\"><\/div><div style=\"padding:5px;\" class=\"fusion-grid-column fusion-gallery-column fusion-gallery-column-3 hover-type-none\"><div class=\"fusion-gallery-image\"><a href=\"https:\/\/powiatlwowecki.pl\/wp-content\/uploads\/2024\/03\/Sala-12-2-scaled.jpg\" rel=\"noreferrer\" data-rel=\"iLightbox[gallery_image_1]\" class=\"fusion-lightbox\" target=\"_self\"><img decoding=\"async\" src=\"https:\/\/powiatlwowecki.pl\/wp-content\/uploads\/2024\/03\/Sala-12-2-scaled.jpg\" width=\"2560\" height=\"1707\" alt=\"\" title=\"Sala &#8211; 12 (2)\" aria-label=\"Sala &#8211; 12 (2)\" class=\"img-responsive wp-image-6189\" srcset=\"https:\/\/powiatlwowecki.pl\/wp-content\/uploads\/2024\/03\/Sala-12-2-200x133.jpg 200w, https:\/\/powiatlwowecki.pl\/wp-content\/uploads\/2024\/03\/Sala-12-2-400x267.jpg 400w, https:\/\/powiatlwowecki.pl\/wp-content\/uploads\/2024\/03\/Sala-12-2-600x400.jpg 600w, https:\/\/powiatlwowecki.pl\/wp-content\/uploads\/2024\/03\/Sala-12-2-800x533.jpg 800w, https:\/\/powiatlwowecki.pl\/wp-content\/uploads\/2024\/03\/Sala-12-2-1200x800.jpg 1200w, https:\/\/powiatlwowecki.pl\/wp-content\/uploads\/2024\/03\/Sala-12-2-scaled.jpg 2560w\" sizes=\"(min-width: 2200px) 100vw, (min-width: 784px) 397px, (min-width: 712px) 595px, (min-width: 640px) 712px, \" \/><\/a><\/div><\/div><div style=\"padding:5px;\" class=\"fusion-grid-column fusion-gallery-column fusion-gallery-column-3 hover-type-none\"><div class=\"fusion-gallery-image\"><a href=\"https:\/\/powiatlwowecki.pl\/wp-content\/uploads\/2024\/03\/Sala-13-7-scaled.jpg\" rel=\"noreferrer\" data-rel=\"iLightbox[gallery_image_1]\" class=\"fusion-lightbox\" target=\"_self\"><img decoding=\"async\" src=\"https:\/\/powiatlwowecki.pl\/wp-content\/uploads\/2024\/03\/Sala-13-7-scaled.jpg\" width=\"2560\" height=\"1707\" alt=\"\" title=\"Sala &#8211; 13 (7)\" aria-label=\"Sala &#8211; 13 (7)\" class=\"img-responsive wp-image-6190\" srcset=\"https:\/\/powiatlwowecki.pl\/wp-content\/uploads\/2024\/03\/Sala-13-7-200x133.jpg 200w, https:\/\/powiatlwowecki.pl\/wp-content\/uploads\/2024\/03\/Sala-13-7-400x267.jpg 400w, https:\/\/powiatlwowecki.pl\/wp-content\/uploads\/2024\/03\/Sala-13-7-600x400.jpg 600w, https:\/\/powiatlwowecki.pl\/wp-content\/uploads\/2024\/03\/Sala-13-7-800x533.jpg 800w, https:\/\/powiatlwowecki.pl\/wp-content\/uploads\/2024\/03\/Sala-13-7-1200x800.jpg 1200w, https:\/\/powiatlwowecki.pl\/wp-content\/uploads\/2024\/03\/Sala-13-7-scaled.jpg 2560w\" sizes=\"(min-width: 2200px) 100vw, (min-width: 784px) 397px, (min-width: 712px) 595px, (min-width: 640px) 712px, \" \/><\/a><\/div><\/div><div style=\"padding:5px;\" class=\"fusion-grid-column fusion-gallery-column fusion-gallery-column-3 hover-type-none\"><div class=\"fusion-gallery-image\"><a href=\"https:\/\/powiatlwowecki.pl\/wp-content\/uploads\/2024\/03\/Sala-28-9-scaled.jpg\" rel=\"noreferrer\" data-rel=\"iLightbox[gallery_image_1]\" class=\"fusion-lightbox\" target=\"_self\"><img decoding=\"async\" src=\"https:\/\/powiatlwowecki.pl\/wp-content\/uploads\/2024\/03\/Sala-28-9-scaled.jpg\" width=\"2560\" height=\"1707\" alt=\"\" title=\"Sala &#8211; 28 (9)\" aria-label=\"Sala &#8211; 28 (9)\" class=\"img-responsive wp-image-6191\" srcset=\"https:\/\/powiatlwowecki.pl\/wp-content\/uploads\/2024\/03\/Sala-28-9-200x133.jpg 200w, https:\/\/powiatlwowecki.pl\/wp-content\/uploads\/2024\/03\/Sala-28-9-400x267.jpg 400w, https:\/\/powiatlwowecki.pl\/wp-content\/uploads\/2024\/03\/Sala-28-9-600x400.jpg 600w, https:\/\/powiatlwowecki.pl\/wp-content\/uploads\/2024\/03\/Sala-28-9-800x533.jpg 800w, https:\/\/powiatlwowecki.pl\/wp-content\/uploads\/2024\/03\/Sala-28-9-1200x800.jpg 1200w, https:\/\/powiatlwowecki.pl\/wp-content\/uploads\/2024\/03\/Sala-28-9-scaled.jpg 2560w\" sizes=\"(min-width: 2200px) 100vw, (min-width: 784px) 397px, (min-width: 712px) 595px, (min-width: 640px) 712px, \" \/><\/a><\/div><\/div><div class=\"clearfix\"><\/div><div style=\"padding:5px;\" class=\"fusion-grid-column fusion-gallery-column fusion-gallery-column-3 hover-type-none\"><div class=\"fusion-gallery-image\"><a href=\"https:\/\/powiatlwowecki.pl\/wp-content\/uploads\/2024\/03\/Sala-30-2-scaled.jpg\" rel=\"noreferrer\" data-rel=\"iLightbox[gallery_image_1]\" class=\"fusion-lightbox\" target=\"_self\"><img decoding=\"async\" src=\"https:\/\/powiatlwowecki.pl\/wp-content\/uploads\/2024\/03\/Sala-30-2-scaled.jpg\" width=\"2560\" height=\"1707\" alt=\"\" title=\"Sala &#8211; 30 (2)\" aria-label=\"Sala &#8211; 30 (2)\" class=\"img-responsive wp-image-6192\" srcset=\"https:\/\/powiatlwowecki.pl\/wp-content\/uploads\/2024\/03\/Sala-30-2-200x133.jpg 200w, https:\/\/powiatlwowecki.pl\/wp-content\/uploads\/2024\/03\/Sala-30-2-400x267.jpg 400w, https:\/\/powiatlwowecki.pl\/wp-content\/uploads\/2024\/03\/Sala-30-2-600x400.jpg 600w, https:\/\/powiatlwowecki.pl\/wp-content\/uploads\/2024\/03\/Sala-30-2-800x533.jpg 800w, https:\/\/powiatlwowecki.pl\/wp-content\/uploads\/2024\/03\/Sala-30-2-1200x800.jpg 1200w, https:\/\/powiatlwowecki.pl\/wp-content\/uploads\/2024\/03\/Sala-30-2-scaled.jpg 2560w\" sizes=\"(min-width: 2200px) 100vw, (min-width: 784px) 397px, (min-width: 712px) 595px, (min-width: 640px) 712px, \" \/><\/a><\/div><\/div><div style=\"padding:5px;\" class=\"fusion-grid-column fusion-gallery-column fusion-gallery-column-3 hover-type-none\"><div class=\"fusion-gallery-image\"><a href=\"https:\/\/powiatlwowecki.pl\/wp-content\/uploads\/2024\/03\/Sala-50-9-scaled.jpg\" rel=\"noreferrer\" data-rel=\"iLightbox[gallery_image_1]\" class=\"fusion-lightbox\" target=\"_self\"><img decoding=\"async\" src=\"https:\/\/powiatlwowecki.pl\/wp-content\/uploads\/2024\/03\/Sala-50-9-scaled.jpg\" width=\"2560\" height=\"1707\" alt=\"\" title=\"Sala &#8211; 50 (9)\" aria-label=\"Sala &#8211; 50 (9)\" class=\"img-responsive wp-image-6193\" srcset=\"https:\/\/powiatlwowecki.pl\/wp-content\/uploads\/2024\/03\/Sala-50-9-200x133.jpg 200w, https:\/\/powiatlwowecki.pl\/wp-content\/uploads\/2024\/03\/Sala-50-9-400x267.jpg 400w, https:\/\/powiatlwowecki.pl\/wp-content\/uploads\/2024\/03\/Sala-50-9-600x400.jpg 600w, https:\/\/powiatlwowecki.pl\/wp-content\/uploads\/2024\/03\/Sala-50-9-800x533.jpg 800w, https:\/\/powiatlwowecki.pl\/wp-content\/uploads\/2024\/03\/Sala-50-9-1200x800.jpg 1200w, https:\/\/powiatlwowecki.pl\/wp-content\/uploads\/2024\/03\/Sala-50-9-scaled.jpg 2560w\" sizes=\"(min-width: 2200px) 100vw, (min-width: 784px) 397px, (min-width: 712px) 595px, (min-width: 640px) 712px, \" \/><\/a><\/div><\/div><div style=\"padding:5px;\" class=\"fusion-grid-column fusion-gallery-column fusion-gallery-column-3 hover-type-none\"><div class=\"fusion-gallery-image\"><a href=\"https:\/\/powiatlwowecki.pl\/wp-content\/uploads\/2024\/03\/Sala-55-2-scaled.jpg\" rel=\"noreferrer\" data-rel=\"iLightbox[gallery_image_1]\" class=\"fusion-lightbox\" target=\"_self\"><img decoding=\"async\" src=\"https:\/\/powiatlwowecki.pl\/wp-content\/uploads\/2024\/03\/Sala-55-2-scaled.jpg\" width=\"2560\" height=\"1707\" alt=\"\" title=\"Sala &#8211; 55 (2)\" aria-label=\"Sala &#8211; 55 (2)\" class=\"img-responsive wp-image-6194\" srcset=\"https:\/\/powiatlwowecki.pl\/wp-content\/uploads\/2024\/03\/Sala-55-2-200x133.jpg 200w, https:\/\/powiatlwowecki.pl\/wp-content\/uploads\/2024\/03\/Sala-55-2-400x267.jpg 400w, https:\/\/powiatlwowecki.pl\/wp-content\/uploads\/2024\/03\/Sala-55-2-600x400.jpg 600w, https:\/\/powiatlwowecki.pl\/wp-content\/uploads\/2024\/03\/Sala-55-2-800x533.jpg 800w, https:\/\/powiatlwowecki.pl\/wp-content\/uploads\/2024\/03\/Sala-55-2-1200x800.jpg 1200w, https:\/\/powiatlwowecki.pl\/wp-content\/uploads\/2024\/03\/Sala-55-2-scaled.jpg 2560w\" sizes=\"(min-width: 2200px) 100vw, (min-width: 784px) 397px, (min-width: 712px) 595px, (min-width: 640px) 712px, \" \/><\/a><\/div><\/div><div class=\"clearfix\"><\/div><div style=\"padding:5px;\" class=\"fusion-grid-column fusion-gallery-column fusion-gallery-column-3 hover-type-none\"><div class=\"fusion-gallery-image\"><a href=\"https:\/\/powiatlwowecki.pl\/wp-content\/uploads\/2024\/03\/zpew-4-scaled.jpg\" rel=\"noreferrer\" data-rel=\"iLightbox[gallery_image_1]\" class=\"fusion-lightbox\" target=\"_self\"><img decoding=\"async\" src=\"https:\/\/powiatlwowecki.pl\/wp-content\/uploads\/2024\/03\/zpew-4-scaled.jpg\" width=\"2560\" height=\"1438\" alt=\"\" title=\"zpew 4\" aria-label=\"zpew 4\" class=\"img-responsive wp-image-6195\" srcset=\"https:\/\/powiatlwowecki.pl\/wp-content\/uploads\/2024\/03\/zpew-4-200x112.jpg 200w, https:\/\/powiatlwowecki.pl\/wp-content\/uploads\/2024\/03\/zpew-4-400x225.jpg 400w, https:\/\/powiatlwowecki.pl\/wp-content\/uploads\/2024\/03\/zpew-4-600x337.jpg 600w, https:\/\/powiatlwowecki.pl\/wp-content\/uploads\/2024\/03\/zpew-4-800x450.jpg 800w, https:\/\/powiatlwowecki.pl\/wp-content\/uploads\/2024\/03\/zpew-4-1200x674.jpg 1200w, https:\/\/powiatlwowecki.pl\/wp-content\/uploads\/2024\/03\/zpew-4-scaled.jpg 2560w\" sizes=\"(min-width: 2200px) 100vw, (min-width: 784px) 397px, (min-width: 712px) 595px, (min-width: 640px) 712px, \" \/><\/a><\/div><\/div><div style=\"padding:5px;\" class=\"fusion-grid-column fusion-gallery-column fusion-gallery-column-3 hover-type-none\"><div class=\"fusion-gallery-image\"><a href=\"https:\/\/powiatlwowecki.pl\/wp-content\/uploads\/2024\/03\/zpew.jpg\" rel=\"noreferrer\" data-rel=\"iLightbox[gallery_image_1]\" class=\"fusion-lightbox\" target=\"_self\"><img decoding=\"async\" src=\"https:\/\/powiatlwowecki.pl\/wp-content\/uploads\/2024\/03\/zpew.jpg\" width=\"2560\" height=\"1438\" alt=\"\" title=\"zpew\" aria-label=\"zpew\" class=\"img-responsive wp-image-6196\" srcset=\"https:\/\/powiatlwowecki.pl\/wp-content\/uploads\/2024\/03\/zpew-200x112.jpg 200w, https:\/\/powiatlwowecki.pl\/wp-content\/uploads\/2024\/03\/zpew-400x225.jpg 400w, https:\/\/powiatlwowecki.pl\/wp-content\/uploads\/2024\/03\/zpew-600x337.jpg 600w, https:\/\/powiatlwowecki.pl\/wp-content\/uploads\/2024\/03\/zpew-800x449.jpg 800w, https:\/\/powiatlwowecki.pl\/wp-content\/uploads\/2024\/03\/zpew-1200x674.jpg 1200w, https:\/\/powiatlwowecki.pl\/wp-content\/uploads\/2024\/03\/zpew.jpg 2560w\" sizes=\"(min-width: 2200px) 100vw, (min-width: 784px) 397px, (min-width: 712px) 595px, (min-width: 640px) 712px, \" \/><\/a><\/div><\/div><div style=\"padding:5px;\" class=\"fusion-grid-column fusion-gallery-column fusion-gallery-column-3 hover-type-none\"><div class=\"fusion-gallery-image\"><a href=\"https:\/\/powiatlwowecki.pl\/wp-content\/uploads\/2024\/03\/zpew2.jpg\" rel=\"noreferrer\" data-rel=\"iLightbox[gallery_image_1]\" class=\"fusion-lightbox\" target=\"_self\"><img decoding=\"async\" src=\"https:\/\/powiatlwowecki.pl\/wp-content\/uploads\/2024\/03\/zpew2.jpg\" width=\"1438\" height=\"2560\" alt=\"\" title=\"zpew2\" aria-label=\"zpew2\" class=\"img-responsive wp-image-6197\" srcset=\"https:\/\/powiatlwowecki.pl\/wp-content\/uploads\/2024\/03\/zpew2-200x356.jpg 200w, https:\/\/powiatlwowecki.pl\/wp-content\/uploads\/2024\/03\/zpew2-400x712.jpg 400w, https:\/\/powiatlwowecki.pl\/wp-content\/uploads\/2024\/03\/zpew2-600x1068.jpg 600w, https:\/\/powiatlwowecki.pl\/wp-content\/uploads\/2024\/03\/zpew2-800x1424.jpg 800w, https:\/\/powiatlwowecki.pl\/wp-content\/uploads\/2024\/03\/zpew2-1200x2136.jpg 1200w, https:\/\/powiatlwowecki.pl\/wp-content\/uploads\/2024\/03\/zpew2.jpg 1438w\" sizes=\"(min-width: 2200px) 100vw, (min-width: 784px) 397px, (min-width: 712px) 595px, (min-width: 640px) 712px, \" \/><\/a><\/div><\/div><div class=\"clearfix\"><\/div><div style=\"padding:5px;\" class=\"fusion-grid-column fusion-gallery-column fusion-gallery-column-3 hover-type-none\"><div class=\"fusion-gallery-image\"><a href=\"https:\/\/powiatlwowecki.pl\/wp-content\/uploads\/2024\/03\/zpew3.jpg\" rel=\"noreferrer\" data-rel=\"iLightbox[gallery_image_1]\" class=\"fusion-lightbox\" target=\"_self\"><img decoding=\"async\" src=\"https:\/\/powiatlwowecki.pl\/wp-content\/uploads\/2024\/03\/zpew3.jpg\" width=\"2560\" height=\"1438\" alt=\"\" title=\"zpew3\" aria-label=\"zpew3\" class=\"img-responsive wp-image-6198\" srcset=\"https:\/\/powiatlwowecki.pl\/wp-content\/uploads\/2024\/03\/zpew3-200x112.jpg 200w, https:\/\/powiatlwowecki.pl\/wp-content\/uploads\/2024\/03\/zpew3-400x225.jpg 400w, https:\/\/powiatlwowecki.pl\/wp-content\/uploads\/2024\/03\/zpew3-600x337.jpg 600w, https:\/\/powiatlwowecki.pl\/wp-content\/uploads\/2024\/03\/zpew3-800x449.jpg 800w, https:\/\/powiatlwowecki.pl\/wp-content\/uploads\/2024\/03\/zpew3-1200x674.jpg 1200w, https:\/\/powiatlwowecki.pl\/wp-content\/uploads\/2024\/03\/zpew3.jpg 2560w\" sizes=\"(min-width: 2200px) 100vw, (min-width: 784px) 397px, (min-width: 712px) 595px, (min-width: 640px) 712px, \" \/><\/a><\/div><\/div><\/div><\/div><\/div><\/div><\/div><\/div>\n","protected":false},"excerpt":{"rendered":"","protected":false},"author":8,"featured_media":6181,"comment_status":"closed","ping_status":"closed","sticky":false,"template":"","format":"standard","meta":{"_acf_changed":false,"footnotes":""},"categories":[5],"tags":[],"class_list":["post-6199","post","type-post","status-publish","format-standard","has-post-thumbnail","hentry","category-aktualnosci"],"acf":{"kal_data_wydarzenia":""},"_links":{"self":[{"href":"https:\/\/powiatlwowecki.pl\/plci_json_endpoint\/wp\/v2\/posts\/6199","targetHints":{"allow":["GET"]}}],"collection":[{"href":"https:\/\/powiatlwowecki.pl\/plci_json_endpoint\/wp\/v2\/posts"}],"about":[{"href":"https:\/\/powiatlwowecki.pl\/plci_json_endpoint\/wp\/v2\/types\/post"}],"author":[{"embeddable":true,"href":"https:\/\/powiatlwowecki.pl\/plci_json_endpoint\/wp\/v2\/users\/8"}],"replies":[{"embeddable":true,"href":"https:\/\/powiatlwowecki.pl\/plci_json_endpoint\/wp\/v2\/comments?post=6199"}],"version-history":[{"count":2,"href":"https:\/\/powiatlwowecki.pl\/plci_json_endpoint\/wp\/v2\/posts\/6199\/revisions"}],"predecessor-version":[{"id":6201,"href":"https:\/\/powiatlwowecki.pl\/plci_json_endpoint\/wp\/v2\/posts\/6199\/revisions\/6201"}],"wp:featuredmedia":[{"embeddable":true,"href":"https:\/\/powiatlwowecki.pl\/plci_json_endpoint\/wp\/v2\/media\/6181"}],"wp:attachment":[{"href":"https:\/\/powiatlwowecki.pl\/plci_json_endpoint\/wp\/v2\/media?parent=6199"}],"wp:term":[{"taxonomy":"category","embeddable":true,"href":"https:\/\/powiatlwowecki.pl\/plci_json_endpoint\/wp\/v2\/categories?post=6199"},{"taxonomy":"post_tag","embeddable":true,"href":"https:\/\/powiatlwowecki.pl\/plci_json_endpoint\/wp\/v2\/tags?post=6199"}],"curies":[{"name":"wp","href":"https:\/\/api.w.org\/{rel}","templated":true}]}}