{"id":6130,"date":"2024-02-28T12:34:37","date_gmt":"2024-02-28T11:34:37","guid":{"rendered":"https:\/\/powiatlwowecki.pl\/?p=6130"},"modified":"2024-02-28T12:34:37","modified_gmt":"2024-02-28T11:34:37","slug":"rozwoj-powiatu-lwoweckiego-w-kadencji-vi-sprawy-spoleczne-2021-rok","status":"publish","type":"post","link":"https:\/\/powiatlwowecki.pl\/rozwoj-powiatu-lwoweckiego-w-kadencji-vi-sprawy-spoleczne-2021-rok\/","title":{"rendered":"Rozw\u00f3j Powiatu Lw\u00f3weckiego w Kadencji VI: Sprawy Spo\u0142eczne 2021 Rok"},"content":{"rendered":"<div class=\"fusion-fullwidth fullwidth-box fusion-builder-row-1 fusion-flex-container has-pattern-background has-mask-background nonhundred-percent-fullwidth non-hundred-percent-height-scrolling\" style=\"--awb-border-radius-top-left:0px;--awb-border-radius-top-right:0px;--awb-border-radius-bottom-right:0px;--awb-border-radius-bottom-left:0px;--awb-flex-wrap:wrap;\" ><div class=\"fusion-builder-row fusion-row fusion-flex-align-items-flex-start fusion-flex-content-wrap\" style=\"max-width:1248px;margin-left: calc(-4% \/ 2 );margin-right: calc(-4% \/ 2 );\"><div class=\"fusion-layout-column fusion_builder_column fusion-builder-column-0 fusion_builder_column_1_1 1_1 fusion-flex-column\" style=\"--awb-bg-size:cover;--awb-width-large:100%;--awb-margin-top-large:0px;--awb-spacing-right-large:1.92%;--awb-margin-bottom-large:20px;--awb-spacing-left-large:1.92%;--awb-width-medium:100%;--awb-order-medium:0;--awb-spacing-right-medium:1.92%;--awb-spacing-left-medium:1.92%;--awb-width-small:100%;--awb-order-small:0;--awb-spacing-right-small:1.92%;--awb-spacing-left-small:1.92%;\"><div class=\"fusion-column-wrapper fusion-column-has-shadow fusion-flex-justify-content-flex-start fusion-content-layout-column\"><div class=\"fusion-text fusion-text-1\"><p><img decoding=\"async\" class=\"wp-image-6127 alignleft\" src=\"https:\/\/powiatlwowecki.pl\/wp-content\/uploads\/2024\/02\/50536397_577391162732840_209726263835754496_n-300x200.jpg\" alt=\"\" width=\"377\" height=\"251\" srcset=\"https:\/\/powiatlwowecki.pl\/wp-content\/uploads\/2024\/02\/50536397_577391162732840_209726263835754496_n-24x16.jpg 24w, https:\/\/powiatlwowecki.pl\/wp-content\/uploads\/2024\/02\/50536397_577391162732840_209726263835754496_n-36x24.jpg 36w, https:\/\/powiatlwowecki.pl\/wp-content\/uploads\/2024\/02\/50536397_577391162732840_209726263835754496_n-48x32.jpg 48w, https:\/\/powiatlwowecki.pl\/wp-content\/uploads\/2024\/02\/50536397_577391162732840_209726263835754496_n-200x133.jpg 200w, https:\/\/powiatlwowecki.pl\/wp-content\/uploads\/2024\/02\/50536397_577391162732840_209726263835754496_n-300x200.jpg 300w, https:\/\/powiatlwowecki.pl\/wp-content\/uploads\/2024\/02\/50536397_577391162732840_209726263835754496_n-400x267.jpg 400w, https:\/\/powiatlwowecki.pl\/wp-content\/uploads\/2024\/02\/50536397_577391162732840_209726263835754496_n-600x400.jpg 600w, https:\/\/powiatlwowecki.pl\/wp-content\/uploads\/2024\/02\/50536397_577391162732840_209726263835754496_n-768x512.jpg 768w, https:\/\/powiatlwowecki.pl\/wp-content\/uploads\/2024\/02\/50536397_577391162732840_209726263835754496_n-800x533.jpg 800w, https:\/\/powiatlwowecki.pl\/wp-content\/uploads\/2024\/02\/50536397_577391162732840_209726263835754496_n.jpg 960w\" sizes=\"(max-width: 377px) 100vw, 377px\" \/><\/p>\n<p>W kontek\u015bcie obszaru spraw spo\u0142ecznych, rok 2021 przyni\u00f3s\u0142 kolejne inwestycje, kt\u00f3re nie tylko poprawi\u0142y warunki \u017cycia mieszka\u0144c\u00f3w Powiatu Lw\u00f3weckiego, ale tak\u017ce mia\u0142y pozytywny wp\u0142yw na \u015brodowisko i klimat.<\/p>\n<p><strong>Modernizacja Kot\u0142owni w DPS Mirsk<\/strong><\/p>\n<p>&#8211; Warto\u015b\u0107 inwestycji wynios\u0142a 313 tys. z\u0142, z czego 192 tys. z\u0142 zosta\u0142o pozyskane z Funduszu Ochrony \u015arodowiska. &#8211; Projekt obejmowa\u0142 kompleksow\u0105 modernizacj\u0119 kot\u0142owni, wymian\u0119 instalacji centralnego ogrzewania oraz budow\u0119 nowoczesnej instalacji gazowej.<\/p>\n<p>&#8211; Ta inwestycja mia\u0142a zdecydowany wp\u0142yw na jako\u015b\u0107 powietrza w okolicy, poprawiaj\u0105c komfort \u017cycia mieszka\u0144c\u00f3w i jednocze\u015bnie wspieraj\u0105c cele proekologiczne.<\/p>\n<p>Warto zaznaczy\u0107, \u017ce kot\u0142ownia w DPS Mirsk to trzecia zmodernizowana kot\u0142owani w ramach VI Kadencji Powiatu Lw\u00f3weckiego. Pierwsz\u0105 by\u0142a kot\u0142ownia DPS Nielestno, a kolejna w Zespole Szk\u00f3\u0142 Ekonomiczno-Technicznych w Rakowicach Wielkich. Realizacja tych inwestycji wspiera cele zr\u00f3wnowa\u017conego rozwoju i ochrony \u015brodowiska.<\/p>\n<p><img decoding=\"async\" class=\"alignnone wp-image-6128\" src=\"https:\/\/powiatlwowecki.pl\/wp-content\/uploads\/2024\/02\/DPS-Mirsk-kotlownia-1-225x300.jpg\" alt=\"\" width=\"420\" height=\"560\" srcset=\"https:\/\/powiatlwowecki.pl\/wp-content\/uploads\/2024\/02\/DPS-Mirsk-kotlownia-1-18x24.jpg 18w, https:\/\/powiatlwowecki.pl\/wp-content\/uploads\/2024\/02\/DPS-Mirsk-kotlownia-1-27x36.jpg 27w, https:\/\/powiatlwowecki.pl\/wp-content\/uploads\/2024\/02\/DPS-Mirsk-kotlownia-1-36x48.jpg 36w, https:\/\/powiatlwowecki.pl\/wp-content\/uploads\/2024\/02\/DPS-Mirsk-kotlownia-1-200x267.jpg 200w, https:\/\/powiatlwowecki.pl\/wp-content\/uploads\/2024\/02\/DPS-Mirsk-kotlownia-1-225x300.jpg 225w, https:\/\/powiatlwowecki.pl\/wp-content\/uploads\/2024\/02\/DPS-Mirsk-kotlownia-1-400x533.jpg 400w, https:\/\/powiatlwowecki.pl\/wp-content\/uploads\/2024\/02\/DPS-Mirsk-kotlownia-1.jpg 600w\" sizes=\"(max-width: 420px) 100vw, 420px\" \/><img decoding=\"async\" class=\"alignnone wp-image-6129\" src=\"https:\/\/powiatlwowecki.pl\/wp-content\/uploads\/2024\/02\/DPS-Mirsk-kotlownia-5-225x300.jpg\" alt=\"\" width=\"420\" height=\"560\" srcset=\"https:\/\/powiatlwowecki.pl\/wp-content\/uploads\/2024\/02\/DPS-Mirsk-kotlownia-5-18x24.jpg 18w, https:\/\/powiatlwowecki.pl\/wp-content\/uploads\/2024\/02\/DPS-Mirsk-kotlownia-5-27x36.jpg 27w, https:\/\/powiatlwowecki.pl\/wp-content\/uploads\/2024\/02\/DPS-Mirsk-kotlownia-5-36x48.jpg 36w, https:\/\/powiatlwowecki.pl\/wp-content\/uploads\/2024\/02\/DPS-Mirsk-kotlownia-5-200x267.jpg 200w, https:\/\/powiatlwowecki.pl\/wp-content\/uploads\/2024\/02\/DPS-Mirsk-kotlownia-5-225x300.jpg 225w, https:\/\/powiatlwowecki.pl\/wp-content\/uploads\/2024\/02\/DPS-Mirsk-kotlownia-5-400x533.jpg 400w, https:\/\/powiatlwowecki.pl\/wp-content\/uploads\/2024\/02\/DPS-Mirsk-kotlownia-5.jpg 600w\" sizes=\"(max-width: 420px) 100vw, 420px\" \/><\/p>\n<\/div><\/div><\/div><\/div><\/div>\n","protected":false},"excerpt":{"rendered":"","protected":false},"author":8,"featured_media":6127,"comment_status":"closed","ping_status":"closed","sticky":false,"template":"","format":"standard","meta":{"_acf_changed":false,"footnotes":""},"categories":[5],"tags":[],"class_list":["post-6130","post","type-post","status-publish","format-standard","has-post-thumbnail","hentry","category-aktualnosci"],"acf":{"kal_data_wydarzenia":""},"_links":{"self":[{"href":"https:\/\/powiatlwowecki.pl\/plci_json_endpoint\/wp\/v2\/posts\/6130","targetHints":{"allow":["GET"]}}],"collection":[{"href":"https:\/\/powiatlwowecki.pl\/plci_json_endpoint\/wp\/v2\/posts"}],"about":[{"href":"https:\/\/powiatlwowecki.pl\/plci_json_endpoint\/wp\/v2\/types\/post"}],"author":[{"embeddable":true,"href":"https:\/\/powiatlwowecki.pl\/plci_json_endpoint\/wp\/v2\/users\/8"}],"replies":[{"embeddable":true,"href":"https:\/\/powiatlwowecki.pl\/plci_json_endpoint\/wp\/v2\/comments?post=6130"}],"version-history":[{"count":4,"href":"https:\/\/powiatlwowecki.pl\/plci_json_endpoint\/wp\/v2\/posts\/6130\/revisions"}],"predecessor-version":[{"id":6134,"href":"https:\/\/powiatlwowecki.pl\/plci_json_endpoint\/wp\/v2\/posts\/6130\/revisions\/6134"}],"wp:featuredmedia":[{"embeddable":true,"href":"https:\/\/powiatlwowecki.pl\/plci_json_endpoint\/wp\/v2\/media\/6127"}],"wp:attachment":[{"href":"https:\/\/powiatlwowecki.pl\/plci_json_endpoint\/wp\/v2\/media?parent=6130"}],"wp:term":[{"taxonomy":"category","embeddable":true,"href":"https:\/\/powiatlwowecki.pl\/plci_json_endpoint\/wp\/v2\/categories?post=6130"},{"taxonomy":"post_tag","embeddable":true,"href":"https:\/\/powiatlwowecki.pl\/plci_json_endpoint\/wp\/v2\/tags?post=6130"}],"curies":[{"name":"wp","href":"https:\/\/api.w.org\/{rel}","templated":true}]}}