{"id":6007,"date":"2024-02-21T08:35:33","date_gmt":"2024-02-21T07:35:33","guid":{"rendered":"https:\/\/powiatlwowecki.pl\/?p=6007"},"modified":"2024-02-21T08:35:33","modified_gmt":"2024-02-21T07:35:33","slug":"kluczowe-projekty-drogowe-2020-rok","status":"publish","type":"post","link":"https:\/\/powiatlwowecki.pl\/kluczowe-projekty-drogowe-2020-rok\/","title":{"rendered":"Kluczowe Projekty Drogowe 2020 rok"},"content":{"rendered":"<p style=\"text-align: center;\">W roku 2020 Powiat Lw\u00f3wecki konsekwentnie rozwija\u0142 swoj\u0105 sie\u0107 dr\u00f3g, inwestuj\u0105c w kluczowe projekty maj\u0105ce na celu popraw\u0119 jako\u015bci infrastruktury komunikacyjnej. Przedstawiamy trzy istotne przedsi\u0119wzi\u0119cia drogowe:<\/p>\n<p>&nbsp;<\/p>\n<p style=\"text-align: center;\"><strong> Przebudowa Drogi Powiatowej 2510D Pokrzywnik \u2013 Pasiecznik:<\/strong><\/p>\n<p>\u00a0\u00a0 &#8211; Koszt inwestycji: 348 515,58 z\u0142<\/p>\n<p>&#8211; Dofinansowanie z Urz\u0119du Marsza\u0142kowskiego: 257.040 z\u0142<\/p>\n<p>&#8211; \u015arodki w\u0142asne Powiatu: 91.475,58 z\u0142<\/p>\n<p><img decoding=\"async\" class=\"alignnone size-full wp-image-6003\" src=\"https:\/\/powiatlwowecki.pl\/wp-content\/uploads\/2024\/02\/pokrzywnik-pasiecznik-przed.png\" alt=\"\" width=\"371\" height=\"446\" srcset=\"https:\/\/powiatlwowecki.pl\/wp-content\/uploads\/2024\/02\/pokrzywnik-pasiecznik-przed-20x24.png 20w, https:\/\/powiatlwowecki.pl\/wp-content\/uploads\/2024\/02\/pokrzywnik-pasiecznik-przed-30x36.png 30w, https:\/\/powiatlwowecki.pl\/wp-content\/uploads\/2024\/02\/pokrzywnik-pasiecznik-przed-40x48.png 40w, https:\/\/powiatlwowecki.pl\/wp-content\/uploads\/2024\/02\/pokrzywnik-pasiecznik-przed-200x240.png 200w, https:\/\/powiatlwowecki.pl\/wp-content\/uploads\/2024\/02\/pokrzywnik-pasiecznik-przed-250x300.png 250w, https:\/\/powiatlwowecki.pl\/wp-content\/uploads\/2024\/02\/pokrzywnik-pasiecznik-przed.png 371w\" sizes=\"(max-width: 371px) 100vw, 371px\" \/><img decoding=\"async\" class=\"alignnone size-full wp-image-6002\" src=\"https:\/\/powiatlwowecki.pl\/wp-content\/uploads\/2024\/02\/pokrzywnik-pasiecznik-po.jpg\" alt=\"\" width=\"325\" height=\"446\" srcset=\"https:\/\/powiatlwowecki.pl\/wp-content\/uploads\/2024\/02\/pokrzywnik-pasiecznik-po-17x24.jpg 17w, https:\/\/powiatlwowecki.pl\/wp-content\/uploads\/2024\/02\/pokrzywnik-pasiecznik-po-26x36.jpg 26w, https:\/\/powiatlwowecki.pl\/wp-content\/uploads\/2024\/02\/pokrzywnik-pasiecznik-po-35x48.jpg 35w, https:\/\/powiatlwowecki.pl\/wp-content\/uploads\/2024\/02\/pokrzywnik-pasiecznik-po-200x274.jpg 200w, https:\/\/powiatlwowecki.pl\/wp-content\/uploads\/2024\/02\/pokrzywnik-pasiecznik-po-219x300.jpg 219w, https:\/\/powiatlwowecki.pl\/wp-content\/uploads\/2024\/02\/pokrzywnik-pasiecznik-po.jpg 325w\" sizes=\"(max-width: 325px) 100vw, 325px\" \/><\/p>\n<p>&nbsp;<\/p>\n<ol start=\"2\">\n<li><strong> Przebudowa Mostu JNI w Strzy\u017cowcu, w ci\u0105gu Drogi Powiatowej 2401D:<\/strong><\/li>\n<\/ol>\n<p>&#8211; Szacowany koszt: 480 299,58 z\u0142<\/p>\n<p>&#8211; Subwencja og\u00f3lna: 239.948 z\u0142<\/p>\n<p>&#8211; \u015arodki w\u0142asne Powiatu: 240.351,70 z\u0142<\/p>\n<p><img decoding=\"async\" class=\"alignnone  wp-image-6006\" src=\"https:\/\/powiatlwowecki.pl\/wp-content\/uploads\/2024\/02\/przebudowa-mostu-strzyzowiec.jpg\" alt=\"\" width=\"471\" height=\"282\" srcset=\"https:\/\/powiatlwowecki.pl\/wp-content\/uploads\/2024\/02\/przebudowa-mostu-strzyzowiec-24x14.jpg 24w, https:\/\/powiatlwowecki.pl\/wp-content\/uploads\/2024\/02\/przebudowa-mostu-strzyzowiec-36x22.jpg 36w, https:\/\/powiatlwowecki.pl\/wp-content\/uploads\/2024\/02\/przebudowa-mostu-strzyzowiec-48x29.jpg 48w, https:\/\/powiatlwowecki.pl\/wp-content\/uploads\/2024\/02\/przebudowa-mostu-strzyzowiec-200x120.jpg 200w, https:\/\/powiatlwowecki.pl\/wp-content\/uploads\/2024\/02\/przebudowa-mostu-strzyzowiec-300x179.jpg 300w, https:\/\/powiatlwowecki.pl\/wp-content\/uploads\/2024\/02\/przebudowa-mostu-strzyzowiec-400x239.jpg 400w, https:\/\/powiatlwowecki.pl\/wp-content\/uploads\/2024\/02\/przebudowa-mostu-strzyzowiec.jpg 408w\" sizes=\"(max-width: 471px) 100vw, 471px\" \/><img decoding=\"async\" class=\"alignnone  wp-image-6005\" src=\"https:\/\/powiatlwowecki.pl\/wp-content\/uploads\/2024\/02\/przebudowa-mostu-strzyzowiec-w-trakcie-prac.jpg\" alt=\"\" width=\"361\" height=\"335\" srcset=\"https:\/\/powiatlwowecki.pl\/wp-content\/uploads\/2024\/02\/przebudowa-mostu-strzyzowiec-w-trakcie-prac-24x22.jpg 24w, https:\/\/powiatlwowecki.pl\/wp-content\/uploads\/2024\/02\/przebudowa-mostu-strzyzowiec-w-trakcie-prac-36x33.jpg 36w, https:\/\/powiatlwowecki.pl\/wp-content\/uploads\/2024\/02\/przebudowa-mostu-strzyzowiec-w-trakcie-prac-48x45.jpg 48w, https:\/\/powiatlwowecki.pl\/wp-content\/uploads\/2024\/02\/przebudowa-mostu-strzyzowiec-w-trakcie-prac-200x186.jpg 200w, https:\/\/powiatlwowecki.pl\/wp-content\/uploads\/2024\/02\/przebudowa-mostu-strzyzowiec-w-trakcie-prac-300x279.jpg 300w, https:\/\/powiatlwowecki.pl\/wp-content\/uploads\/2024\/02\/przebudowa-mostu-strzyzowiec-w-trakcie-prac-400x372.jpg 400w, https:\/\/powiatlwowecki.pl\/wp-content\/uploads\/2024\/02\/przebudowa-mostu-strzyzowiec-w-trakcie-prac.jpg 408w\" sizes=\"(max-width: 361px) 100vw, 361px\" \/><img decoding=\"async\" class=\"alignnone  wp-image-6004\" src=\"https:\/\/powiatlwowecki.pl\/wp-content\/uploads\/2024\/02\/przebudowa-mostu-strzyzowiec-po.jpg\" alt=\"\" width=\"503\" height=\"466\" srcset=\"https:\/\/powiatlwowecki.pl\/wp-content\/uploads\/2024\/02\/przebudowa-mostu-strzyzowiec-po-24x22.jpg 24w, https:\/\/powiatlwowecki.pl\/wp-content\/uploads\/2024\/02\/przebudowa-mostu-strzyzowiec-po-36x33.jpg 36w, https:\/\/powiatlwowecki.pl\/wp-content\/uploads\/2024\/02\/przebudowa-mostu-strzyzowiec-po-48x44.jpg 48w, https:\/\/powiatlwowecki.pl\/wp-content\/uploads\/2024\/02\/przebudowa-mostu-strzyzowiec-po-200x185.jpg 200w, https:\/\/powiatlwowecki.pl\/wp-content\/uploads\/2024\/02\/przebudowa-mostu-strzyzowiec-po-300x278.jpg 300w, https:\/\/powiatlwowecki.pl\/wp-content\/uploads\/2024\/02\/przebudowa-mostu-strzyzowiec-po-400x371.jpg 400w, https:\/\/powiatlwowecki.pl\/wp-content\/uploads\/2024\/02\/przebudowa-mostu-strzyzowiec-po.jpg 409w\" sizes=\"(max-width: 503px) 100vw, 503px\" \/><\/p>\n<p><strong>\u00a0<\/strong><\/p>\n<ol start=\"3\">\n<li><strong> Droga Powiatowa 2535D Lubomierz \u2013 Popiel\u00f3wek<\/strong><\/li>\n<\/ol>\n<p>&#8211; Koszt inwestycji: 184 133 z\u0142<\/p>\n<p>&#8211; Dofinansowanie z Urz\u0119du Marsza\u0142kowskiego: 88.800 z\u0142<\/p>\n<p>&#8211; \u015arodki w\u0142asne Powiatu: 95.333,03 z\u0142<\/p>\n<p><img decoding=\"async\" class=\"alignnone size-full wp-image-6001\" src=\"https:\/\/powiatlwowecki.pl\/wp-content\/uploads\/2024\/02\/lubomierz-popielowek.jpg\" alt=\"\" width=\"429\" height=\"461\" srcset=\"https:\/\/powiatlwowecki.pl\/wp-content\/uploads\/2024\/02\/lubomierz-popielowek-22x24.jpg 22w, https:\/\/powiatlwowecki.pl\/wp-content\/uploads\/2024\/02\/lubomierz-popielowek-34x36.jpg 34w, https:\/\/powiatlwowecki.pl\/wp-content\/uploads\/2024\/02\/lubomierz-popielowek-45x48.jpg 45w, https:\/\/powiatlwowecki.pl\/wp-content\/uploads\/2024\/02\/lubomierz-popielowek-200x215.jpg 200w, https:\/\/powiatlwowecki.pl\/wp-content\/uploads\/2024\/02\/lubomierz-popielowek-279x300.jpg 279w, https:\/\/powiatlwowecki.pl\/wp-content\/uploads\/2024\/02\/lubomierz-popielowek-400x430.jpg 400w, https:\/\/powiatlwowecki.pl\/wp-content\/uploads\/2024\/02\/lubomierz-popielowek.jpg 429w\" sizes=\"(max-width: 429px) 100vw, 429px\" \/><img decoding=\"async\" class=\"alignnone size-full wp-image-6000\" src=\"https:\/\/powiatlwowecki.pl\/wp-content\/uploads\/2024\/02\/lubomierz-popielowek-2020-1.jpg\" alt=\"\" width=\"413\" height=\"461\" srcset=\"https:\/\/powiatlwowecki.pl\/wp-content\/uploads\/2024\/02\/lubomierz-popielowek-2020-1-22x24.jpg 22w, https:\/\/powiatlwowecki.pl\/wp-content\/uploads\/2024\/02\/lubomierz-popielowek-2020-1-32x36.jpg 32w, https:\/\/powiatlwowecki.pl\/wp-content\/uploads\/2024\/02\/lubomierz-popielowek-2020-1-43x48.jpg 43w, https:\/\/powiatlwowecki.pl\/wp-content\/uploads\/2024\/02\/lubomierz-popielowek-2020-1-200x223.jpg 200w, https:\/\/powiatlwowecki.pl\/wp-content\/uploads\/2024\/02\/lubomierz-popielowek-2020-1-269x300.jpg 269w, https:\/\/powiatlwowecki.pl\/wp-content\/uploads\/2024\/02\/lubomierz-popielowek-2020-1-400x446.jpg 400w, https:\/\/powiatlwowecki.pl\/wp-content\/uploads\/2024\/02\/lubomierz-popielowek-2020-1.jpg 413w\" sizes=\"(max-width: 413px) 100vw, 413px\" \/><\/p>\n<p style=\"text-align: center;\">Te inwestycje s\u0105 dowodem na zaanga\u017cowanie Powiatu Lw\u00f3weckiego w tworzenie bezpiecznych, funkcjonalnych i nowoczesnych tras komunikacyjnych.<\/p>\n<p>&nbsp;<\/p>\n<p>Aby uzyska\u0107 wi\u0119cej szczeg\u00f3\u0142\u00f3w na temat tych kluczowych projekt\u00f3w drogowych i nie tylko, zapraszamy do odwiedzenia strony <a href=\"https:\/\/lwowecki.info\/zdp-w-lwowku-slaskim-sprawozdanie-z-zadan-inwestycyjnych-i-remontow-drog\/\">lwowecki.info<\/a> gdzie znajd\u0105 Pa\u0144stwo pe\u0142ne informacj\u0119 na temat post\u0119pu prac, plan\u00f3w rozwoju infrastruktury komunikacyjnej i zaanga\u017cowanie Powiatu Lw\u00f3weckiego.<\/p>\n","protected":false},"excerpt":{"rendered":"<p>W roku 2020 Powiat Lw\u00f3wecki konsekwentnie rozwija\u0142 swoj\u0105 sie\u0107 dr\u00f3g, inwestuj\u0105c w kluczowe projekty maj\u0105ce na celu popraw\u0119 jako\u015bci infrastruktury komunikacyjnej. Przedstawiamy trzy istotne przedsi\u0119wzi\u0119cia drogowe: &nbsp; Przebudowa Drogi Powiatowej 2510D Pokrzywnik \u2013 Pasiecznik: \u00a0\u00a0  [&#8230;]<\/p>\n","protected":false},"author":8,"featured_media":6013,"comment_status":"closed","ping_status":"closed","sticky":false,"template":"","format":"standard","meta":{"_acf_changed":false,"footnotes":""},"categories":[5],"tags":[],"class_list":["post-6007","post","type-post","status-publish","format-standard","has-post-thumbnail","hentry","category-aktualnosci"],"acf":{"kal_data_wydarzenia":""},"_links":{"self":[{"href":"https:\/\/powiatlwowecki.pl\/plci_json_endpoint\/wp\/v2\/posts\/6007","targetHints":{"allow":["GET"]}}],"collection":[{"href":"https:\/\/powiatlwowecki.pl\/plci_json_endpoint\/wp\/v2\/posts"}],"about":[{"href":"https:\/\/powiatlwowecki.pl\/plci_json_endpoint\/wp\/v2\/types\/post"}],"author":[{"embeddable":true,"href":"https:\/\/powiatlwowecki.pl\/plci_json_endpoint\/wp\/v2\/users\/8"}],"replies":[{"embeddable":true,"href":"https:\/\/powiatlwowecki.pl\/plci_json_endpoint\/wp\/v2\/comments?post=6007"}],"version-history":[{"count":5,"href":"https:\/\/powiatlwowecki.pl\/plci_json_endpoint\/wp\/v2\/posts\/6007\/revisions"}],"predecessor-version":[{"id":6014,"href":"https:\/\/powiatlwowecki.pl\/plci_json_endpoint\/wp\/v2\/posts\/6007\/revisions\/6014"}],"wp:featuredmedia":[{"embeddable":true,"href":"https:\/\/powiatlwowecki.pl\/plci_json_endpoint\/wp\/v2\/media\/6013"}],"wp:attachment":[{"href":"https:\/\/powiatlwowecki.pl\/plci_json_endpoint\/wp\/v2\/media?parent=6007"}],"wp:term":[{"taxonomy":"category","embeddable":true,"href":"https:\/\/powiatlwowecki.pl\/plci_json_endpoint\/wp\/v2\/categories?post=6007"},{"taxonomy":"post_tag","embeddable":true,"href":"https:\/\/powiatlwowecki.pl\/plci_json_endpoint\/wp\/v2\/tags?post=6007"}],"curies":[{"name":"wp","href":"https:\/\/api.w.org\/{rel}","templated":true}]}}