{"id":5983,"date":"2024-02-19T11:26:07","date_gmt":"2024-02-19T10:26:07","guid":{"rendered":"https:\/\/powiatlwowecki.pl\/?p=5983"},"modified":"2024-02-19T14:25:14","modified_gmt":"2024-02-19T13:25:14","slug":"inwestycje-dla-wspolnoty-w-powiecie-lwoweckim-2020","status":"publish","type":"post","link":"https:\/\/powiatlwowecki.pl\/inwestycje-dla-wspolnoty-w-powiecie-lwoweckim-2020\/","title":{"rendered":"Inwestycje dla Wsp\u00f3lnoty w Powiecie Lw\u00f3weckim 2020"},"content":{"rendered":"<p style=\"text-align: center;\">W roku 2020 Powiat Lw\u00f3wecki podj\u0105\u0142 kroki w kierunku poprawy warunk\u00f3w \u017cycia os\u00f3b niepe\u0142nosprawnych, inwestuj\u0105c w \u015brodki u\u0142atwiaj\u0105ce ich mobilno\u015b\u0107 i integracj\u0119 spo\u0142eczn\u0105. Zakupiono dwa samochody przystosowanych do przewozu \u0142\u0105cznie 18 os\u00f3b niepe\u0142nosprawnych.<\/p>\n<p>&nbsp;<\/p>\n<p><strong>Zakup samochodu przystosowanego do przewozu 9 os\u00f3b niepe\u0142nosprawnych w Zespole Plac\u00f3wek Edukacyjno-Wychowawczych (ZPEW)<\/strong><\/p>\n<p>&#8211; Koszt: 145 878,00 z\u0142<\/p>\n<p>&#8211; Dofinansowanie z PFRON: 80 000,00 z\u0142<\/p>\n<p>Zakup umo\u017cliwi\u0142 Zespo\u0142owi Plac\u00f3wek Edukacyjno-Wychowawczych zapewnienie komfortowego transportu dla uczni\u00f3w. Ten krok nie tylko poprawi\u0142 ich codzienne dojazdy, ale tak\u017ce przyczyni\u0142 si\u0119 do w\u0142\u0105czenia ich w pe\u0142ni w \u017cycie szkolne i spo\u0142eczne.<\/p>\n<p><img decoding=\"async\" class=\"alignnone size-full wp-image-5981\" src=\"https:\/\/powiatlwowecki.pl\/wp-content\/uploads\/2024\/02\/auto-zpew.jpg\" alt=\"\" width=\"530\" height=\"399\" srcset=\"https:\/\/powiatlwowecki.pl\/wp-content\/uploads\/2024\/02\/auto-zpew-24x18.jpg 24w, https:\/\/powiatlwowecki.pl\/wp-content\/uploads\/2024\/02\/auto-zpew-36x27.jpg 36w, https:\/\/powiatlwowecki.pl\/wp-content\/uploads\/2024\/02\/auto-zpew-48x36.jpg 48w, https:\/\/powiatlwowecki.pl\/wp-content\/uploads\/2024\/02\/auto-zpew-200x151.jpg 200w, https:\/\/powiatlwowecki.pl\/wp-content\/uploads\/2024\/02\/auto-zpew-300x226.jpg 300w, https:\/\/powiatlwowecki.pl\/wp-content\/uploads\/2024\/02\/auto-zpew-400x301.jpg 400w, https:\/\/powiatlwowecki.pl\/wp-content\/uploads\/2024\/02\/auto-zpew.jpg 530w\" sizes=\"(max-width: 530px) 100vw, 530px\" \/><\/p>\n<p><strong>Zakup samochodu przystosowanego do przewozu 9 os\u00f3b niepe\u0142nosprawnych w Domu Pomocy Spo\u0142ecznej w Nielestnie<\/strong><\/p>\n<p>&#8211; Koszt: 135 700,00 z\u0142<\/p>\n<p>&#8211; Dofinansowanie z PFRON: 77 635,55 z\u0142<\/p>\n<p>&#8211; \u015arodki w\u0142asne: 58 064,45 z\u0142<\/p>\n<p>Inwestycja skierowana by\u0142a na popraw\u0119 warunk\u00f3w \u017cycia mieszka\u0144c\u00f3w Domu Pomocy Spo\u0142ecznej. Dost\u0119p do nowoczesnych i bezpiecznych \u015brodk\u00f3w transportu przyczyni\u0142 si\u0119 do wzbogacenia ich \u017cycia codziennego, umo\u017cliwiaj\u0105c uczestnictwo w r\u00f3\u017cnych wydarzeniach spo\u0142ecznych oraz korzystanie z terapeutycznych zaj\u0119\u0107 poza plac\u00f3wk\u0105.<\/p>\n<p><img decoding=\"async\" class=\"alignnone wp-image-5980\" src=\"https:\/\/powiatlwowecki.pl\/wp-content\/uploads\/2024\/02\/auto-dps-nielestno.jpg\" alt=\"\" width=\"523\" height=\"695\" srcset=\"https:\/\/powiatlwowecki.pl\/wp-content\/uploads\/2024\/02\/auto-dps-nielestno-18x24.jpg 18w, https:\/\/powiatlwowecki.pl\/wp-content\/uploads\/2024\/02\/auto-dps-nielestno-27x36.jpg 27w, https:\/\/powiatlwowecki.pl\/wp-content\/uploads\/2024\/02\/auto-dps-nielestno-36x48.jpg 36w, https:\/\/powiatlwowecki.pl\/wp-content\/uploads\/2024\/02\/auto-dps-nielestno-200x266.jpg 200w, https:\/\/powiatlwowecki.pl\/wp-content\/uploads\/2024\/02\/auto-dps-nielestno-226x300.jpg 226w, https:\/\/powiatlwowecki.pl\/wp-content\/uploads\/2024\/02\/auto-dps-nielestno.jpg 323w\" sizes=\"(max-width: 523px) 100vw, 523px\" \/><\/p>\n<p>Te inwestycje nie tylko zaspokoi\u0142y konkretne potrzeby os\u00f3b niepe\u0142nosprawnych, ale tak\u017ce wyra\u017caj\u0105 zaanga\u017cowanie Powiatu Lw\u00f3weckiego w tworzenie otwartego i integracyjnego \u015brodowiska dla wszystkich mieszka\u0144c\u00f3w. W efekcie, inwestycje te pozostawiaj\u0105 trwa\u0142y \u015blad w kszta\u0142towaniu przyjaznego i r\u00f3wnego \u015brodowiska dla wszystkich mieszka\u0144c\u00f3w.<\/p>\n","protected":false},"excerpt":{"rendered":"<p>W roku 2020 Powiat Lw\u00f3wecki podj\u0105\u0142 kroki w kierunku poprawy warunk\u00f3w \u017cycia os\u00f3b niepe\u0142nosprawnych, inwestuj\u0105c w \u015brodki u\u0142atwiaj\u0105ce ich mobilno\u015b\u0107 i integracj\u0119 spo\u0142eczn\u0105. Zakupiono dwa samochody przystosowanych do przewozu \u0142\u0105cznie 18 os\u00f3b niepe\u0142nosprawnych. &nbsp; Zakup  [&#8230;]<\/p>\n","protected":false},"author":8,"featured_media":5982,"comment_status":"closed","ping_status":"closed","sticky":false,"template":"","format":"standard","meta":{"_acf_changed":false,"footnotes":""},"categories":[5],"tags":[],"class_list":["post-5983","post","type-post","status-publish","format-standard","has-post-thumbnail","hentry","category-aktualnosci"],"acf":{"kal_data_wydarzenia":""},"_links":{"self":[{"href":"https:\/\/powiatlwowecki.pl\/plci_json_endpoint\/wp\/v2\/posts\/5983","targetHints":{"allow":["GET"]}}],"collection":[{"href":"https:\/\/powiatlwowecki.pl\/plci_json_endpoint\/wp\/v2\/posts"}],"about":[{"href":"https:\/\/powiatlwowecki.pl\/plci_json_endpoint\/wp\/v2\/types\/post"}],"author":[{"embeddable":true,"href":"https:\/\/powiatlwowecki.pl\/plci_json_endpoint\/wp\/v2\/users\/8"}],"replies":[{"embeddable":true,"href":"https:\/\/powiatlwowecki.pl\/plci_json_endpoint\/wp\/v2\/comments?post=5983"}],"version-history":[{"count":3,"href":"https:\/\/powiatlwowecki.pl\/plci_json_endpoint\/wp\/v2\/posts\/5983\/revisions"}],"predecessor-version":[{"id":5986,"href":"https:\/\/powiatlwowecki.pl\/plci_json_endpoint\/wp\/v2\/posts\/5983\/revisions\/5986"}],"wp:featuredmedia":[{"embeddable":true,"href":"https:\/\/powiatlwowecki.pl\/plci_json_endpoint\/wp\/v2\/media\/5982"}],"wp:attachment":[{"href":"https:\/\/powiatlwowecki.pl\/plci_json_endpoint\/wp\/v2\/media?parent=5983"}],"wp:term":[{"taxonomy":"category","embeddable":true,"href":"https:\/\/powiatlwowecki.pl\/plci_json_endpoint\/wp\/v2\/categories?post=5983"},{"taxonomy":"post_tag","embeddable":true,"href":"https:\/\/powiatlwowecki.pl\/plci_json_endpoint\/wp\/v2\/tags?post=5983"}],"curies":[{"name":"wp","href":"https:\/\/api.w.org\/{rel}","templated":true}]}}