{"id":5965,"date":"2024-02-16T09:35:47","date_gmt":"2024-02-16T08:35:47","guid":{"rendered":"https:\/\/powiatlwowecki.pl\/?p=5965"},"modified":"2024-02-16T09:41:31","modified_gmt":"2024-02-16T08:41:31","slug":"inwestycje-dla-zdrowia-powiat-lwowecki-w-vi-kadencji-rok-2020","status":"publish","type":"post","link":"https:\/\/powiatlwowecki.pl\/inwestycje-dla-zdrowia-powiat-lwowecki-w-vi-kadencji-rok-2020\/","title":{"rendered":"Inwestycje dla Zdrowia: Powiat Lw\u00f3wecki w VI Kadencji- Rok 2020"},"content":{"rendered":"<div class=\"fusion-fullwidth fullwidth-box fusion-builder-row-1 fusion-flex-container nonhundred-percent-fullwidth non-hundred-percent-height-scrolling\" style=\"--awb-border-radius-top-left:0px;--awb-border-radius-top-right:0px;--awb-border-radius-bottom-right:0px;--awb-border-radius-bottom-left:0px;--awb-flex-wrap:wrap;\" ><div class=\"fusion-builder-row fusion-row fusion-flex-align-items-flex-start fusion-flex-content-wrap\" style=\"max-width:1248px;margin-left: calc(-4% \/ 2 );margin-right: calc(-4% \/ 2 );\"><div class=\"fusion-layout-column fusion_builder_column fusion-builder-column-0 fusion_builder_column_1_1 1_1 fusion-flex-column\" style=\"--awb-bg-size:cover;--awb-width-large:100%;--awb-margin-top-large:0px;--awb-spacing-right-large:1.92%;--awb-margin-bottom-large:0px;--awb-spacing-left-large:1.92%;--awb-width-medium:100%;--awb-spacing-right-medium:1.92%;--awb-spacing-left-medium:1.92%;--awb-width-small:100%;--awb-spacing-right-small:1.92%;--awb-spacing-left-small:1.92%;\"><div class=\"fusion-column-wrapper fusion-flex-justify-content-flex-start fusion-content-layout-column\"><div class=\"fusion-text fusion-text-1\"><p>Kontynuuj\u0105c nasz\u0105 podr\u00f3\u017c przez rozw\u00f3j Powiatu Lw\u00f3weckiego, dzisiaj skierujemy nasze spojrzenie na obszar zdrowia. W roku 2020, Szpital Powiatowy w Lw\u00f3wku \u015al\u0105skim przeszed\u0142 znacz\u0105ce zmiany, zwi\u0119kszaj\u0105c swoje mo\u017cliwo\u015bci, by sprosta\u0107 rosn\u0105cym potrzebom mieszka\u0144c\u00f3w.<\/p>\n<p><strong>Przebudowa i rozbudowa Bloku Operacyjnego<\/strong><\/p>\n<p>&#8211; Nowoczesny Blok Operacyjny<\/p>\n<p>&#8211; Centralna Sterylizacja<\/p>\n<p>&#8211; Wyposa\u017cenie w nowoczesny sprz\u0119t<\/p>\n<p>W ramach tego projektu zainstalowano i zmodernizowano central\u0119 gaz\u00f3w medycznych: tlenu, spr\u0119\u017conego powietrza medycznego i central\u0119 pr\u00f3\u017cni medycznej. Nowe pomieszczenia bloku operacyjnego zosta\u0142y wyposa\u017cone w nowoczesny sprz\u0119t, umo\u017cliwiaj\u0105cy \u015bwiadczenie wysokiej jako\u015bci us\u0142ug medycznych. Warto\u015b\u0107 inwestycji wynios\u0142a 6 400 000 z\u0142.<\/p>\n<p><strong>Zakup tomografu komputerowego i uruchomienie pracowni<\/strong><\/p>\n<p>Ten krok pozwoli\u0142 na poszerzenie zakresu diagnostyki i podniesienie standard\u00f3w opieki zdrowotnej w Powiecie Lw\u00f3weckim. Warto\u015b\u0107 tej inwestycji wynios\u0142a 1 201 285,72 z\u0142.<\/p>\n<p>Te przedsi\u0119wzi\u0119cia s\u0105 kolejnym dowodem na zobowi\u0105zanie Powiatu do zapewnienia wysokiej jako\u015bci opieki zdrowotnej dla swoich mieszka\u0144c\u00f3w. Zapraszamy do dalszego \u015bledzenia naszej podr\u00f3\u017cy przez rozw\u00f3j Powiatu Lw\u00f3weckiego.<\/p>\n<\/div><div class=\"fusion-slider-sc\"><div class=\"fusion-flexslider-loading flexslider flexslider-hover-type-none\" data-slideshow_autoplay=\"1\" data-slideshow_smooth_height=\"0\" data-slideshow_speed=\"7000\" style=\"max-width:100%;height:100%;\"><ul class=\"slides\"><li class=\"image\"><span class=\"fusion-image-hover-element hover-type-none\"><img decoding=\"async\" src=\"https:\/\/powiatlwowecki.pl\/wp-content\/uploads\/2024\/02\/Zrzut-ekranu-2024-02-15-110757-e1707992693450.png\" width=\"648\" height=\"316\" class=\"wp-image-5955\" srcset=\"https:\/\/powiatlwowecki.pl\/wp-content\/uploads\/2024\/02\/Zrzut-ekranu-2024-02-15-110757-e1707992693450-200x98.png 200w, https:\/\/powiatlwowecki.pl\/wp-content\/uploads\/2024\/02\/Zrzut-ekranu-2024-02-15-110757-e1707992693450-400x195.png 400w, https:\/\/powiatlwowecki.pl\/wp-content\/uploads\/2024\/02\/Zrzut-ekranu-2024-02-15-110757-e1707992693450-600x293.png 600w, https:\/\/powiatlwowecki.pl\/wp-content\/uploads\/2024\/02\/Zrzut-ekranu-2024-02-15-110757-e1707992693450.png 648w\" sizes=\"(max-width: 1024px) 100vw, (max-width: 640px) 100vw, 648px\" \/><\/span><\/li><li class=\"image\"><span class=\"fusion-image-hover-element hover-type-none\"><img decoding=\"async\" src=\"https:\/\/powiatlwowecki.pl\/wp-content\/uploads\/2024\/02\/foto-42-1024x685-1.jpg\" width=\"1024\" height=\"685\" class=\"wp-image-5958\" srcset=\"https:\/\/powiatlwowecki.pl\/wp-content\/uploads\/2024\/02\/foto-42-1024x685-1-200x134.jpg 200w, https:\/\/powiatlwowecki.pl\/wp-content\/uploads\/2024\/02\/foto-42-1024x685-1-400x268.jpg 400w, https:\/\/powiatlwowecki.pl\/wp-content\/uploads\/2024\/02\/foto-42-1024x685-1-600x401.jpg 600w, https:\/\/powiatlwowecki.pl\/wp-content\/uploads\/2024\/02\/foto-42-1024x685-1-800x535.jpg 800w, https:\/\/powiatlwowecki.pl\/wp-content\/uploads\/2024\/02\/foto-42-1024x685-1.jpg 1024w\" sizes=\"(max-width: 1024px) 100vw, (max-width: 640px) 100vw, 1024px\" \/><\/span><\/li><li class=\"image\"><span class=\"fusion-image-hover-element hover-type-none\"><img decoding=\"async\" src=\"https:\/\/powiatlwowecki.pl\/wp-content\/uploads\/2024\/02\/foto-20-1024x685-1.jpg\" width=\"1024\" height=\"685\" class=\"wp-image-5959\" srcset=\"https:\/\/powiatlwowecki.pl\/wp-content\/uploads\/2024\/02\/foto-20-1024x685-1-200x134.jpg 200w, https:\/\/powiatlwowecki.pl\/wp-content\/uploads\/2024\/02\/foto-20-1024x685-1-400x268.jpg 400w, https:\/\/powiatlwowecki.pl\/wp-content\/uploads\/2024\/02\/foto-20-1024x685-1-600x401.jpg 600w, https:\/\/powiatlwowecki.pl\/wp-content\/uploads\/2024\/02\/foto-20-1024x685-1-800x535.jpg 800w, https:\/\/powiatlwowecki.pl\/wp-content\/uploads\/2024\/02\/foto-20-1024x685-1.jpg 1024w\" sizes=\"(max-width: 1024px) 100vw, (max-width: 640px) 100vw, 1024px\" \/><\/span><\/li><li class=\"image\"><span class=\"fusion-image-hover-element hover-type-none\"><img decoding=\"async\" src=\"https:\/\/powiatlwowecki.pl\/wp-content\/uploads\/2024\/02\/foto-30-1024x685-1.jpg\" width=\"1024\" height=\"685\" class=\"wp-image-5960\" srcset=\"https:\/\/powiatlwowecki.pl\/wp-content\/uploads\/2024\/02\/foto-30-1024x685-1-200x134.jpg 200w, https:\/\/powiatlwowecki.pl\/wp-content\/uploads\/2024\/02\/foto-30-1024x685-1-400x268.jpg 400w, https:\/\/powiatlwowecki.pl\/wp-content\/uploads\/2024\/02\/foto-30-1024x685-1-600x401.jpg 600w, https:\/\/powiatlwowecki.pl\/wp-content\/uploads\/2024\/02\/foto-30-1024x685-1-800x535.jpg 800w, https:\/\/powiatlwowecki.pl\/wp-content\/uploads\/2024\/02\/foto-30-1024x685-1.jpg 1024w\" sizes=\"(max-width: 1024px) 100vw, (max-width: 640px) 100vw, 1024px\" \/><\/span><\/li><li class=\"image\"><span class=\"fusion-image-hover-element hover-type-none\"><img decoding=\"async\" src=\"https:\/\/powiatlwowecki.pl\/wp-content\/uploads\/2024\/02\/foto-16-1024x685-1.jpg\" width=\"1024\" height=\"685\" class=\"wp-image-5961\" srcset=\"https:\/\/powiatlwowecki.pl\/wp-content\/uploads\/2024\/02\/foto-16-1024x685-1-200x134.jpg 200w, https:\/\/powiatlwowecki.pl\/wp-content\/uploads\/2024\/02\/foto-16-1024x685-1-400x268.jpg 400w, https:\/\/powiatlwowecki.pl\/wp-content\/uploads\/2024\/02\/foto-16-1024x685-1-600x401.jpg 600w, https:\/\/powiatlwowecki.pl\/wp-content\/uploads\/2024\/02\/foto-16-1024x685-1-800x535.jpg 800w, https:\/\/powiatlwowecki.pl\/wp-content\/uploads\/2024\/02\/foto-16-1024x685-1.jpg 1024w\" sizes=\"(max-width: 1024px) 100vw, (max-width: 640px) 100vw, 1024px\" \/><\/span><\/li><li class=\"image\"><span class=\"fusion-image-hover-element hover-type-none\"><img decoding=\"async\" src=\"https:\/\/powiatlwowecki.pl\/wp-content\/uploads\/2024\/02\/foto-15-1024x685-1.jpg\" width=\"1024\" height=\"685\" class=\"wp-image-5962\" srcset=\"https:\/\/powiatlwowecki.pl\/wp-content\/uploads\/2024\/02\/foto-15-1024x685-1-200x134.jpg 200w, https:\/\/powiatlwowecki.pl\/wp-content\/uploads\/2024\/02\/foto-15-1024x685-1-400x268.jpg 400w, https:\/\/powiatlwowecki.pl\/wp-content\/uploads\/2024\/02\/foto-15-1024x685-1-600x401.jpg 600w, https:\/\/powiatlwowecki.pl\/wp-content\/uploads\/2024\/02\/foto-15-1024x685-1-800x535.jpg 800w, https:\/\/powiatlwowecki.pl\/wp-content\/uploads\/2024\/02\/foto-15-1024x685-1.jpg 1024w\" sizes=\"(max-width: 1024px) 100vw, (max-width: 640px) 100vw, 1024px\" \/><\/span><\/li><li class=\"image\"><span class=\"fusion-image-hover-element hover-type-none\"><img decoding=\"async\" src=\"https:\/\/powiatlwowecki.pl\/wp-content\/uploads\/2024\/02\/foto-6-1024x685-1.jpg\" width=\"1024\" height=\"685\" class=\"wp-image-5963\" srcset=\"https:\/\/powiatlwowecki.pl\/wp-content\/uploads\/2024\/02\/foto-6-1024x685-1-200x134.jpg 200w, https:\/\/powiatlwowecki.pl\/wp-content\/uploads\/2024\/02\/foto-6-1024x685-1-400x268.jpg 400w, https:\/\/powiatlwowecki.pl\/wp-content\/uploads\/2024\/02\/foto-6-1024x685-1-600x401.jpg 600w, https:\/\/powiatlwowecki.pl\/wp-content\/uploads\/2024\/02\/foto-6-1024x685-1-800x535.jpg 800w, https:\/\/powiatlwowecki.pl\/wp-content\/uploads\/2024\/02\/foto-6-1024x685-1.jpg 1024w\" sizes=\"(max-width: 1024px) 100vw, (max-width: 640px) 100vw, 1024px\" \/><\/span><\/li><li class=\"image\"><span class=\"fusion-image-hover-element hover-type-none\"><img decoding=\"async\" src=\"https:\/\/powiatlwowecki.pl\/wp-content\/uploads\/2024\/02\/foto-1024x685-1.jpg\" width=\"1024\" height=\"685\" class=\"wp-image-5964\" srcset=\"https:\/\/powiatlwowecki.pl\/wp-content\/uploads\/2024\/02\/foto-1024x685-1-200x134.jpg 200w, https:\/\/powiatlwowecki.pl\/wp-content\/uploads\/2024\/02\/foto-1024x685-1-400x268.jpg 400w, https:\/\/powiatlwowecki.pl\/wp-content\/uploads\/2024\/02\/foto-1024x685-1-600x401.jpg 600w, https:\/\/powiatlwowecki.pl\/wp-content\/uploads\/2024\/02\/foto-1024x685-1-800x535.jpg 800w, https:\/\/powiatlwowecki.pl\/wp-content\/uploads\/2024\/02\/foto-1024x685-1.jpg 1024w\" sizes=\"(max-width: 1024px) 100vw, (max-width: 640px) 100vw, 1024px\" \/><\/span><\/li><\/ul><\/div><\/div><\/div><\/div><\/div><\/div>\n","protected":false},"excerpt":{"rendered":"","protected":false},"author":8,"featured_media":5963,"comment_status":"closed","ping_status":"closed","sticky":false,"template":"","format":"standard","meta":{"_acf_changed":false,"footnotes":""},"categories":[5],"tags":[],"class_list":["post-5965","post","type-post","status-publish","format-standard","has-post-thumbnail","hentry","category-aktualnosci"],"acf":{"kal_data_wydarzenia":""},"_links":{"self":[{"href":"https:\/\/powiatlwowecki.pl\/plci_json_endpoint\/wp\/v2\/posts\/5965","targetHints":{"allow":["GET"]}}],"collection":[{"href":"https:\/\/powiatlwowecki.pl\/plci_json_endpoint\/wp\/v2\/posts"}],"about":[{"href":"https:\/\/powiatlwowecki.pl\/plci_json_endpoint\/wp\/v2\/types\/post"}],"author":[{"embeddable":true,"href":"https:\/\/powiatlwowecki.pl\/plci_json_endpoint\/wp\/v2\/users\/8"}],"replies":[{"embeddable":true,"href":"https:\/\/powiatlwowecki.pl\/plci_json_endpoint\/wp\/v2\/comments?post=5965"}],"version-history":[{"count":5,"href":"https:\/\/powiatlwowecki.pl\/plci_json_endpoint\/wp\/v2\/posts\/5965\/revisions"}],"predecessor-version":[{"id":5975,"href":"https:\/\/powiatlwowecki.pl\/plci_json_endpoint\/wp\/v2\/posts\/5965\/revisions\/5975"}],"wp:featuredmedia":[{"embeddable":true,"href":"https:\/\/powiatlwowecki.pl\/plci_json_endpoint\/wp\/v2\/media\/5963"}],"wp:attachment":[{"href":"https:\/\/powiatlwowecki.pl\/plci_json_endpoint\/wp\/v2\/media?parent=5965"}],"wp:term":[{"taxonomy":"category","embeddable":true,"href":"https:\/\/powiatlwowecki.pl\/plci_json_endpoint\/wp\/v2\/categories?post=5965"},{"taxonomy":"post_tag","embeddable":true,"href":"https:\/\/powiatlwowecki.pl\/plci_json_endpoint\/wp\/v2\/tags?post=5965"}],"curies":[{"name":"wp","href":"https:\/\/api.w.org\/{rel}","templated":true}]}}