{"id":5864,"date":"2024-02-07T09:15:06","date_gmt":"2024-02-07T08:15:06","guid":{"rendered":"https:\/\/powiatlwowecki.pl\/?p=5864"},"modified":"2024-02-07T09:19:15","modified_gmt":"2024-02-07T08:19:15","slug":"mistrzostwa-powiatu-w-pilce-siatkowej-dziewczat-i-chlopcow-igrzysk-mlodziezy-2","status":"publish","type":"post","link":"https:\/\/powiatlwowecki.pl\/mistrzostwa-powiatu-w-pilce-siatkowej-dziewczat-i-chlopcow-igrzysk-mlodziezy-2\/","title":{"rendered":"MISTRZOSTWA POWIATU W PI\u0141CE SIATKOWEJ DZIEWCZ\u0104T I CH\u0141OPC\u00d3W IGRZYSK M\u0141ODZIE\u017bY"},"content":{"rendered":"<div class=\"fusion-fullwidth fullwidth-box fusion-builder-row-1 fusion-flex-container nonhundred-percent-fullwidth non-hundred-percent-height-scrolling\" style=\"--awb-border-radius-top-left:0px;--awb-border-radius-top-right:0px;--awb-border-radius-bottom-right:0px;--awb-border-radius-bottom-left:0px;--awb-flex-wrap:wrap;\" ><div class=\"fusion-builder-row fusion-row fusion-flex-align-items-flex-start fusion-flex-content-wrap\" style=\"max-width:1248px;margin-left: calc(-4% \/ 2 );margin-right: calc(-4% \/ 2 );\"><div class=\"fusion-layout-column fusion_builder_column fusion-builder-column-0 fusion_builder_column_1_1 1_1 fusion-flex-column\" style=\"--awb-bg-size:cover;--awb-width-large:100%;--awb-margin-top-large:0px;--awb-spacing-right-large:1.92%;--awb-margin-bottom-large:0px;--awb-spacing-left-large:1.92%;--awb-width-medium:100%;--awb-spacing-right-medium:1.92%;--awb-spacing-left-medium:1.92%;--awb-width-small:100%;--awb-spacing-right-small:1.92%;--awb-spacing-left-small:1.92%;\"><div class=\"fusion-column-wrapper fusion-flex-justify-content-flex-start fusion-content-layout-column\"><div class=\"fusion-text fusion-text-1\"><p>Dnia 6 lutego 2024 roku w Hali Sportowej przy Szkole Podstawowej nr 1 w Gryfowie \u015al\u0105skim odby\u0142y si\u0119 Mistrzostwa Powiatu Lw\u00f3weckiego Szkolnego Zwi\u0105zku Sportowego w Pi\u0142ce Siatkowej Dziewcz\u0105t i Ch\u0142opc\u00f3w w ramach Igrzysk M\u0142odzie\u017cy (rocznik 2010 i 2009). Organizatorem zawod\u00f3w by\u0142 PSZS w Lw\u00f3wku \u015al\u0105skim oraz SP 1 w Gryfowie \u015al\u0105skim. Zawody finansowane ze \u015brodk\u00f3w dotacji \u00a0Powiatu Lw\u00f3weckiego. S\u0119dzi\u0105 g\u0142\u00f3wnym wszystkich spotka\u0144 by\u0142 \u00a0p. Janusz Janur oraz Arkadiusz Do\u0142\u0119ga (nauczyciel wychowania fizycznego). Zwyci\u0119skie dru\u017cyny b\u0119d\u0105 reprezentowa\u0142y Powiat Lw\u00f3wecki\u00a0\u00a0\u00a0\u00a0\u00a0\u00a0\u00a0\u00a0 w P\u00f3\u0142finale Strefy Jeleniog\u00f3rskiej, kt\u00f3ry odb\u0119dzie si\u0119 12 lutego 2024 roku w Karpaczu dla dziewcz\u0105t oraz 14 lutego 2024 roku w Kamiennej G\u00f3rze dla ch\u0142opc\u00f3w. \u00a0Gratulacje dla wszystkich dru\u017cyn \u00a0\u00a0\u00a0\u00a0\u00a0\u00a0\u00a0\u00a0\u00a0\u00a0\u00a0\u00a0\u00a0\u00a0\u00a0\u00a0i \u017cyczymy dalszych sukces\u00f3w sportowych.<\/p>\n<p>Przebieg zawod\u00f3w:<\/p>\n<p><strong><u>DZIEWCZ\u0118TA:<\/u><\/strong><\/p>\n<p><strong>PRZEBIEG ZAWOD\u00d3W:<\/strong><\/p>\n<p>SP 2 Lw\u00f3wek \u015al\u0105ski\u00a0\u00a0\u00a0\u00a0\u00a0\u00a0\u00a0\u00a0 &#8211;\u00a0\u00a0\u00a0\u00a0\u00a0\u00a0\u00a0\u00a0\u00a0\u00a0\u00a0\u00a0\u00a0 SP 1 Gryf\u00f3w \u015al\u0105ski\u00a0\u00a0\u00a0\u00a0\u00a0\u00a0\u00a0\u00a0\u00a0\u00a0\u00a0\u00a0\u00a0\u00a0\u00a0\u00a0\u00a0\u00a0\u00a0\u00a0\u00a0\u00a0\u00a0\u00a0\u00a0\u00a0 0 : 2<\/p>\n<p>SP 1 Gryf\u00f3w \u015al\u0105ski\u00a0\u00a0\u00a0\u00a0\u00a0\u00a0\u00a0\u00a0\u00a0\u00a0 &#8211;\u00a0\u00a0\u00a0\u00a0\u00a0\u00a0\u00a0\u00a0\u00a0\u00a0\u00a0\u00a0\u00a0 SP Wle\u0144\u00a0\u00a0\u00a0\u00a0\u00a0\u00a0\u00a0\u00a0\u00a0\u00a0\u00a0\u00a0\u00a0\u00a0\u00a0\u00a0\u00a0\u00a0\u00a0\u00a0\u00a0\u00a0\u00a0\u00a0\u00a0\u00a0\u00a0\u00a0\u00a0\u00a0\u00a0\u00a0\u00a0\u00a0\u00a0\u00a0\u00a0\u00a0\u00a0\u00a0\u00a0\u00a0\u00a0\u00a0\u00a0 2 : 1<\/p>\n<p>SP 2 Lw\u00f3wek \u015al\u0105ski\u00a0\u00a0\u00a0\u00a0\u00a0\u00a0\u00a0\u00a0 &#8211;\u00a0\u00a0\u00a0\u00a0\u00a0\u00a0\u00a0\u00a0\u00a0\u00a0\u00a0\u00a0\u00a0 SP Wle\u0144\u00a0\u00a0\u00a0\u00a0\u00a0\u00a0\u00a0\u00a0\u00a0\u00a0\u00a0\u00a0\u00a0\u00a0\u00a0\u00a0\u00a0\u00a0\u00a0\u00a0\u00a0\u00a0\u00a0\u00a0\u00a0\u00a0\u00a0\u00a0\u00a0\u00a0\u00a0\u00a0\u00a0\u00a0\u00a0\u00a0\u00a0\u00a0\u00a0\u00a0\u00a0\u00a0\u00a0\u00a0\u00a0 0 : 2<\/p>\n<p><strong>KLASYFIKACJA KO\u0143COWA:<\/strong><\/p>\n<p><strong>I miejsce\u00a0\u00a0\u00a0\u00a0\u00a0\u00a0\u00a0\u00a0\u00a0\u00a0\u00a0\u00a0 SP 1 Gryf\u00f3w \u015al\u0105ski\u00a0\u00a0\u00a0\u00a0\u00a0\u00a0\u00a0\u00a0\u00a0\u00a0\u00a0\u00a0\u00a0\u00a0\u00a0\u00a0\u00a0\u00a0\u00a0\u00a0\u00a0\u00a0\u00a0\u00a0\u00a0 op.\u00a0 Beata Hryciew-Listwan<\/strong><\/p>\n<p>II miejsce\u00a0\u00a0\u00a0\u00a0\u00a0\u00a0\u00a0\u00a0\u00a0\u00a0\u00a0 SP Wle\u0144\u00a0\u00a0\u00a0\u00a0\u00a0\u00a0\u00a0\u00a0\u00a0\u00a0\u00a0\u00a0\u00a0\u00a0\u00a0\u00a0\u00a0\u00a0\u00a0\u00a0\u00a0\u00a0\u00a0\u00a0\u00a0\u00a0\u00a0\u00a0\u00a0\u00a0\u00a0\u00a0\u00a0\u00a0\u00a0\u00a0\u00a0\u00a0\u00a0\u00a0\u00a0\u00a0\u00a0\u00a0\u00a0 op. Anna Kulikowska<\/p>\n<p>III miejsce\u00a0\u00a0\u00a0\u00a0\u00a0\u00a0\u00a0\u00a0\u00a0\u00a0 SP 2 Lw\u00f3wek \u015al\u0105ski\u00a0\u00a0\u00a0\u00a0\u00a0\u00a0\u00a0\u00a0\u00a0\u00a0\u00a0\u00a0\u00a0\u00a0\u00a0\u00a0\u00a0\u00a0\u00a0\u00a0\u00a0\u00a0\u00a0\u00a0 op. Magdalena Paw\u0142owicz<\/p>\n<p><strong>SK\u0141ADY DRU\u017bYN:<\/strong><\/p>\n<p><strong>SP 1 GRYF\u00d3W \u015aL\u0104SKI:<\/strong>\u00a0 Laura Baran, Antonina Cybulska, Urszula Czerwi\u0144ska, Karolina Ko\u0142\u0142ataj, Zuzanna Kownacka, Antonina Niebylska, Aurelia Siedlecka, Nikola Zygmunt, Julia Macianis.<\/p>\n<p><strong>SP WLE\u0143:<\/strong> Nikola Jakimowicz, Kalina Jastrz\u0119bska, Gabriela Kubik, Aleksandra Kwiecie\u0144, Aniela Marceluk, Otylia Pachota, Martyna Smulko, Hanna Turska<\/p>\n<p><strong>SP 2 LW\u00d3WEK \u015aL\u0104SKI:<\/strong> Lena Galek, Natalia G\u00f3rska, Aleksandra Horanin, Nadia Kamoda, Julia Karasi\u0144ska, Agata Kwacz, Zuzanna Mazurczak, Zofia Szewczuk, Wiktoria Wierzbicka, Weronika Zab\u0142ocka.<\/p>\n<p><strong><u>CH\u0141OPCY:<\/u><\/strong><\/p>\n<p><strong>PRZEBIEG ZAWOD\u00d3W:<\/strong><\/p>\n<p>SP 2 Lw\u00f3wek \u015al\u0105ski\u00a0\u00a0\u00a0\u00a0\u00a0\u00a0\u00a0\u00a0 &#8211;\u00a0\u00a0\u00a0\u00a0\u00a0\u00a0\u00a0\u00a0\u00a0\u00a0\u00a0\u00a0\u00a0 SP Wle\u0144\u00a0\u00a0\u00a0\u00a0\u00a0\u00a0\u00a0\u00a0\u00a0\u00a0\u00a0\u00a0\u00a0\u00a0\u00a0\u00a0\u00a0\u00a0\u00a0\u00a0\u00a0\u00a0\u00a0\u00a0\u00a0\u00a0\u00a0\u00a0\u00a0\u00a0\u00a0\u00a0\u00a0\u00a0\u00a0\u00a0\u00a0\u00a0\u00a0\u00a0\u00a0\u00a0\u00a0\u00a0\u00a0 2 : 0<\/p>\n<p>SP 1 Gryf\u00f3w \u015al\u0105ski\u00a0\u00a0\u00a0\u00a0\u00a0\u00a0\u00a0\u00a0\u00a0\u00a0 &#8211;\u00a0\u00a0\u00a0\u00a0\u00a0\u00a0\u00a0\u00a0\u00a0\u00a0\u00a0\u00a0\u00a0 SP R\u0119bisz\u00f3w\u00a0\u00a0\u00a0\u00a0\u00a0\u00a0\u00a0\u00a0\u00a0\u00a0\u00a0\u00a0\u00a0\u00a0\u00a0\u00a0\u00a0\u00a0\u00a0\u00a0\u00a0\u00a0\u00a0\u00a0\u00a0\u00a0\u00a0\u00a0\u00a0\u00a0\u00a0\u00a0\u00a0\u00a0\u00a0\u00a0\u00a0 2 : 1<\/p>\n<p>SP 2 Lw\u00f3wek \u015al\u0105ski\u00a0\u00a0\u00a0\u00a0\u00a0\u00a0\u00a0\u00a0 &#8211;\u00a0\u00a0\u00a0\u00a0\u00a0\u00a0\u00a0\u00a0\u00a0\u00a0\u00a0\u00a0\u00a0 SP 1 Gryf\u00f3w \u015al\u0105ski\u00a0\u00a0\u00a0\u00a0\u00a0\u00a0\u00a0\u00a0\u00a0\u00a0\u00a0\u00a0\u00a0\u00a0\u00a0\u00a0\u00a0\u00a0\u00a0\u00a0\u00a0\u00a0\u00a0\u00a0\u00a0\u00a0 0 : 2<\/p>\n<p>SP Wle\u0144\u00a0\u00a0\u00a0\u00a0\u00a0\u00a0\u00a0\u00a0\u00a0\u00a0\u00a0\u00a0\u00a0\u00a0\u00a0\u00a0\u00a0\u00a0\u00a0\u00a0\u00a0\u00a0\u00a0\u00a0\u00a0\u00a0\u00a0\u00a0\u00a0\u00a0 &#8211;\u00a0\u00a0\u00a0\u00a0\u00a0\u00a0\u00a0\u00a0\u00a0\u00a0\u00a0\u00a0\u00a0 SP R\u0119bisz\u00f3w\u00a0\u00a0\u00a0\u00a0\u00a0\u00a0\u00a0\u00a0\u00a0\u00a0\u00a0\u00a0\u00a0\u00a0\u00a0\u00a0\u00a0\u00a0\u00a0\u00a0\u00a0\u00a0\u00a0\u00a0\u00a0\u00a0\u00a0\u00a0\u00a0\u00a0\u00a0\u00a0\u00a0\u00a0\u00a0\u00a0\u00a0 0 : 2<\/p>\n<p>SP 2 Lw\u00f3wek \u015al\u0105ski\u00a0\u00a0\u00a0\u00a0\u00a0\u00a0\u00a0\u00a0 &#8211;\u00a0\u00a0\u00a0\u00a0\u00a0\u00a0\u00a0\u00a0\u00a0\u00a0\u00a0\u00a0\u00a0 SP R\u0119bisz\u00f3w\u00a0\u00a0\u00a0\u00a0\u00a0\u00a0\u00a0\u00a0\u00a0\u00a0\u00a0\u00a0\u00a0\u00a0\u00a0\u00a0\u00a0\u00a0\u00a0\u00a0\u00a0\u00a0\u00a0\u00a0\u00a0\u00a0\u00a0\u00a0\u00a0\u00a0\u00a0\u00a0\u00a0\u00a0\u00a0\u00a0\u00a0 1 : 2<\/p>\n<p>SP Wle\u0144\u00a0\u00a0\u00a0\u00a0\u00a0\u00a0\u00a0\u00a0\u00a0\u00a0\u00a0\u00a0\u00a0\u00a0\u00a0\u00a0\u00a0\u00a0\u00a0\u00a0\u00a0\u00a0\u00a0\u00a0\u00a0\u00a0\u00a0\u00a0\u00a0\u00a0 &#8211;\u00a0\u00a0\u00a0\u00a0\u00a0\u00a0\u00a0\u00a0\u00a0\u00a0\u00a0\u00a0\u00a0 SP 1 Gryf\u00f3w \u015al\u0105ski\u00a0\u00a0\u00a0\u00a0\u00a0\u00a0\u00a0\u00a0\u00a0\u00a0\u00a0\u00a0\u00a0\u00a0\u00a0\u00a0\u00a0\u00a0\u00a0\u00a0\u00a0\u00a0\u00a0\u00a0\u00a0\u00a0 0 : 2<\/p>\n<p><strong>KLASYFIKACJA KO\u0143COWA:<\/strong><\/p>\n<p><strong>I miejsce\u00a0\u00a0\u00a0\u00a0\u00a0\u00a0\u00a0\u00a0\u00a0\u00a0\u00a0\u00a0 SP 1 Gryf\u00f3w \u015al\u0105ski\u00a0\u00a0\u00a0\u00a0\u00a0\u00a0\u00a0\u00a0\u00a0\u00a0\u00a0\u00a0\u00a0\u00a0\u00a0\u00a0\u00a0\u00a0\u00a0\u00a0\u00a0\u00a0\u00a0\u00a0\u00a0 op.\u00a0 Beata Hryciew-Listwan<\/strong><\/p>\n<p>II miejsce\u00a0\u00a0\u00a0\u00a0\u00a0\u00a0\u00a0\u00a0\u00a0\u00a0\u00a0 SP R\u0119bisz\u00f3w\u00a0\u00a0\u00a0\u00a0\u00a0\u00a0\u00a0\u00a0\u00a0\u00a0\u00a0\u00a0\u00a0\u00a0\u00a0\u00a0\u00a0\u00a0\u00a0\u00a0\u00a0\u00a0\u00a0\u00a0\u00a0\u00a0\u00a0\u00a0\u00a0\u00a0\u00a0\u00a0\u00a0\u00a0\u00a0\u00a0\u00a0 op. Arkadiusz Do\u0142\u0119ga<\/p>\n<p>III miejsce\u00a0\u00a0\u00a0\u00a0\u00a0\u00a0\u00a0\u00a0\u00a0\u00a0 SP 2 Lw\u00f3wek \u015al\u0105ski\u00a0\u00a0\u00a0\u00a0\u00a0\u00a0\u00a0\u00a0\u00a0\u00a0\u00a0\u00a0\u00a0\u00a0\u00a0\u00a0\u00a0\u00a0\u00a0\u00a0\u00a0\u00a0\u00a0\u00a0 op. Magdalena Paw\u0142owicz<\/p>\n<p>IV miejsce\u00a0\u00a0\u00a0\u00a0\u00a0\u00a0\u00a0\u00a0\u00a0\u00a0 SP Wle\u0144\u00a0\u00a0\u00a0\u00a0\u00a0\u00a0\u00a0\u00a0\u00a0\u00a0\u00a0\u00a0\u00a0\u00a0\u00a0\u00a0\u00a0\u00a0\u00a0\u00a0\u00a0\u00a0\u00a0\u00a0\u00a0\u00a0\u00a0\u00a0\u00a0\u00a0\u00a0\u00a0\u00a0\u00a0\u00a0\u00a0\u00a0\u00a0\u00a0\u00a0\u00a0\u00a0\u00a0\u00a0\u00a0 op. Janusz Janur<\/p>\n<p><strong>SK\u0141ADY DRU\u017bYN:<\/strong><\/p>\n<p><strong>SP 1 GRYF\u00d3W \u015aL\u0104SKI:<\/strong>\u00a0 Damian Buczy\u0144ski, Miko\u0142aj Cichuta, Rostis\u0142aw Dedov, Filip Dziadkowski, Tymoteusz Pawliszak, Oliwier Smykowski, Oskar Szymaszek, Dominik Dr\u0105\u017cek.<\/p>\n<p><strong>SP R\u0118BISZ\u00d3W:<\/strong> Sebastian Hercyk, Szymon Kukli\u0144ski, \u0141ukasz Przybysz, Arkadiusz Sawicki, Kacper Surma, Miko\u0142aj Wiktorowski.<\/p>\n<p><strong>SP 2 LW\u00d3WEK \u015aL\u0104SKI:<\/strong> Oliwier Kopyto, Adam Kostrubiec, Hubert Kotlewski, Filip Kumo\u015b, Micha\u0142 Okrzeja, Maciej Rudnicki, Alan Thiel, Wiktor W\u0105s, Aleksander Z\u0142otek, Jan Nakielski.<\/p>\n<p><strong>SP WLE\u0143: <\/strong>\u0141ukasz Cha\u0144ko, Max Hunin, Szymon Krystecki, \u0141ukasz Rak, Karol Rubin, Hubert \u017buk, Szymon \u017by\u0142kiewicz.<\/p>\n<p>Opracowa\u0142<\/p>\n<p>G. Po\u0142aczewski<\/p>\n<\/div><div class=\"awb-gallery-wrapper awb-gallery-wrapper-1 button-span-no\" style=\"--more-btn-alignment:center;\"><div style=\"margin:-5px;--awb-bordersize:0px;\" class=\"fusion-gallery fusion-gallery-container fusion-grid-3 fusion-columns-total-25 fusion-gallery-layout-grid fusion-gallery-1\"><div style=\"padding:5px;\" class=\"fusion-grid-column fusion-gallery-column fusion-gallery-column-3 hover-type-none\"><div class=\"fusion-gallery-image\"><a href=\"https:\/\/powiatlwowecki.pl\/wp-content\/uploads\/2024\/02\/IMG-20240206-WA0007.jpg\" rel=\"noreferrer\" data-rel=\"iLightbox[gallery_image_1]\" class=\"fusion-lightbox\" target=\"_self\"><img decoding=\"async\" src=\"https:\/\/powiatlwowecki.pl\/wp-content\/uploads\/2024\/02\/IMG-20240206-WA0007.jpg\" width=\"2016\" height=\"1512\" alt=\"\" title=\"IMG-20240206-WA0007\" aria-label=\"IMG-20240206-WA0007\" class=\"img-responsive wp-image-5837\" srcset=\"https:\/\/powiatlwowecki.pl\/wp-content\/uploads\/2024\/02\/IMG-20240206-WA0007-200x150.jpg 200w, https:\/\/powiatlwowecki.pl\/wp-content\/uploads\/2024\/02\/IMG-20240206-WA0007-400x300.jpg 400w, https:\/\/powiatlwowecki.pl\/wp-content\/uploads\/2024\/02\/IMG-20240206-WA0007-600x450.jpg 600w, https:\/\/powiatlwowecki.pl\/wp-content\/uploads\/2024\/02\/IMG-20240206-WA0007-800x600.jpg 800w, https:\/\/powiatlwowecki.pl\/wp-content\/uploads\/2024\/02\/IMG-20240206-WA0007-1200x900.jpg 1200w, https:\/\/powiatlwowecki.pl\/wp-content\/uploads\/2024\/02\/IMG-20240206-WA0007.jpg 2016w\" sizes=\"(min-width: 2200px) 100vw, (min-width: 784px) 397px, (min-width: 712px) 595px, (min-width: 640px) 712px, \" \/><\/a><\/div><\/div><div style=\"padding:5px;\" class=\"fusion-grid-column fusion-gallery-column fusion-gallery-column-3 hover-type-none\"><div class=\"fusion-gallery-image\"><a href=\"https:\/\/powiatlwowecki.pl\/wp-content\/uploads\/2024\/02\/IMG-20240206-WA0010.jpg\" rel=\"noreferrer\" data-rel=\"iLightbox[gallery_image_1]\" class=\"fusion-lightbox\" target=\"_self\"><img decoding=\"async\" src=\"https:\/\/powiatlwowecki.pl\/wp-content\/uploads\/2024\/02\/IMG-20240206-WA0010.jpg\" width=\"2016\" height=\"1512\" alt=\"\" title=\"IMG-20240206-WA0010\" aria-label=\"IMG-20240206-WA0010\" class=\"img-responsive wp-image-5838\" srcset=\"https:\/\/powiatlwowecki.pl\/wp-content\/uploads\/2024\/02\/IMG-20240206-WA0010-200x150.jpg 200w, https:\/\/powiatlwowecki.pl\/wp-content\/uploads\/2024\/02\/IMG-20240206-WA0010-400x300.jpg 400w, https:\/\/powiatlwowecki.pl\/wp-content\/uploads\/2024\/02\/IMG-20240206-WA0010-600x450.jpg 600w, https:\/\/powiatlwowecki.pl\/wp-content\/uploads\/2024\/02\/IMG-20240206-WA0010-800x600.jpg 800w, https:\/\/powiatlwowecki.pl\/wp-content\/uploads\/2024\/02\/IMG-20240206-WA0010-1200x900.jpg 1200w, https:\/\/powiatlwowecki.pl\/wp-content\/uploads\/2024\/02\/IMG-20240206-WA0010.jpg 2016w\" sizes=\"(min-width: 2200px) 100vw, (min-width: 784px) 397px, (min-width: 712px) 595px, (min-width: 640px) 712px, \" \/><\/a><\/div><\/div><div style=\"padding:5px;\" class=\"fusion-grid-column fusion-gallery-column fusion-gallery-column-3 hover-type-none\"><div class=\"fusion-gallery-image\"><a href=\"https:\/\/powiatlwowecki.pl\/wp-content\/uploads\/2024\/02\/IMG-20240206-WA0013.jpg\" rel=\"noreferrer\" data-rel=\"iLightbox[gallery_image_1]\" class=\"fusion-lightbox\" target=\"_self\"><img decoding=\"async\" src=\"https:\/\/powiatlwowecki.pl\/wp-content\/uploads\/2024\/02\/IMG-20240206-WA0013.jpg\" width=\"2016\" height=\"1512\" alt=\"\" title=\"IMG-20240206-WA0013\" aria-label=\"IMG-20240206-WA0013\" class=\"img-responsive wp-image-5839\" srcset=\"https:\/\/powiatlwowecki.pl\/wp-content\/uploads\/2024\/02\/IMG-20240206-WA0013-200x150.jpg 200w, https:\/\/powiatlwowecki.pl\/wp-content\/uploads\/2024\/02\/IMG-20240206-WA0013-400x300.jpg 400w, https:\/\/powiatlwowecki.pl\/wp-content\/uploads\/2024\/02\/IMG-20240206-WA0013-600x450.jpg 600w, https:\/\/powiatlwowecki.pl\/wp-content\/uploads\/2024\/02\/IMG-20240206-WA0013-800x600.jpg 800w, https:\/\/powiatlwowecki.pl\/wp-content\/uploads\/2024\/02\/IMG-20240206-WA0013-1200x900.jpg 1200w, https:\/\/powiatlwowecki.pl\/wp-content\/uploads\/2024\/02\/IMG-20240206-WA0013.jpg 2016w\" sizes=\"(min-width: 2200px) 100vw, (min-width: 784px) 397px, (min-width: 712px) 595px, (min-width: 640px) 712px, \" \/><\/a><\/div><\/div><div class=\"clearfix\"><\/div><div style=\"padding:5px;\" class=\"fusion-grid-column fusion-gallery-column fusion-gallery-column-3 hover-type-none\"><div class=\"fusion-gallery-image\"><a href=\"https:\/\/powiatlwowecki.pl\/wp-content\/uploads\/2024\/02\/IMG-20240206-WA0014.jpg\" rel=\"noreferrer\" data-rel=\"iLightbox[gallery_image_1]\" class=\"fusion-lightbox\" target=\"_self\"><img decoding=\"async\" src=\"https:\/\/powiatlwowecki.pl\/wp-content\/uploads\/2024\/02\/IMG-20240206-WA0014.jpg\" width=\"2016\" height=\"1512\" alt=\"\" title=\"IMG-20240206-WA0014\" aria-label=\"IMG-20240206-WA0014\" class=\"img-responsive wp-image-5840\" srcset=\"https:\/\/powiatlwowecki.pl\/wp-content\/uploads\/2024\/02\/IMG-20240206-WA0014-200x150.jpg 200w, https:\/\/powiatlwowecki.pl\/wp-content\/uploads\/2024\/02\/IMG-20240206-WA0014-400x300.jpg 400w, https:\/\/powiatlwowecki.pl\/wp-content\/uploads\/2024\/02\/IMG-20240206-WA0014-600x450.jpg 600w, https:\/\/powiatlwowecki.pl\/wp-content\/uploads\/2024\/02\/IMG-20240206-WA0014-800x600.jpg 800w, https:\/\/powiatlwowecki.pl\/wp-content\/uploads\/2024\/02\/IMG-20240206-WA0014-1200x900.jpg 1200w, https:\/\/powiatlwowecki.pl\/wp-content\/uploads\/2024\/02\/IMG-20240206-WA0014.jpg 2016w\" sizes=\"(min-width: 2200px) 100vw, (min-width: 784px) 397px, (min-width: 712px) 595px, (min-width: 640px) 712px, \" \/><\/a><\/div><\/div><div style=\"padding:5px;\" class=\"fusion-grid-column fusion-gallery-column fusion-gallery-column-3 hover-type-none\"><div class=\"fusion-gallery-image\"><a href=\"https:\/\/powiatlwowecki.pl\/wp-content\/uploads\/2024\/02\/IMG-20240206-WA0015.jpg\" rel=\"noreferrer\" data-rel=\"iLightbox[gallery_image_1]\" class=\"fusion-lightbox\" target=\"_self\"><img decoding=\"async\" src=\"https:\/\/powiatlwowecki.pl\/wp-content\/uploads\/2024\/02\/IMG-20240206-WA0015.jpg\" width=\"2016\" height=\"1512\" alt=\"\" title=\"IMG-20240206-WA0015\" aria-label=\"IMG-20240206-WA0015\" class=\"img-responsive wp-image-5841\" srcset=\"https:\/\/powiatlwowecki.pl\/wp-content\/uploads\/2024\/02\/IMG-20240206-WA0015-200x150.jpg 200w, https:\/\/powiatlwowecki.pl\/wp-content\/uploads\/2024\/02\/IMG-20240206-WA0015-400x300.jpg 400w, https:\/\/powiatlwowecki.pl\/wp-content\/uploads\/2024\/02\/IMG-20240206-WA0015-600x450.jpg 600w, https:\/\/powiatlwowecki.pl\/wp-content\/uploads\/2024\/02\/IMG-20240206-WA0015-800x600.jpg 800w, https:\/\/powiatlwowecki.pl\/wp-content\/uploads\/2024\/02\/IMG-20240206-WA0015-1200x900.jpg 1200w, https:\/\/powiatlwowecki.pl\/wp-content\/uploads\/2024\/02\/IMG-20240206-WA0015.jpg 2016w\" sizes=\"(min-width: 2200px) 100vw, (min-width: 784px) 397px, (min-width: 712px) 595px, (min-width: 640px) 712px, \" \/><\/a><\/div><\/div><div style=\"padding:5px;\" class=\"fusion-grid-column fusion-gallery-column fusion-gallery-column-3 hover-type-none\"><div class=\"fusion-gallery-image\"><a href=\"https:\/\/powiatlwowecki.pl\/wp-content\/uploads\/2024\/02\/IMG-20240206-WA00161.jpg\" rel=\"noreferrer\" data-rel=\"iLightbox[gallery_image_1]\" class=\"fusion-lightbox\" target=\"_self\"><img decoding=\"async\" src=\"https:\/\/powiatlwowecki.pl\/wp-content\/uploads\/2024\/02\/IMG-20240206-WA00161.jpg\" width=\"1024\" height=\"768\" alt=\"\" title=\"IMG-20240206-WA0016(1)\" aria-label=\"IMG-20240206-WA0016(1)\" class=\"img-responsive wp-image-5842\" srcset=\"https:\/\/powiatlwowecki.pl\/wp-content\/uploads\/2024\/02\/IMG-20240206-WA00161-200x150.jpg 200w, https:\/\/powiatlwowecki.pl\/wp-content\/uploads\/2024\/02\/IMG-20240206-WA00161-400x300.jpg 400w, https:\/\/powiatlwowecki.pl\/wp-content\/uploads\/2024\/02\/IMG-20240206-WA00161-600x450.jpg 600w, https:\/\/powiatlwowecki.pl\/wp-content\/uploads\/2024\/02\/IMG-20240206-WA00161-800x600.jpg 800w, https:\/\/powiatlwowecki.pl\/wp-content\/uploads\/2024\/02\/IMG-20240206-WA00161.jpg 1024w\" sizes=\"(min-width: 2200px) 100vw, (min-width: 784px) 397px, (min-width: 712px) 595px, (min-width: 640px) 712px, \" \/><\/a><\/div><\/div><div class=\"clearfix\"><\/div><div style=\"padding:5px;\" class=\"fusion-grid-column fusion-gallery-column fusion-gallery-column-3 hover-type-none\"><div class=\"fusion-gallery-image\"><a href=\"https:\/\/powiatlwowecki.pl\/wp-content\/uploads\/2024\/02\/IMG-20240206-WA0016.jpg\" rel=\"noreferrer\" data-rel=\"iLightbox[gallery_image_1]\" class=\"fusion-lightbox\" target=\"_self\"><img decoding=\"async\" src=\"https:\/\/powiatlwowecki.pl\/wp-content\/uploads\/2024\/02\/IMG-20240206-WA0016.jpg\" width=\"1024\" height=\"768\" alt=\"\" title=\"IMG-20240206-WA0016\" aria-label=\"IMG-20240206-WA0016\" class=\"img-responsive wp-image-5843\" srcset=\"https:\/\/powiatlwowecki.pl\/wp-content\/uploads\/2024\/02\/IMG-20240206-WA0016-200x150.jpg 200w, https:\/\/powiatlwowecki.pl\/wp-content\/uploads\/2024\/02\/IMG-20240206-WA0016-400x300.jpg 400w, https:\/\/powiatlwowecki.pl\/wp-content\/uploads\/2024\/02\/IMG-20240206-WA0016-600x450.jpg 600w, https:\/\/powiatlwowecki.pl\/wp-content\/uploads\/2024\/02\/IMG-20240206-WA0016-800x600.jpg 800w, https:\/\/powiatlwowecki.pl\/wp-content\/uploads\/2024\/02\/IMG-20240206-WA0016.jpg 1024w\" sizes=\"(min-width: 2200px) 100vw, (min-width: 784px) 397px, (min-width: 712px) 595px, (min-width: 640px) 712px, \" \/><\/a><\/div><\/div><div style=\"padding:5px;\" class=\"fusion-grid-column fusion-gallery-column fusion-gallery-column-3 hover-type-none\"><div class=\"fusion-gallery-image\"><a href=\"https:\/\/powiatlwowecki.pl\/wp-content\/uploads\/2024\/02\/IMG-20240206-WA0025.jpg\" rel=\"noreferrer\" data-rel=\"iLightbox[gallery_image_1]\" class=\"fusion-lightbox\" target=\"_self\"><img decoding=\"async\" src=\"https:\/\/powiatlwowecki.pl\/wp-content\/uploads\/2024\/02\/IMG-20240206-WA0025.jpg\" width=\"1532\" height=\"2048\" alt=\"\" title=\"IMG-20240206-WA0025\" aria-label=\"IMG-20240206-WA0025\" class=\"img-responsive wp-image-5844\" srcset=\"https:\/\/powiatlwowecki.pl\/wp-content\/uploads\/2024\/02\/IMG-20240206-WA0025-200x267.jpg 200w, https:\/\/powiatlwowecki.pl\/wp-content\/uploads\/2024\/02\/IMG-20240206-WA0025-400x535.jpg 400w, https:\/\/powiatlwowecki.pl\/wp-content\/uploads\/2024\/02\/IMG-20240206-WA0025-600x802.jpg 600w, https:\/\/powiatlwowecki.pl\/wp-content\/uploads\/2024\/02\/IMG-20240206-WA0025-800x1069.jpg 800w, https:\/\/powiatlwowecki.pl\/wp-content\/uploads\/2024\/02\/IMG-20240206-WA0025-1200x1604.jpg 1200w, https:\/\/powiatlwowecki.pl\/wp-content\/uploads\/2024\/02\/IMG-20240206-WA0025.jpg 1532w\" sizes=\"(min-width: 2200px) 100vw, (min-width: 784px) 397px, (min-width: 712px) 595px, (min-width: 640px) 712px, \" \/><\/a><\/div><\/div><div style=\"padding:5px;\" class=\"fusion-grid-column fusion-gallery-column fusion-gallery-column-3 hover-type-none\"><div class=\"fusion-gallery-image\"><a href=\"https:\/\/powiatlwowecki.pl\/wp-content\/uploads\/2024\/02\/IMG-20240206-WA0030.jpg\" rel=\"noreferrer\" data-rel=\"iLightbox[gallery_image_1]\" class=\"fusion-lightbox\" target=\"_self\"><img decoding=\"async\" src=\"https:\/\/powiatlwowecki.pl\/wp-content\/uploads\/2024\/02\/IMG-20240206-WA0030.jpg\" width=\"2048\" height=\"1532\" alt=\"\" title=\"IMG-20240206-WA0030\" aria-label=\"IMG-20240206-WA0030\" class=\"img-responsive wp-image-5845\" srcset=\"https:\/\/powiatlwowecki.pl\/wp-content\/uploads\/2024\/02\/IMG-20240206-WA0030-200x150.jpg 200w, https:\/\/powiatlwowecki.pl\/wp-content\/uploads\/2024\/02\/IMG-20240206-WA0030-400x299.jpg 400w, https:\/\/powiatlwowecki.pl\/wp-content\/uploads\/2024\/02\/IMG-20240206-WA0030-600x449.jpg 600w, https:\/\/powiatlwowecki.pl\/wp-content\/uploads\/2024\/02\/IMG-20240206-WA0030-800x598.jpg 800w, https:\/\/powiatlwowecki.pl\/wp-content\/uploads\/2024\/02\/IMG-20240206-WA0030-1200x898.jpg 1200w, https:\/\/powiatlwowecki.pl\/wp-content\/uploads\/2024\/02\/IMG-20240206-WA0030.jpg 2048w\" sizes=\"(min-width: 2200px) 100vw, (min-width: 784px) 397px, (min-width: 712px) 595px, (min-width: 640px) 712px, \" \/><\/a><\/div><\/div><div class=\"clearfix\"><\/div><div style=\"padding:5px;\" class=\"fusion-grid-column fusion-gallery-column fusion-gallery-column-3 hover-type-none\"><div class=\"fusion-gallery-image\"><a href=\"https:\/\/powiatlwowecki.pl\/wp-content\/uploads\/2024\/02\/IMG-20240206-WA0032.jpg\" rel=\"noreferrer\" data-rel=\"iLightbox[gallery_image_1]\" class=\"fusion-lightbox\" target=\"_self\"><img decoding=\"async\" src=\"https:\/\/powiatlwowecki.pl\/wp-content\/uploads\/2024\/02\/IMG-20240206-WA0032.jpg\" width=\"888\" height=\"1024\" alt=\"\" title=\"IMG-20240206-WA0032\" aria-label=\"IMG-20240206-WA0032\" class=\"img-responsive wp-image-5846\" srcset=\"https:\/\/powiatlwowecki.pl\/wp-content\/uploads\/2024\/02\/IMG-20240206-WA0032-200x231.jpg 200w, https:\/\/powiatlwowecki.pl\/wp-content\/uploads\/2024\/02\/IMG-20240206-WA0032-400x461.jpg 400w, https:\/\/powiatlwowecki.pl\/wp-content\/uploads\/2024\/02\/IMG-20240206-WA0032-600x692.jpg 600w, https:\/\/powiatlwowecki.pl\/wp-content\/uploads\/2024\/02\/IMG-20240206-WA0032-800x923.jpg 800w, https:\/\/powiatlwowecki.pl\/wp-content\/uploads\/2024\/02\/IMG-20240206-WA0032.jpg 888w\" sizes=\"(min-width: 2200px) 100vw, (min-width: 784px) 397px, (min-width: 712px) 595px, (min-width: 640px) 712px, \" \/><\/a><\/div><\/div><div style=\"padding:5px;\" class=\"fusion-grid-column fusion-gallery-column fusion-gallery-column-3 hover-type-none\"><div class=\"fusion-gallery-image\"><a href=\"https:\/\/powiatlwowecki.pl\/wp-content\/uploads\/2024\/02\/IMG-20240206-WA0036.jpg\" rel=\"noreferrer\" data-rel=\"iLightbox[gallery_image_1]\" class=\"fusion-lightbox\" target=\"_self\"><img decoding=\"async\" src=\"https:\/\/powiatlwowecki.pl\/wp-content\/uploads\/2024\/02\/IMG-20240206-WA0036.jpg\" width=\"1024\" height=\"768\" alt=\"\" title=\"IMG-20240206-WA0036\" aria-label=\"IMG-20240206-WA0036\" class=\"img-responsive wp-image-5847\" srcset=\"https:\/\/powiatlwowecki.pl\/wp-content\/uploads\/2024\/02\/IMG-20240206-WA0036-200x150.jpg 200w, https:\/\/powiatlwowecki.pl\/wp-content\/uploads\/2024\/02\/IMG-20240206-WA0036-400x300.jpg 400w, https:\/\/powiatlwowecki.pl\/wp-content\/uploads\/2024\/02\/IMG-20240206-WA0036-600x450.jpg 600w, https:\/\/powiatlwowecki.pl\/wp-content\/uploads\/2024\/02\/IMG-20240206-WA0036-800x600.jpg 800w, https:\/\/powiatlwowecki.pl\/wp-content\/uploads\/2024\/02\/IMG-20240206-WA0036.jpg 1024w\" sizes=\"(min-width: 2200px) 100vw, (min-width: 784px) 397px, (min-width: 712px) 595px, (min-width: 640px) 712px, \" \/><\/a><\/div><\/div><div style=\"padding:5px;\" class=\"fusion-grid-column fusion-gallery-column fusion-gallery-column-3 hover-type-none\"><div class=\"fusion-gallery-image\"><a href=\"https:\/\/powiatlwowecki.pl\/wp-content\/uploads\/2024\/02\/IMG-20240206-WA0037.jpg\" rel=\"noreferrer\" data-rel=\"iLightbox[gallery_image_1]\" class=\"fusion-lightbox\" target=\"_self\"><img decoding=\"async\" src=\"https:\/\/powiatlwowecki.pl\/wp-content\/uploads\/2024\/02\/IMG-20240206-WA0037.jpg\" width=\"1024\" height=\"768\" alt=\"\" title=\"IMG-20240206-WA0037\" aria-label=\"IMG-20240206-WA0037\" class=\"img-responsive wp-image-5848\" srcset=\"https:\/\/powiatlwowecki.pl\/wp-content\/uploads\/2024\/02\/IMG-20240206-WA0037-200x150.jpg 200w, https:\/\/powiatlwowecki.pl\/wp-content\/uploads\/2024\/02\/IMG-20240206-WA0037-400x300.jpg 400w, https:\/\/powiatlwowecki.pl\/wp-content\/uploads\/2024\/02\/IMG-20240206-WA0037-600x450.jpg 600w, https:\/\/powiatlwowecki.pl\/wp-content\/uploads\/2024\/02\/IMG-20240206-WA0037-800x600.jpg 800w, https:\/\/powiatlwowecki.pl\/wp-content\/uploads\/2024\/02\/IMG-20240206-WA0037.jpg 1024w\" sizes=\"(min-width: 2200px) 100vw, (min-width: 784px) 397px, (min-width: 712px) 595px, (min-width: 640px) 712px, \" \/><\/a><\/div><\/div><div class=\"clearfix\"><\/div><div style=\"padding:5px;\" class=\"fusion-grid-column fusion-gallery-column fusion-gallery-column-3 hover-type-none\"><div class=\"fusion-gallery-image\"><a href=\"https:\/\/powiatlwowecki.pl\/wp-content\/uploads\/2024\/02\/IMG-20240206-WA0038.jpg\" rel=\"noreferrer\" data-rel=\"iLightbox[gallery_image_1]\" class=\"fusion-lightbox\" target=\"_self\"><img decoding=\"async\" src=\"https:\/\/powiatlwowecki.pl\/wp-content\/uploads\/2024\/02\/IMG-20240206-WA0038.jpg\" width=\"2048\" height=\"1536\" alt=\"\" title=\"IMG-20240206-WA0038\" aria-label=\"IMG-20240206-WA0038\" class=\"img-responsive wp-image-5849\" srcset=\"https:\/\/powiatlwowecki.pl\/wp-content\/uploads\/2024\/02\/IMG-20240206-WA0038-200x150.jpg 200w, https:\/\/powiatlwowecki.pl\/wp-content\/uploads\/2024\/02\/IMG-20240206-WA0038-400x300.jpg 400w, https:\/\/powiatlwowecki.pl\/wp-content\/uploads\/2024\/02\/IMG-20240206-WA0038-600x450.jpg 600w, https:\/\/powiatlwowecki.pl\/wp-content\/uploads\/2024\/02\/IMG-20240206-WA0038-800x600.jpg 800w, https:\/\/powiatlwowecki.pl\/wp-content\/uploads\/2024\/02\/IMG-20240206-WA0038-1200x900.jpg 1200w, https:\/\/powiatlwowecki.pl\/wp-content\/uploads\/2024\/02\/IMG-20240206-WA0038.jpg 2048w\" sizes=\"(min-width: 2200px) 100vw, (min-width: 784px) 397px, (min-width: 712px) 595px, (min-width: 640px) 712px, \" \/><\/a><\/div><\/div><div style=\"padding:5px;\" class=\"fusion-grid-column fusion-gallery-column fusion-gallery-column-3 hover-type-none\"><div class=\"fusion-gallery-image\"><a href=\"https:\/\/powiatlwowecki.pl\/wp-content\/uploads\/2024\/02\/IMG-20240206-WA0039.jpg\" rel=\"noreferrer\" data-rel=\"iLightbox[gallery_image_1]\" class=\"fusion-lightbox\" target=\"_self\"><img decoding=\"async\" src=\"https:\/\/powiatlwowecki.pl\/wp-content\/uploads\/2024\/02\/IMG-20240206-WA0039.jpg\" width=\"2048\" height=\"1536\" alt=\"\" title=\"IMG-20240206-WA0039\" aria-label=\"IMG-20240206-WA0039\" class=\"img-responsive wp-image-5850\" srcset=\"https:\/\/powiatlwowecki.pl\/wp-content\/uploads\/2024\/02\/IMG-20240206-WA0039-200x150.jpg 200w, https:\/\/powiatlwowecki.pl\/wp-content\/uploads\/2024\/02\/IMG-20240206-WA0039-400x300.jpg 400w, https:\/\/powiatlwowecki.pl\/wp-content\/uploads\/2024\/02\/IMG-20240206-WA0039-600x450.jpg 600w, https:\/\/powiatlwowecki.pl\/wp-content\/uploads\/2024\/02\/IMG-20240206-WA0039-800x600.jpg 800w, https:\/\/powiatlwowecki.pl\/wp-content\/uploads\/2024\/02\/IMG-20240206-WA0039-1200x900.jpg 1200w, https:\/\/powiatlwowecki.pl\/wp-content\/uploads\/2024\/02\/IMG-20240206-WA0039.jpg 2048w\" sizes=\"(min-width: 2200px) 100vw, (min-width: 784px) 397px, (min-width: 712px) 595px, (min-width: 640px) 712px, \" \/><\/a><\/div><\/div><div style=\"padding:5px;\" class=\"fusion-grid-column fusion-gallery-column fusion-gallery-column-3 hover-type-none\"><div class=\"fusion-gallery-image\"><a href=\"https:\/\/powiatlwowecki.pl\/wp-content\/uploads\/2024\/02\/IMG-20240206-WA0040.jpg\" rel=\"noreferrer\" data-rel=\"iLightbox[gallery_image_1]\" class=\"fusion-lightbox\" target=\"_self\"><img decoding=\"async\" src=\"https:\/\/powiatlwowecki.pl\/wp-content\/uploads\/2024\/02\/IMG-20240206-WA0040.jpg\" width=\"1536\" height=\"2048\" alt=\"\" title=\"IMG-20240206-WA0040\" aria-label=\"IMG-20240206-WA0040\" class=\"img-responsive wp-image-5851\" srcset=\"https:\/\/powiatlwowecki.pl\/wp-content\/uploads\/2024\/02\/IMG-20240206-WA0040-200x267.jpg 200w, https:\/\/powiatlwowecki.pl\/wp-content\/uploads\/2024\/02\/IMG-20240206-WA0040-400x533.jpg 400w, https:\/\/powiatlwowecki.pl\/wp-content\/uploads\/2024\/02\/IMG-20240206-WA0040-600x800.jpg 600w, https:\/\/powiatlwowecki.pl\/wp-content\/uploads\/2024\/02\/IMG-20240206-WA0040-800x1067.jpg 800w, https:\/\/powiatlwowecki.pl\/wp-content\/uploads\/2024\/02\/IMG-20240206-WA0040-1200x1600.jpg 1200w, https:\/\/powiatlwowecki.pl\/wp-content\/uploads\/2024\/02\/IMG-20240206-WA0040.jpg 1536w\" sizes=\"(min-width: 2200px) 100vw, (min-width: 784px) 397px, (min-width: 712px) 595px, (min-width: 640px) 712px, \" \/><\/a><\/div><\/div><div class=\"clearfix\"><\/div><div style=\"padding:5px;\" class=\"fusion-grid-column fusion-gallery-column fusion-gallery-column-3 hover-type-none\"><div class=\"fusion-gallery-image\"><a href=\"https:\/\/powiatlwowecki.pl\/wp-content\/uploads\/2024\/02\/IMG-20240206-WA0041.jpg\" rel=\"noreferrer\" data-rel=\"iLightbox[gallery_image_1]\" class=\"fusion-lightbox\" target=\"_self\"><img decoding=\"async\" src=\"https:\/\/powiatlwowecki.pl\/wp-content\/uploads\/2024\/02\/IMG-20240206-WA0041.jpg\" width=\"2048\" height=\"1536\" alt=\"\" title=\"IMG-20240206-WA0041\" aria-label=\"IMG-20240206-WA0041\" class=\"img-responsive wp-image-5852\" srcset=\"https:\/\/powiatlwowecki.pl\/wp-content\/uploads\/2024\/02\/IMG-20240206-WA0041-200x150.jpg 200w, https:\/\/powiatlwowecki.pl\/wp-content\/uploads\/2024\/02\/IMG-20240206-WA0041-400x300.jpg 400w, https:\/\/powiatlwowecki.pl\/wp-content\/uploads\/2024\/02\/IMG-20240206-WA0041-600x450.jpg 600w, https:\/\/powiatlwowecki.pl\/wp-content\/uploads\/2024\/02\/IMG-20240206-WA0041-800x600.jpg 800w, https:\/\/powiatlwowecki.pl\/wp-content\/uploads\/2024\/02\/IMG-20240206-WA0041-1200x900.jpg 1200w, https:\/\/powiatlwowecki.pl\/wp-content\/uploads\/2024\/02\/IMG-20240206-WA0041.jpg 2048w\" sizes=\"(min-width: 2200px) 100vw, (min-width: 784px) 397px, (min-width: 712px) 595px, (min-width: 640px) 712px, \" \/><\/a><\/div><\/div><div style=\"padding:5px;\" class=\"fusion-grid-column fusion-gallery-column fusion-gallery-column-3 hover-type-none\"><div class=\"fusion-gallery-image\"><a href=\"https:\/\/powiatlwowecki.pl\/wp-content\/uploads\/2024\/02\/IMG-20240206-WA0042.jpg\" rel=\"noreferrer\" data-rel=\"iLightbox[gallery_image_1]\" class=\"fusion-lightbox\" target=\"_self\"><img decoding=\"async\" src=\"https:\/\/powiatlwowecki.pl\/wp-content\/uploads\/2024\/02\/IMG-20240206-WA0042.jpg\" width=\"2048\" height=\"1536\" alt=\"\" title=\"IMG-20240206-WA0042\" aria-label=\"IMG-20240206-WA0042\" class=\"img-responsive wp-image-5853\" srcset=\"https:\/\/powiatlwowecki.pl\/wp-content\/uploads\/2024\/02\/IMG-20240206-WA0042-200x150.jpg 200w, https:\/\/powiatlwowecki.pl\/wp-content\/uploads\/2024\/02\/IMG-20240206-WA0042-400x300.jpg 400w, https:\/\/powiatlwowecki.pl\/wp-content\/uploads\/2024\/02\/IMG-20240206-WA0042-600x450.jpg 600w, https:\/\/powiatlwowecki.pl\/wp-content\/uploads\/2024\/02\/IMG-20240206-WA0042-800x600.jpg 800w, https:\/\/powiatlwowecki.pl\/wp-content\/uploads\/2024\/02\/IMG-20240206-WA0042-1200x900.jpg 1200w, https:\/\/powiatlwowecki.pl\/wp-content\/uploads\/2024\/02\/IMG-20240206-WA0042.jpg 2048w\" sizes=\"(min-width: 2200px) 100vw, (min-width: 784px) 397px, (min-width: 712px) 595px, (min-width: 640px) 712px, \" \/><\/a><\/div><\/div><div style=\"padding:5px;\" class=\"fusion-grid-column fusion-gallery-column fusion-gallery-column-3 hover-type-none\"><div class=\"fusion-gallery-image\"><a href=\"https:\/\/powiatlwowecki.pl\/wp-content\/uploads\/2024\/02\/IMG-20240206-WA0043.jpg\" rel=\"noreferrer\" data-rel=\"iLightbox[gallery_image_1]\" class=\"fusion-lightbox\" target=\"_self\"><img decoding=\"async\" src=\"https:\/\/powiatlwowecki.pl\/wp-content\/uploads\/2024\/02\/IMG-20240206-WA0043.jpg\" width=\"2048\" height=\"1536\" alt=\"\" title=\"IMG-20240206-WA0043\" aria-label=\"IMG-20240206-WA0043\" class=\"img-responsive wp-image-5854\" srcset=\"https:\/\/powiatlwowecki.pl\/wp-content\/uploads\/2024\/02\/IMG-20240206-WA0043-200x150.jpg 200w, https:\/\/powiatlwowecki.pl\/wp-content\/uploads\/2024\/02\/IMG-20240206-WA0043-400x300.jpg 400w, https:\/\/powiatlwowecki.pl\/wp-content\/uploads\/2024\/02\/IMG-20240206-WA0043-600x450.jpg 600w, https:\/\/powiatlwowecki.pl\/wp-content\/uploads\/2024\/02\/IMG-20240206-WA0043-800x600.jpg 800w, https:\/\/powiatlwowecki.pl\/wp-content\/uploads\/2024\/02\/IMG-20240206-WA0043-1200x900.jpg 1200w, https:\/\/powiatlwowecki.pl\/wp-content\/uploads\/2024\/02\/IMG-20240206-WA0043.jpg 2048w\" sizes=\"(min-width: 2200px) 100vw, (min-width: 784px) 397px, (min-width: 712px) 595px, (min-width: 640px) 712px, \" \/><\/a><\/div><\/div><div class=\"clearfix\"><\/div><div style=\"padding:5px;\" class=\"fusion-grid-column fusion-gallery-column fusion-gallery-column-3 hover-type-none\"><div class=\"fusion-gallery-image\"><a href=\"https:\/\/powiatlwowecki.pl\/wp-content\/uploads\/2024\/02\/IMG-20240206-WA0046.jpg\" rel=\"noreferrer\" data-rel=\"iLightbox[gallery_image_1]\" class=\"fusion-lightbox\" target=\"_self\"><img decoding=\"async\" src=\"https:\/\/powiatlwowecki.pl\/wp-content\/uploads\/2024\/02\/IMG-20240206-WA0046.jpg\" width=\"2048\" height=\"1536\" alt=\"\" title=\"IMG-20240206-WA0046\" aria-label=\"IMG-20240206-WA0046\" class=\"img-responsive wp-image-5855\" srcset=\"https:\/\/powiatlwowecki.pl\/wp-content\/uploads\/2024\/02\/IMG-20240206-WA0046-200x150.jpg 200w, https:\/\/powiatlwowecki.pl\/wp-content\/uploads\/2024\/02\/IMG-20240206-WA0046-400x300.jpg 400w, https:\/\/powiatlwowecki.pl\/wp-content\/uploads\/2024\/02\/IMG-20240206-WA0046-600x450.jpg 600w, https:\/\/powiatlwowecki.pl\/wp-content\/uploads\/2024\/02\/IMG-20240206-WA0046-800x600.jpg 800w, https:\/\/powiatlwowecki.pl\/wp-content\/uploads\/2024\/02\/IMG-20240206-WA0046-1200x900.jpg 1200w, https:\/\/powiatlwowecki.pl\/wp-content\/uploads\/2024\/02\/IMG-20240206-WA0046.jpg 2048w\" sizes=\"(min-width: 2200px) 100vw, (min-width: 784px) 397px, (min-width: 712px) 595px, (min-width: 640px) 712px, \" \/><\/a><\/div><\/div><div style=\"padding:5px;\" class=\"fusion-grid-column fusion-gallery-column fusion-gallery-column-3 hover-type-none\"><div class=\"fusion-gallery-image\"><a href=\"https:\/\/powiatlwowecki.pl\/wp-content\/uploads\/2024\/02\/IMG-20240206-WA0047-e1707293695421.jpg\" rel=\"noreferrer\" data-rel=\"iLightbox[gallery_image_1]\" class=\"fusion-lightbox\" target=\"_self\"><img decoding=\"async\" src=\"https:\/\/powiatlwowecki.pl\/wp-content\/uploads\/2024\/02\/IMG-20240206-WA0047-e1707293695421.jpg\" width=\"1024\" height=\"600\" alt=\"\" title=\"IMG-20240206-WA0047\" aria-label=\"IMG-20240206-WA0047\" class=\"img-responsive wp-image-5856\" srcset=\"https:\/\/powiatlwowecki.pl\/wp-content\/uploads\/2024\/02\/IMG-20240206-WA0047-e1707293695421-200x117.jpg 200w, https:\/\/powiatlwowecki.pl\/wp-content\/uploads\/2024\/02\/IMG-20240206-WA0047-e1707293695421-400x234.jpg 400w, https:\/\/powiatlwowecki.pl\/wp-content\/uploads\/2024\/02\/IMG-20240206-WA0047-e1707293695421-600x352.jpg 600w, https:\/\/powiatlwowecki.pl\/wp-content\/uploads\/2024\/02\/IMG-20240206-WA0047-e1707293695421-800x469.jpg 800w, https:\/\/powiatlwowecki.pl\/wp-content\/uploads\/2024\/02\/IMG-20240206-WA0047-e1707293695421.jpg 1024w\" sizes=\"(min-width: 2200px) 100vw, (min-width: 784px) 397px, (min-width: 712px) 595px, (min-width: 640px) 712px, \" \/><\/a><\/div><\/div><div style=\"padding:5px;\" class=\"fusion-grid-column fusion-gallery-column fusion-gallery-column-3 hover-type-none\"><div class=\"fusion-gallery-image\"><a href=\"https:\/\/powiatlwowecki.pl\/wp-content\/uploads\/2024\/02\/IMG-20240206-WA0049.jpg\" rel=\"noreferrer\" data-rel=\"iLightbox[gallery_image_1]\" class=\"fusion-lightbox\" target=\"_self\"><img decoding=\"async\" src=\"https:\/\/powiatlwowecki.pl\/wp-content\/uploads\/2024\/02\/IMG-20240206-WA0049.jpg\" width=\"2048\" height=\"1536\" alt=\"\" title=\"IMG-20240206-WA0049\" aria-label=\"IMG-20240206-WA0049\" class=\"img-responsive wp-image-5857\" srcset=\"https:\/\/powiatlwowecki.pl\/wp-content\/uploads\/2024\/02\/IMG-20240206-WA0049-200x150.jpg 200w, https:\/\/powiatlwowecki.pl\/wp-content\/uploads\/2024\/02\/IMG-20240206-WA0049-400x300.jpg 400w, https:\/\/powiatlwowecki.pl\/wp-content\/uploads\/2024\/02\/IMG-20240206-WA0049-600x450.jpg 600w, https:\/\/powiatlwowecki.pl\/wp-content\/uploads\/2024\/02\/IMG-20240206-WA0049-800x600.jpg 800w, https:\/\/powiatlwowecki.pl\/wp-content\/uploads\/2024\/02\/IMG-20240206-WA0049-1200x900.jpg 1200w, https:\/\/powiatlwowecki.pl\/wp-content\/uploads\/2024\/02\/IMG-20240206-WA0049.jpg 2048w\" sizes=\"(min-width: 2200px) 100vw, (min-width: 784px) 397px, (min-width: 712px) 595px, (min-width: 640px) 712px, \" \/><\/a><\/div><\/div><div class=\"clearfix\"><\/div><div style=\"padding:5px;\" class=\"fusion-grid-column fusion-gallery-column fusion-gallery-column-3 hover-type-none\"><div class=\"fusion-gallery-image\"><a href=\"https:\/\/powiatlwowecki.pl\/wp-content\/uploads\/2024\/02\/IMG-20240206-WA0051.jpg\" rel=\"noreferrer\" data-rel=\"iLightbox[gallery_image_1]\" class=\"fusion-lightbox\" target=\"_self\"><img decoding=\"async\" src=\"https:\/\/powiatlwowecki.pl\/wp-content\/uploads\/2024\/02\/IMG-20240206-WA0051.jpg\" width=\"2048\" height=\"1536\" alt=\"\" title=\"IMG-20240206-WA0051\" aria-label=\"IMG-20240206-WA0051\" class=\"img-responsive wp-image-5858\" srcset=\"https:\/\/powiatlwowecki.pl\/wp-content\/uploads\/2024\/02\/IMG-20240206-WA0051-200x150.jpg 200w, https:\/\/powiatlwowecki.pl\/wp-content\/uploads\/2024\/02\/IMG-20240206-WA0051-400x300.jpg 400w, https:\/\/powiatlwowecki.pl\/wp-content\/uploads\/2024\/02\/IMG-20240206-WA0051-600x450.jpg 600w, https:\/\/powiatlwowecki.pl\/wp-content\/uploads\/2024\/02\/IMG-20240206-WA0051-800x600.jpg 800w, https:\/\/powiatlwowecki.pl\/wp-content\/uploads\/2024\/02\/IMG-20240206-WA0051-1200x900.jpg 1200w, https:\/\/powiatlwowecki.pl\/wp-content\/uploads\/2024\/02\/IMG-20240206-WA0051.jpg 2048w\" sizes=\"(min-width: 2200px) 100vw, (min-width: 784px) 397px, (min-width: 712px) 595px, (min-width: 640px) 712px, \" \/><\/a><\/div><\/div><div style=\"padding:5px;\" class=\"fusion-grid-column fusion-gallery-column fusion-gallery-column-3 hover-type-none\"><div class=\"fusion-gallery-image\"><a href=\"https:\/\/powiatlwowecki.pl\/wp-content\/uploads\/2024\/02\/IMG-20240206-WA0052.jpg\" rel=\"noreferrer\" data-rel=\"iLightbox[gallery_image_1]\" class=\"fusion-lightbox\" target=\"_self\"><img decoding=\"async\" src=\"https:\/\/powiatlwowecki.pl\/wp-content\/uploads\/2024\/02\/IMG-20240206-WA0052.jpg\" width=\"2048\" height=\"1536\" alt=\"\" title=\"IMG-20240206-WA0052\" aria-label=\"IMG-20240206-WA0052\" class=\"img-responsive wp-image-5859\" srcset=\"https:\/\/powiatlwowecki.pl\/wp-content\/uploads\/2024\/02\/IMG-20240206-WA0052-200x150.jpg 200w, https:\/\/powiatlwowecki.pl\/wp-content\/uploads\/2024\/02\/IMG-20240206-WA0052-400x300.jpg 400w, https:\/\/powiatlwowecki.pl\/wp-content\/uploads\/2024\/02\/IMG-20240206-WA0052-600x450.jpg 600w, https:\/\/powiatlwowecki.pl\/wp-content\/uploads\/2024\/02\/IMG-20240206-WA0052-800x600.jpg 800w, https:\/\/powiatlwowecki.pl\/wp-content\/uploads\/2024\/02\/IMG-20240206-WA0052-1200x900.jpg 1200w, https:\/\/powiatlwowecki.pl\/wp-content\/uploads\/2024\/02\/IMG-20240206-WA0052.jpg 2048w\" sizes=\"(min-width: 2200px) 100vw, (min-width: 784px) 397px, (min-width: 712px) 595px, (min-width: 640px) 712px, \" \/><\/a><\/div><\/div><div style=\"padding:5px;\" class=\"fusion-grid-column fusion-gallery-column fusion-gallery-column-3 hover-type-none\"><div class=\"fusion-gallery-image\"><a href=\"https:\/\/powiatlwowecki.pl\/wp-content\/uploads\/2024\/02\/IMG-20240206-WA0062.jpg\" rel=\"noreferrer\" data-rel=\"iLightbox[gallery_image_1]\" class=\"fusion-lightbox\" target=\"_self\"><img decoding=\"async\" src=\"https:\/\/powiatlwowecki.pl\/wp-content\/uploads\/2024\/02\/IMG-20240206-WA0062.jpg\" width=\"1600\" height=\"1200\" alt=\"\" title=\"IMG-20240206-WA0062\" aria-label=\"IMG-20240206-WA0062\" class=\"img-responsive wp-image-5860\" srcset=\"https:\/\/powiatlwowecki.pl\/wp-content\/uploads\/2024\/02\/IMG-20240206-WA0062-200x150.jpg 200w, https:\/\/powiatlwowecki.pl\/wp-content\/uploads\/2024\/02\/IMG-20240206-WA0062-400x300.jpg 400w, https:\/\/powiatlwowecki.pl\/wp-content\/uploads\/2024\/02\/IMG-20240206-WA0062-600x450.jpg 600w, https:\/\/powiatlwowecki.pl\/wp-content\/uploads\/2024\/02\/IMG-20240206-WA0062-800x600.jpg 800w, https:\/\/powiatlwowecki.pl\/wp-content\/uploads\/2024\/02\/IMG-20240206-WA0062-1200x900.jpg 1200w, https:\/\/powiatlwowecki.pl\/wp-content\/uploads\/2024\/02\/IMG-20240206-WA0062.jpg 1600w\" sizes=\"(min-width: 2200px) 100vw, (min-width: 784px) 397px, (min-width: 712px) 595px, (min-width: 640px) 712px, \" \/><\/a><\/div><\/div><div class=\"clearfix\"><\/div><div style=\"padding:5px;\" class=\"fusion-grid-column fusion-gallery-column fusion-gallery-column-3 hover-type-none\"><div class=\"fusion-gallery-image\"><a href=\"https:\/\/powiatlwowecki.pl\/wp-content\/uploads\/2024\/02\/IMG-20240206-WA0064.jpg\" rel=\"noreferrer\" data-rel=\"iLightbox[gallery_image_1]\" class=\"fusion-lightbox\" target=\"_self\"><img decoding=\"async\" src=\"https:\/\/powiatlwowecki.pl\/wp-content\/uploads\/2024\/02\/IMG-20240206-WA0064.jpg\" width=\"2048\" height=\"1536\" alt=\"\" title=\"IMG-20240206-WA0064\" aria-label=\"IMG-20240206-WA0064\" class=\"img-responsive wp-image-5861\" srcset=\"https:\/\/powiatlwowecki.pl\/wp-content\/uploads\/2024\/02\/IMG-20240206-WA0064-200x150.jpg 200w, https:\/\/powiatlwowecki.pl\/wp-content\/uploads\/2024\/02\/IMG-20240206-WA0064-400x300.jpg 400w, https:\/\/powiatlwowecki.pl\/wp-content\/uploads\/2024\/02\/IMG-20240206-WA0064-600x450.jpg 600w, https:\/\/powiatlwowecki.pl\/wp-content\/uploads\/2024\/02\/IMG-20240206-WA0064-800x600.jpg 800w, https:\/\/powiatlwowecki.pl\/wp-content\/uploads\/2024\/02\/IMG-20240206-WA0064-1200x900.jpg 1200w, https:\/\/powiatlwowecki.pl\/wp-content\/uploads\/2024\/02\/IMG-20240206-WA0064.jpg 2048w\" sizes=\"(min-width: 2200px) 100vw, (min-width: 784px) 397px, (min-width: 712px) 595px, (min-width: 640px) 712px, \" \/><\/a><\/div><\/div><\/div><\/div><\/div><\/div><\/div><\/div>\n","protected":false},"excerpt":{"rendered":"","protected":false},"author":8,"featured_media":5856,"comment_status":"closed","ping_status":"closed","sticky":false,"template":"","format":"standard","meta":{"_acf_changed":false,"footnotes":""},"categories":[5],"tags":[],"class_list":["post-5864","post","type-post","status-publish","format-standard","has-post-thumbnail","hentry","category-aktualnosci"],"acf":{"kal_data_wydarzenia":""},"_links":{"self":[{"href":"https:\/\/powiatlwowecki.pl\/plci_json_endpoint\/wp\/v2\/posts\/5864","targetHints":{"allow":["GET"]}}],"collection":[{"href":"https:\/\/powiatlwowecki.pl\/plci_json_endpoint\/wp\/v2\/posts"}],"about":[{"href":"https:\/\/powiatlwowecki.pl\/plci_json_endpoint\/wp\/v2\/types\/post"}],"author":[{"embeddable":true,"href":"https:\/\/powiatlwowecki.pl\/plci_json_endpoint\/wp\/v2\/users\/8"}],"replies":[{"embeddable":true,"href":"https:\/\/powiatlwowecki.pl\/plci_json_endpoint\/wp\/v2\/comments?post=5864"}],"version-history":[{"count":2,"href":"https:\/\/powiatlwowecki.pl\/plci_json_endpoint\/wp\/v2\/posts\/5864\/revisions"}],"predecessor-version":[{"id":5866,"href":"https:\/\/powiatlwowecki.pl\/plci_json_endpoint\/wp\/v2\/posts\/5864\/revisions\/5866"}],"wp:featuredmedia":[{"embeddable":true,"href":"https:\/\/powiatlwowecki.pl\/plci_json_endpoint\/wp\/v2\/media\/5856"}],"wp:attachment":[{"href":"https:\/\/powiatlwowecki.pl\/plci_json_endpoint\/wp\/v2\/media?parent=5864"}],"wp:term":[{"taxonomy":"category","embeddable":true,"href":"https:\/\/powiatlwowecki.pl\/plci_json_endpoint\/wp\/v2\/categories?post=5864"},{"taxonomy":"post_tag","embeddable":true,"href":"https:\/\/powiatlwowecki.pl\/plci_json_endpoint\/wp\/v2\/tags?post=5864"}],"curies":[{"name":"wp","href":"https:\/\/api.w.org\/{rel}","templated":true}]}}