{"id":5824,"date":"2024-01-31T11:03:59","date_gmt":"2024-01-31T10:03:59","guid":{"rendered":"https:\/\/powiatlwowecki.pl\/?p=5824"},"modified":"2024-01-31T11:03:59","modified_gmt":"2024-01-31T10:03:59","slug":"zarzad-powiatu-lwoweckiego-oglasza-otwarty-konkurs-ofert-na-realizacje-zadan-publicznych-wspieranych-z-budzetu-powiatu-lwoweckiego-w-2024-roku","status":"publish","type":"post","link":"https:\/\/powiatlwowecki.pl\/zarzad-powiatu-lwoweckiego-oglasza-otwarty-konkurs-ofert-na-realizacje-zadan-publicznych-wspieranych-z-budzetu-powiatu-lwoweckiego-w-2024-roku\/","title":{"rendered":"Zarz\u0105d Powiatu Lw\u00f3weckiego  og\u0142asza otwarty konkurs ofert na realizacj\u0119 zada\u0144 publicznych  wspieranych z bud\u017cetu Powiatu Lw\u00f3weckiego  w 2024 roku."},"content":{"rendered":"<div class=\"fusion-fullwidth fullwidth-box fusion-builder-row-1 fusion-flex-container has-pattern-background has-mask-background nonhundred-percent-fullwidth non-hundred-percent-height-scrolling\" style=\"--awb-border-radius-top-left:0px;--awb-border-radius-top-right:0px;--awb-border-radius-bottom-right:0px;--awb-border-radius-bottom-left:0px;--awb-flex-wrap:wrap;\" ><div class=\"fusion-builder-row fusion-row fusion-flex-align-items-flex-start fusion-flex-content-wrap\" style=\"max-width:1248px;margin-left: calc(-4% \/ 2 );margin-right: calc(-4% \/ 2 );\"><div class=\"fusion-layout-column fusion_builder_column fusion-builder-column-0 fusion_builder_column_3_4 3_4 fusion-flex-column\" style=\"--awb-bg-size:cover;--awb-width-large:75%;--awb-margin-top-large:0px;--awb-spacing-right-large:2.56%;--awb-margin-bottom-large:20px;--awb-spacing-left-large:2.56%;--awb-width-medium:100%;--awb-order-medium:0;--awb-spacing-right-medium:1.92%;--awb-spacing-left-medium:1.92%;--awb-width-small:100%;--awb-order-small:0;--awb-spacing-right-small:1.92%;--awb-spacing-left-small:1.92%;\"><div class=\"fusion-column-wrapper fusion-column-has-shadow fusion-flex-justify-content-flex-start fusion-content-layout-column\"><div class=\"fusion-text fusion-text-1\"><h6>Na podstawie art. 13 ustawy z dnia 24 kwietnia 2003 r. o dzia\u0142alno\u015bci po\u017cytku publicznego i\u00a0o\u00a0wolontariacie (Dz.U.2023.571 t.j.), zwanej dalej Ustaw\u0105, w zwi\u0105zku z pkt. VIII Uchwa\u0142y Nr LXXIII\/49\/2023 Rady Powiatu Lw\u00f3weckiego z\u00a0dnia 27 pa\u017adziernika 2023 r. w sprawie przyj\u0119cia \u201eRocznego programu wsp\u00f3\u0142pracy Powiatu Lw\u00f3weckiego z organizacjami pozarz\u0105dowymi oraz podmiotami wymienionymi w art.\u00a03 ust.\u00a03 ustawy o dzia\u0142alno\u015bci po\u017cytku publicznego i\u00a0o\u00a0wolontariacie na rok 2024\u201d<\/h6>\n<hr \/>\n<h4 style=\"text-align: center;\"><strong>Zarz\u0105d Powiatu Lw\u00f3weckiego <\/strong><\/h4>\n<h4 style=\"text-align: center;\"><strong>og\u0142asza otwarty konkurs ofert na realizacj\u0119 zada\u0144 publicznych <\/strong><\/h4>\n<h4 style=\"text-align: center;\"><strong>wspieranych z bud\u017cetu Powiatu Lw\u00f3weckiego <\/strong><\/h4>\n<h4 style=\"text-align: center;\"><strong>w 2024 roku. <\/strong><\/h4>\n<p style=\"text-align: center;\"><strong><u>I. Rodzaj zadania i wysoko\u015b\u0107 planowanych \u015brodk\u00f3w na ich realizacj\u0119<\/u><\/strong><\/p>\n<ol>\n<li><strong>Promocja i ochrona zdrowia<\/strong> (zaplanowana wysoko\u015b\u0107 \u015brodk\u00f3w <strong>5 000 z\u0142<\/strong>):<\/li>\n<\/ol>\n<p>a) wspieranie realizacji zada\u0144 z zakresu ochrony i promocji zdrowia, w tym r\u00f3wnie\u017c zdrowia psychicznego,<\/p>\n<p>b) dzia\u0142ania o charakterze edukacyjnym w obszarze zdrowia, w tym organizacja kurs\u00f3w pierwszej pomocy przedmedycznej dla m\u0142odzie\u017cy szk\u00f3\u0142 ponadpodstawowych.<\/p>\n<ol start=\"2\">\n<li><strong>Wspieranie os\u00f3b niepe\u0142nosprawnych<\/strong> (zaplanowana wysoko\u015b\u0107 \u015brodk\u00f3w <strong>8 500 z\u0142<\/strong>):<\/li>\n<\/ol>\n<p>a) dzia\u0142ania pomocowe osobom z niepe\u0142nosprawno\u015bciami w zakresie poprawy stanu zdrowia lub ich funkcjonowania, niewspierane z innych program\u00f3w krajowych,<\/p>\n<p>b) dzia\u0142ania ukierunkowane na wsparcie os\u00f3b z niepe\u0142nosprawno\u015bciami w zakresie poprawy dost\u0119pno\u015bci i integracji ze spo\u0142ecze\u0144stwem.<\/p>\n<ol start=\"3\">\n<li><strong>Kultura<\/strong> <strong>oraz<\/strong> <strong>ochrona<\/strong> <strong>zabytk\u00f3w i opieka nad zabytkami <\/strong>(zaplanowana wysoko\u015b\u0107 \u015brodk\u00f3w <strong>18 000 z\u0142<\/strong>):<\/li>\n<\/ol>\n<p>a) projekty edukacyjne, w tym m.in. upowszechnianie kultury w\u015br\u00f3d dzieci i m\u0142odzie\u017cy szkolnej,<\/p>\n<p>b) organizacja wydarze\u0144 s\u0142u\u017c\u0105cych rozwojowi kultury, kultywowaniu tradycji i integracji spo\u0142eczno\u015bci Powiatu Lw\u00f3weckiego,<\/p>\n<p>c) wspieranie lokalnego ruchu artystycznego,<\/p>\n<p>d) dzia\u0142ania s\u0142u\u017c\u0105ce ochronie zabytk\u00f3w i opieki nad nimi.<\/p>\n<ol start=\"4\">\n<li><strong>Kultura fizyczna i turystyka<\/strong> (zaplanowana wysoko\u015b\u0107 \u015brodk\u00f3w <strong>91 800 z\u0142<\/strong>):<\/li>\n<\/ol>\n<p>a) Imprezy o charakterze mistrzostw Powiatu w r\u00f3\u017cnych dyscyplinach sportowych i rekreacyjnych dla dzieci, m\u0142odzie\u017cy szkolnej i doros\u0142ych,<\/p>\n<p>b) uczestnictwo dzieci i m\u0142odzie\u017cy reprezentuj\u0105cych Powiat w imprezach wojew\u00f3dzkich i og\u00f3lnopolskich,<\/p>\n<p>c) organizacja imprez turystycznych o wymiarze powiatowym, popularyzuj\u0105cych zdrowy styl \u017cycia, w tym dzia\u0142ania edukacyjne w zakresie kultury fizycznej i turystyki.<\/p>\n<ol start=\"5\">\n<li><strong>Ochrona \u015brodowiska i przyrody<\/strong> (zaplanowana wysoko\u015b\u0107 \u015brodk\u00f3w <strong>6 700 z\u0142<\/strong>):<\/li>\n<\/ol>\n<p>a) dzia\u0142ania s\u0142u\u017c\u0105ce ochronie miejsc przyrodniczych,<\/p>\n<p>b) organizacja imprez popularyzuj\u0105cych dzia\u0142ania na rzecz ochrony \u015brodowiska, w tym dzia\u0142ania edukacyjne,<\/p>\n<p>c) organizacja konkurs\u00f3w z zakresu ochrony \u015brodowiska i przyrody.<\/p>\n<p><strong><u>\u00a0<\/u><\/strong><\/p>\n<p style=\"text-align: center;\"><strong><u>II. Zasady przyznawania dotacji <\/u><\/strong><\/p>\n<ol>\n<li style=\"list-style-type: none;\">\n<ol>\n<li>Post\u0119powanie konkursowe odbywa\u0107 si\u0119 b\u0119dzie przy uwzgl\u0119dnieniu zasad okre\u015blonych w\u00a0ustawie z dnia 24 kwietnia 2003 r. o dzia\u0142alno\u015bci po\u017cytku publicznego i o wolontariacie (Dz.U.2023.571 t.j.).<\/li>\n<li>Uczestnikami konkursu mog\u0105 by\u0107 organizacje pozarz\u0105dowe oraz podmioty wymienione w\u00a0art. 3 ust. 3 Ustawy.<\/li>\n<li>Wysoko\u015b\u0107 przyznanej dotacji mo\u017ce by\u0107 ni\u017csza, ni\u017c wnioskowana w ofercie. W takim przypadku oferent zobowi\u0105zany jest z\u0142o\u017cy\u0107 aktualizacj\u0119 oferty.<\/li>\n<li>Warunkiem przekazania dotacji jest zawarcie umowy w formie pisemnej.<\/li>\n<\/ol>\n<\/li>\n<\/ol>\n<p style=\"text-align: center;\"><strong><u>III. Termin i warunki realizacji zadania<\/u><\/strong><\/p>\n<ol>\n<li>Zg\u0142oszone do konkursu zadanie musi by\u0107 realizowane w 2024 roku, maksymalnie do 31\u00a0grudnia. W roku 2024 podmiot mo\u017ce realizowa\u0107 zadanie publiczne przed dniem podpisania umowy, przy czym czyni to na w\u0142asne ryzyko.<\/li>\n<li>W przypadku przyznania dotacji na realizacj\u0119 zadania kwalifikowalno\u015b\u0107 wydatk\u00f3w ze \u015brodk\u00f3w dotacji uznaje si\u0119 od dnia podpisania umowy.<\/li>\n<li>Podmiot realizuj\u0105cy zadanie zobowi\u0105zany jest do informowania w wydawanych przez siebie publikacjach, w swoich materia\u0142ach informacyjnych (plakaty, zaproszenia, og\u0142oszenia prasowe), w\u00a0mediach, w ustnych informacjach, o fakcie dofinansowania zadania przez Powiat Lw\u00f3wecki.<\/li>\n<li>Szczeg\u00f3\u0142owe i ostateczne warunki realizacji, finansowania i rozliczania zada\u0144 regulowa\u0107 b\u0119dzie umowa zawarta pomi\u0119dzy Powiatem a oferentem wybranym w konkursie. Jednak termin poniesienia wydatk\u00f3w z dotacji nie mo\u017ce by\u0107 wcze\u015bniejszy ni\u017c data podpisania umowy.<\/li>\n<\/ol>\n<p style=\"text-align: center;\"><strong><u>IV. Termin i warunki sk\u0142adania ofert<\/u><\/strong><\/p>\n<ol>\n<li style=\"list-style-type: none;\">\n<ol>\n<li>Ofert\u0119 dotycz\u0105c\u0105 realizacji zadania nale\u017cy sk\u0142ada\u0107 w zaklejonej kopercie z napisem \u201eKonkurs ofert na realizacj\u0119 zadania publicznego\u201d(jedna oferta \u2013 jedna koperta) w\u00a0Sekretariacie Starostwa Powiatowego w Lw\u00f3wku \u015al\u0105skim, ul. Szpitalna 4, II pi\u0119tro, w\u00a0poniedzia\u0142ki w\u00a0godzinach 8.00-16.00, a\u00a0w\u00a0pozosta\u0142e dni w godzinach 7.30-15.30 w\u00a0terminie <strong>do dnia<\/strong> <strong>22 lutego 2024 roku<\/strong>. Oferty z\u0142o\u017cone po terminie nie b\u0119d\u0105 rozpatrywane. Liczy si\u0119 data wp\u0142ywu do Starostwa, nie data stempla pocztowego.<\/li>\n<li>Oferta musi by\u0107 zgodna z Za\u0142\u0105cznikiem Nr 1 do Rozporz\u0105dzenia Przewodnicz\u0105cego Komitetu ds. Po\u017cytku Publicznego z dnia 24 pa\u017adziernika 2018 r. w sprawie wzor\u00f3w ofert i\u00a0ramowych wzor\u00f3w um\u00f3w dotycz\u0105cych realizacji zada\u0144 publicznych oraz wzor\u00f3w sprawozda\u0144 z\u00a0wykonania tych zada\u0144 (Dz.U.2018.2057). Wz\u00f3r oferty dost\u0119pny jest na stronie internetowej Powiatu Lw\u00f3weckiego w zak\u0142adce Organizacje pozarz\u0105dowe oraz w\u00a0zak\u0142adce Aktualno\u015bci pod og\u0142oszeniem o konkursie.<\/li>\n<\/ol>\n<\/li>\n<\/ol>\n<p><strong><u>\u00a0<\/u><\/strong><\/p>\n<p style=\"text-align: center;\"><strong><u>V. Tryb i termin dokonania wyboru ofert<\/u><\/strong><\/p>\n<ol>\n<li>Oferty spe\u0142niaj\u0105ce wymogi formalne b\u0119d\u0105 oceniane przez komisj\u0119 konkursow\u0105.<\/li>\n<li>Tryb powo\u0142ywania i zasady dzia\u0142ania komisji konkursowej do opiniowania ofert okre\u015bla pkt XII \u201eRocznego programu wsp\u00f3\u0142pracy Powiatu Lw\u00f3weckiego z organizacjami pozarz\u0105dowymi oraz podmiotami wymienionymi w art.3 ust. 3 ustawy o dzia\u0142alno\u015bci po\u017cytku publicznego i\u00a0o\u00a0wolontariacie na rok 2024\u201d (Uchwa\u0142a Nr LXXIII\/49\/2023 Rady Powiatu Lw\u00f3weckiego z\u00a0dnia 27 pa\u017adziernika 2023).<\/li>\n<li>Decyzj\u0119 o wyborze i udzieleniu dotacji podejmuje Zarz\u0105d Powiatu Lw\u00f3weckiego po zapoznaniu si\u0119 z opini\u0105 Komisji Konkursowej.<\/li>\n<li>Zastrzega si\u0119 mo\u017cliwo\u015b\u0107 wyboru kilku ofert w ramach jednego zadania, maj\u0105c na uwadze potrzeb\u0119 optymalnego zaspokojenia potrzeb mieszka\u0144c\u00f3w, w miar\u0119 posiadanych mo\u017cliwo\u015bci finansowych.<\/li>\n<li>Oferta, kt\u00f3ra nie b\u0119dzie spe\u0142nia\u0142a formalno-prawnych warunk\u00f3w oraz z\u0142o\u017cona po terminie pozostaje bez rozpatrzenia.<\/li>\n<\/ol>\n<p style=\"text-align: center;\"><strong><u>VI.Kryteria wyboru ofert<\/u><\/strong><\/p>\n<ol>\n<li style=\"list-style-type: none;\">\n<ol>\n<li>Zgodno\u015b\u0107 oferty z przedmiotem konkursu.<\/li>\n<li>Mo\u017cliwo\u015b\u0107 realizacji zadania publicznego.<\/li>\n<li>Kalkulacja koszt\u00f3w realizacji zadania publicznego, w tym w odniesieniu do zakresu rzeczowego zadania.<\/li>\n<li>Proponowana jako\u015b\u0107 wykonania zadania i kwalifikacje os\u00f3b, przy udziale kt\u00f3rych organizacja pozarz\u0105dowa lub podmioty okre\u015blone w art. 3 ust. 3 b\u0119d\u0105 realizowa\u0107 zadanie publiczne.<\/li>\n<li>Planowany przez organizacj\u0119 pozarz\u0105dow\u0105 lub podmiot wymieniony w art. 3 ust. 3 udzia\u0142 \u015brodk\u00f3w finansowych w\u0142asnych lub \u015brodk\u00f3w pochodz\u0105cych z innych \u017ar\u00f3de\u0142 na realizacj\u0119 zadania publicznego.<\/li>\n<li>Planowany przez organizacj\u0119 pozarz\u0105dow\u0105 lub podmiot wymieniony w art. 3 ust. 3 wk\u0142ad rzeczowy, osobowy, w tym \u015bwiadczenia wolontariuszy i prac\u0119 spo\u0142eczn\u0105 cz\u0142onk\u00f3w.<\/li>\n<li>Analiza i ocena wykonania zleconych zada\u0144 publicznych w latach poprzednich realizowanych przez organizacj\u0119 pozarz\u0105dow\u0105 lub podmiot wymieniony w art. 3 ust. 3, w\u00a0zakresie rzetelno\u015bci i terminowo\u015bci oraz sposobu rozliczenia otrzymanych na ten cel \u015brodk\u00f3w.<\/li>\n<li>Atrakcyjno\u015b\u0107 formy proponowanego zadania.<\/li>\n<li>Szeroki zasi\u0119g oddzia\u0142ywania spo\u0142ecznego.<\/li>\n<li>Powiatowy charakter oddzia\u0142ywania projektu \u2013 obejmuj\u0105cy minimum dwie gminy.<\/li>\n<li>Mo\u017cliwo\u015b\u0107 kontynuacji realizacji cel\u00f3w zak\u0142adanych w projekcie po jego zako\u0144czeniu.<\/li>\n<\/ol>\n<\/li>\n<\/ol>\n<p><strong><u>\u00a0<\/u><\/strong><\/p>\n<p><strong><u>\u00a0<\/u><\/strong><\/p>\n<p style=\"text-align: center;\"><strong><u>VII. Zrealizowane zadania publiczne i wysoko\u015b\u0107 \u015brodk\u00f3w przekazana w poprzednim roku<\/u><\/strong><\/p>\n<ol>\n<li>Promocja i ochrona zdrowia: 3 000 z\u0142,<\/li>\n<li>Wspieranie os\u00f3b niepe\u0142nosprawnych: 5 000 z\u0142,<\/li>\n<li>Kultura oraz ochrona zabytk\u00f3w i opieka nad zabytkami: 10 860 z\u0142,<\/li>\n<li>Kultura fizyczna i turystyka: 54 140 z\u0142,<\/li>\n<li>Ochrona \u015brodowiska i przyrody: 4 000 z\u0142.<\/li>\n<\/ol>\n<p><strong>\u00a0<\/strong><\/p>\n<p><strong>\u00a0\u00a0\u00a0\u00a0\u00a0\u00a0\u00a0\u00a0\u00a0\u00a0\u00a0\u00a0\u00a0\u00a0\u00a0\u00a0\u00a0\u00a0\u00a0\u00a0\u00a0\u00a0\u00a0\u00a0\u00a0\u00a0\u00a0\u00a0\u00a0\u00a0\u00a0\u00a0\u00a0\u00a0\u00a0\u00a0\u00a0\u00a0\u00a0\u00a0\u00a0\u00a0\u00a0\u00a0\u00a0\u00a0\u00a0\u00a0\u00a0\u00a0\u00a0\u00a0\u00a0\u00a0\u00a0\u00a0\u00a0\u00a0\u00a0\u00a0\u00a0\u00a0\u00a0\u00a0\u00a0\u00a0\u00a0\u00a0\u00a0\u00a0\u00a0\u00a0\u00a0\u00a0\u00a0\u00a0\u00a0\u00a0\u00a0\u00a0\u00a0\u00a0\u00a0\u00a0\u00a0\u00a0\u00a0\u00a0\u00a0\u00a0\u00a0\u00a0\u00a0\u00a0\u00a0\u00a0\u00a0\u00a0\u00a0\u00a0\u00a0\u00a0\u00a0\u00a0\u00a0\u00a0\u00a0\u00a0\u00a0\u00a0\u00a0\u00a0\u00a0\u00a0\u00a0\u00a0\u00a0\u00a0<\/strong><\/p>\n<p style=\"text-align: center;\"><strong>Przewodnicz\u0105cy<\/strong><\/p>\n<p style=\"text-align: center;\"><strong>Zarz\u0105du Powiatu Lw\u00f3weckiego<\/strong><\/p>\n<p style=\"text-align: center;\"><strong>\u00a0\u00a0 \/-\/<\/strong><\/p>\n<p style=\"text-align: center;\"><strong>Daniel Koko<\/strong><\/p>\n<\/div><\/div><\/div><div class=\"fusion-layout-column fusion_builder_column fusion-builder-column-1 fusion_builder_column_1_4 1_4 fusion-flex-column\" style=\"--awb-bg-size:cover;--awb-width-large:25%;--awb-margin-top-large:0px;--awb-spacing-right-large:7.68%;--awb-margin-bottom-large:20px;--awb-spacing-left-large:7.68%;--awb-width-medium:100%;--awb-order-medium:0;--awb-spacing-right-medium:1.92%;--awb-spacing-left-medium:1.92%;--awb-width-small:100%;--awb-order-small:0;--awb-spacing-right-small:1.92%;--awb-spacing-left-small:1.92%;\"><div class=\"fusion-column-wrapper fusion-column-has-shadow fusion-flex-justify-content-flex-start fusion-content-layout-column\"><div class=\"fusion-content-boxes content-boxes columns row fusion-columns-1 fusion-columns-total-2 fusion-content-boxes-1 content-boxes-icon-with-title content-left\" style=\"--awb-hover-accent-color:#f44336;--awb-circle-hover-accent-color:#f44336;--awb-item-margin-bottom:40px;\" data-animationOffset=\"top-into-view\"><div style=\"--awb-backgroundcolor:var(--awb-color4);\" class=\"fusion-column content-box-column content-box-column content-box-column-1 col-lg-12 col-md-12 col-sm-12 fusion-content-box-hover content-box-column-last-in-row\"><div class=\"col content-box-wrapper content-wrapper-background link-area-link-icon link-type-text content-icon-wrapper-yes icon-hover-animation-slide\" data-animationOffset=\"top-into-view\"><div class=\"heading icon-left\"><a class=\"heading-link\" style=\"float:left;\" href=\"https:\/\/powiatlwowecki.pl\/wp-content\/uploads\/2024\/01\/Uchwala-w-sprawie-ogloszenia-konkursu-dla-organizacji-pozarzadowych-rok-2024.docx\" target=\"_self\"><h2 class=\"content-box-heading\" style=\"--h2_typography-font-size:24px;line-height:29px;\">Uchwa\u0142a w sprawie og\u0142oszenia konkursu dla organizacji pozarz\u0105dowych - rok 2024<\/h2><\/a><\/div><\/div><\/div><div style=\"--awb-backgroundcolor:var(--awb-color4);\" class=\"fusion-column content-box-column content-box-column content-box-column-2 col-lg-12 col-md-12 col-sm-12 fusion-content-box-hover content-box-column-last content-box-column-last-in-row\"><div class=\"col content-box-wrapper content-wrapper-background link-area-link-icon link-type-text content-icon-wrapper-yes icon-hover-animation-slide\" data-animationOffset=\"top-into-view\"><div class=\"heading icon-left\"><a class=\"heading-link\" style=\"float:left;\" href=\"https:\/\/powiatlwowecki.pl\/wp-content\/uploads\/2024\/01\/OFERTA-REALIZACJI-ZADANIA-PUBLICZNEGO-zalacznik-nr-1-1-wzor.docx\" target=\"_self\"><h2 class=\"content-box-heading\" style=\"--h2_typography-font-size:24px;line-height:29px;\">OFERTA-REALIZACJI-ZADANIA-PUBLICZNEGO<\/h2><\/a><\/div><\/div><\/div><div class=\"fusion-clearfix\"><\/div><\/div><div class=\"fusion-text fusion-text-2\"><h3><span style=\"color: #ff0000;\">szczeg\u00f3\u0142y w za\u0142\u0105cznikach<\/span><\/h3>\n<\/div><\/div><\/div><\/div><\/div>\n","protected":false},"excerpt":{"rendered":"","protected":false},"author":8,"featured_media":5827,"comment_status":"closed","ping_status":"closed","sticky":false,"template":"","format":"standard","meta":{"_acf_changed":false,"footnotes":""},"categories":[5],"tags":[],"class_list":["post-5824","post","type-post","status-publish","format-standard","has-post-thumbnail","hentry","category-aktualnosci"],"acf":{"kal_data_wydarzenia":""},"_links":{"self":[{"href":"https:\/\/powiatlwowecki.pl\/plci_json_endpoint\/wp\/v2\/posts\/5824","targetHints":{"allow":["GET"]}}],"collection":[{"href":"https:\/\/powiatlwowecki.pl\/plci_json_endpoint\/wp\/v2\/posts"}],"about":[{"href":"https:\/\/powiatlwowecki.pl\/plci_json_endpoint\/wp\/v2\/types\/post"}],"author":[{"embeddable":true,"href":"https:\/\/powiatlwowecki.pl\/plci_json_endpoint\/wp\/v2\/users\/8"}],"replies":[{"embeddable":true,"href":"https:\/\/powiatlwowecki.pl\/plci_json_endpoint\/wp\/v2\/comments?post=5824"}],"version-history":[{"count":0,"href":"https:\/\/powiatlwowecki.pl\/plci_json_endpoint\/wp\/v2\/posts\/5824\/revisions"}],"wp:featuredmedia":[{"embeddable":true,"href":"https:\/\/powiatlwowecki.pl\/plci_json_endpoint\/wp\/v2\/media\/5827"}],"wp:attachment":[{"href":"https:\/\/powiatlwowecki.pl\/plci_json_endpoint\/wp\/v2\/media?parent=5824"}],"wp:term":[{"taxonomy":"category","embeddable":true,"href":"https:\/\/powiatlwowecki.pl\/plci_json_endpoint\/wp\/v2\/categories?post=5824"},{"taxonomy":"post_tag","embeddable":true,"href":"https:\/\/powiatlwowecki.pl\/plci_json_endpoint\/wp\/v2\/tags?post=5824"}],"curies":[{"name":"wp","href":"https:\/\/api.w.org\/{rel}","templated":true}]}}