{"id":5795,"date":"2024-01-18T13:43:58","date_gmt":"2024-01-18T12:43:58","guid":{"rendered":"https:\/\/powiatlwowecki.pl\/?p=5795"},"modified":"2024-01-18T13:43:58","modified_gmt":"2024-01-18T12:43:58","slug":"kwalifikacja-wojskowa-informacje-ogolne","status":"publish","type":"post","link":"https:\/\/powiatlwowecki.pl\/kwalifikacja-wojskowa-informacje-ogolne\/","title":{"rendered":"Kwalifikacja Wojskowa &#8211; informacje og\u00f3lne"},"content":{"rendered":"<div><strong>Celem kwalifikacji wojskowej jest wprowadzenie danych do ewidencji wojskowej oraz okre\u015blenie zdolno\u015bci fizycznej i psychicznej do pe\u0142nienia s\u0142u\u017cby wojskowej os\u00f3b podlegaj\u0105cych obowi\u0105zkowi stawienia si\u0119 do kwalifikacji wojskowej oraz tych, kt\u00f3re zg\u0142osi\u0142y si\u0119 w trybie ochotniczym do pe\u0142nienia s\u0142u\u017cby wojskowej, a maj\u0105 uko\u0144czony 18 rok \u017cycia.<\/strong> Za przeprowadzenie kwalifikacji wojskowej na terenie powiatu (miasta na prawach powiatu) odpowiada starosta (prezydent miasta).<\/p>\n<\/div>\n<div>Kwalifikacja wojskowa og\u0142aszana jest przez wojewod\u0119 na obszarze wojew\u00f3dztwa w drodze obwieszczenia. Og\u0142asza si\u0119 j\u0105 nie p\u00f3\u017aniej ni\u017c na 14 dni przed dniem jej rozpocz\u0119cia.<\/div>\n<div><\/div>\n<div>Szczeg\u00f3\u0142y: <strong><span style=\"color: #339966;\"><a style=\"color: #339966;\" href=\"https:\/\/www.wojsko-polskie.pl\/zostanzolnierzem\/kwalifikacja-wojskowa\/\" target=\"_blank\" rel=\"noopener\">https:\/\/www.wojsko-polskie.pl\/zostanzolnierzem\/kwalifikacja-wojskowa\/<\/a><\/span><\/strong><\/div>\n","protected":false},"excerpt":{"rendered":"<p>Celem kwalifikacji wojskowej jest wprowadzenie danych do ewidencji wojskowej oraz okre\u015blenie zdolno\u015bci fizycznej i psychicznej do pe\u0142nienia s\u0142u\u017cby wojskowej os\u00f3b podlegaj\u0105cych obowi\u0105zkowi stawienia si\u0119 do kwalifikacji wojskowej oraz tych, kt\u00f3re zg\u0142osi\u0142y si\u0119 w trybie ochotniczym  [&#8230;]<\/p>\n","protected":false},"author":4,"featured_media":5796,"comment_status":"closed","ping_status":"closed","sticky":false,"template":"","format":"standard","meta":{"_acf_changed":false,"footnotes":""},"categories":[5,95],"tags":[],"class_list":["post-5795","post","type-post","status-publish","format-standard","has-post-thumbnail","hentry","category-aktualnosci","category-pczk"],"acf":{"kal_data_wydarzenia":""},"_links":{"self":[{"href":"https:\/\/powiatlwowecki.pl\/plci_json_endpoint\/wp\/v2\/posts\/5795","targetHints":{"allow":["GET"]}}],"collection":[{"href":"https:\/\/powiatlwowecki.pl\/plci_json_endpoint\/wp\/v2\/posts"}],"about":[{"href":"https:\/\/powiatlwowecki.pl\/plci_json_endpoint\/wp\/v2\/types\/post"}],"author":[{"embeddable":true,"href":"https:\/\/powiatlwowecki.pl\/plci_json_endpoint\/wp\/v2\/users\/4"}],"replies":[{"embeddable":true,"href":"https:\/\/powiatlwowecki.pl\/plci_json_endpoint\/wp\/v2\/comments?post=5795"}],"version-history":[{"count":0,"href":"https:\/\/powiatlwowecki.pl\/plci_json_endpoint\/wp\/v2\/posts\/5795\/revisions"}],"wp:featuredmedia":[{"embeddable":true,"href":"https:\/\/powiatlwowecki.pl\/plci_json_endpoint\/wp\/v2\/media\/5796"}],"wp:attachment":[{"href":"https:\/\/powiatlwowecki.pl\/plci_json_endpoint\/wp\/v2\/media?parent=5795"}],"wp:term":[{"taxonomy":"category","embeddable":true,"href":"https:\/\/powiatlwowecki.pl\/plci_json_endpoint\/wp\/v2\/categories?post=5795"},{"taxonomy":"post_tag","embeddable":true,"href":"https:\/\/powiatlwowecki.pl\/plci_json_endpoint\/wp\/v2\/tags?post=5795"}],"curies":[{"name":"wp","href":"https:\/\/api.w.org\/{rel}","templated":true}]}}