{"id":5762,"date":"2024-01-08T08:37:59","date_gmt":"2024-01-08T07:37:59","guid":{"rendered":"https:\/\/powiatlwowecki.pl\/?p=5762"},"modified":"2024-01-08T08:52:52","modified_gmt":"2024-01-08T07:52:52","slug":"dolnoslaskie-podsumowanie-wspolzawodnictwa-sportowego-lzs-powiat-lwowecki-zajal-ii-miejsce","status":"publish","type":"post","link":"https:\/\/powiatlwowecki.pl\/dolnoslaskie-podsumowanie-wspolzawodnictwa-sportowego-lzs-powiat-lwowecki-zajal-ii-miejsce\/","title":{"rendered":"DOLNO\u015aL\u0104SKIE PODSUMOWANIE WSP\u00d3\u0141ZAWODNICTWA SPORTOWEGO LZS- POWIAT LW\u00d3WECKI ZAJ\u0104\u0141 II MIEJSCE !"},"content":{"rendered":"<div class=\"fusion-fullwidth fullwidth-box fusion-builder-row-1 fusion-flex-container nonhundred-percent-fullwidth non-hundred-percent-height-scrolling\" style=\"--awb-border-radius-top-left:0px;--awb-border-radius-top-right:0px;--awb-border-radius-bottom-right:0px;--awb-border-radius-bottom-left:0px;--awb-flex-wrap:wrap;\" ><div class=\"fusion-builder-row fusion-row fusion-flex-align-items-flex-start fusion-flex-content-wrap\" style=\"max-width:1248px;margin-left: calc(-4% \/ 2 );margin-right: calc(-4% \/ 2 );\"><div class=\"fusion-layout-column fusion_builder_column fusion-builder-column-0 fusion_builder_column_1_1 1_1 fusion-flex-column\" style=\"--awb-bg-size:cover;--awb-width-large:100%;--awb-margin-top-large:0px;--awb-spacing-right-large:1.92%;--awb-margin-bottom-large:0px;--awb-spacing-left-large:1.92%;--awb-width-medium:100%;--awb-spacing-right-medium:1.92%;--awb-spacing-left-medium:1.92%;--awb-width-small:100%;--awb-spacing-right-small:1.92%;--awb-spacing-left-small:1.92%;\"><div class=\"fusion-column-wrapper fusion-flex-justify-content-flex-start fusion-content-layout-column\"><div class=\"fusion-text fusion-text-1\"><p>W dniu 5 stycznia 2024 roku, \u015awidnica sta\u0142a si\u0119 aren\u0105 uroczystego podsumowania XXIV Dolno\u015bl\u0105skich Igrzysk LZS. To wyj\u0105tkowe wydarzenie by\u0142o okazj\u0105 do wr\u0119czenia podzi\u0119kowa\u0144 dla tych, kt\u00f3rzy zaanga\u017cowali si\u0119 w organizacj\u0119 igrzysk, a tak\u017ce uhonorowania wyj\u0105tkowymi certyfikatami &#8222;Serce dla Sportu&#8221;.<\/p>\n<p>W ramach tego wielkiego \u015bwi\u0119ta sportu, Dolno\u015bl\u0105skie Zrzeszenie LZS we Wroc\u0142awiu dokona\u0142o podsumowania XXIV edycji Igrzysk Miast i Wsi. Wydarzenie to obejmowa\u0142o 16 Fina\u0142\u00f3w Dolno\u015bl\u0105skich, 88 imprez strefowych, kt\u00f3re dawa\u0142y prawo do awansu do fina\u0142\u00f3w. Ponad 60 000 sportowc\u00f3w z 25 powiat\u00f3w i 148 gmin Dolnego \u015al\u0105ska wzi\u0119\u0142o udzia\u0142 w r\u00f3\u017cnorodnych dyscyplinach, takich jak pi\u0142ka no\u017cna halowa, szachy, warcaby, pi\u0142ka no\u017cna, siatk\u00f3wka, koszyk\u00f3wka i biegi prze\u0142ajowe.<\/p>\n<p><strong>W kategorii wsp\u00f3\u0142zawodnictwa powiat\u00f3w, Powiat Lw\u00f3wecki zdoby\u0142 2. miejsce, co przynios\u0142o Staro\u015bcie Lw\u00f3weckiemu, Panu Danielowi Koko, zas\u0142u\u017cony puchar.<\/strong><\/p>\n<p>R\u00f3wnie imponuj\u0105ce osi\u0105gni\u0119cia odnotowano w\u015br\u00f3d gmin Powiatu Lw\u00f3weckiego. Gmina Lw\u00f3wek \u015al\u0105ski zaj\u0119\u0142a 3. miejsce w klasyfikacji gmin, co zaowocowa\u0142o przyznaniem pucharu dla Burmistrza Lw\u00f3wka \u015al\u0105skiego, Pani Marioli Szcz\u0119snej.<\/p>\n<p>Gmina Wle\u0144, zdobywaj\u0105c 14. miejsce, r\u00f3wnie\u017c zas\u0142u\u017cy\u0142a na wyr\u00f3\u017cnienie, a Puchar odebra\u0142 Pan J\u00f3zef Stanis\u0142aw Mr\u00f3wka, Cz\u0142onek Zarz\u0105du Powiatu Lw\u00f3weckiego.<\/p>\n<p>W kategorii wyr\u00f3\u017cnie\u0144 indywidualnych za pomoc w organizacji XXIV Dolno\u015bl\u0105skich Igrzysk LZS, zostali uhonorowani: Weronika Dymitroca, Joanna \u0141ukasik, J\u00f3zef Stanis\u0142aw Mr\u00f3wka oraz Adam Dymitroca.<\/p>\n<p>Szczeg\u00f3lne wyr\u00f3\u017cnienie, wyra\u017cone certyfikatem &#8222;Serce dla Sportu&#8221;, otrzyma\u0142 Pan Marek \u0141ukasik, Dyrektor ZSET w Rakowicach Wielkich.<\/p>\n<p style=\"text-align: center;\">Warto\u015b\u0107 tych wyr\u00f3\u017cnie\u0144 tkwi nie tylko w indywidualnych dokonaniach, ale r\u00f3wnie\u017c w budowaniu wsp\u00f3lnoty, gdzie zaanga\u017cowanie ka\u017cdego z wyr\u00f3\u017cnionych przyczynia si\u0119 do rozwoju kultury fizycznej oraz ducha sportowego na Dolnym \u015al\u0105sku. To \u015bwiadectwo, \u017ce sport to nie tylko rywalizacja, ale tak\u017ce wsp\u00f3\u0142praca i zaanga\u017cowanie spo\u0142eczno\u015bci.<\/p>\n<\/div><div class=\"awb-gallery-wrapper awb-gallery-wrapper-1 button-span-no\" style=\"--more-btn-alignment:center;\"><div style=\"margin:-5px;--awb-bordersize:0px;\" class=\"fusion-gallery fusion-gallery-container fusion-grid-3 fusion-columns-total-5 fusion-gallery-layout-grid fusion-gallery-1\"><div style=\"padding:5px;\" class=\"fusion-grid-column fusion-gallery-column fusion-gallery-column-3 hover-type-none\"><div class=\"fusion-gallery-image\"><a href=\"https:\/\/powiatlwowecki.pl\/wp-content\/uploads\/2024\/01\/416983042_895327899269368_6675268968227218440_n.jpg\" rel=\"noreferrer\" data-rel=\"iLightbox[gallery_image_1]\" class=\"fusion-lightbox\" target=\"_self\"><img decoding=\"async\" src=\"https:\/\/powiatlwowecki.pl\/wp-content\/uploads\/2024\/01\/416983042_895327899269368_6675268968227218440_n.jpg\" width=\"2000\" height=\"1338\" alt=\"\" title=\"416983042_895327899269368_6675268968227218440_n\" aria-label=\"416983042_895327899269368_6675268968227218440_n\" class=\"img-responsive wp-image-5756\" srcset=\"https:\/\/powiatlwowecki.pl\/wp-content\/uploads\/2024\/01\/416983042_895327899269368_6675268968227218440_n-200x134.jpg 200w, https:\/\/powiatlwowecki.pl\/wp-content\/uploads\/2024\/01\/416983042_895327899269368_6675268968227218440_n-400x268.jpg 400w, https:\/\/powiatlwowecki.pl\/wp-content\/uploads\/2024\/01\/416983042_895327899269368_6675268968227218440_n-600x401.jpg 600w, https:\/\/powiatlwowecki.pl\/wp-content\/uploads\/2024\/01\/416983042_895327899269368_6675268968227218440_n-800x535.jpg 800w, https:\/\/powiatlwowecki.pl\/wp-content\/uploads\/2024\/01\/416983042_895327899269368_6675268968227218440_n-1200x803.jpg 1200w, https:\/\/powiatlwowecki.pl\/wp-content\/uploads\/2024\/01\/416983042_895327899269368_6675268968227218440_n.jpg 2000w\" sizes=\"(min-width: 2200px) 100vw, (min-width: 784px) 397px, (min-width: 712px) 595px, (min-width: 640px) 712px, \" \/><\/a><\/div><\/div><div style=\"padding:5px;\" class=\"fusion-grid-column fusion-gallery-column fusion-gallery-column-3 hover-type-none\"><div class=\"fusion-gallery-image\"><a href=\"https:\/\/powiatlwowecki.pl\/wp-content\/uploads\/2024\/01\/417936190_895329495935875_2073295860419119406_n.jpg\" rel=\"noreferrer\" data-rel=\"iLightbox[gallery_image_1]\" class=\"fusion-lightbox\" target=\"_self\"><img decoding=\"async\" src=\"https:\/\/powiatlwowecki.pl\/wp-content\/uploads\/2024\/01\/417936190_895329495935875_2073295860419119406_n.jpg\" width=\"2000\" height=\"1336\" alt=\"\" title=\"417936190_895329495935875_2073295860419119406_n\" aria-label=\"417936190_895329495935875_2073295860419119406_n\" class=\"img-responsive wp-image-5757\" srcset=\"https:\/\/powiatlwowecki.pl\/wp-content\/uploads\/2024\/01\/417936190_895329495935875_2073295860419119406_n-200x134.jpg 200w, https:\/\/powiatlwowecki.pl\/wp-content\/uploads\/2024\/01\/417936190_895329495935875_2073295860419119406_n-400x267.jpg 400w, https:\/\/powiatlwowecki.pl\/wp-content\/uploads\/2024\/01\/417936190_895329495935875_2073295860419119406_n-600x401.jpg 600w, https:\/\/powiatlwowecki.pl\/wp-content\/uploads\/2024\/01\/417936190_895329495935875_2073295860419119406_n-800x534.jpg 800w, https:\/\/powiatlwowecki.pl\/wp-content\/uploads\/2024\/01\/417936190_895329495935875_2073295860419119406_n-1200x802.jpg 1200w, https:\/\/powiatlwowecki.pl\/wp-content\/uploads\/2024\/01\/417936190_895329495935875_2073295860419119406_n.jpg 2000w\" sizes=\"(min-width: 2200px) 100vw, (min-width: 784px) 397px, (min-width: 712px) 595px, (min-width: 640px) 712px, \" \/><\/a><\/div><\/div><div style=\"padding:5px;\" class=\"fusion-grid-column fusion-gallery-column fusion-gallery-column-3 hover-type-none\"><div class=\"fusion-gallery-image\"><a href=\"https:\/\/powiatlwowecki.pl\/wp-content\/uploads\/2024\/01\/418110602_895329605935864_3254834564379955375_n.jpg\" rel=\"noreferrer\" data-rel=\"iLightbox[gallery_image_1]\" class=\"fusion-lightbox\" target=\"_self\"><img decoding=\"async\" src=\"https:\/\/powiatlwowecki.pl\/wp-content\/uploads\/2024\/01\/418110602_895329605935864_3254834564379955375_n.jpg\" width=\"1365\" height=\"2048\" alt=\"\" title=\"418110602_895329605935864_3254834564379955375_n\" aria-label=\"418110602_895329605935864_3254834564379955375_n\" class=\"img-responsive wp-image-5758\" srcset=\"https:\/\/powiatlwowecki.pl\/wp-content\/uploads\/2024\/01\/418110602_895329605935864_3254834564379955375_n-200x300.jpg 200w, https:\/\/powiatlwowecki.pl\/wp-content\/uploads\/2024\/01\/418110602_895329605935864_3254834564379955375_n-400x600.jpg 400w, https:\/\/powiatlwowecki.pl\/wp-content\/uploads\/2024\/01\/418110602_895329605935864_3254834564379955375_n-600x900.jpg 600w, https:\/\/powiatlwowecki.pl\/wp-content\/uploads\/2024\/01\/418110602_895329605935864_3254834564379955375_n-800x1200.jpg 800w, https:\/\/powiatlwowecki.pl\/wp-content\/uploads\/2024\/01\/418110602_895329605935864_3254834564379955375_n-1200x1800.jpg 1200w, https:\/\/powiatlwowecki.pl\/wp-content\/uploads\/2024\/01\/418110602_895329605935864_3254834564379955375_n.jpg 1365w\" sizes=\"(min-width: 2200px) 100vw, (min-width: 784px) 397px, (min-width: 712px) 595px, (min-width: 640px) 712px, \" \/><\/a><\/div><\/div><div class=\"clearfix\"><\/div><div style=\"padding:5px;\" class=\"fusion-grid-column fusion-gallery-column fusion-gallery-column-3 hover-type-none\"><div class=\"fusion-gallery-image\"><a href=\"https:\/\/powiatlwowecki.pl\/wp-content\/uploads\/2024\/01\/418092899_895329739269184_5998685583279651296_n.jpg\" rel=\"noreferrer\" data-rel=\"iLightbox[gallery_image_1]\" class=\"fusion-lightbox\" target=\"_self\"><img decoding=\"async\" src=\"https:\/\/powiatlwowecki.pl\/wp-content\/uploads\/2024\/01\/418092899_895329739269184_5998685583279651296_n.jpg\" width=\"2000\" height=\"1500\" alt=\"\" title=\"418092899_895329739269184_5998685583279651296_n\" aria-label=\"418092899_895329739269184_5998685583279651296_n\" class=\"img-responsive wp-image-5760\" srcset=\"https:\/\/powiatlwowecki.pl\/wp-content\/uploads\/2024\/01\/418092899_895329739269184_5998685583279651296_n-200x150.jpg 200w, https:\/\/powiatlwowecki.pl\/wp-content\/uploads\/2024\/01\/418092899_895329739269184_5998685583279651296_n-400x300.jpg 400w, https:\/\/powiatlwowecki.pl\/wp-content\/uploads\/2024\/01\/418092899_895329739269184_5998685583279651296_n-600x450.jpg 600w, https:\/\/powiatlwowecki.pl\/wp-content\/uploads\/2024\/01\/418092899_895329739269184_5998685583279651296_n-800x600.jpg 800w, https:\/\/powiatlwowecki.pl\/wp-content\/uploads\/2024\/01\/418092899_895329739269184_5998685583279651296_n-1200x900.jpg 1200w, https:\/\/powiatlwowecki.pl\/wp-content\/uploads\/2024\/01\/418092899_895329739269184_5998685583279651296_n.jpg 2000w\" sizes=\"(min-width: 2200px) 100vw, (min-width: 784px) 397px, (min-width: 712px) 595px, (min-width: 640px) 712px, \" \/><\/a><\/div><\/div><div style=\"padding:5px;\" class=\"fusion-grid-column fusion-gallery-column fusion-gallery-column-3 hover-type-none\"><div class=\"fusion-gallery-image\"><a href=\"https:\/\/powiatlwowecki.pl\/wp-content\/uploads\/2024\/01\/417923644_895329779269180_7314699586951348512_n.jpg\" rel=\"noreferrer\" data-rel=\"iLightbox[gallery_image_1]\" class=\"fusion-lightbox\" target=\"_self\"><img decoding=\"async\" src=\"https:\/\/powiatlwowecki.pl\/wp-content\/uploads\/2024\/01\/417923644_895329779269180_7314699586951348512_n.jpg\" width=\"1500\" height=\"2000\" alt=\"\" title=\"417923644_895329779269180_7314699586951348512_n\" aria-label=\"417923644_895329779269180_7314699586951348512_n\" class=\"img-responsive wp-image-5761\" srcset=\"https:\/\/powiatlwowecki.pl\/wp-content\/uploads\/2024\/01\/417923644_895329779269180_7314699586951348512_n-200x267.jpg 200w, https:\/\/powiatlwowecki.pl\/wp-content\/uploads\/2024\/01\/417923644_895329779269180_7314699586951348512_n-400x533.jpg 400w, https:\/\/powiatlwowecki.pl\/wp-content\/uploads\/2024\/01\/417923644_895329779269180_7314699586951348512_n-600x800.jpg 600w, https:\/\/powiatlwowecki.pl\/wp-content\/uploads\/2024\/01\/417923644_895329779269180_7314699586951348512_n-800x1067.jpg 800w, https:\/\/powiatlwowecki.pl\/wp-content\/uploads\/2024\/01\/417923644_895329779269180_7314699586951348512_n-1200x1600.jpg 1200w, https:\/\/powiatlwowecki.pl\/wp-content\/uploads\/2024\/01\/417923644_895329779269180_7314699586951348512_n.jpg 1500w\" sizes=\"(min-width: 2200px) 100vw, (min-width: 784px) 397px, (min-width: 712px) 595px, (min-width: 640px) 712px, \" \/><\/a><\/div><\/div><\/div><\/div><\/div><\/div><\/div><\/div>\n","protected":false},"excerpt":{"rendered":"","protected":false},"author":8,"featured_media":5756,"comment_status":"closed","ping_status":"closed","sticky":false,"template":"","format":"standard","meta":{"_acf_changed":false,"footnotes":""},"categories":[5],"tags":[],"class_list":["post-5762","post","type-post","status-publish","format-standard","has-post-thumbnail","hentry","category-aktualnosci"],"acf":{"kal_data_wydarzenia":""},"_links":{"self":[{"href":"https:\/\/powiatlwowecki.pl\/plci_json_endpoint\/wp\/v2\/posts\/5762","targetHints":{"allow":["GET"]}}],"collection":[{"href":"https:\/\/powiatlwowecki.pl\/plci_json_endpoint\/wp\/v2\/posts"}],"about":[{"href":"https:\/\/powiatlwowecki.pl\/plci_json_endpoint\/wp\/v2\/types\/post"}],"author":[{"embeddable":true,"href":"https:\/\/powiatlwowecki.pl\/plci_json_endpoint\/wp\/v2\/users\/8"}],"replies":[{"embeddable":true,"href":"https:\/\/powiatlwowecki.pl\/plci_json_endpoint\/wp\/v2\/comments?post=5762"}],"version-history":[{"count":1,"href":"https:\/\/powiatlwowecki.pl\/plci_json_endpoint\/wp\/v2\/posts\/5762\/revisions"}],"predecessor-version":[{"id":5763,"href":"https:\/\/powiatlwowecki.pl\/plci_json_endpoint\/wp\/v2\/posts\/5762\/revisions\/5763"}],"wp:featuredmedia":[{"embeddable":true,"href":"https:\/\/powiatlwowecki.pl\/plci_json_endpoint\/wp\/v2\/media\/5756"}],"wp:attachment":[{"href":"https:\/\/powiatlwowecki.pl\/plci_json_endpoint\/wp\/v2\/media?parent=5762"}],"wp:term":[{"taxonomy":"category","embeddable":true,"href":"https:\/\/powiatlwowecki.pl\/plci_json_endpoint\/wp\/v2\/categories?post=5762"},{"taxonomy":"post_tag","embeddable":true,"href":"https:\/\/powiatlwowecki.pl\/plci_json_endpoint\/wp\/v2\/tags?post=5762"}],"curies":[{"name":"wp","href":"https:\/\/api.w.org\/{rel}","templated":true}]}}