{"id":5717,"date":"2023-12-29T08:43:38","date_gmt":"2023-12-29T07:43:38","guid":{"rendered":"https:\/\/powiatlwowecki.pl\/?p=5717"},"modified":"2024-12-31T10:15:57","modified_gmt":"2024-12-31T09:15:57","slug":"dyzur-aptek-2024","status":"publish","type":"post","link":"https:\/\/powiatlwowecki.pl\/dyzur-aptek-2024\/","title":{"rendered":"Dy\u017cur Aptek 2025"},"content":{"rendered":"<p><div class=\"fusion-fullwidth fullwidth-box fusion-builder-row-1 fusion-flex-container has-pattern-background has-mask-background nonhundred-percent-fullwidth non-hundred-percent-height-scrolling\" style=\"--awb-border-radius-top-left:0px;--awb-border-radius-top-right:0px;--awb-border-radius-bottom-right:0px;--awb-border-radius-bottom-left:0px;--awb-flex-wrap:wrap;\" ><div class=\"fusion-builder-row fusion-row fusion-flex-align-items-flex-start fusion-flex-content-wrap\" style=\"max-width:1248px;margin-left: calc(-4% \/ 2 );margin-right: calc(-4% \/ 2 );\"><div class=\"fusion-layout-column fusion_builder_column fusion-builder-column-0 fusion_builder_column_3_4 3_4 fusion-flex-column\" style=\"--awb-bg-size:cover;--awb-width-large:75%;--awb-margin-top-large:0px;--awb-spacing-right-large:2.56%;--awb-margin-bottom-large:20px;--awb-spacing-left-large:2.56%;--awb-width-medium:100%;--awb-order-medium:0;--awb-spacing-right-medium:1.92%;--awb-spacing-left-medium:1.92%;--awb-width-small:100%;--awb-order-small:0;--awb-spacing-right-small:1.92%;--awb-spacing-left-small:1.92%;\"><div class=\"fusion-column-wrapper fusion-column-has-shadow fusion-flex-justify-content-flex-start fusion-content-layout-column\"><div class=\"fusion-text fusion-text-1\"><p style=\"text-align: center;\"><strong>Uchwa\u0142a Nr 34\/81\/2024<\/strong><\/p>\n<p style=\"text-align: center;\"><strong>Zarz\u0105du Powiatu Lw\u00f3weckiego<\/strong><\/p>\n<p style=\"text-align: center;\"><strong>z dnia 15 listopada 2024 roku<\/strong><\/p>\n<p style=\"text-align: center;\"><strong>\u00a0<\/strong><\/p>\n<p style=\"text-align: center;\"><strong>w sprawie wyznaczenia apteki og\u00f3lnodost\u0119pnej do pe\u0142nienia dy\u017cur\u00f3w w porze nocnej i\u00a0dy\u017cur\u00f3w w dni wolne od pracy w 2025 roku<\/strong><\/p>\n<p style=\"text-align: center;\">\n<p>Na podstawie art. 94 ust. 3 ustawy z dnia 6\u00a0wrze\u015bnia 2001 roku \u2013 Prawo Farmaceutyczne (Dz.U.2024.686 t.j.) Zarz\u0105d Powiatu Lw\u00f3weckiego, uchwala co nast\u0119puje:<\/p>\n<p><strong>\u00a0<\/strong><\/p>\n<p>\u00a7 1. Wyznacza si\u0119 Aptek\u0119 \u201eNowa Apteka pod Gryfem\u201d w Gryfowie \u015al\u0105skim przy ul. Jeleniog\u00f3rskiej 5 prowadzon\u0105 przez Astro Sp\u00f3\u0142ka z o. o. do pe\u0142nienia dy\u017cur\u00f3w w 2025 roku:<\/p>\n<ol>\n<li>w porze nocnej w godzinach od 20.00 do 22.00 w dniach od poniedzia\u0142ku do niedzieli,<\/li>\n<li>we wszystkie dni wolne od pracy w godzinach od 10.00 do 14.00.<\/li>\n<\/ol>\n<p>\u00a7 2. Wykonanie uchwa\u0142y powierza si\u0119 Staro\u015bcie Lw\u00f3weckiemu.<\/p>\n<p>\u00a7 3. Uchwa\u0142a wchodzi w \u017cycie od dnia 1 stycznia 2025 roku.<\/p>\n<p style=\"text-align: center;\"><strong>Przewodnicz\u0105cy<\/strong><\/p>\n<p style=\"text-align: center;\"><strong>Zarz\u0105du Powiatu Lw\u00f3weckiego<\/strong><\/p>\n<p style=\"text-align: center;\"><strong>\u00a0<\/strong><\/p>\n<p style=\"text-align: center;\"><strong>Ma\u0142gorzata Szczepa\u0144ska<\/strong><\/p>\n<p style=\"text-align: center;\">\n<p style=\"text-align: right;\"><strong>Uzasadnienie do<\/strong><\/p>\n<p style=\"text-align: right;\"><strong>Uchwa\u0142y Nr 34\/81\/2024<\/strong><\/p>\n<p style=\"text-align: right;\"><strong>Zarz\u0105du Powiatu Lw\u00f3weckiego<\/strong><\/p>\n<p style=\"text-align: right;\"><strong>z dnia 15 listopada 2024 roku<\/strong><\/p>\n<p><strong>\u00a0<\/strong><\/p>\n<p><strong>\u00a0<\/strong><\/p>\n<p>W zwi\u0105zku z wej\u015bciem w \u017cycie od 2024 roku przepis\u00f3w zmieniaj\u0105cych zasady ustalania dy\u017cur\u00f3w aptek w porze nocnej i w dni wolne Zarz\u0105d Powiatu Lw\u00f3weckiego zosta\u0142 zobowi\u0105zany do ustalenia harmonogramu zapewniaj\u0105cego dost\u0119pno\u015b\u0107 zakupu wyrob\u00f3w medycznych w\u00a0aptekach poza przyj\u0119tymi godzinami pracy aptek w 2025 roku. Na podstawie przeprowadzonej diagnozy ustalono, \u017ce dy\u017cury na terenie Powiatu Lw\u00f3weckiego b\u0119d\u0105 realizowane w porze nocnej od godziny 20 do 22, a w dni wolne od 10 do 14.<\/p>\n<p>Powiat Lw\u00f3wecki zwr\u00f3ci\u0142 si\u0119 do podmiot\u00f3w prowadz\u0105cych apteki na terenie powiatu o z\u0142o\u017cenie deklaracji gotowo\u015bci pe\u0142nienia dy\u017cur\u00f3w w porze nocnej i w dni wolne. Z trzynastu funkcjonuj\u0105cych aptek dwie z\u0142o\u017cy\u0142y informacj\u0119 o mo\u017cliwo\u015bci pe\u0142nienia cz\u0119\u015bci dy\u017cur\u00f3w (jedna w Lw\u00f3wku \u015al\u0105skim i jedna w Mirsku), przy czym obie z nich z ograniczeniem do jednego tygodnia w miesi\u0105cu i bez dni wolnych. Trzecia ze zg\u0142aszaj\u0105cych si\u0119 aptek zadeklarowa\u0142a mo\u017cliwo\u015b\u0107 pe\u0142nienia dy\u017cur\u00f3w w porze nocnej i w dni wolne we wszystkie dni w roku, tym samym deklaruj\u0105c wype\u0142nienie ca\u0142ego harmonogramu.<\/p>\n<p>W zwi\u0105zku powy\u017cszym Zarz\u0105d Powiatu Lw\u00f3weckiego, maj\u0105c na uwadze potrzeby mieszka\u0144c\u00f3w w zakresie zapewnienia dost\u0119pu do zakupu wyrob\u00f3w medycznych w aptekach w porze nocnej i w dni wolne w 2025 r. oraz z\u0142o\u017cone deklaracje przez podmioty prowadz\u0105ce apteki wskaza\u0142 Now\u0105 Aptek\u0119 pod Gryfem w Gryfowie \u015al\u0105skim do pe\u0142nienia dy\u017cur\u00f3w w porze nocnej i w dni wolne w 2025 roku. Mo\u017cliwo\u015b\u0107 przypisania realizacji wszystkich dy\u017cur\u00f3w jednej aptece s\u0142u\u017cy przejrzysto\u015bci harmonogramu dy\u017cur\u00f3w. Nale\u017cy r\u00f3wnie\u017c doda\u0107, \u017ce apteka deklaruj\u0105ca ch\u0119\u0107 wype\u0142nienia harmonogramu w ca\u0142o\u015bci na 2025 rok jest aptek\u0105, kt\u00f3ra pe\u0142ni takie dy\u017cury w 2024 roku.<\/p>\n<\/div><div class=\"fusion-text fusion-text-2\"><\/div><\/div><\/div><div class=\"fusion-layout-column fusion_builder_column fusion-builder-column-1 fusion_builder_column_1_4 1_4 fusion-flex-column\" style=\"--awb-bg-size:cover;--awb-width-large:25%;--awb-margin-top-large:0px;--awb-spacing-right-large:7.68%;--awb-margin-bottom-large:20px;--awb-spacing-left-large:7.68%;--awb-width-medium:100%;--awb-order-medium:0;--awb-spacing-right-medium:1.92%;--awb-spacing-left-medium:1.92%;--awb-width-small:100%;--awb-order-small:0;--awb-spacing-right-small:1.92%;--awb-spacing-left-small:1.92%;\"><div class=\"fusion-column-wrapper fusion-column-has-shadow fusion-flex-justify-content-flex-start fusion-content-layout-column\"><div class=\"fusion-content-boxes content-boxes columns row fusion-columns-1 fusion-columns-total-1 fusion-content-boxes-1 content-boxes-icon-with-title content-left\" style=\"--awb-hover-accent-color:#f44336;--awb-circle-hover-accent-color:#f44336;--awb-item-margin-bottom:40px;\" data-animationOffset=\"top-into-view\"><div style=\"--awb-backgroundcolor:#2fb5a7;\" class=\"fusion-column content-box-column content-box-column content-box-column-1 col-lg-12 col-md-12 col-sm-12 fusion-content-box-hover content-box-column-last content-box-column-last-in-row\"><div class=\"col content-box-wrapper content-wrapper-background link-area-link-icon link-type-text content-icon-wrapper-yes icon-hover-animation-slide\" data-animationOffset=\"top-into-view\"><div class=\"heading icon-left\"><a class=\"heading-link\" style=\"float:left;\" href=\"https:\/\/powiatlwowecki.pl\/wp-content\/uploads\/2024\/12\/Tabela-godzin-pracy-aptek.pdf\" target=\"_self\"><h2 class=\"content-box-heading\" style=\"--h2_typography-font-size:24px;line-height:29px;\">Dy\u017cury Aptek <\/h2><\/a><\/div><div class=\"fusion-clearfix\"><\/div><a class=\" fusion-read-more\" style=\"float:left;\" href=\"https:\/\/powiatlwowecki.pl\/wp-content\/uploads\/2024\/12\/Tabela-godzin-pracy-aptek.pdf\" target=\"_self\">Pobierz <\/a><div class=\"fusion-clearfix\"><\/div><\/div><\/div><div class=\"fusion-clearfix\"><\/div><\/div><\/div><\/div><\/div><\/div><div class=\"fusion-fullwidth fullwidth-box fusion-builder-row-2 fusion-flex-container has-pattern-background has-mask-background nonhundred-percent-fullwidth non-hundred-percent-height-scrolling\" style=\"--awb-border-radius-top-left:0px;--awb-border-radius-top-right:0px;--awb-border-radius-bottom-right:0px;--awb-border-radius-bottom-left:0px;--awb-flex-wrap:wrap;\" ><div class=\"fusion-builder-row fusion-row fusion-flex-align-items-flex-start fusion-flex-content-wrap\" style=\"max-width:1248px;margin-left: calc(-4% \/ 2 );margin-right: calc(-4% \/ 2 );\"><div class=\"fusion-layout-column fusion_builder_column fusion-builder-column-2 fusion_builder_column_1_1 1_1 fusion-flex-column\" style=\"--awb-bg-size:cover;--awb-width-large:100%;--awb-margin-top-large:0px;--awb-spacing-right-large:1.92%;--awb-margin-bottom-large:20px;--awb-spacing-left-large:1.92%;--awb-width-medium:100%;--awb-order-medium:0;--awb-spacing-right-medium:1.92%;--awb-spacing-left-medium:1.92%;--awb-width-small:100%;--awb-order-small:0;--awb-spacing-right-small:1.92%;--awb-spacing-left-small:1.92%;\"><div class=\"fusion-column-wrapper fusion-column-has-shadow fusion-flex-justify-content-flex-start fusion-content-layout-column\"><div class=\"fusion-text fusion-text-3\"><\/div><\/div><\/div><\/div><\/div><\/p>\n","protected":false},"excerpt":{"rendered":"","protected":false},"author":8,"featured_media":3768,"comment_status":"closed","ping_status":"closed","sticky":false,"template":"","format":"standard","meta":{"_acf_changed":false,"footnotes":""},"categories":[5],"tags":[],"class_list":["post-5717","post","type-post","status-publish","format-standard","has-post-thumbnail","hentry","category-aktualnosci"],"acf":{"kal_data_wydarzenia":""},"_links":{"self":[{"href":"https:\/\/powiatlwowecki.pl\/plci_json_endpoint\/wp\/v2\/posts\/5717","targetHints":{"allow":["GET"]}}],"collection":[{"href":"https:\/\/powiatlwowecki.pl\/plci_json_endpoint\/wp\/v2\/posts"}],"about":[{"href":"https:\/\/powiatlwowecki.pl\/plci_json_endpoint\/wp\/v2\/types\/post"}],"author":[{"embeddable":true,"href":"https:\/\/powiatlwowecki.pl\/plci_json_endpoint\/wp\/v2\/users\/8"}],"replies":[{"embeddable":true,"href":"https:\/\/powiatlwowecki.pl\/plci_json_endpoint\/wp\/v2\/comments?post=5717"}],"version-history":[{"count":4,"href":"https:\/\/powiatlwowecki.pl\/plci_json_endpoint\/wp\/v2\/posts\/5717\/revisions"}],"predecessor-version":[{"id":8861,"href":"https:\/\/powiatlwowecki.pl\/plci_json_endpoint\/wp\/v2\/posts\/5717\/revisions\/8861"}],"wp:featuredmedia":[{"embeddable":true,"href":"https:\/\/powiatlwowecki.pl\/plci_json_endpoint\/wp\/v2\/media\/3768"}],"wp:attachment":[{"href":"https:\/\/powiatlwowecki.pl\/plci_json_endpoint\/wp\/v2\/media?parent=5717"}],"wp:term":[{"taxonomy":"category","embeddable":true,"href":"https:\/\/powiatlwowecki.pl\/plci_json_endpoint\/wp\/v2\/categories?post=5717"},{"taxonomy":"post_tag","embeddable":true,"href":"https:\/\/powiatlwowecki.pl\/plci_json_endpoint\/wp\/v2\/tags?post=5717"}],"curies":[{"name":"wp","href":"https:\/\/api.w.org\/{rel}","templated":true}]}}