{"id":5712,"date":"2023-12-28T10:13:25","date_gmt":"2023-12-28T09:13:25","guid":{"rendered":"https:\/\/powiatlwowecki.pl\/?p=5712"},"modified":"2023-12-28T10:13:25","modified_gmt":"2023-12-28T09:13:25","slug":"prace-serwisowe-w-wydziale-geodezji-kartografii-i-katastru","status":"publish","type":"post","link":"https:\/\/powiatlwowecki.pl\/prace-serwisowe-w-wydziale-geodezji-kartografii-i-katastru\/","title":{"rendered":"Prace serwisowe w Wydziale Geodezji Kartografii i Katastru"},"content":{"rendered":"<p style=\"text-align: center;\">W zwi\u0105zku z pracami serwisowymi\u00a0 Wydzia\u0142 Geodezji Kartografii i Katastru informuje \u017ce w dniu 31.12.2023 od godziny 15.00 do godziny 8.00 dnia 1.1.2024r.<\/p>\n<p style=\"text-align: center;\">nie b\u0119dzie mo\u017cliwy dost\u0119p i za\u0142atwienie spraw poprzez serwisy<\/p>\n<p style=\"text-align: center;\">I.Wniosek, I.Kerg I.Rzeczoznawca, I.Komornik, I.Projektant I.Narady.<\/p>\n","protected":false},"excerpt":{"rendered":"<p>W zwi\u0105zku z pracami serwisowymi\u00a0 Wydzia\u0142 Geodezji Kartografii i Katastru informuje \u017ce w dniu 31.12.2023 od godziny 15.00 do godziny 8.00 dnia 1.1.2024r. nie b\u0119dzie mo\u017cliwy dost\u0119p i za\u0142atwienie spraw poprzez serwisy I.Wniosek, I.Kerg I.Rzeczoznawca,  [&#8230;]<\/p>\n","protected":false},"author":4,"featured_media":5713,"comment_status":"closed","ping_status":"closed","sticky":false,"template":"","format":"standard","meta":{"_acf_changed":false,"footnotes":""},"categories":[5],"tags":[],"class_list":["post-5712","post","type-post","status-publish","format-standard","has-post-thumbnail","hentry","category-aktualnosci"],"acf":{"kal_data_wydarzenia":""},"_links":{"self":[{"href":"https:\/\/powiatlwowecki.pl\/plci_json_endpoint\/wp\/v2\/posts\/5712","targetHints":{"allow":["GET"]}}],"collection":[{"href":"https:\/\/powiatlwowecki.pl\/plci_json_endpoint\/wp\/v2\/posts"}],"about":[{"href":"https:\/\/powiatlwowecki.pl\/plci_json_endpoint\/wp\/v2\/types\/post"}],"author":[{"embeddable":true,"href":"https:\/\/powiatlwowecki.pl\/plci_json_endpoint\/wp\/v2\/users\/4"}],"replies":[{"embeddable":true,"href":"https:\/\/powiatlwowecki.pl\/plci_json_endpoint\/wp\/v2\/comments?post=5712"}],"version-history":[{"count":0,"href":"https:\/\/powiatlwowecki.pl\/plci_json_endpoint\/wp\/v2\/posts\/5712\/revisions"}],"wp:featuredmedia":[{"embeddable":true,"href":"https:\/\/powiatlwowecki.pl\/plci_json_endpoint\/wp\/v2\/media\/5713"}],"wp:attachment":[{"href":"https:\/\/powiatlwowecki.pl\/plci_json_endpoint\/wp\/v2\/media?parent=5712"}],"wp:term":[{"taxonomy":"category","embeddable":true,"href":"https:\/\/powiatlwowecki.pl\/plci_json_endpoint\/wp\/v2\/categories?post=5712"},{"taxonomy":"post_tag","embeddable":true,"href":"https:\/\/powiatlwowecki.pl\/plci_json_endpoint\/wp\/v2\/tags?post=5712"}],"curies":[{"name":"wp","href":"https:\/\/api.w.org\/{rel}","templated":true}]}}