{"id":5704,"date":"2023-12-20T13:06:28","date_gmt":"2023-12-20T12:06:28","guid":{"rendered":"https:\/\/powiatlwowecki.pl\/?p=5704"},"modified":"2023-12-20T13:06:28","modified_gmt":"2023-12-20T12:06:28","slug":"starosta-lwowecki-wraz-z-przewodniczaca-rady-powiatu-lwoweckiego-skladaja-wszystkim-mieszkancom-najserdeczniejsze-zyczenia","status":"publish","type":"post","link":"https:\/\/powiatlwowecki.pl\/starosta-lwowecki-wraz-z-przewodniczaca-rady-powiatu-lwoweckiego-skladaja-wszystkim-mieszkancom-najserdeczniejsze-zyczenia\/","title":{"rendered":"Starosta Lw\u00f3wecki wraz z  Przewodnicz\u0105c\u0105 Rady Powiatu Lw\u00f3weckiego sk\u0142adaj\u0105 wszystkim mieszka\u0144com najserdeczniejsze \u017cyczenia."},"content":{"rendered":"<p>&nbsp;<\/p>\n<p><img decoding=\"async\" class=\"alignnone size-full wp-image-5703\" src=\"https:\/\/powiatlwowecki.pl\/wp-content\/uploads\/2023\/12\/Kopia-\u2013-Red-Minimalist-Christmas-Folded-Card-scaled.jpg\" alt=\"\" width=\"1792\" height=\"2560\" srcset=\"https:\/\/powiatlwowecki.pl\/wp-content\/uploads\/2023\/12\/Kopia-\u2013-Red-Minimalist-Christmas-Folded-Card-17x24.jpg 17w, https:\/\/powiatlwowecki.pl\/wp-content\/uploads\/2023\/12\/Kopia-\u2013-Red-Minimalist-Christmas-Folded-Card-25x36.jpg 25w, https:\/\/powiatlwowecki.pl\/wp-content\/uploads\/2023\/12\/Kopia-\u2013-Red-Minimalist-Christmas-Folded-Card-34x48.jpg 34w, https:\/\/powiatlwowecki.pl\/wp-content\/uploads\/2023\/12\/Kopia-\u2013-Red-Minimalist-Christmas-Folded-Card-200x286.jpg 200w, https:\/\/powiatlwowecki.pl\/wp-content\/uploads\/2023\/12\/Kopia-\u2013-Red-Minimalist-Christmas-Folded-Card-210x300.jpg 210w, https:\/\/powiatlwowecki.pl\/wp-content\/uploads\/2023\/12\/Kopia-\u2013-Red-Minimalist-Christmas-Folded-Card-400x571.jpg 400w, https:\/\/powiatlwowecki.pl\/wp-content\/uploads\/2023\/12\/Kopia-\u2013-Red-Minimalist-Christmas-Folded-Card-600x857.jpg 600w, https:\/\/powiatlwowecki.pl\/wp-content\/uploads\/2023\/12\/Kopia-\u2013-Red-Minimalist-Christmas-Folded-Card-717x1024.jpg 717w, https:\/\/powiatlwowecki.pl\/wp-content\/uploads\/2023\/12\/Kopia-\u2013-Red-Minimalist-Christmas-Folded-Card-768x1097.jpg 768w, https:\/\/powiatlwowecki.pl\/wp-content\/uploads\/2023\/12\/Kopia-\u2013-Red-Minimalist-Christmas-Folded-Card-800x1143.jpg 800w, https:\/\/powiatlwowecki.pl\/wp-content\/uploads\/2023\/12\/Kopia-\u2013-Red-Minimalist-Christmas-Folded-Card-1075x1536.jpg 1075w, https:\/\/powiatlwowecki.pl\/wp-content\/uploads\/2023\/12\/Kopia-\u2013-Red-Minimalist-Christmas-Folded-Card-1200x1714.jpg 1200w, https:\/\/powiatlwowecki.pl\/wp-content\/uploads\/2023\/12\/Kopia-\u2013-Red-Minimalist-Christmas-Folded-Card-1434x2048.jpg 1434w, https:\/\/powiatlwowecki.pl\/wp-content\/uploads\/2023\/12\/Kopia-\u2013-Red-Minimalist-Christmas-Folded-Card-scaled.jpg 1792w\" sizes=\"(max-width: 1792px) 100vw, 1792px\" \/><\/p>\n<p>&nbsp;<\/p>\n<p class=\"cvGsUA direction-ltr align-center para-style-body\" style=\"text-align: center;\"><span class=\"OYPEnA text-decoration-none text-strikethrough-none\">W magiczny czas Bo\u017cego Narodzenia \u017cyczymy niezapomnianych chwil sp\u0119dzonych w ciep\u0142ym gronie rodziny i przyjaci\u00f3\u0142.<\/span><\/p>\n<p class=\"cvGsUA direction-ltr align-center para-style-body\" style=\"text-align: center;\"><span class=\"OYPEnA text-decoration-none text-strikethrough-none\">Niech zbli\u017caj\u0105ce si\u0119 \u015awi\u0119ta nape\u0142ni\u0105 Pa\u0144stwa domy i serca niegasn\u0105c\u0105 rado\u015bci\u0105. <\/span><\/p>\n<p class=\"cvGsUA direction-ltr align-center para-style-body\" style=\"text-align: center;\"><span class=\"OYPEnA text-decoration-none text-strikethrough-none\">\u0141ami\u0105c si\u0119 op\u0142atkiem przy wigilijnym stole uczmy si\u0119 wzajemnego zrozumienia. <\/span><\/p>\n<p class=\"cvGsUA direction-ltr align-center para-style-body\" style=\"text-align: center;\"><span class=\"OYPEnA text-decoration-none text-strikethrough-none\">Dzielmy si\u0119 mi\u0142o\u015bci\u0105 i \u017cyczliwo\u015bci\u0105.<\/span><\/p>\n<p class=\"cvGsUA direction-ltr align-center para-style-body\" style=\"text-align: center;\"><span class=\"OYPEnA text-decoration-none text-strikethrough-none\">W Nowym Roku niech ka\u017cdy dzie\u0144 b\u0119dzie pe\u0142en nadziei, spe\u0142nienia marze\u0144 i sukces\u00f3w. <\/span><\/p>\n<p class=\"cvGsUA direction-ltr align-center para-style-body\" style=\"text-align: center;\"><span class=\"OYPEnA text-decoration-none text-strikethrough-none\">\u017byczymy Wam zdrowia pomy\u015blno\u015bci oraz wielu radosnych moment\u00f3w.<\/span><\/p>\n<p class=\"cvGsUA direction-ltr align-center para-style-body\" style=\"text-align: center;\"><span class=\"OYPEnA text-decoration-none text-strikethrough-none\"> Niech te \u015awi\u0105teczne dni nios\u0105 ze sob\u0105 spok\u00f3j <\/span><span class=\"OYPEnA text-decoration-none text-strikethrough-none\">i dobro, a ka\u017cdy Nowy Rok niech b\u0119dzie lepszy od poprzedniego.<\/span><\/p>\n<p>&nbsp;<\/p>\n<p class=\"cvGsUA direction-ltr align-start para-style-body\" style=\"text-align: right;\"><span class=\"OYPEnA text-decoration-none text-strikethrough-none\">\u017byczenia sk\u0142adaj\u0105 w imieniu Zarz\u0105du<\/span><\/p>\n<p class=\"cvGsUA direction-ltr align-start para-style-body\" style=\"text-align: right;\"><span class=\"OYPEnA text-decoration-none text-strikethrough-none\">Starosta Lw\u00f3wecki Daniel Koko<\/span><\/p>\n<p class=\"cvGsUA direction-ltr align-start para-style-body\" style=\"text-align: right;\"><span class=\"OYPEnA text-decoration-none text-strikethrough-none\">w imieniu Rady Powiatu<\/span><\/p>\n<p class=\"cvGsUA direction-ltr align-start para-style-body\" style=\"text-align: right;\"><span class=\"OYPEnA text-decoration-none text-strikethrough-none\">Przewodnicz\u0105ca Rady Powiatu Ma\u0142gorzata Szczepa\u0144ska<\/span><\/p>\n<p>&nbsp;<\/p>\n<p>&nbsp;<\/p>\n<p>&nbsp;<\/p>\n<p>&nbsp;<\/p>\n","protected":false},"excerpt":{"rendered":"<p>&nbsp; &nbsp; W magiczny czas Bo\u017cego Narodzenia \u017cyczymy niezapomnianych chwil sp\u0119dzonych w ciep\u0142ym gronie rodziny i przyjaci\u00f3\u0142. Niech zbli\u017caj\u0105ce si\u0119 \u015awi\u0119ta nape\u0142ni\u0105 Pa\u0144stwa domy i serca niegasn\u0105c\u0105 rado\u015bci\u0105. \u0141ami\u0105c si\u0119 op\u0142atkiem przy wigilijnym stole uczmy  [&#8230;]<\/p>\n","protected":false},"author":8,"featured_media":5702,"comment_status":"closed","ping_status":"closed","sticky":false,"template":"","format":"standard","meta":{"_acf_changed":false,"footnotes":""},"categories":[5],"tags":[],"class_list":["post-5704","post","type-post","status-publish","format-standard","has-post-thumbnail","hentry","category-aktualnosci"],"acf":{"kal_data_wydarzenia":""},"_links":{"self":[{"href":"https:\/\/powiatlwowecki.pl\/plci_json_endpoint\/wp\/v2\/posts\/5704","targetHints":{"allow":["GET"]}}],"collection":[{"href":"https:\/\/powiatlwowecki.pl\/plci_json_endpoint\/wp\/v2\/posts"}],"about":[{"href":"https:\/\/powiatlwowecki.pl\/plci_json_endpoint\/wp\/v2\/types\/post"}],"author":[{"embeddable":true,"href":"https:\/\/powiatlwowecki.pl\/plci_json_endpoint\/wp\/v2\/users\/8"}],"replies":[{"embeddable":true,"href":"https:\/\/powiatlwowecki.pl\/plci_json_endpoint\/wp\/v2\/comments?post=5704"}],"version-history":[{"count":0,"href":"https:\/\/powiatlwowecki.pl\/plci_json_endpoint\/wp\/v2\/posts\/5704\/revisions"}],"wp:featuredmedia":[{"embeddable":true,"href":"https:\/\/powiatlwowecki.pl\/plci_json_endpoint\/wp\/v2\/media\/5702"}],"wp:attachment":[{"href":"https:\/\/powiatlwowecki.pl\/plci_json_endpoint\/wp\/v2\/media?parent=5704"}],"wp:term":[{"taxonomy":"category","embeddable":true,"href":"https:\/\/powiatlwowecki.pl\/plci_json_endpoint\/wp\/v2\/categories?post=5704"},{"taxonomy":"post_tag","embeddable":true,"href":"https:\/\/powiatlwowecki.pl\/plci_json_endpoint\/wp\/v2\/tags?post=5704"}],"curies":[{"name":"wp","href":"https:\/\/api.w.org\/{rel}","templated":true}]}}