{"id":5631,"date":"2023-12-13T12:56:06","date_gmt":"2023-12-13T11:56:06","guid":{"rendered":"https:\/\/powiatlwowecki.pl\/?p=5631"},"modified":"2023-12-13T12:56:06","modified_gmt":"2023-12-13T11:56:06","slug":"szczepienia-przeciw-covid-19","status":"publish","type":"post","link":"https:\/\/powiatlwowecki.pl\/szczepienia-przeciw-covid-19\/","title":{"rendered":"Szczepienia przeciw COVID-19"},"content":{"rendered":"<p>Powiatowa Stacja Sanitarno-Epidemiologiczna we Lw\u00f3wku \u015al\u0105skim, maj\u0105c na uwadze podejmowane przez Ministra Zdrowia dzia\u0142ania na rzecz realizacji szczepie\u0144 przeciw Covid-19, przekazuje informacj\u0119, \u017ce z dniem 1 grudnia 2023 r. do wykonywania szczepie\u0144 przeciw Covid-19 zosta\u0142y wskazane przychodnie POZ oraz apteki og\u00f3lnodost\u0119pne, kt\u00f3re wyst\u0105pi\u0105 do Rz\u0105dowej Agencji Rezerw Strategicznych o szczepionki przeciw Covid-19. Aktualna lista punkt\u00f3w szczepie\u0144, dost\u0119pna jest na stronie:<\/p>\n<p><a href=\"https:\/\/pacjent.gov.pl\/artykul\/punkty-szczepien-przeciw-covid-19\">https:\/\/pacjent.gov.pl\/artykul\/punkty-szczepien-przeciw-covid-19<\/a><\/p>\n<p>Szczepienia s\u0105 bezp\u0142atne i zalecane.<\/p>\n<p>Aktualne i rzetelne informacje dotycz\u0105ce szczepienia przeciw COVId-19 dost\u0119pne s\u0105:<\/p>\n<ul>\n<li>na stronie internetowej Ministerstwa Zdrowia i pacjent.gov.pl<\/li>\n<\/ul>\n<p><a href=\"https:\/\/www.gov.pl\/web\/zdrowie\/szczepionka-nuvaxovid-dostepna-od-6-grudnia\">https:\/\/www.gov.pl\/web\/zdrowie\/szczepionka-nuvaxovid-dostepna-od-6-grudnia<\/a><\/p>\n<p>&nbsp;<\/p>\n<ul>\n<li>pod Komunikatem nr 34 Ministra Zdrowia w sprawie realizacji szczepie\u0144<\/li>\n<\/ul>\n<p>przeciw COVID-19 w sezonie 2023\/2024<\/p>\n<p><a href=\"https:\/\/www.gov.pl\/web\/zdrowie\/komunikat-ministra-zdrowia-w-sprawie-realizacji-szczepien-przeciw-covid-19-w-sezonie-20232024\">https:\/\/www.gov.pl\/web\/zdrowie\/komunikat-ministra-zdrowia-w-sprawie-realizacji-szczepien-przeciw-covid-19-w-sezonie-20232024<\/a><\/p>\n<p>&nbsp;<\/p>\n<ul>\n<li>\u00a0na portalu szczepienia.info, prowadzonym przez Narodowego Instytutu Zdrowia Publicznego Pa\u0144stwowy Zak\u0142ad Higieny \u2013 Pa\u0144stwowy Instytut Badawczy<\/li>\n<\/ul>\n<p><a href=\"https:\/\/szczepienia.pzh.gov.pl\/wersja\/dla-pacjentow\/\">https:\/\/szczepienia.pzh.gov.pl\/wersja\/dla-pacjentow\/<\/a><\/p>\n<p>&nbsp;<\/p>\n<p>&nbsp;<\/p>\n","protected":false},"excerpt":{"rendered":"<p>Powiatowa Stacja Sanitarno-Epidemiologiczna we Lw\u00f3wku \u015al\u0105skim, maj\u0105c na uwadze podejmowane przez Ministra Zdrowia dzia\u0142ania na rzecz realizacji szczepie\u0144 przeciw Covid-19, przekazuje informacj\u0119, \u017ce z dniem 1 grudnia 2023 r. do wykonywania szczepie\u0144 przeciw Covid-19 zosta\u0142y  [&#8230;]<\/p>\n","protected":false},"author":8,"featured_media":5630,"comment_status":"closed","ping_status":"closed","sticky":false,"template":"","format":"standard","meta":{"_acf_changed":false,"footnotes":""},"categories":[5],"tags":[],"class_list":["post-5631","post","type-post","status-publish","format-standard","has-post-thumbnail","hentry","category-aktualnosci"],"acf":{"kal_data_wydarzenia":""},"_links":{"self":[{"href":"https:\/\/powiatlwowecki.pl\/plci_json_endpoint\/wp\/v2\/posts\/5631","targetHints":{"allow":["GET"]}}],"collection":[{"href":"https:\/\/powiatlwowecki.pl\/plci_json_endpoint\/wp\/v2\/posts"}],"about":[{"href":"https:\/\/powiatlwowecki.pl\/plci_json_endpoint\/wp\/v2\/types\/post"}],"author":[{"embeddable":true,"href":"https:\/\/powiatlwowecki.pl\/plci_json_endpoint\/wp\/v2\/users\/8"}],"replies":[{"embeddable":true,"href":"https:\/\/powiatlwowecki.pl\/plci_json_endpoint\/wp\/v2\/comments?post=5631"}],"version-history":[{"count":0,"href":"https:\/\/powiatlwowecki.pl\/plci_json_endpoint\/wp\/v2\/posts\/5631\/revisions"}],"wp:featuredmedia":[{"embeddable":true,"href":"https:\/\/powiatlwowecki.pl\/plci_json_endpoint\/wp\/v2\/media\/5630"}],"wp:attachment":[{"href":"https:\/\/powiatlwowecki.pl\/plci_json_endpoint\/wp\/v2\/media?parent=5631"}],"wp:term":[{"taxonomy":"category","embeddable":true,"href":"https:\/\/powiatlwowecki.pl\/plci_json_endpoint\/wp\/v2\/categories?post=5631"},{"taxonomy":"post_tag","embeddable":true,"href":"https:\/\/powiatlwowecki.pl\/plci_json_endpoint\/wp\/v2\/tags?post=5631"}],"curies":[{"name":"wp","href":"https:\/\/api.w.org\/{rel}","templated":true}]}}