{"id":5419,"date":"2023-11-21T07:58:06","date_gmt":"2023-11-21T06:58:06","guid":{"rendered":"https:\/\/powiatlwowecki.pl\/?p=5419"},"modified":"2023-11-21T07:58:06","modified_gmt":"2023-11-21T06:58:06","slug":"zapraszamy-na-i-spotkanie-dedykowane-dolnoslaskim-producentom-branzy-spozywczej","status":"publish","type":"post","link":"https:\/\/powiatlwowecki.pl\/zapraszamy-na-i-spotkanie-dedykowane-dolnoslaskim-producentom-branzy-spozywczej\/","title":{"rendered":"Zapraszamy na I spotkanie dedykowane dolno\u015bl\u0105skim producentom bran\u017cy spo\u017cywczej"},"content":{"rendered":"<div class=\"fusion-fullwidth fullwidth-box fusion-builder-row-1 fusion-flex-container nonhundred-percent-fullwidth non-hundred-percent-height-scrolling\" style=\"--awb-border-radius-top-left:0px;--awb-border-radius-top-right:0px;--awb-border-radius-bottom-right:0px;--awb-border-radius-bottom-left:0px;--awb-flex-wrap:wrap;\" ><div class=\"fusion-builder-row fusion-row fusion-flex-align-items-flex-start fusion-flex-content-wrap\" style=\"max-width:1248px;margin-left: calc(-4% \/ 2 );margin-right: calc(-4% \/ 2 );\"><div class=\"fusion-layout-column fusion_builder_column fusion-builder-column-0 fusion_builder_column_1_1 1_1 fusion-flex-column\" style=\"--awb-bg-size:cover;--awb-width-large:100%;--awb-margin-top-large:0px;--awb-spacing-right-large:1.92%;--awb-margin-bottom-large:0px;--awb-spacing-left-large:1.92%;--awb-width-medium:100%;--awb-spacing-right-medium:1.92%;--awb-spacing-left-medium:1.92%;--awb-width-small:100%;--awb-spacing-right-small:1.92%;--awb-spacing-left-small:1.92%;\"><div class=\"fusion-column-wrapper fusion-flex-justify-content-flex-start fusion-content-layout-column\"><div class=\"fusion-content-boxes content-boxes columns row fusion-columns-1 fusion-columns-total-1 fusion-content-boxes-1 content-boxes-icon-with-title content-left\" style=\"--awb-hover-accent-color:#f44336;--awb-circle-hover-accent-color:#f44336;--awb-item-margin-bottom:40px;\" data-animationOffset=\"top-into-view\"><div style=\"--awb-backgroundcolor:var(--awb-color4);\" class=\"fusion-column content-box-column content-box-column content-box-column-1 col-lg-12 col-md-12 col-sm-12 fusion-content-box-hover content-box-column-last content-box-column-last-in-row\"><div class=\"col content-box-wrapper content-wrapper-background link-area-link-icon link-type-text content-icon-wrapper-yes icon-hover-animation-slide\" data-animationOffset=\"top-into-view\"><div class=\"heading icon-left\"><a class=\"heading-link\" style=\"float:left;\" href=\"https:\/\/powiatlwowecki.pl\/wp-content\/uploads\/2023\/11\/Mapa-szkolenie-25.11.pdf\" target=\"_self\"><h2 class=\"content-box-heading\" style=\"--h2_typography-font-size:24px;line-height:29px;\">Mapa szkolenia <\/h2><\/a><\/div><\/div><\/div><div class=\"fusion-clearfix\"><\/div><\/div><div class=\"fusion-text fusion-text-1\"><h1><span style=\"font-size: 36pt; font-family: Impact, Chicago; color: #008000;\">W<\/span> <span style=\"font-size: 18pt;\">imieniu organizatora<\/span><\/h1>\n<p>Serdecznie <strong>zapraszamy na I. spotkanie dedykowane dolno\u015bl\u0105skim producentom bran\u017cy spo\u017cywczej, kt\u00f3re odb\u0119dzie si\u0119 stacjonarnie w dniu 25 listopada 2023 r. o godz. 11.30<\/strong> <u>na Uniwersytecie Ekonomicznym we Wroc\u0142awiu <\/u>w budynku A sala nr 214 (II pi\u0119tro).<\/p>\n<p>W przypadku braku mo\u017cliwo\u015bci bezpo\u015bredniego udzia\u0142u w spotkaniu, <u>b\u0119dzie mo\u017cna uczestniczy\u0107 w nim w formie on-line.<\/u><\/p>\n<p>Wydarzenie b\u0119dzie okazj\u0105 do zapoznania si\u0119 z dzia\u0142aniami planowanymi przez DPR, ale tak\u017ce poznania praktycznych wskaz\u00f3wek dotycz\u0105cych promocji produkt\u00f3w w socjal mediach oraz wsp\u00f3lnego spotkania i wymiany do\u015bwiadcze\u0144.<\/p>\n<p><strong>Program spotkania:<\/strong><\/p>\n<table>\n<tbody>\n<tr>\n<td width=\"113\">Godziny<\/td>\n<td width=\"491\">Temat<\/td>\n<\/tr>\n<tr>\n<td width=\"113\"><strong>11.30<\/strong>-12.00<\/td>\n<td width=\"491\">Przedstawienie podstawowych za\u0142o\u017ce\u0144 i mo\u017cliwych kierunk\u00f3w wsparcia dolno\u015bl\u0105skich producent\u00f3w.<\/p>\n<p>Wyst\u0105pienie Go\u015bcia specjalnego.<\/td>\n<\/tr>\n<tr>\n<td width=\"113\">12.00-13.00<\/td>\n<td width=\"491\">Prezentacja strategii komunikacji oraz nowoczesnych technik promocji produkt\u00f3w regionalnych przy u\u017cyciu social medi\u00f3w.<\/td>\n<\/tr>\n<tr>\n<td width=\"113\">13.00-13.45<\/td>\n<td width=\"491\">Prezentacja internetowej platformy (Marketplace) oraz jej podstawowych funkcjonalno\u015bci i za\u0142o\u017ce\u0144 biznesowych.<\/td>\n<\/tr>\n<tr>\n<td width=\"113\">13.45-<strong>14.30<\/strong><\/td>\n<td width=\"491\">Rozmowy kuluarowe \u2013 pocz\u0119stunek<\/td>\n<\/tr>\n<\/tbody>\n<\/table>\n<p>Liczymy, \u017ce Pa\u0144stwa <strong>udzia\u0142 w wydarzeniu b\u0119dzie stanowi\u0107 pierwszy krok<\/strong> do rozwoju bran\u017cy oraz pozytywnie prze\u0142o\u017cy si\u0119 na rozpoznawalno\u015b\u0107 dolno\u015bl\u0105skiej platformy sprzeda\u017cowej, kt\u00f3ra ma pom\u00f3c rozwija\u0107 Pa\u0144stwa ofert\u0119, zwi\u0119ksza\u0107 sprzeda\u017c, a tak\u017ce pozwoli do\u0142\u0105czy\u0107 do spo\u0142eczno\u015bci pasjonat\u00f3w dobrej \u017cywno\u015bci (w Polsce i za granic\u0105), kt\u00f3rzy doceni\u0105 wyj\u0105tkowe produkty i stan\u0105 si\u0119 lojalnymi Klientami.<\/p>\n<p><strong>Czekamy na Pa\u0144stwa zg\u0142oszenia w wydarzeniu.<\/strong> Prosimy o <u>potwierdzenie udzia\u0142u do 21.11.2023 r.<\/u> poprzez wys\u0142anie e-mail na: <a href=\"mailto:producenci@d-pr.pl\">producenci@d-pr.pl<\/a><\/p>\n<p>Podczas wysy\u0142ania zg\u0142osze\u0144 prosz\u0119 wskaza\u0107 <strong>ilo\u015b\u0107 os\u00f3b oraz form\u0119 uczestnictwa<\/strong> \u2013 obecno\u015b\u0107 na miejscu lub on-line. W przypadku zg\u0142oszenia ch\u0119ci uczestnictwa on-line w kolejnym mailu wy\u015blemy link do transmisji.<\/p>\n<p>W przypadku jakichkolwiek pyta\u0144, prosimy o kontakt mailowy lub telefoniczny: e-mail: <a href=\"mailto:producenci@d-pr.pl\">producenci@d-pr.pl<\/a> , tel.: + 48\u00a0453\u00a0409\u00a0403<\/p>\n<p><strong><u>Rozpocz\u0119cie wsp\u00f3\u0142pracy.<\/u><\/strong><\/p>\n<p>Zapraszamy wszystkich producent\u00f3w z Dolnego \u015al\u0105ska <strong>do uczestnictwa w nowej platformie sprzeda\u017cowej, dedykowanej produktom regionalnym i lokalnym.<\/strong><\/p>\n<p><strong>W pierwszym kroku <\/strong>prosz\u0119 utworzy\u0107 konto na:<\/p>\n<p><a href=\"https:\/\/dolnoslaskieproduktyregionalne.pl\/producenci\">https:\/\/dolnoslaskieproduktyregionalne.pl\/producenci<\/a><\/p>\n<p>Nast\u0119pnie prosz\u0119 czeka\u0107 na kolejne wiadomo\u015bci\/instrukcje z naszej strony.<\/p>\n<p>W przypadku pyta\u0144 prosz\u0119 zg\u0142asza\u0107 si\u0119 bezpo\u015brednio do nas: <a href=\"mailto:producenci@d-pr.pl\">producenci@d-pr.pl<\/a> lub tel.: + 48\u00a0453\u00a0409\u00a0403.<\/p>\n<p>Jeste\u015bmy przekonani, \u017ce regionalne i lokalne produkty z Dolnego \u015al\u0105ska powinny by\u0107 doceniane i promowane na szerok\u0105 skal\u0119, dlatego naszym celem by\u0142o stworzenie miejsca \u0142\u0105cz\u0105cego producent\u00f3w z Dolnego \u015al\u0105ska oraz \u015bwiadomych konsument\u00f3w, zainteresowanych zdrowym stylem \u017cycia, poszukuj\u0105cych prawdziwego jedzenia i unikalnych produkt\u00f3w w swoim otoczeniu. Powstanie platformy dedykowanej tym tematom jest jednym z zada\u0144, kt\u00f3re Sp\u00f3\u0142ka Dolno\u015bl\u0105skie Produkty Regionalne, ma realizowa\u0107 w celu koordynacji dzia\u0142a\u0144 promuj\u0105cych i wspieraj\u0105cych dolno\u015bl\u0105skie produkty i ich producent\u00f3w.<\/p>\n<p>Jeste\u015bcie Pa\u0144stwo producentami, dla kt\u00f3rych tworzenie produkt\u00f3w to cz\u0119sto prawdziwa pasja i powo\u0142anie. Wasze do\u015bwiadczenie czerpane z tradycji i serce, kt\u00f3re wk\u0142adacie w ka\u017cdy wyr\u00f3b, sk\u0142adaj\u0105 si\u0119 na jego doskona\u0142o\u015b\u0107 i wyj\u0105tkowo\u015b\u0107, odr\u00f3\u017cniaj\u0105c te produkty od masowej produkcji. Chcemy w specjalny spos\u00f3b wyr\u00f3\u017cni\u0107 Wasz\u0105 prac\u0119 i pom\u00f3c promowa\u0107 dolno\u015bl\u0105skie marki oraz da\u0107 Pa\u0144stwu mo\u017cliwo\u015b\u0107 zaprezentowania efekt\u00f3w Waszej pracy szerokiemu gronu os\u00f3b.<\/p>\n<p>To nie b\u0119dzie zwyk\u0142y sklep! Pragniemy zbudowa\u0107 i przekaza\u0107 nowoczesne miejsce, kt\u00f3re stawiaj\u0105c na jako\u015b\u0107, lokalno\u015b\u0107 i autentyczno\u015b\u0107, zapewni wygodny dost\u0119p do najlepszej \u017cywno\u015bci i b\u0119dzie dla wszystkich uczestnik\u00f3w oznacza\u0142o mn\u00f3stwo korzy\u015bci:<\/p>\n<p>\u00d8\u00a0 Producentom da mo\u017cliwo\u015b\u0107 bezpo\u015bredniej sprzeda\u017cy produkt\u00f3w, a tak\u017ce zaprezentowania si\u0119 i podzielenia si\u0119 swoimi inspiruj\u0105cymi historiami dotycz\u0105cymi procesu produkcji swoich wyrob\u00f3w. Poka\u017cemy ludzi\u00a0 i efekty ich pracy &#8211; wyj\u0105tkowe produkty, kt\u00f3re dzi\u0119ki tradycyjnym metody przetwarzania zapewniaj\u0105 wysok\u0105 jako\u015b\u0107, niezapomniane smaki i aromaty, przestan\u0105 by\u0107 anonimowe.<\/p>\n<p>\u00d8\u00a0 Odbiorcom da mo\u017cliwo\u015b\u0107 dotarcia do miejsca, kt\u00f3re rozbudzi kulinarn\u0105 ciekawo\u015b\u0107, zapewni im produkty prosto od producenta, z najlepszej jako\u015bci, naturalnych sk\u0142adnik\u00f3w, wytwarzanych cz\u0119sto w ma\u0142ych manufakturach oraz zaspokoi ich potrzeb\u0119 do\u015bwiadczania, eksplorowania i smakowania niesztampowych produkt\u00f3w. Oszcz\u0119dzi im czas na szukaniu produkt\u00f3w ze sprawdzonych, pewnych miejsc i jednocze\u015bnie pomo\u017ce wspiera\u0107 lokalnych wytw\u00f3rc\u00f3w.<\/p>\n<p>Wsp\u00f3lnie chcemy przekonywa\u0107 Klient\u00f3w, \u017ce warto poznawa\u0107 i korzysta\u0107 z bogactwa prawdziwego jedzenia, naturalnej \u017cywno\u015bci i produkt\u00f3w tradycyjnego rzemios\u0142a oferowanych w naszym regionie. Chcemy stworzy\u0107 miejsce jakiego do tej pory w sieci nie by\u0142o \u2013 najbardziej aktualn\u0105 baz\u0119, skupiaj\u0105c\u0105 producent\u00f3w spo\u017cywczych produkt\u00f3w regionalnych i lokalnych na Dolnym \u015al\u0105sku.<\/p>\n<p><strong>Dlatego zapraszamy wszystkich Producent\u00f3w do zaprezentowania si\u0119 na internetowej platformie, niezale\u017cnie od podj\u0119cia decyzji o sprzeda\u017cy swoich produkt\u00f3w za jej po\u015brednictwem. <\/strong><\/p>\n<p><strong>Jest to pierwszy etap promocji i wpierania Pa\u0144stwa dzia\u0142alno\u015bci.<\/strong><\/p>\n<p><img decoding=\"async\" class=\"alignnone size-full wp-image-5421\" src=\"https:\/\/powiatlwowecki.pl\/wp-content\/uploads\/2023\/11\/Zrzut-ekranu-2023-11-21-074240.png\" alt=\"\" width=\"800\" height=\"909\" srcset=\"https:\/\/powiatlwowecki.pl\/wp-content\/uploads\/2023\/11\/Zrzut-ekranu-2023-11-21-074240-21x24.png 21w, https:\/\/powiatlwowecki.pl\/wp-content\/uploads\/2023\/11\/Zrzut-ekranu-2023-11-21-074240-32x36.png 32w, https:\/\/powiatlwowecki.pl\/wp-content\/uploads\/2023\/11\/Zrzut-ekranu-2023-11-21-074240-42x48.png 42w, https:\/\/powiatlwowecki.pl\/wp-content\/uploads\/2023\/11\/Zrzut-ekranu-2023-11-21-074240-200x227.png 200w, https:\/\/powiatlwowecki.pl\/wp-content\/uploads\/2023\/11\/Zrzut-ekranu-2023-11-21-074240-264x300.png 264w, https:\/\/powiatlwowecki.pl\/wp-content\/uploads\/2023\/11\/Zrzut-ekranu-2023-11-21-074240-400x455.png 400w, https:\/\/powiatlwowecki.pl\/wp-content\/uploads\/2023\/11\/Zrzut-ekranu-2023-11-21-074240-600x682.png 600w, https:\/\/powiatlwowecki.pl\/wp-content\/uploads\/2023\/11\/Zrzut-ekranu-2023-11-21-074240-768x873.png 768w, https:\/\/powiatlwowecki.pl\/wp-content\/uploads\/2023\/11\/Zrzut-ekranu-2023-11-21-074240.png 800w\" sizes=\"(max-width: 800px) 100vw, 800px\" \/><\/p>\n<\/div><\/div><\/div><\/div><\/div>\n","protected":false},"excerpt":{"rendered":"","protected":false},"author":8,"featured_media":5422,"comment_status":"closed","ping_status":"closed","sticky":false,"template":"","format":"standard","meta":{"_acf_changed":false,"footnotes":""},"categories":[5],"tags":[],"class_list":["post-5419","post","type-post","status-publish","format-standard","has-post-thumbnail","hentry","category-aktualnosci"],"acf":{"kal_data_wydarzenia":""},"_links":{"self":[{"href":"https:\/\/powiatlwowecki.pl\/plci_json_endpoint\/wp\/v2\/posts\/5419","targetHints":{"allow":["GET"]}}],"collection":[{"href":"https:\/\/powiatlwowecki.pl\/plci_json_endpoint\/wp\/v2\/posts"}],"about":[{"href":"https:\/\/powiatlwowecki.pl\/plci_json_endpoint\/wp\/v2\/types\/post"}],"author":[{"embeddable":true,"href":"https:\/\/powiatlwowecki.pl\/plci_json_endpoint\/wp\/v2\/users\/8"}],"replies":[{"embeddable":true,"href":"https:\/\/powiatlwowecki.pl\/plci_json_endpoint\/wp\/v2\/comments?post=5419"}],"version-history":[{"count":0,"href":"https:\/\/powiatlwowecki.pl\/plci_json_endpoint\/wp\/v2\/posts\/5419\/revisions"}],"wp:featuredmedia":[{"embeddable":true,"href":"https:\/\/powiatlwowecki.pl\/plci_json_endpoint\/wp\/v2\/media\/5422"}],"wp:attachment":[{"href":"https:\/\/powiatlwowecki.pl\/plci_json_endpoint\/wp\/v2\/media?parent=5419"}],"wp:term":[{"taxonomy":"category","embeddable":true,"href":"https:\/\/powiatlwowecki.pl\/plci_json_endpoint\/wp\/v2\/categories?post=5419"},{"taxonomy":"post_tag","embeddable":true,"href":"https:\/\/powiatlwowecki.pl\/plci_json_endpoint\/wp\/v2\/tags?post=5419"}],"curies":[{"name":"wp","href":"https:\/\/api.w.org\/{rel}","templated":true}]}}