{"id":5367,"date":"2023-10-27T13:36:25","date_gmt":"2023-10-27T11:36:25","guid":{"rendered":"https:\/\/powiatlwowecki.pl\/?p=5367"},"modified":"2023-10-27T13:36:25","modified_gmt":"2023-10-27T11:36:25","slug":"odsloniecie-tablicy-pamiatkowej-na-dawnym-szpitalu-dzis-starostwie-powiatowym-w-lwowku-slaskim-czesc-bohaterom-sluzby-zdrowia","status":"publish","type":"post","link":"https:\/\/powiatlwowecki.pl\/odsloniecie-tablicy-pamiatkowej-na-dawnym-szpitalu-dzis-starostwie-powiatowym-w-lwowku-slaskim-czesc-bohaterom-sluzby-zdrowia\/","title":{"rendered":"\u201eOds\u0142oni\u0119cie Tablicy Pami\u0105tkowej na Dawnym Szpitalu, Dzi\u015b Starostwie Powiatowym w Lw\u00f3wku \u015al\u0105skim- Cze\u015b\u0107 Bohaterom S\u0142u\u017cby Zdrowia\u201d"},"content":{"rendered":"<div class=\"fusion-fullwidth fullwidth-box fusion-builder-row-1 fusion-flex-container has-pattern-background has-mask-background nonhundred-percent-fullwidth non-hundred-percent-height-scrolling\" style=\"--awb-border-radius-top-left:0px;--awb-border-radius-top-right:0px;--awb-border-radius-bottom-right:0px;--awb-border-radius-bottom-left:0px;--awb-flex-wrap:wrap;\" ><div class=\"fusion-builder-row fusion-row fusion-flex-align-items-flex-start fusion-flex-content-wrap\" style=\"max-width:1248px;margin-left: calc(-4% \/ 2 );margin-right: calc(-4% \/ 2 );\"><div class=\"fusion-layout-column fusion_builder_column fusion-builder-column-0 fusion_builder_column_1_4 1_4 fusion-flex-column\" style=\"--awb-bg-size:cover;--awb-width-large:25%;--awb-margin-top-large:0px;--awb-spacing-right-large:7.68%;--awb-margin-bottom-large:20px;--awb-spacing-left-large:7.68%;--awb-width-medium:100%;--awb-order-medium:0;--awb-spacing-right-medium:1.92%;--awb-spacing-left-medium:1.92%;--awb-width-small:100%;--awb-order-small:0;--awb-spacing-right-small:1.92%;--awb-spacing-left-small:1.92%;\"><div class=\"fusion-column-wrapper fusion-column-has-shadow fusion-flex-justify-content-flex-start fusion-content-layout-column\"><div class=\"awb-gallery-wrapper awb-gallery-wrapper-1 button-span-no\" style=\"--more-btn-alignment:center;\"><div style=\"margin:-5px;--awb-bordersize:0px;\" class=\"fusion-gallery fusion-gallery-container fusion-grid-3 fusion-columns-total-23 fusion-gallery-layout-grid fusion-gallery-1\"><div style=\"padding:5px;\" class=\"fusion-grid-column fusion-gallery-column fusion-gallery-column-3 hover-type-none\"><div class=\"fusion-gallery-image\"><a href=\"https:\/\/powiatlwowecki.pl\/wp-content\/uploads\/2023\/10\/DSC5517-scaled.jpg\" rel=\"noreferrer\" data-rel=\"iLightbox[gallery_image_1]\" class=\"fusion-lightbox\" target=\"_self\"><img decoding=\"async\" src=\"https:\/\/powiatlwowecki.pl\/wp-content\/uploads\/2023\/10\/DSC5517-scaled.jpg\" width=\"2560\" height=\"1438\" alt=\"\" title=\"_DSC5517\" aria-label=\"_DSC5517\" class=\"img-responsive wp-image-5343\" srcset=\"https:\/\/powiatlwowecki.pl\/wp-content\/uploads\/2023\/10\/DSC5517-200x112.jpg 200w, https:\/\/powiatlwowecki.pl\/wp-content\/uploads\/2023\/10\/DSC5517-400x225.jpg 400w, https:\/\/powiatlwowecki.pl\/wp-content\/uploads\/2023\/10\/DSC5517-600x337.jpg 600w, https:\/\/powiatlwowecki.pl\/wp-content\/uploads\/2023\/10\/DSC5517-800x450.jpg 800w, https:\/\/powiatlwowecki.pl\/wp-content\/uploads\/2023\/10\/DSC5517-1200x674.jpg 1200w, https:\/\/powiatlwowecki.pl\/wp-content\/uploads\/2023\/10\/DSC5517-scaled.jpg 2560w\" sizes=\"(min-width: 2200px) 100vw, (min-width: 784px) 397px, (min-width: 712px) 595px, (min-width: 640px) 712px, \" \/><\/a><\/div><\/div><div style=\"padding:5px;\" class=\"fusion-grid-column fusion-gallery-column fusion-gallery-column-3 hover-type-none\"><div class=\"fusion-gallery-image\"><a href=\"https:\/\/powiatlwowecki.pl\/wp-content\/uploads\/2023\/10\/DSC5515-scaled.jpg\" rel=\"noreferrer\" data-rel=\"iLightbox[gallery_image_1]\" class=\"fusion-lightbox\" target=\"_self\"><img decoding=\"async\" src=\"https:\/\/powiatlwowecki.pl\/wp-content\/uploads\/2023\/10\/DSC5515-scaled.jpg\" width=\"2560\" height=\"1438\" alt=\"\" title=\"_DSC5515\" aria-label=\"_DSC5515\" class=\"img-responsive wp-image-5345\" srcset=\"https:\/\/powiatlwowecki.pl\/wp-content\/uploads\/2023\/10\/DSC5515-200x112.jpg 200w, https:\/\/powiatlwowecki.pl\/wp-content\/uploads\/2023\/10\/DSC5515-400x225.jpg 400w, https:\/\/powiatlwowecki.pl\/wp-content\/uploads\/2023\/10\/DSC5515-600x337.jpg 600w, https:\/\/powiatlwowecki.pl\/wp-content\/uploads\/2023\/10\/DSC5515-800x450.jpg 800w, https:\/\/powiatlwowecki.pl\/wp-content\/uploads\/2023\/10\/DSC5515-1200x674.jpg 1200w, https:\/\/powiatlwowecki.pl\/wp-content\/uploads\/2023\/10\/DSC5515-scaled.jpg 2560w\" sizes=\"(min-width: 2200px) 100vw, (min-width: 784px) 397px, (min-width: 712px) 595px, (min-width: 640px) 712px, \" \/><\/a><\/div><\/div><div style=\"padding:5px;\" class=\"fusion-grid-column fusion-gallery-column fusion-gallery-column-3 hover-type-none\"><div class=\"fusion-gallery-image\"><a href=\"https:\/\/powiatlwowecki.pl\/wp-content\/uploads\/2023\/10\/DSC5518-scaled.jpg\" rel=\"noreferrer\" data-rel=\"iLightbox[gallery_image_1]\" class=\"fusion-lightbox\" target=\"_self\"><img decoding=\"async\" src=\"https:\/\/powiatlwowecki.pl\/wp-content\/uploads\/2023\/10\/DSC5518-scaled.jpg\" width=\"2560\" height=\"1438\" alt=\"\" title=\"_DSC5518\" aria-label=\"_DSC5518\" class=\"img-responsive wp-image-5346\" srcset=\"https:\/\/powiatlwowecki.pl\/wp-content\/uploads\/2023\/10\/DSC5518-200x112.jpg 200w, https:\/\/powiatlwowecki.pl\/wp-content\/uploads\/2023\/10\/DSC5518-400x225.jpg 400w, https:\/\/powiatlwowecki.pl\/wp-content\/uploads\/2023\/10\/DSC5518-600x337.jpg 600w, https:\/\/powiatlwowecki.pl\/wp-content\/uploads\/2023\/10\/DSC5518-800x450.jpg 800w, https:\/\/powiatlwowecki.pl\/wp-content\/uploads\/2023\/10\/DSC5518-1200x674.jpg 1200w, https:\/\/powiatlwowecki.pl\/wp-content\/uploads\/2023\/10\/DSC5518-scaled.jpg 2560w\" sizes=\"(min-width: 2200px) 100vw, (min-width: 784px) 397px, (min-width: 712px) 595px, (min-width: 640px) 712px, \" \/><\/a><\/div><\/div><div class=\"clearfix\"><\/div><div style=\"padding:5px;\" class=\"fusion-grid-column fusion-gallery-column fusion-gallery-column-3 hover-type-none\"><div class=\"fusion-gallery-image\"><a href=\"https:\/\/powiatlwowecki.pl\/wp-content\/uploads\/2023\/10\/DSC5519-scaled.jpg\" rel=\"noreferrer\" data-rel=\"iLightbox[gallery_image_1]\" class=\"fusion-lightbox\" target=\"_self\"><img decoding=\"async\" src=\"https:\/\/powiatlwowecki.pl\/wp-content\/uploads\/2023\/10\/DSC5519-scaled.jpg\" width=\"2560\" height=\"1438\" alt=\"\" title=\"_DSC5519\" aria-label=\"_DSC5519\" class=\"img-responsive wp-image-5347\" srcset=\"https:\/\/powiatlwowecki.pl\/wp-content\/uploads\/2023\/10\/DSC5519-200x112.jpg 200w, https:\/\/powiatlwowecki.pl\/wp-content\/uploads\/2023\/10\/DSC5519-400x225.jpg 400w, https:\/\/powiatlwowecki.pl\/wp-content\/uploads\/2023\/10\/DSC5519-600x337.jpg 600w, https:\/\/powiatlwowecki.pl\/wp-content\/uploads\/2023\/10\/DSC5519-800x450.jpg 800w, https:\/\/powiatlwowecki.pl\/wp-content\/uploads\/2023\/10\/DSC5519-1200x674.jpg 1200w, https:\/\/powiatlwowecki.pl\/wp-content\/uploads\/2023\/10\/DSC5519-scaled.jpg 2560w\" sizes=\"(min-width: 2200px) 100vw, (min-width: 784px) 397px, (min-width: 712px) 595px, (min-width: 640px) 712px, \" \/><\/a><\/div><\/div><div style=\"padding:5px;\" class=\"fusion-grid-column fusion-gallery-column fusion-gallery-column-3 hover-type-none\"><div class=\"fusion-gallery-image\"><a href=\"https:\/\/powiatlwowecki.pl\/wp-content\/uploads\/2023\/10\/DSC5520-scaled.jpg\" rel=\"noreferrer\" data-rel=\"iLightbox[gallery_image_1]\" class=\"fusion-lightbox\" target=\"_self\"><img decoding=\"async\" src=\"https:\/\/powiatlwowecki.pl\/wp-content\/uploads\/2023\/10\/DSC5520-scaled.jpg\" width=\"2560\" height=\"1438\" alt=\"\" title=\"_DSC5520\" aria-label=\"_DSC5520\" class=\"img-responsive wp-image-5348\" srcset=\"https:\/\/powiatlwowecki.pl\/wp-content\/uploads\/2023\/10\/DSC5520-200x112.jpg 200w, https:\/\/powiatlwowecki.pl\/wp-content\/uploads\/2023\/10\/DSC5520-400x225.jpg 400w, https:\/\/powiatlwowecki.pl\/wp-content\/uploads\/2023\/10\/DSC5520-600x337.jpg 600w, https:\/\/powiatlwowecki.pl\/wp-content\/uploads\/2023\/10\/DSC5520-800x450.jpg 800w, https:\/\/powiatlwowecki.pl\/wp-content\/uploads\/2023\/10\/DSC5520-1200x674.jpg 1200w, https:\/\/powiatlwowecki.pl\/wp-content\/uploads\/2023\/10\/DSC5520-scaled.jpg 2560w\" sizes=\"(min-width: 2200px) 100vw, (min-width: 784px) 397px, (min-width: 712px) 595px, (min-width: 640px) 712px, \" \/><\/a><\/div><\/div><div style=\"padding:5px;\" class=\"fusion-grid-column fusion-gallery-column fusion-gallery-column-3 hover-type-none\"><div class=\"fusion-gallery-image\"><a href=\"https:\/\/powiatlwowecki.pl\/wp-content\/uploads\/2023\/10\/DSC5523-scaled.jpg\" rel=\"noreferrer\" data-rel=\"iLightbox[gallery_image_1]\" class=\"fusion-lightbox\" target=\"_self\"><img decoding=\"async\" src=\"https:\/\/powiatlwowecki.pl\/wp-content\/uploads\/2023\/10\/DSC5523-scaled.jpg\" width=\"2560\" height=\"1438\" alt=\"\" title=\"_DSC5523\" aria-label=\"_DSC5523\" class=\"img-responsive wp-image-5349\" srcset=\"https:\/\/powiatlwowecki.pl\/wp-content\/uploads\/2023\/10\/DSC5523-200x112.jpg 200w, https:\/\/powiatlwowecki.pl\/wp-content\/uploads\/2023\/10\/DSC5523-400x225.jpg 400w, https:\/\/powiatlwowecki.pl\/wp-content\/uploads\/2023\/10\/DSC5523-600x337.jpg 600w, https:\/\/powiatlwowecki.pl\/wp-content\/uploads\/2023\/10\/DSC5523-800x450.jpg 800w, https:\/\/powiatlwowecki.pl\/wp-content\/uploads\/2023\/10\/DSC5523-1200x674.jpg 1200w, https:\/\/powiatlwowecki.pl\/wp-content\/uploads\/2023\/10\/DSC5523-scaled.jpg 2560w\" sizes=\"(min-width: 2200px) 100vw, (min-width: 784px) 397px, (min-width: 712px) 595px, (min-width: 640px) 712px, \" \/><\/a><\/div><\/div><div class=\"clearfix\"><\/div><div style=\"padding:5px;\" class=\"fusion-grid-column fusion-gallery-column fusion-gallery-column-3 hover-type-none\"><div class=\"fusion-gallery-image\"><a href=\"https:\/\/powiatlwowecki.pl\/wp-content\/uploads\/2023\/10\/DSC5532-scaled.jpg\" rel=\"noreferrer\" data-rel=\"iLightbox[gallery_image_1]\" class=\"fusion-lightbox\" target=\"_self\"><img decoding=\"async\" src=\"https:\/\/powiatlwowecki.pl\/wp-content\/uploads\/2023\/10\/DSC5532-scaled.jpg\" width=\"2560\" height=\"1438\" alt=\"\" title=\"_DSC5532\" aria-label=\"_DSC5532\" class=\"img-responsive wp-image-5350\" srcset=\"https:\/\/powiatlwowecki.pl\/wp-content\/uploads\/2023\/10\/DSC5532-200x112.jpg 200w, https:\/\/powiatlwowecki.pl\/wp-content\/uploads\/2023\/10\/DSC5532-400x225.jpg 400w, https:\/\/powiatlwowecki.pl\/wp-content\/uploads\/2023\/10\/DSC5532-600x337.jpg 600w, https:\/\/powiatlwowecki.pl\/wp-content\/uploads\/2023\/10\/DSC5532-800x450.jpg 800w, https:\/\/powiatlwowecki.pl\/wp-content\/uploads\/2023\/10\/DSC5532-1200x674.jpg 1200w, https:\/\/powiatlwowecki.pl\/wp-content\/uploads\/2023\/10\/DSC5532-scaled.jpg 2560w\" sizes=\"(min-width: 2200px) 100vw, (min-width: 784px) 397px, (min-width: 712px) 595px, (min-width: 640px) 712px, \" \/><\/a><\/div><\/div><div style=\"padding:5px;\" class=\"fusion-grid-column fusion-gallery-column fusion-gallery-column-3 hover-type-none\"><div class=\"fusion-gallery-image\"><a href=\"https:\/\/powiatlwowecki.pl\/wp-content\/uploads\/2023\/10\/DSC5534-scaled.jpg\" rel=\"noreferrer\" data-rel=\"iLightbox[gallery_image_1]\" class=\"fusion-lightbox\" target=\"_self\"><img decoding=\"async\" src=\"https:\/\/powiatlwowecki.pl\/wp-content\/uploads\/2023\/10\/DSC5534-scaled.jpg\" width=\"2560\" height=\"1438\" alt=\"\" title=\"_DSC5534\" aria-label=\"_DSC5534\" class=\"img-responsive wp-image-5351\" srcset=\"https:\/\/powiatlwowecki.pl\/wp-content\/uploads\/2023\/10\/DSC5534-200x112.jpg 200w, https:\/\/powiatlwowecki.pl\/wp-content\/uploads\/2023\/10\/DSC5534-400x225.jpg 400w, https:\/\/powiatlwowecki.pl\/wp-content\/uploads\/2023\/10\/DSC5534-600x337.jpg 600w, https:\/\/powiatlwowecki.pl\/wp-content\/uploads\/2023\/10\/DSC5534-800x450.jpg 800w, https:\/\/powiatlwowecki.pl\/wp-content\/uploads\/2023\/10\/DSC5534-1200x674.jpg 1200w, https:\/\/powiatlwowecki.pl\/wp-content\/uploads\/2023\/10\/DSC5534-scaled.jpg 2560w\" sizes=\"(min-width: 2200px) 100vw, (min-width: 784px) 397px, (min-width: 712px) 595px, (min-width: 640px) 712px, \" \/><\/a><\/div><\/div><div style=\"padding:5px;\" class=\"fusion-grid-column fusion-gallery-column fusion-gallery-column-3 hover-type-none\"><div class=\"fusion-gallery-image\"><a href=\"https:\/\/powiatlwowecki.pl\/wp-content\/uploads\/2023\/10\/DSC5537-scaled.jpg\" rel=\"noreferrer\" data-rel=\"iLightbox[gallery_image_1]\" class=\"fusion-lightbox\" target=\"_self\"><img decoding=\"async\" src=\"https:\/\/powiatlwowecki.pl\/wp-content\/uploads\/2023\/10\/DSC5537-scaled.jpg\" width=\"2560\" height=\"1438\" alt=\"\" title=\"_DSC5537\" aria-label=\"_DSC5537\" class=\"img-responsive wp-image-5352\" srcset=\"https:\/\/powiatlwowecki.pl\/wp-content\/uploads\/2023\/10\/DSC5537-200x112.jpg 200w, https:\/\/powiatlwowecki.pl\/wp-content\/uploads\/2023\/10\/DSC5537-400x225.jpg 400w, https:\/\/powiatlwowecki.pl\/wp-content\/uploads\/2023\/10\/DSC5537-600x337.jpg 600w, https:\/\/powiatlwowecki.pl\/wp-content\/uploads\/2023\/10\/DSC5537-800x450.jpg 800w, https:\/\/powiatlwowecki.pl\/wp-content\/uploads\/2023\/10\/DSC5537-1200x674.jpg 1200w, https:\/\/powiatlwowecki.pl\/wp-content\/uploads\/2023\/10\/DSC5537-scaled.jpg 2560w\" sizes=\"(min-width: 2200px) 100vw, (min-width: 784px) 397px, (min-width: 712px) 595px, (min-width: 640px) 712px, \" \/><\/a><\/div><\/div><div class=\"clearfix\"><\/div><div style=\"padding:5px;\" class=\"fusion-grid-column fusion-gallery-column fusion-gallery-column-3 hover-type-none\"><div class=\"fusion-gallery-image\"><a href=\"https:\/\/powiatlwowecki.pl\/wp-content\/uploads\/2023\/10\/DSC5542-scaled.jpg\" rel=\"noreferrer\" data-rel=\"iLightbox[gallery_image_1]\" class=\"fusion-lightbox\" target=\"_self\"><img decoding=\"async\" src=\"https:\/\/powiatlwowecki.pl\/wp-content\/uploads\/2023\/10\/DSC5542-scaled.jpg\" width=\"2560\" height=\"1438\" alt=\"\" title=\"_DSC5542\" aria-label=\"_DSC5542\" class=\"img-responsive wp-image-5353\" srcset=\"https:\/\/powiatlwowecki.pl\/wp-content\/uploads\/2023\/10\/DSC5542-200x112.jpg 200w, https:\/\/powiatlwowecki.pl\/wp-content\/uploads\/2023\/10\/DSC5542-400x225.jpg 400w, https:\/\/powiatlwowecki.pl\/wp-content\/uploads\/2023\/10\/DSC5542-600x337.jpg 600w, https:\/\/powiatlwowecki.pl\/wp-content\/uploads\/2023\/10\/DSC5542-800x450.jpg 800w, https:\/\/powiatlwowecki.pl\/wp-content\/uploads\/2023\/10\/DSC5542-1200x674.jpg 1200w, https:\/\/powiatlwowecki.pl\/wp-content\/uploads\/2023\/10\/DSC5542-scaled.jpg 2560w\" sizes=\"(min-width: 2200px) 100vw, (min-width: 784px) 397px, (min-width: 712px) 595px, (min-width: 640px) 712px, \" \/><\/a><\/div><\/div><div style=\"padding:5px;\" class=\"fusion-grid-column fusion-gallery-column fusion-gallery-column-3 hover-type-none\"><div class=\"fusion-gallery-image\"><a href=\"https:\/\/powiatlwowecki.pl\/wp-content\/uploads\/2023\/10\/DSC5546-scaled.jpg\" rel=\"noreferrer\" data-rel=\"iLightbox[gallery_image_1]\" class=\"fusion-lightbox\" target=\"_self\"><img decoding=\"async\" src=\"https:\/\/powiatlwowecki.pl\/wp-content\/uploads\/2023\/10\/DSC5546-scaled.jpg\" width=\"2560\" height=\"1438\" alt=\"\" title=\"_DSC5546\" aria-label=\"_DSC5546\" class=\"img-responsive wp-image-5354\" srcset=\"https:\/\/powiatlwowecki.pl\/wp-content\/uploads\/2023\/10\/DSC5546-200x112.jpg 200w, https:\/\/powiatlwowecki.pl\/wp-content\/uploads\/2023\/10\/DSC5546-400x225.jpg 400w, https:\/\/powiatlwowecki.pl\/wp-content\/uploads\/2023\/10\/DSC5546-600x337.jpg 600w, https:\/\/powiatlwowecki.pl\/wp-content\/uploads\/2023\/10\/DSC5546-800x450.jpg 800w, https:\/\/powiatlwowecki.pl\/wp-content\/uploads\/2023\/10\/DSC5546-1200x674.jpg 1200w, https:\/\/powiatlwowecki.pl\/wp-content\/uploads\/2023\/10\/DSC5546-scaled.jpg 2560w\" sizes=\"(min-width: 2200px) 100vw, (min-width: 784px) 397px, (min-width: 712px) 595px, (min-width: 640px) 712px, \" \/><\/a><\/div><\/div><div style=\"padding:5px;\" class=\"fusion-grid-column fusion-gallery-column fusion-gallery-column-3 hover-type-none\"><div class=\"fusion-gallery-image\"><a href=\"https:\/\/powiatlwowecki.pl\/wp-content\/uploads\/2023\/10\/DSC5550-scaled.jpg\" rel=\"noreferrer\" data-rel=\"iLightbox[gallery_image_1]\" class=\"fusion-lightbox\" target=\"_self\"><img decoding=\"async\" src=\"https:\/\/powiatlwowecki.pl\/wp-content\/uploads\/2023\/10\/DSC5550-scaled.jpg\" width=\"2560\" height=\"1438\" alt=\"\" title=\"_DSC5550\" aria-label=\"_DSC5550\" class=\"img-responsive wp-image-5355\" srcset=\"https:\/\/powiatlwowecki.pl\/wp-content\/uploads\/2023\/10\/DSC5550-200x112.jpg 200w, https:\/\/powiatlwowecki.pl\/wp-content\/uploads\/2023\/10\/DSC5550-400x225.jpg 400w, https:\/\/powiatlwowecki.pl\/wp-content\/uploads\/2023\/10\/DSC5550-600x337.jpg 600w, https:\/\/powiatlwowecki.pl\/wp-content\/uploads\/2023\/10\/DSC5550-800x450.jpg 800w, https:\/\/powiatlwowecki.pl\/wp-content\/uploads\/2023\/10\/DSC5550-1200x674.jpg 1200w, https:\/\/powiatlwowecki.pl\/wp-content\/uploads\/2023\/10\/DSC5550-scaled.jpg 2560w\" sizes=\"(min-width: 2200px) 100vw, (min-width: 784px) 397px, (min-width: 712px) 595px, (min-width: 640px) 712px, \" \/><\/a><\/div><\/div><div class=\"clearfix\"><\/div><div style=\"padding:5px;\" class=\"fusion-grid-column fusion-gallery-column fusion-gallery-column-3 hover-type-none\"><div class=\"fusion-gallery-image\"><a href=\"https:\/\/powiatlwowecki.pl\/wp-content\/uploads\/2023\/10\/DSC5551-scaled.jpg\" rel=\"noreferrer\" data-rel=\"iLightbox[gallery_image_1]\" class=\"fusion-lightbox\" target=\"_self\"><img decoding=\"async\" src=\"https:\/\/powiatlwowecki.pl\/wp-content\/uploads\/2023\/10\/DSC5551-scaled.jpg\" width=\"2560\" height=\"1438\" alt=\"\" title=\"_DSC5551\" aria-label=\"_DSC5551\" class=\"img-responsive wp-image-5356\" srcset=\"https:\/\/powiatlwowecki.pl\/wp-content\/uploads\/2023\/10\/DSC5551-200x112.jpg 200w, https:\/\/powiatlwowecki.pl\/wp-content\/uploads\/2023\/10\/DSC5551-400x225.jpg 400w, https:\/\/powiatlwowecki.pl\/wp-content\/uploads\/2023\/10\/DSC5551-600x337.jpg 600w, https:\/\/powiatlwowecki.pl\/wp-content\/uploads\/2023\/10\/DSC5551-800x450.jpg 800w, https:\/\/powiatlwowecki.pl\/wp-content\/uploads\/2023\/10\/DSC5551-1200x674.jpg 1200w, https:\/\/powiatlwowecki.pl\/wp-content\/uploads\/2023\/10\/DSC5551-scaled.jpg 2560w\" sizes=\"(min-width: 2200px) 100vw, (min-width: 784px) 397px, (min-width: 712px) 595px, (min-width: 640px) 712px, \" \/><\/a><\/div><\/div><div style=\"padding:5px;\" class=\"fusion-grid-column fusion-gallery-column fusion-gallery-column-3 hover-type-none\"><div class=\"fusion-gallery-image\"><a href=\"https:\/\/powiatlwowecki.pl\/wp-content\/uploads\/2023\/10\/DSC5552-scaled.jpg\" rel=\"noreferrer\" data-rel=\"iLightbox[gallery_image_1]\" class=\"fusion-lightbox\" target=\"_self\"><img decoding=\"async\" src=\"https:\/\/powiatlwowecki.pl\/wp-content\/uploads\/2023\/10\/DSC5552-scaled.jpg\" width=\"2560\" height=\"1438\" alt=\"\" title=\"_DSC5552\" aria-label=\"_DSC5552\" class=\"img-responsive wp-image-5357\" srcset=\"https:\/\/powiatlwowecki.pl\/wp-content\/uploads\/2023\/10\/DSC5552-200x112.jpg 200w, https:\/\/powiatlwowecki.pl\/wp-content\/uploads\/2023\/10\/DSC5552-400x225.jpg 400w, https:\/\/powiatlwowecki.pl\/wp-content\/uploads\/2023\/10\/DSC5552-600x337.jpg 600w, https:\/\/powiatlwowecki.pl\/wp-content\/uploads\/2023\/10\/DSC5552-800x450.jpg 800w, https:\/\/powiatlwowecki.pl\/wp-content\/uploads\/2023\/10\/DSC5552-1200x674.jpg 1200w, https:\/\/powiatlwowecki.pl\/wp-content\/uploads\/2023\/10\/DSC5552-scaled.jpg 2560w\" sizes=\"(min-width: 2200px) 100vw, (min-width: 784px) 397px, (min-width: 712px) 595px, (min-width: 640px) 712px, \" \/><\/a><\/div><\/div><div style=\"padding:5px;\" class=\"fusion-grid-column fusion-gallery-column fusion-gallery-column-3 hover-type-none\"><div class=\"fusion-gallery-image\"><a href=\"https:\/\/powiatlwowecki.pl\/wp-content\/uploads\/2023\/10\/DSC5565-scaled.jpg\" rel=\"noreferrer\" data-rel=\"iLightbox[gallery_image_1]\" class=\"fusion-lightbox\" target=\"_self\"><img decoding=\"async\" src=\"https:\/\/powiatlwowecki.pl\/wp-content\/uploads\/2023\/10\/DSC5565-scaled.jpg\" width=\"2560\" height=\"1438\" alt=\"\" title=\"_DSC5565\" aria-label=\"_DSC5565\" class=\"img-responsive wp-image-5358\" srcset=\"https:\/\/powiatlwowecki.pl\/wp-content\/uploads\/2023\/10\/DSC5565-200x112.jpg 200w, https:\/\/powiatlwowecki.pl\/wp-content\/uploads\/2023\/10\/DSC5565-400x225.jpg 400w, https:\/\/powiatlwowecki.pl\/wp-content\/uploads\/2023\/10\/DSC5565-600x337.jpg 600w, https:\/\/powiatlwowecki.pl\/wp-content\/uploads\/2023\/10\/DSC5565-800x450.jpg 800w, https:\/\/powiatlwowecki.pl\/wp-content\/uploads\/2023\/10\/DSC5565-1200x674.jpg 1200w, https:\/\/powiatlwowecki.pl\/wp-content\/uploads\/2023\/10\/DSC5565-scaled.jpg 2560w\" sizes=\"(min-width: 2200px) 100vw, (min-width: 784px) 397px, (min-width: 712px) 595px, (min-width: 640px) 712px, \" \/><\/a><\/div><\/div><div class=\"clearfix\"><\/div><div style=\"padding:5px;\" class=\"fusion-grid-column fusion-gallery-column fusion-gallery-column-3 hover-type-none\"><div class=\"fusion-gallery-image\"><a href=\"https:\/\/powiatlwowecki.pl\/wp-content\/uploads\/2023\/10\/DSC5567-scaled.jpg\" rel=\"noreferrer\" data-rel=\"iLightbox[gallery_image_1]\" class=\"fusion-lightbox\" target=\"_self\"><img decoding=\"async\" src=\"https:\/\/powiatlwowecki.pl\/wp-content\/uploads\/2023\/10\/DSC5567-scaled.jpg\" width=\"2560\" height=\"1438\" alt=\"\" title=\"_DSC5567\" aria-label=\"_DSC5567\" class=\"img-responsive wp-image-5359\" srcset=\"https:\/\/powiatlwowecki.pl\/wp-content\/uploads\/2023\/10\/DSC5567-200x112.jpg 200w, https:\/\/powiatlwowecki.pl\/wp-content\/uploads\/2023\/10\/DSC5567-400x225.jpg 400w, https:\/\/powiatlwowecki.pl\/wp-content\/uploads\/2023\/10\/DSC5567-600x337.jpg 600w, https:\/\/powiatlwowecki.pl\/wp-content\/uploads\/2023\/10\/DSC5567-800x450.jpg 800w, https:\/\/powiatlwowecki.pl\/wp-content\/uploads\/2023\/10\/DSC5567-1200x674.jpg 1200w, https:\/\/powiatlwowecki.pl\/wp-content\/uploads\/2023\/10\/DSC5567-scaled.jpg 2560w\" sizes=\"(min-width: 2200px) 100vw, (min-width: 784px) 397px, (min-width: 712px) 595px, (min-width: 640px) 712px, \" \/><\/a><\/div><\/div><div style=\"padding:5px;\" class=\"fusion-grid-column fusion-gallery-column fusion-gallery-column-3 hover-type-none\"><div class=\"fusion-gallery-image\"><a href=\"https:\/\/powiatlwowecki.pl\/wp-content\/uploads\/2023\/10\/DSC5575-scaled.jpg\" rel=\"noreferrer\" data-rel=\"iLightbox[gallery_image_1]\" class=\"fusion-lightbox\" target=\"_self\"><img decoding=\"async\" src=\"https:\/\/powiatlwowecki.pl\/wp-content\/uploads\/2023\/10\/DSC5575-scaled.jpg\" width=\"2560\" height=\"1438\" alt=\"\" title=\"_DSC5575\" aria-label=\"_DSC5575\" class=\"img-responsive wp-image-5360\" srcset=\"https:\/\/powiatlwowecki.pl\/wp-content\/uploads\/2023\/10\/DSC5575-200x112.jpg 200w, https:\/\/powiatlwowecki.pl\/wp-content\/uploads\/2023\/10\/DSC5575-400x225.jpg 400w, https:\/\/powiatlwowecki.pl\/wp-content\/uploads\/2023\/10\/DSC5575-600x337.jpg 600w, https:\/\/powiatlwowecki.pl\/wp-content\/uploads\/2023\/10\/DSC5575-800x450.jpg 800w, https:\/\/powiatlwowecki.pl\/wp-content\/uploads\/2023\/10\/DSC5575-1200x674.jpg 1200w, https:\/\/powiatlwowecki.pl\/wp-content\/uploads\/2023\/10\/DSC5575-scaled.jpg 2560w\" sizes=\"(min-width: 2200px) 100vw, (min-width: 784px) 397px, (min-width: 712px) 595px, (min-width: 640px) 712px, \" \/><\/a><\/div><\/div><div style=\"padding:5px;\" class=\"fusion-grid-column fusion-gallery-column fusion-gallery-column-3 hover-type-none\"><div class=\"fusion-gallery-image\"><a href=\"https:\/\/powiatlwowecki.pl\/wp-content\/uploads\/2023\/10\/DSC5577-scaled.jpg\" rel=\"noreferrer\" data-rel=\"iLightbox[gallery_image_1]\" class=\"fusion-lightbox\" target=\"_self\"><img decoding=\"async\" src=\"https:\/\/powiatlwowecki.pl\/wp-content\/uploads\/2023\/10\/DSC5577-scaled.jpg\" width=\"2560\" height=\"1438\" alt=\"\" title=\"_DSC5577\" aria-label=\"_DSC5577\" class=\"img-responsive wp-image-5361\" srcset=\"https:\/\/powiatlwowecki.pl\/wp-content\/uploads\/2023\/10\/DSC5577-200x112.jpg 200w, https:\/\/powiatlwowecki.pl\/wp-content\/uploads\/2023\/10\/DSC5577-400x225.jpg 400w, https:\/\/powiatlwowecki.pl\/wp-content\/uploads\/2023\/10\/DSC5577-600x337.jpg 600w, https:\/\/powiatlwowecki.pl\/wp-content\/uploads\/2023\/10\/DSC5577-800x450.jpg 800w, https:\/\/powiatlwowecki.pl\/wp-content\/uploads\/2023\/10\/DSC5577-1200x674.jpg 1200w, https:\/\/powiatlwowecki.pl\/wp-content\/uploads\/2023\/10\/DSC5577-scaled.jpg 2560w\" sizes=\"(min-width: 2200px) 100vw, (min-width: 784px) 397px, (min-width: 712px) 595px, (min-width: 640px) 712px, \" \/><\/a><\/div><\/div><div class=\"clearfix\"><\/div><div style=\"padding:5px;\" class=\"fusion-grid-column fusion-gallery-column fusion-gallery-column-3 hover-type-none\"><div class=\"fusion-gallery-image\"><a href=\"https:\/\/powiatlwowecki.pl\/wp-content\/uploads\/2023\/10\/DSC5584-scaled.jpg\" rel=\"noreferrer\" data-rel=\"iLightbox[gallery_image_1]\" class=\"fusion-lightbox\" target=\"_self\"><img decoding=\"async\" src=\"https:\/\/powiatlwowecki.pl\/wp-content\/uploads\/2023\/10\/DSC5584-scaled.jpg\" width=\"2560\" height=\"1438\" alt=\"\" title=\"_DSC5584\" aria-label=\"_DSC5584\" class=\"img-responsive wp-image-5362\" srcset=\"https:\/\/powiatlwowecki.pl\/wp-content\/uploads\/2023\/10\/DSC5584-200x112.jpg 200w, https:\/\/powiatlwowecki.pl\/wp-content\/uploads\/2023\/10\/DSC5584-400x225.jpg 400w, https:\/\/powiatlwowecki.pl\/wp-content\/uploads\/2023\/10\/DSC5584-600x337.jpg 600w, https:\/\/powiatlwowecki.pl\/wp-content\/uploads\/2023\/10\/DSC5584-800x450.jpg 800w, https:\/\/powiatlwowecki.pl\/wp-content\/uploads\/2023\/10\/DSC5584-1200x674.jpg 1200w, https:\/\/powiatlwowecki.pl\/wp-content\/uploads\/2023\/10\/DSC5584-scaled.jpg 2560w\" sizes=\"(min-width: 2200px) 100vw, (min-width: 784px) 397px, (min-width: 712px) 595px, (min-width: 640px) 712px, \" \/><\/a><\/div><\/div><div style=\"padding:5px;\" class=\"fusion-grid-column fusion-gallery-column fusion-gallery-column-3 hover-type-none\"><div class=\"fusion-gallery-image\"><a href=\"https:\/\/powiatlwowecki.pl\/wp-content\/uploads\/2023\/10\/DSC5588-scaled.jpg\" rel=\"noreferrer\" data-rel=\"iLightbox[gallery_image_1]\" class=\"fusion-lightbox\" target=\"_self\"><img decoding=\"async\" src=\"https:\/\/powiatlwowecki.pl\/wp-content\/uploads\/2023\/10\/DSC5588-scaled.jpg\" width=\"2560\" height=\"1438\" alt=\"\" title=\"_DSC5588\" aria-label=\"_DSC5588\" class=\"img-responsive wp-image-5363\" srcset=\"https:\/\/powiatlwowecki.pl\/wp-content\/uploads\/2023\/10\/DSC5588-200x112.jpg 200w, https:\/\/powiatlwowecki.pl\/wp-content\/uploads\/2023\/10\/DSC5588-400x225.jpg 400w, https:\/\/powiatlwowecki.pl\/wp-content\/uploads\/2023\/10\/DSC5588-600x337.jpg 600w, https:\/\/powiatlwowecki.pl\/wp-content\/uploads\/2023\/10\/DSC5588-800x450.jpg 800w, https:\/\/powiatlwowecki.pl\/wp-content\/uploads\/2023\/10\/DSC5588-1200x674.jpg 1200w, https:\/\/powiatlwowecki.pl\/wp-content\/uploads\/2023\/10\/DSC5588-scaled.jpg 2560w\" sizes=\"(min-width: 2200px) 100vw, (min-width: 784px) 397px, (min-width: 712px) 595px, (min-width: 640px) 712px, \" \/><\/a><\/div><\/div><div style=\"padding:5px;\" class=\"fusion-grid-column fusion-gallery-column fusion-gallery-column-3 hover-type-none\"><div class=\"fusion-gallery-image\"><a href=\"https:\/\/powiatlwowecki.pl\/wp-content\/uploads\/2023\/10\/DSC5592-scaled.jpg\" rel=\"noreferrer\" data-rel=\"iLightbox[gallery_image_1]\" class=\"fusion-lightbox\" target=\"_self\"><img decoding=\"async\" src=\"https:\/\/powiatlwowecki.pl\/wp-content\/uploads\/2023\/10\/DSC5592-scaled.jpg\" width=\"2560\" height=\"1438\" alt=\"\" title=\"_DSC5592\" aria-label=\"_DSC5592\" class=\"img-responsive wp-image-5364\" srcset=\"https:\/\/powiatlwowecki.pl\/wp-content\/uploads\/2023\/10\/DSC5592-200x112.jpg 200w, https:\/\/powiatlwowecki.pl\/wp-content\/uploads\/2023\/10\/DSC5592-400x225.jpg 400w, https:\/\/powiatlwowecki.pl\/wp-content\/uploads\/2023\/10\/DSC5592-600x337.jpg 600w, https:\/\/powiatlwowecki.pl\/wp-content\/uploads\/2023\/10\/DSC5592-800x450.jpg 800w, https:\/\/powiatlwowecki.pl\/wp-content\/uploads\/2023\/10\/DSC5592-1200x674.jpg 1200w, https:\/\/powiatlwowecki.pl\/wp-content\/uploads\/2023\/10\/DSC5592-scaled.jpg 2560w\" sizes=\"(min-width: 2200px) 100vw, (min-width: 784px) 397px, (min-width: 712px) 595px, (min-width: 640px) 712px, \" \/><\/a><\/div><\/div><div class=\"clearfix\"><\/div><div style=\"padding:5px;\" class=\"fusion-grid-column fusion-gallery-column fusion-gallery-column-3 hover-type-none\"><div class=\"fusion-gallery-image\"><a href=\"https:\/\/powiatlwowecki.pl\/wp-content\/uploads\/2023\/10\/DSC5593-scaled.jpg\" rel=\"noreferrer\" data-rel=\"iLightbox[gallery_image_1]\" class=\"fusion-lightbox\" target=\"_self\"><img decoding=\"async\" src=\"https:\/\/powiatlwowecki.pl\/wp-content\/uploads\/2023\/10\/DSC5593-scaled.jpg\" width=\"2560\" height=\"1438\" alt=\"\" title=\"_DSC5593\" aria-label=\"_DSC5593\" class=\"img-responsive wp-image-5365\" srcset=\"https:\/\/powiatlwowecki.pl\/wp-content\/uploads\/2023\/10\/DSC5593-200x112.jpg 200w, https:\/\/powiatlwowecki.pl\/wp-content\/uploads\/2023\/10\/DSC5593-400x225.jpg 400w, https:\/\/powiatlwowecki.pl\/wp-content\/uploads\/2023\/10\/DSC5593-600x337.jpg 600w, https:\/\/powiatlwowecki.pl\/wp-content\/uploads\/2023\/10\/DSC5593-800x450.jpg 800w, https:\/\/powiatlwowecki.pl\/wp-content\/uploads\/2023\/10\/DSC5593-1200x674.jpg 1200w, https:\/\/powiatlwowecki.pl\/wp-content\/uploads\/2023\/10\/DSC5593-scaled.jpg 2560w\" sizes=\"(min-width: 2200px) 100vw, (min-width: 784px) 397px, (min-width: 712px) 595px, (min-width: 640px) 712px, \" \/><\/a><\/div><\/div><div style=\"padding:5px;\" class=\"fusion-grid-column fusion-gallery-column fusion-gallery-column-3 hover-type-none\"><div class=\"fusion-gallery-image\"><a href=\"https:\/\/powiatlwowecki.pl\/wp-content\/uploads\/2023\/10\/DSC5595-scaled.jpg\" rel=\"noreferrer\" data-rel=\"iLightbox[gallery_image_1]\" class=\"fusion-lightbox\" target=\"_self\"><img decoding=\"async\" src=\"https:\/\/powiatlwowecki.pl\/wp-content\/uploads\/2023\/10\/DSC5595-scaled.jpg\" width=\"2560\" height=\"1438\" alt=\"\" title=\"_DSC5595\" aria-label=\"_DSC5595\" class=\"img-responsive wp-image-5366\" srcset=\"https:\/\/powiatlwowecki.pl\/wp-content\/uploads\/2023\/10\/DSC5595-200x112.jpg 200w, https:\/\/powiatlwowecki.pl\/wp-content\/uploads\/2023\/10\/DSC5595-400x225.jpg 400w, https:\/\/powiatlwowecki.pl\/wp-content\/uploads\/2023\/10\/DSC5595-600x337.jpg 600w, https:\/\/powiatlwowecki.pl\/wp-content\/uploads\/2023\/10\/DSC5595-800x450.jpg 800w, https:\/\/powiatlwowecki.pl\/wp-content\/uploads\/2023\/10\/DSC5595-1200x674.jpg 1200w, https:\/\/powiatlwowecki.pl\/wp-content\/uploads\/2023\/10\/DSC5595-scaled.jpg 2560w\" sizes=\"(min-width: 2200px) 100vw, (min-width: 784px) 397px, (min-width: 712px) 595px, (min-width: 640px) 712px, \" \/><\/a><\/div><\/div><\/div><\/div><\/div><\/div><div class=\"fusion-layout-column fusion_builder_column fusion-builder-column-1 fusion_builder_column_3_4 3_4 fusion-flex-column\" style=\"--awb-bg-size:cover;--awb-width-large:75%;--awb-margin-top-large:0px;--awb-spacing-right-large:2.56%;--awb-margin-bottom-large:20px;--awb-spacing-left-large:2.56%;--awb-width-medium:100%;--awb-order-medium:0;--awb-spacing-right-medium:1.92%;--awb-spacing-left-medium:1.92%;--awb-width-small:100%;--awb-order-small:0;--awb-spacing-right-small:1.92%;--awb-spacing-left-small:1.92%;\"><div class=\"fusion-column-wrapper fusion-column-has-shadow fusion-flex-justify-content-flex-start fusion-content-layout-column\"><div class=\"fusion-text fusion-text-1\"><p>Ods\u0142oni\u0119cie Tablicy Pami\u0105tkowej na budynku Starostwa Powiatowego w Lw\u00f3wku \u015al\u0105skim to wyj\u0105tkowe wydarzenie, kt\u00f3re mia\u0142o miejsce 27 pa\u017adziernika 2023 roku. To chwila pe\u0142na emocji i refleksji, podczas kt\u00f3rej spo\u0142eczno\u015b\u0107 Lw\u00f3wka \u015al\u0105skiego odda\u0142a ho\u0142d tym, kt\u00f3rzy w trudnych czasach przesz\u0142o\u015bci po\u015bwi\u0119cili si\u0119 s\u0142u\u017cbie zdrowia i pomocy innym.<\/p>\n<p>Budynek Starostwa Powiatowego przy ulicy Szpitalnej 4 ma nie tylko historyczne znaczenie, ale jest r\u00f3wnie\u017c miejscem szczeg\u00f3lnym, poniewa\u017c kiedy\u015b pe\u0142ni\u0142 rol\u0119 siedziby Szpitala. To w\u0142a\u015bnie tam, przez wiele lat, pracowali ludzie, kt\u00f3rych chcieli\u015bmy uczci\u0107 poprzez ods\u0142oni\u0119cie Tablicy Pami\u0105tkowej.<\/p>\n<p>Organizatorem przedsi\u0119wzi\u0119cia jakim by\u0142o ods\u0142oni\u0119cie Tablicy Pami\u0105tkowej by\u0142a Lw\u00f3wecka Biblioteka Publiczna, a wydarzenie mia\u0142o zaszczytne patronaty Marioli Szcz\u0119snej, burmistrza gminy i miasta Lw\u00f3wek \u015al\u0105ski, oraz Daniela Koko, starosty lw\u00f3weckiego . Portal lwowek24 przyj\u0105\u0142 rol\u0119 patrona medialnego.<\/p>\n<p>Tablica Pami\u0105tkowa to wyraz naszej wdzi\u0119czno\u015bci wobec tych, kt\u00f3rzy po\u015bwi\u0119cili swoje \u017cycie zawodowe a cz\u0119sto i prywatne, aby pomaga\u0107 innym. W latach 1945-67 pracownicy Lw\u00f3weckiej S\u0142u\u017cby Zdrowia podj\u0119li si\u0119 trudnej misji niesienia pomocy w czasach, kt\u00f3re by\u0142y wyj\u0105tkowo wymagaj\u0105ce.<\/p>\n<p>Ci niesamowici ludzie, pracuj\u0105cy w powojennych czasach, to prawdziwi bohaterowie s\u0142u\u017cby zdrowia. Dzi\u0119ki swojemu po\u015bwi\u0119ceniu i pracy, przyczynili si\u0119 do dobrobytu i zdrowia spo\u0142eczno\u015bci lw\u00f3weckiej. Ich heroizm zas\u0142uguje na pami\u0119\u0107 i docenienie.<\/p>\n<p>Krzysztof Kolarz, Honorowy Obywatel Gminy i Miasta Lw\u00f3wek \u015al\u0105ski, syn doktora Stanis\u0142awa Kolarza, kt\u00f3ry pe\u0142ni\u0142 funkcje ordynatora interny oraz dyrektora szpitala w latach 1962-66, podj\u0105\u0142 inicjatyw\u0119 zachowania pami\u0119ci o tych wyj\u0105tkowych ludziach. To dla niego wa\u017cne, aby ich dziedzictwo i po\u015bwi\u0119cenie by\u0142y doceniane przez przysz\u0142e pokolenia.<\/p>\n<p>Ods\u0142oni\u0119cie Tablicy Pami\u0105tkowej jest wyrazem naszego szacunku i wdzi\u0119czno\u015bci wobec tych, kt\u00f3rzy wpisali si\u0119 w histori\u0119 naszego regionu oraz s\u0105 prawdziwymi bohaterami s\u0142u\u017cby zdrowia. Niech ich heroizm zawsze b\u0119dzie \u017ar\u00f3d\u0142em inspiracji dla nas wszystkich.<\/p>\n<\/div><\/div><\/div><\/div><\/div>\n","protected":false},"excerpt":{"rendered":"","protected":false},"author":8,"featured_media":5343,"comment_status":"closed","ping_status":"closed","sticky":false,"template":"","format":"standard","meta":{"_acf_changed":false,"footnotes":""},"categories":[5],"tags":[],"class_list":["post-5367","post","type-post","status-publish","format-standard","has-post-thumbnail","hentry","category-aktualnosci"],"acf":{"kal_data_wydarzenia":""},"_links":{"self":[{"href":"https:\/\/powiatlwowecki.pl\/plci_json_endpoint\/wp\/v2\/posts\/5367","targetHints":{"allow":["GET"]}}],"collection":[{"href":"https:\/\/powiatlwowecki.pl\/plci_json_endpoint\/wp\/v2\/posts"}],"about":[{"href":"https:\/\/powiatlwowecki.pl\/plci_json_endpoint\/wp\/v2\/types\/post"}],"author":[{"embeddable":true,"href":"https:\/\/powiatlwowecki.pl\/plci_json_endpoint\/wp\/v2\/users\/8"}],"replies":[{"embeddable":true,"href":"https:\/\/powiatlwowecki.pl\/plci_json_endpoint\/wp\/v2\/comments?post=5367"}],"version-history":[{"count":1,"href":"https:\/\/powiatlwowecki.pl\/plci_json_endpoint\/wp\/v2\/posts\/5367\/revisions"}],"predecessor-version":[{"id":5368,"href":"https:\/\/powiatlwowecki.pl\/plci_json_endpoint\/wp\/v2\/posts\/5367\/revisions\/5368"}],"wp:featuredmedia":[{"embeddable":true,"href":"https:\/\/powiatlwowecki.pl\/plci_json_endpoint\/wp\/v2\/media\/5343"}],"wp:attachment":[{"href":"https:\/\/powiatlwowecki.pl\/plci_json_endpoint\/wp\/v2\/media?parent=5367"}],"wp:term":[{"taxonomy":"category","embeddable":true,"href":"https:\/\/powiatlwowecki.pl\/plci_json_endpoint\/wp\/v2\/categories?post=5367"},{"taxonomy":"post_tag","embeddable":true,"href":"https:\/\/powiatlwowecki.pl\/plci_json_endpoint\/wp\/v2\/tags?post=5367"}],"curies":[{"name":"wp","href":"https:\/\/api.w.org\/{rel}","templated":true}]}}