{"id":5316,"date":"2023-10-20T11:41:08","date_gmt":"2023-10-20T09:41:08","guid":{"rendered":"https:\/\/powiatlwowecki.pl\/?p=5316"},"modified":"2023-10-20T12:06:03","modified_gmt":"2023-10-20T10:06:03","slug":"wysyp-powiatowych-inwestycji-drogowych-kolejna-droga-do-przebudowy","status":"publish","type":"post","link":"https:\/\/powiatlwowecki.pl\/wysyp-powiatowych-inwestycji-drogowych-kolejna-droga-do-przebudowy\/","title":{"rendered":"Wysyp Powiatowych inwestycji drogowych. Kolejna droga do przebudowy"},"content":{"rendered":"<h1>Niczym grzyby po deszczu na stronach Powiatu Lw\u00f3weckiego pojawiaj\u0105 si\u0119 og\u0142oszenia o kolejnych przetargach na modernizacj\u0119, przebudow\u0119 i budow\u0119 dr\u00f3g i chodnik\u00f3w.<\/h1>\n<h1><\/h1>\n<div class=\"td-a-rec td-a-rec-id-content_inline td_uid_21_653241fc4121d_rand td_block_template_1\">\n<div id=\"c9110_0_1\" class=\"sam-container sam-place\" data-sam=\"1\"><\/div>\n<\/div>\n<p>&nbsp;<\/p>\n<p>Ju\u017c dawano Powiat Lw\u00f3wecki nie realizowa\u0142 tak wiele inwestycji drogowych w jednym czasie. Drogi P\u0142awna- Marcz\u00f3w, Lubomierz- Ubocze, W\u0142odzice Wielkie- W\u0142odzice- Ma\u0142e, Pilchowice- Radomice, czy kolejny etap remontu cz\u0105stkowego Lw\u00f3wek \u015al\u0105ski- Gryf\u00f3w \u015al\u0105ski, do tego chodnik w Rakowicach Wielkich, chodnik w Giebu\u0142towie czy mosty w P\u0142awnej, to inwestycje, kt\u00f3re albo dobiegaj\u0105 ko\u0144ca, albo s\u0105 w trakcie realizacji, przygotowa\u0144. A na horyzoncie s\u0105 inwestycje na drogach: Brun\u00f3w- Chmielno- Ustronie, Chmielno- Zbylut\u00f3w- Skorzynice, Pilchowice- Zapora i prawdopodobnie tak\u017ce Wle\u0144- \u0141upki- Klecza.<\/p>\n<p>To jednak nie wszystko, w poniedzia\u0142ek, 9 pa\u017adziernika Zarz\u0105d Dr\u00f3g Powiatowych w Lw\u00f3wku \u015al\u0105skim og\u0142osi\u0142 przetarg na wykonanie przebudowy drogi powiatowej nr 2535D Lubomierz -Popiel\u00f3wek-Chmiele\u0144 na odcinku Popiel\u00f3wek-Chmiele\u0144 o \u0142\u0105cznej d\u0142ugo\u015bci 1,48 km.<\/p>\n<p><em>\u201eW zakres przebudowy wchodzi wykonanie nowej drogi powiatowej, na nowej konstrukcji z kruszywa \u0142amanego wraz z przebudow\u0105 istniej\u0105cych element\u00f3w odwadniaj\u0105cych tj. rowy i przepusty oraz przebudow\u0105 istniej\u0105cych zjazd\u00f3w na przyleg\u0142e pola uprawne wraz z przepustami oraz wykonanie mijanek.\u201d<\/em> \u2013 wyja\u015bnia ZDP Lw\u00f3wek \u015al\u0105ski, kt\u00f3ry og\u0142osi\u0142 przetarg na to zadanie.<\/p>\n<p>Ch\u0119tni wykonawcy maj\u0105 czas do 24 pa\u017adziernika na sk\u0142adanie dokument\u00f3w. Je\u017celi wszystko p\u00f3jdzie zgodnie z za\u0142o\u017ceniami to w ci\u0105gu paru miesi\u0119cy b\u0119dzie nowa droga w powiecie.<\/p>\n<p>&nbsp;<\/p>\n<p style=\"text-align: right;\">-\/Lw\u00f3wecki.info\/-<\/p>\n<p>&nbsp;<\/p>\n<p><img decoding=\"async\" class=\"alignnone size-full wp-image-5319\" src=\"https:\/\/powiatlwowecki.pl\/wp-content\/uploads\/2023\/10\/4-Points-Road-Infographic1.jpg\" alt=\"\" width=\"820\" height=\"400\" srcset=\"https:\/\/powiatlwowecki.pl\/wp-content\/uploads\/2023\/10\/4-Points-Road-Infographic1-24x12.jpg 24w, https:\/\/powiatlwowecki.pl\/wp-content\/uploads\/2023\/10\/4-Points-Road-Infographic1-36x18.jpg 36w, https:\/\/powiatlwowecki.pl\/wp-content\/uploads\/2023\/10\/4-Points-Road-Infographic1-48x23.jpg 48w, https:\/\/powiatlwowecki.pl\/wp-content\/uploads\/2023\/10\/4-Points-Road-Infographic1-200x98.jpg 200w, https:\/\/powiatlwowecki.pl\/wp-content\/uploads\/2023\/10\/4-Points-Road-Infographic1-300x146.jpg 300w, https:\/\/powiatlwowecki.pl\/wp-content\/uploads\/2023\/10\/4-Points-Road-Infographic1-400x195.jpg 400w, https:\/\/powiatlwowecki.pl\/wp-content\/uploads\/2023\/10\/4-Points-Road-Infographic1-600x293.jpg 600w, https:\/\/powiatlwowecki.pl\/wp-content\/uploads\/2023\/10\/4-Points-Road-Infographic1-768x375.jpg 768w, https:\/\/powiatlwowecki.pl\/wp-content\/uploads\/2023\/10\/4-Points-Road-Infographic1-800x390.jpg 800w, https:\/\/powiatlwowecki.pl\/wp-content\/uploads\/2023\/10\/4-Points-Road-Infographic1.jpg 820w\" sizes=\"(max-width: 820px) 100vw, 820px\" \/><\/p>\n","protected":false},"excerpt":{"rendered":"<p>Niczym grzyby po deszczu na stronach Powiatu Lw\u00f3weckiego pojawiaj\u0105 si\u0119 og\u0142oszenia o kolejnych przetargach na modernizacj\u0119, przebudow\u0119 i budow\u0119 dr\u00f3g i chodnik\u00f3w. &nbsp; Ju\u017c dawano Powiat Lw\u00f3wecki nie realizowa\u0142 tak wiele inwestycji drogowych w jednym  [&#8230;]<\/p>\n","protected":false},"author":8,"featured_media":5319,"comment_status":"closed","ping_status":"closed","sticky":false,"template":"","format":"standard","meta":{"_acf_changed":false,"footnotes":""},"categories":[5],"tags":[],"class_list":["post-5316","post","type-post","status-publish","format-standard","has-post-thumbnail","hentry","category-aktualnosci"],"acf":{"kal_data_wydarzenia":""},"_links":{"self":[{"href":"https:\/\/powiatlwowecki.pl\/plci_json_endpoint\/wp\/v2\/posts\/5316","targetHints":{"allow":["GET"]}}],"collection":[{"href":"https:\/\/powiatlwowecki.pl\/plci_json_endpoint\/wp\/v2\/posts"}],"about":[{"href":"https:\/\/powiatlwowecki.pl\/plci_json_endpoint\/wp\/v2\/types\/post"}],"author":[{"embeddable":true,"href":"https:\/\/powiatlwowecki.pl\/plci_json_endpoint\/wp\/v2\/users\/8"}],"replies":[{"embeddable":true,"href":"https:\/\/powiatlwowecki.pl\/plci_json_endpoint\/wp\/v2\/comments?post=5316"}],"version-history":[{"count":1,"href":"https:\/\/powiatlwowecki.pl\/plci_json_endpoint\/wp\/v2\/posts\/5316\/revisions"}],"predecessor-version":[{"id":5318,"href":"https:\/\/powiatlwowecki.pl\/plci_json_endpoint\/wp\/v2\/posts\/5316\/revisions\/5318"}],"wp:featuredmedia":[{"embeddable":true,"href":"https:\/\/powiatlwowecki.pl\/plci_json_endpoint\/wp\/v2\/media\/5319"}],"wp:attachment":[{"href":"https:\/\/powiatlwowecki.pl\/plci_json_endpoint\/wp\/v2\/media?parent=5316"}],"wp:term":[{"taxonomy":"category","embeddable":true,"href":"https:\/\/powiatlwowecki.pl\/plci_json_endpoint\/wp\/v2\/categories?post=5316"},{"taxonomy":"post_tag","embeddable":true,"href":"https:\/\/powiatlwowecki.pl\/plci_json_endpoint\/wp\/v2\/tags?post=5316"}],"curies":[{"name":"wp","href":"https:\/\/api.w.org\/{rel}","templated":true}]}}