{"id":5239,"date":"2023-09-28T08:29:24","date_gmt":"2023-09-28T06:29:24","guid":{"rendered":"https:\/\/powiatlwowecki.pl\/?p=5239"},"modified":"2023-09-28T08:29:24","modified_gmt":"2023-09-28T06:29:24","slug":"dostawa-nowego-autobusu-przystosowanego-do-przewozu-osob-niepelnosprawnych","status":"publish","type":"post","link":"https:\/\/powiatlwowecki.pl\/dostawa-nowego-autobusu-przystosowanego-do-przewozu-osob-niepelnosprawnych\/","title":{"rendered":"Dostawa nowego autobusu przystosowanego do przewozu os\u00f3b niepe\u0142nosprawnych"},"content":{"rendered":"<div class=\"fusion-fullwidth fullwidth-box fusion-builder-row-1 fusion-flex-container nonhundred-percent-fullwidth non-hundred-percent-height-scrolling\" style=\"--awb-border-radius-top-left:0px;--awb-border-radius-top-right:0px;--awb-border-radius-bottom-right:0px;--awb-border-radius-bottom-left:0px;--awb-flex-wrap:wrap;\" ><div class=\"fusion-builder-row fusion-row fusion-flex-align-items-flex-start fusion-flex-content-wrap\" style=\"max-width:1248px;margin-left: calc(-4% \/ 2 );margin-right: calc(-4% \/ 2 );\"><div class=\"fusion-layout-column fusion_builder_column fusion-builder-column-0 fusion_builder_column_1_1 1_1 fusion-flex-column\" style=\"--awb-bg-size:cover;--awb-width-large:100%;--awb-margin-top-large:0px;--awb-spacing-right-large:1.92%;--awb-margin-bottom-large:0px;--awb-spacing-left-large:1.92%;--awb-width-medium:100%;--awb-spacing-right-medium:1.92%;--awb-spacing-left-medium:1.92%;--awb-width-small:100%;--awb-spacing-right-small:1.92%;--awb-spacing-left-small:1.92%;\"><div class=\"fusion-column-wrapper fusion-flex-justify-content-flex-start fusion-content-layout-column\"><div class=\"fusion-text fusion-text-1\"><p>27 wrze\u015bnia zako\u0144czy\u0142a si\u0119 dostawa fabrycznie nowego autobusu marki MERCUS model TGE rok produkcji 2023 wraz z wyposa\u017ceniem dodatkowym przystosowanego do przewozu os\u00f3b niepe\u0142nosprawnych, w ramach &#8222;Programu wyr\u00f3wnywania r\u00f3\u017cnic mi\u0119dzy regionami III \u2013 obszar D&#8221;, wsp\u00f3\u0142finansowanego ze \u015brodk\u00f3w PFRON.<\/p>\n<p><strong>Wykonawca:<\/strong> TRUCK IMPORT \u2013 EXPORT WYNAJEM SP. Z O.O., siedziba: ul. \u017burawia 43\/201, 00-680 Warszawa.<\/p>\n<p><strong>Warto\u015b\u0107 umowy:<\/strong> 437 880,00 z\u0142 brutto.<\/p>\n<p><strong>Dofinansowanie:<\/strong> Dofinansowanie z PFRON w wysoko\u015bci 204 487,50 z\u0142 w ramach projektu pn.: \u201eLikwidacja barier transportowych \u2013 zakup autobusu przystosowanego do przewozu os\u00f3b niepe\u0142nosprawnych.\u201d<\/p>\n<p>Autobus dostarczony zosta\u0142 dla Zespo\u0142u Plac\u00f3wek Edukacyjno-Wychowawczych w Lw\u00f3wku \u015al\u0105skim, stanowi\u0105c wa\u017cny krok w kierunku eliminacji barier transportowych dla uczni\u00f3w plac\u00f3wki oraz \u00a0poprawy jako\u015bci ich \u017cycia. Warto podkre\u015bli\u0107, \u017ce to nie tylko pojazd, to tak\u017ce symbol troski i wsp\u00f3\u0142pracy na rzecz inkluzji spo\u0142ecznej i r\u00f3wnych szans dla wszystkich mieszka\u0144c\u00f3w.<\/p>\n<p>W uroczysto\u015bci obioru uczestniczyli: \u00a0Starosta Lw\u00f3wecki Daniel Koko, Wicestarosta Lw\u00f3wecki Zbigniew Grze\u015bk\u00f3w oraz Dyrektor Zespo\u0142u Plac\u00f3wek Edukacyjno-Wychowawczych, Marek Soko\u0142owski.<\/p>\n<\/div><div class=\"awb-gallery-wrapper awb-gallery-wrapper-1 button-span-no\" style=\"--more-btn-alignment:center;\"><div style=\"margin:-5px;--awb-bordersize:0px;\" class=\"fusion-gallery fusion-gallery-container fusion-grid-3 fusion-columns-total-11 fusion-gallery-layout-grid fusion-gallery-1\"><div style=\"padding:5px;\" class=\"fusion-grid-column fusion-gallery-column fusion-gallery-column-3 hover-type-none\"><div class=\"fusion-gallery-image\"><a href=\"https:\/\/powiatlwowecki.pl\/wp-content\/uploads\/2023\/09\/DSC5471-scaled-e1695816943916.jpg\" rel=\"noreferrer\" data-rel=\"iLightbox[gallery_image_1]\" class=\"fusion-lightbox\" target=\"_self\"><img decoding=\"async\" src=\"https:\/\/powiatlwowecki.pl\/wp-content\/uploads\/2023\/09\/DSC5471-scaled-e1695816943916.jpg\" width=\"712\" height=\"400\" alt=\"\" title=\"_DSC5471\" aria-label=\"_DSC5471\" class=\"img-responsive wp-image-5228\" srcset=\"https:\/\/powiatlwowecki.pl\/wp-content\/uploads\/2023\/09\/DSC5471-scaled-e1695816943916-200x112.jpg 200w, https:\/\/powiatlwowecki.pl\/wp-content\/uploads\/2023\/09\/DSC5471-scaled-e1695816943916-400x225.jpg 400w, https:\/\/powiatlwowecki.pl\/wp-content\/uploads\/2023\/09\/DSC5471-scaled-e1695816943916-600x337.jpg 600w, https:\/\/powiatlwowecki.pl\/wp-content\/uploads\/2023\/09\/DSC5471-scaled-e1695816943916.jpg 712w\" sizes=\"(min-width: 2200px) 100vw, (min-width: 784px) 397px, (min-width: 712px) 595px, (min-width: 640px) 712px, \" \/><\/a><\/div><\/div><div style=\"padding:5px;\" class=\"fusion-grid-column fusion-gallery-column fusion-gallery-column-3 hover-type-none\"><div class=\"fusion-gallery-image\"><a href=\"https:\/\/powiatlwowecki.pl\/wp-content\/uploads\/2023\/09\/DSC5467-scaled.jpg\" rel=\"noreferrer\" data-rel=\"iLightbox[gallery_image_1]\" class=\"fusion-lightbox\" target=\"_self\"><img decoding=\"async\" src=\"https:\/\/powiatlwowecki.pl\/wp-content\/uploads\/2023\/09\/DSC5467-scaled.jpg\" width=\"2560\" height=\"1438\" alt=\"\" title=\"_DSC5467\" aria-label=\"_DSC5467\" class=\"img-responsive wp-image-5229\" srcset=\"https:\/\/powiatlwowecki.pl\/wp-content\/uploads\/2023\/09\/DSC5467-200x112.jpg 200w, https:\/\/powiatlwowecki.pl\/wp-content\/uploads\/2023\/09\/DSC5467-400x225.jpg 400w, https:\/\/powiatlwowecki.pl\/wp-content\/uploads\/2023\/09\/DSC5467-600x337.jpg 600w, https:\/\/powiatlwowecki.pl\/wp-content\/uploads\/2023\/09\/DSC5467-800x450.jpg 800w, https:\/\/powiatlwowecki.pl\/wp-content\/uploads\/2023\/09\/DSC5467-1200x674.jpg 1200w, https:\/\/powiatlwowecki.pl\/wp-content\/uploads\/2023\/09\/DSC5467-scaled.jpg 2560w\" sizes=\"(min-width: 2200px) 100vw, (min-width: 784px) 397px, (min-width: 712px) 595px, (min-width: 640px) 712px, \" \/><\/a><\/div><\/div><div style=\"padding:5px;\" class=\"fusion-grid-column fusion-gallery-column fusion-gallery-column-3 hover-type-none\"><div class=\"fusion-gallery-image\"><a href=\"https:\/\/powiatlwowecki.pl\/wp-content\/uploads\/2023\/09\/DSC5468-scaled.jpg\" rel=\"noreferrer\" data-rel=\"iLightbox[gallery_image_1]\" class=\"fusion-lightbox\" target=\"_self\"><img decoding=\"async\" src=\"https:\/\/powiatlwowecki.pl\/wp-content\/uploads\/2023\/09\/DSC5468-scaled.jpg\" width=\"2560\" height=\"1438\" alt=\"\" title=\"_DSC5468\" aria-label=\"_DSC5468\" class=\"img-responsive wp-image-5230\" srcset=\"https:\/\/powiatlwowecki.pl\/wp-content\/uploads\/2023\/09\/DSC5468-200x112.jpg 200w, https:\/\/powiatlwowecki.pl\/wp-content\/uploads\/2023\/09\/DSC5468-400x225.jpg 400w, https:\/\/powiatlwowecki.pl\/wp-content\/uploads\/2023\/09\/DSC5468-600x337.jpg 600w, https:\/\/powiatlwowecki.pl\/wp-content\/uploads\/2023\/09\/DSC5468-800x450.jpg 800w, https:\/\/powiatlwowecki.pl\/wp-content\/uploads\/2023\/09\/DSC5468-1200x674.jpg 1200w, https:\/\/powiatlwowecki.pl\/wp-content\/uploads\/2023\/09\/DSC5468-scaled.jpg 2560w\" sizes=\"(min-width: 2200px) 100vw, (min-width: 784px) 397px, (min-width: 712px) 595px, (min-width: 640px) 712px, \" \/><\/a><\/div><\/div><div class=\"clearfix\"><\/div><div style=\"padding:5px;\" class=\"fusion-grid-column fusion-gallery-column fusion-gallery-column-3 hover-type-none\"><div class=\"fusion-gallery-image\"><a href=\"https:\/\/powiatlwowecki.pl\/wp-content\/uploads\/2023\/09\/DSC5469-scaled.jpg\" rel=\"noreferrer\" data-rel=\"iLightbox[gallery_image_1]\" class=\"fusion-lightbox\" target=\"_self\"><img decoding=\"async\" src=\"https:\/\/powiatlwowecki.pl\/wp-content\/uploads\/2023\/09\/DSC5469-scaled.jpg\" width=\"2560\" height=\"1438\" alt=\"\" title=\"_DSC5469\" aria-label=\"_DSC5469\" class=\"img-responsive wp-image-5231\" srcset=\"https:\/\/powiatlwowecki.pl\/wp-content\/uploads\/2023\/09\/DSC5469-200x112.jpg 200w, https:\/\/powiatlwowecki.pl\/wp-content\/uploads\/2023\/09\/DSC5469-400x225.jpg 400w, https:\/\/powiatlwowecki.pl\/wp-content\/uploads\/2023\/09\/DSC5469-600x337.jpg 600w, https:\/\/powiatlwowecki.pl\/wp-content\/uploads\/2023\/09\/DSC5469-800x450.jpg 800w, https:\/\/powiatlwowecki.pl\/wp-content\/uploads\/2023\/09\/DSC5469-1200x674.jpg 1200w, https:\/\/powiatlwowecki.pl\/wp-content\/uploads\/2023\/09\/DSC5469-scaled.jpg 2560w\" sizes=\"(min-width: 2200px) 100vw, (min-width: 784px) 397px, (min-width: 712px) 595px, (min-width: 640px) 712px, \" \/><\/a><\/div><\/div><div style=\"padding:5px;\" class=\"fusion-grid-column fusion-gallery-column fusion-gallery-column-3 hover-type-none\"><div class=\"fusion-gallery-image\"><a href=\"https:\/\/powiatlwowecki.pl\/wp-content\/uploads\/2023\/09\/DSC5460-scaled.jpg\" rel=\"noreferrer\" data-rel=\"iLightbox[gallery_image_1]\" class=\"fusion-lightbox\" target=\"_self\"><img decoding=\"async\" src=\"https:\/\/powiatlwowecki.pl\/wp-content\/uploads\/2023\/09\/DSC5460-scaled.jpg\" width=\"2560\" height=\"1438\" alt=\"\" title=\"_DSC5460\" aria-label=\"_DSC5460\" class=\"img-responsive wp-image-5232\" srcset=\"https:\/\/powiatlwowecki.pl\/wp-content\/uploads\/2023\/09\/DSC5460-200x112.jpg 200w, https:\/\/powiatlwowecki.pl\/wp-content\/uploads\/2023\/09\/DSC5460-400x225.jpg 400w, https:\/\/powiatlwowecki.pl\/wp-content\/uploads\/2023\/09\/DSC5460-600x337.jpg 600w, https:\/\/powiatlwowecki.pl\/wp-content\/uploads\/2023\/09\/DSC5460-800x450.jpg 800w, https:\/\/powiatlwowecki.pl\/wp-content\/uploads\/2023\/09\/DSC5460-1200x674.jpg 1200w, https:\/\/powiatlwowecki.pl\/wp-content\/uploads\/2023\/09\/DSC5460-scaled.jpg 2560w\" sizes=\"(min-width: 2200px) 100vw, (min-width: 784px) 397px, (min-width: 712px) 595px, (min-width: 640px) 712px, \" \/><\/a><\/div><\/div><div style=\"padding:5px;\" class=\"fusion-grid-column fusion-gallery-column fusion-gallery-column-3 hover-type-none\"><div class=\"fusion-gallery-image\"><a href=\"https:\/\/powiatlwowecki.pl\/wp-content\/uploads\/2023\/09\/DSC5461-scaled.jpg\" rel=\"noreferrer\" data-rel=\"iLightbox[gallery_image_1]\" class=\"fusion-lightbox\" target=\"_self\"><img decoding=\"async\" src=\"https:\/\/powiatlwowecki.pl\/wp-content\/uploads\/2023\/09\/DSC5461-scaled.jpg\" width=\"2560\" height=\"1438\" alt=\"\" title=\"_DSC5461\" aria-label=\"_DSC5461\" class=\"img-responsive wp-image-5233\" srcset=\"https:\/\/powiatlwowecki.pl\/wp-content\/uploads\/2023\/09\/DSC5461-200x112.jpg 200w, https:\/\/powiatlwowecki.pl\/wp-content\/uploads\/2023\/09\/DSC5461-400x225.jpg 400w, https:\/\/powiatlwowecki.pl\/wp-content\/uploads\/2023\/09\/DSC5461-600x337.jpg 600w, https:\/\/powiatlwowecki.pl\/wp-content\/uploads\/2023\/09\/DSC5461-800x450.jpg 800w, https:\/\/powiatlwowecki.pl\/wp-content\/uploads\/2023\/09\/DSC5461-1200x674.jpg 1200w, https:\/\/powiatlwowecki.pl\/wp-content\/uploads\/2023\/09\/DSC5461-scaled.jpg 2560w\" sizes=\"(min-width: 2200px) 100vw, (min-width: 784px) 397px, (min-width: 712px) 595px, (min-width: 640px) 712px, \" \/><\/a><\/div><\/div><div class=\"clearfix\"><\/div><div style=\"padding:5px;\" class=\"fusion-grid-column fusion-gallery-column fusion-gallery-column-3 hover-type-none\"><div class=\"fusion-gallery-image\"><a href=\"https:\/\/powiatlwowecki.pl\/wp-content\/uploads\/2023\/09\/DSC5462-scaled.jpg\" rel=\"noreferrer\" data-rel=\"iLightbox[gallery_image_1]\" class=\"fusion-lightbox\" target=\"_self\"><img decoding=\"async\" src=\"https:\/\/powiatlwowecki.pl\/wp-content\/uploads\/2023\/09\/DSC5462-scaled.jpg\" width=\"2560\" height=\"1438\" alt=\"\" title=\"_DSC5462\" aria-label=\"_DSC5462\" class=\"img-responsive wp-image-5234\" srcset=\"https:\/\/powiatlwowecki.pl\/wp-content\/uploads\/2023\/09\/DSC5462-300x169.jpg 300w, https:\/\/powiatlwowecki.pl\/wp-content\/uploads\/2023\/09\/DSC5462-768x432.jpg 768w, https:\/\/powiatlwowecki.pl\/wp-content\/uploads\/2023\/09\/DSC5462-1024x575.jpg 1024w, https:\/\/powiatlwowecki.pl\/wp-content\/uploads\/2023\/09\/DSC5462-1536x863.jpg 1536w, https:\/\/powiatlwowecki.pl\/wp-content\/uploads\/2023\/09\/DSC5462-scaled.jpg 2560w\" sizes=\"(max-width: 2560px) 100vw, 2560px\" \/><\/a><\/div><\/div><div style=\"padding:5px;\" class=\"fusion-grid-column fusion-gallery-column fusion-gallery-column-3 hover-type-none\"><div class=\"fusion-gallery-image\"><a href=\"https:\/\/powiatlwowecki.pl\/wp-content\/uploads\/2023\/09\/DSC5463-scaled.jpg\" rel=\"noreferrer\" data-rel=\"iLightbox[gallery_image_1]\" class=\"fusion-lightbox\" target=\"_self\"><img decoding=\"async\" src=\"https:\/\/powiatlwowecki.pl\/wp-content\/uploads\/2023\/09\/DSC5463-scaled.jpg\" width=\"2560\" height=\"1438\" alt=\"\" title=\"_DSC5463\" aria-label=\"_DSC5463\" class=\"img-responsive wp-image-5235\" srcset=\"https:\/\/powiatlwowecki.pl\/wp-content\/uploads\/2023\/09\/DSC5463-200x112.jpg 200w, https:\/\/powiatlwowecki.pl\/wp-content\/uploads\/2023\/09\/DSC5463-400x225.jpg 400w, https:\/\/powiatlwowecki.pl\/wp-content\/uploads\/2023\/09\/DSC5463-600x337.jpg 600w, https:\/\/powiatlwowecki.pl\/wp-content\/uploads\/2023\/09\/DSC5463-800x450.jpg 800w, https:\/\/powiatlwowecki.pl\/wp-content\/uploads\/2023\/09\/DSC5463-1200x674.jpg 1200w, https:\/\/powiatlwowecki.pl\/wp-content\/uploads\/2023\/09\/DSC5463-scaled.jpg 2560w\" sizes=\"(min-width: 2200px) 100vw, (min-width: 784px) 397px, (min-width: 712px) 595px, (min-width: 640px) 712px, \" \/><\/a><\/div><\/div><div style=\"padding:5px;\" class=\"fusion-grid-column fusion-gallery-column fusion-gallery-column-3 hover-type-none\"><div class=\"fusion-gallery-image\"><a href=\"https:\/\/powiatlwowecki.pl\/wp-content\/uploads\/2023\/09\/DSC5464-scaled.jpg\" rel=\"noreferrer\" data-rel=\"iLightbox[gallery_image_1]\" class=\"fusion-lightbox\" target=\"_self\"><img decoding=\"async\" src=\"https:\/\/powiatlwowecki.pl\/wp-content\/uploads\/2023\/09\/DSC5464-scaled.jpg\" width=\"2560\" height=\"1438\" alt=\"\" title=\"_DSC5464\" aria-label=\"_DSC5464\" class=\"img-responsive wp-image-5236\" srcset=\"https:\/\/powiatlwowecki.pl\/wp-content\/uploads\/2023\/09\/DSC5464-200x112.jpg 200w, https:\/\/powiatlwowecki.pl\/wp-content\/uploads\/2023\/09\/DSC5464-400x225.jpg 400w, https:\/\/powiatlwowecki.pl\/wp-content\/uploads\/2023\/09\/DSC5464-600x337.jpg 600w, https:\/\/powiatlwowecki.pl\/wp-content\/uploads\/2023\/09\/DSC5464-800x450.jpg 800w, https:\/\/powiatlwowecki.pl\/wp-content\/uploads\/2023\/09\/DSC5464-1200x674.jpg 1200w, https:\/\/powiatlwowecki.pl\/wp-content\/uploads\/2023\/09\/DSC5464-scaled.jpg 2560w\" sizes=\"(min-width: 2200px) 100vw, (min-width: 784px) 397px, (min-width: 712px) 595px, (min-width: 640px) 712px, \" \/><\/a><\/div><\/div><div class=\"clearfix\"><\/div><div style=\"padding:5px;\" class=\"fusion-grid-column fusion-gallery-column fusion-gallery-column-3 hover-type-none\"><div class=\"fusion-gallery-image\"><a href=\"https:\/\/powiatlwowecki.pl\/wp-content\/uploads\/2023\/09\/DSC5465-scaled.jpg\" rel=\"noreferrer\" data-rel=\"iLightbox[gallery_image_1]\" class=\"fusion-lightbox\" target=\"_self\"><img decoding=\"async\" src=\"https:\/\/powiatlwowecki.pl\/wp-content\/uploads\/2023\/09\/DSC5465-scaled.jpg\" width=\"2560\" height=\"1438\" alt=\"\" title=\"_DSC5465\" aria-label=\"_DSC5465\" class=\"img-responsive wp-image-5237\" srcset=\"https:\/\/powiatlwowecki.pl\/wp-content\/uploads\/2023\/09\/DSC5465-200x112.jpg 200w, https:\/\/powiatlwowecki.pl\/wp-content\/uploads\/2023\/09\/DSC5465-400x225.jpg 400w, https:\/\/powiatlwowecki.pl\/wp-content\/uploads\/2023\/09\/DSC5465-600x337.jpg 600w, https:\/\/powiatlwowecki.pl\/wp-content\/uploads\/2023\/09\/DSC5465-800x450.jpg 800w, https:\/\/powiatlwowecki.pl\/wp-content\/uploads\/2023\/09\/DSC5465-1200x674.jpg 1200w, https:\/\/powiatlwowecki.pl\/wp-content\/uploads\/2023\/09\/DSC5465-scaled.jpg 2560w\" sizes=\"(min-width: 2200px) 100vw, (min-width: 784px) 397px, (min-width: 712px) 595px, (min-width: 640px) 712px, \" \/><\/a><\/div><\/div><div style=\"padding:5px;\" class=\"fusion-grid-column fusion-gallery-column fusion-gallery-column-3 hover-type-none\"><div class=\"fusion-gallery-image\"><a href=\"https:\/\/powiatlwowecki.pl\/wp-content\/uploads\/2023\/09\/DSC5466-scaled.jpg\" rel=\"noreferrer\" data-rel=\"iLightbox[gallery_image_1]\" class=\"fusion-lightbox\" target=\"_self\"><img decoding=\"async\" src=\"https:\/\/powiatlwowecki.pl\/wp-content\/uploads\/2023\/09\/DSC5466-scaled.jpg\" width=\"2560\" height=\"1438\" alt=\"\" title=\"_DSC5466\" aria-label=\"_DSC5466\" class=\"img-responsive wp-image-5238\" srcset=\"https:\/\/powiatlwowecki.pl\/wp-content\/uploads\/2023\/09\/DSC5466-200x112.jpg 200w, https:\/\/powiatlwowecki.pl\/wp-content\/uploads\/2023\/09\/DSC5466-400x225.jpg 400w, https:\/\/powiatlwowecki.pl\/wp-content\/uploads\/2023\/09\/DSC5466-600x337.jpg 600w, https:\/\/powiatlwowecki.pl\/wp-content\/uploads\/2023\/09\/DSC5466-800x450.jpg 800w, https:\/\/powiatlwowecki.pl\/wp-content\/uploads\/2023\/09\/DSC5466-1200x674.jpg 1200w, https:\/\/powiatlwowecki.pl\/wp-content\/uploads\/2023\/09\/DSC5466-scaled.jpg 2560w\" sizes=\"(min-width: 2200px) 100vw, (min-width: 784px) 397px, (min-width: 712px) 595px, (min-width: 640px) 712px, \" \/><\/a><\/div><\/div><\/div><\/div><\/div><\/div><\/div><\/div>\n","protected":false},"excerpt":{"rendered":"","protected":false},"author":8,"featured_media":5228,"comment_status":"closed","ping_status":"closed","sticky":false,"template":"","format":"standard","meta":{"_acf_changed":false,"footnotes":""},"categories":[5],"tags":[],"class_list":["post-5239","post","type-post","status-publish","format-standard","has-post-thumbnail","hentry","category-aktualnosci"],"acf":{"kal_data_wydarzenia":""},"_links":{"self":[{"href":"https:\/\/powiatlwowecki.pl\/plci_json_endpoint\/wp\/v2\/posts\/5239","targetHints":{"allow":["GET"]}}],"collection":[{"href":"https:\/\/powiatlwowecki.pl\/plci_json_endpoint\/wp\/v2\/posts"}],"about":[{"href":"https:\/\/powiatlwowecki.pl\/plci_json_endpoint\/wp\/v2\/types\/post"}],"author":[{"embeddable":true,"href":"https:\/\/powiatlwowecki.pl\/plci_json_endpoint\/wp\/v2\/users\/8"}],"replies":[{"embeddable":true,"href":"https:\/\/powiatlwowecki.pl\/plci_json_endpoint\/wp\/v2\/comments?post=5239"}],"version-history":[{"count":0,"href":"https:\/\/powiatlwowecki.pl\/plci_json_endpoint\/wp\/v2\/posts\/5239\/revisions"}],"wp:featuredmedia":[{"embeddable":true,"href":"https:\/\/powiatlwowecki.pl\/plci_json_endpoint\/wp\/v2\/media\/5228"}],"wp:attachment":[{"href":"https:\/\/powiatlwowecki.pl\/plci_json_endpoint\/wp\/v2\/media?parent=5239"}],"wp:term":[{"taxonomy":"category","embeddable":true,"href":"https:\/\/powiatlwowecki.pl\/plci_json_endpoint\/wp\/v2\/categories?post=5239"},{"taxonomy":"post_tag","embeddable":true,"href":"https:\/\/powiatlwowecki.pl\/plci_json_endpoint\/wp\/v2\/tags?post=5239"}],"curies":[{"name":"wp","href":"https:\/\/api.w.org\/{rel}","templated":true}]}}