{"id":5210,"date":"2023-09-26T15:07:33","date_gmt":"2023-09-26T13:07:33","guid":{"rendered":"https:\/\/powiatlwowecki.pl\/?p=5210"},"modified":"2023-09-27T08:26:20","modified_gmt":"2023-09-27T06:26:20","slug":"powiat-lwowecki-podpisal-umowe-dotyczaca-remontu-lazienki-na-ii-pietrze-w-domu-pomocy-spolecznej-w-nielestnie","status":"publish","type":"post","link":"https:\/\/powiatlwowecki.pl\/powiat-lwowecki-podpisal-umowe-dotyczaca-remontu-lazienki-na-ii-pietrze-w-domu-pomocy-spolecznej-w-nielestnie\/","title":{"rendered":"Powiat Lw\u00f3wecki podpisa\u0142\u00a0 umow\u0119 dotycz\u0105c\u0105 remontu \u0142azienki na II pi\u0119trze w Domu Pomocy Spo\u0142ecznej w Nielestnie"},"content":{"rendered":"<p>Powiat Lw\u00f3wecki podpisa\u0142\u00a0 umow\u0119 dotycz\u0105c\u0105 remontu \u0142azienki na II pi\u0119trze w Domu Pomocy Spo\u0142ecznej w Nielestnie. Ta inicjatywa ma na celu popraw\u0119 warunk\u00f3w mieszka\u0144c\u00f3w Domu Pomocy Spo\u0142ecznej oraz zwi\u0119kszenie komfortu ich codziennego \u017cycia.<\/p>\n<p>Wykonawc\u0105 rob\u00f3t jest Zak\u0142ad Modernizacyjno-Budowlany &#8222;Delta&#8221; z siedzib\u0105 ul. Dolne M\u0142yny 54\/2, 59-700 Boles\u0142awiec<\/p>\n<p>Warto\u015b\u0107 umowy wynosi 197 097,98 z\u0142 brutto<\/p>\n<p>Ten projekt jest wa\u017cnym krokiem w kierunku zapewnienia godnych warunk\u00f3w \u017cycia dla mieszka\u0144c\u00f3w Domu Pomocy Spo\u0142ecznej w Nielestnie. Realizacja remontu ma na celu stworzenie nowoczesnej i bezpiecznej \u0142azienki, dostosowanej do potrzeb os\u00f3b korzystaj\u0105cych z tej plac\u00f3wki.<\/p>\n<p>Dzi\u0119kujemy Zak\u0142adowi Modernizacyjno-Budowlanemu &#8222;Delta&#8221; za podj\u0119cie si\u0119 tego zadania. Termin realizacji zadania do ko\u0144ca roku jest ambitnym wyzwaniem, ale mamy pe\u0142ne zaufanie do profesjonalizmu i zaanga\u017cowania wykonawcy.<\/p>\n<p>Mamy nadziej\u0119, \u017ce efekty tego remontu przyczyni\u0105 si\u0119 do poprawy jako\u015bci \u017cycia mieszka\u0144c\u00f3w Domu Pomocy Spo\u0142ecznej w Nielestnie oraz b\u0119d\u0105 kolejnym pozytywnym krokiem w rozwoju naszego regionu.<\/p>\n<p style=\"text-align: center;\">Zadanie jest dofinansowane w 50% z dotacji celowej z Dolno\u015bl\u0105skiego Urz\u0119du Wojew\u00f3dzkiego<\/p>\n<p><img decoding=\"async\" class=\"alignnone size-full wp-image-5211\" src=\"https:\/\/powiatlwowecki.pl\/wp-content\/uploads\/2023\/09\/20230925_120952-scaled-e1695733622339.jpg\" alt=\"\" width=\"2560\" height=\"1683\" srcset=\"https:\/\/powiatlwowecki.pl\/wp-content\/uploads\/2023\/09\/20230925_120952-scaled-e1695733622339-24x16.jpg 24w, https:\/\/powiatlwowecki.pl\/wp-content\/uploads\/2023\/09\/20230925_120952-scaled-e1695733622339-36x24.jpg 36w, https:\/\/powiatlwowecki.pl\/wp-content\/uploads\/2023\/09\/20230925_120952-scaled-e1695733622339-48x32.jpg 48w, https:\/\/powiatlwowecki.pl\/wp-content\/uploads\/2023\/09\/20230925_120952-scaled-e1695733622339-200x131.jpg 200w, https:\/\/powiatlwowecki.pl\/wp-content\/uploads\/2023\/09\/20230925_120952-scaled-e1695733622339-300x197.jpg 300w, https:\/\/powiatlwowecki.pl\/wp-content\/uploads\/2023\/09\/20230925_120952-scaled-e1695733622339-400x263.jpg 400w, https:\/\/powiatlwowecki.pl\/wp-content\/uploads\/2023\/09\/20230925_120952-scaled-e1695733622339-600x394.jpg 600w, https:\/\/powiatlwowecki.pl\/wp-content\/uploads\/2023\/09\/20230925_120952-scaled-e1695733622339-768x505.jpg 768w, https:\/\/powiatlwowecki.pl\/wp-content\/uploads\/2023\/09\/20230925_120952-scaled-e1695733622339-800x526.jpg 800w, https:\/\/powiatlwowecki.pl\/wp-content\/uploads\/2023\/09\/20230925_120952-scaled-e1695733622339-1024x673.jpg 1024w, https:\/\/powiatlwowecki.pl\/wp-content\/uploads\/2023\/09\/20230925_120952-scaled-e1695733622339-1200x789.jpg 1200w, https:\/\/powiatlwowecki.pl\/wp-content\/uploads\/2023\/09\/20230925_120952-scaled-e1695733622339-1536x1010.jpg 1536w, https:\/\/powiatlwowecki.pl\/wp-content\/uploads\/2023\/09\/20230925_120952-scaled-e1695733622339.jpg 2560w\" sizes=\"(max-width: 2560px) 100vw, 2560px\" \/><\/p>\n","protected":false},"excerpt":{"rendered":"<p>Powiat Lw\u00f3wecki podpisa\u0142\u00a0 umow\u0119 dotycz\u0105c\u0105 remontu \u0142azienki na II pi\u0119trze w Domu Pomocy Spo\u0142ecznej w Nielestnie. Ta inicjatywa ma na celu popraw\u0119 warunk\u00f3w mieszka\u0144c\u00f3w Domu Pomocy Spo\u0142ecznej oraz zwi\u0119kszenie komfortu ich codziennego \u017cycia. Wykonawc\u0105 rob\u00f3t  [&#8230;]<\/p>\n","protected":false},"author":8,"featured_media":5211,"comment_status":"closed","ping_status":"closed","sticky":false,"template":"","format":"standard","meta":{"_acf_changed":false,"footnotes":""},"categories":[5],"tags":[],"class_list":["post-5210","post","type-post","status-publish","format-standard","has-post-thumbnail","hentry","category-aktualnosci"],"acf":{"kal_data_wydarzenia":""},"_links":{"self":[{"href":"https:\/\/powiatlwowecki.pl\/plci_json_endpoint\/wp\/v2\/posts\/5210","targetHints":{"allow":["GET"]}}],"collection":[{"href":"https:\/\/powiatlwowecki.pl\/plci_json_endpoint\/wp\/v2\/posts"}],"about":[{"href":"https:\/\/powiatlwowecki.pl\/plci_json_endpoint\/wp\/v2\/types\/post"}],"author":[{"embeddable":true,"href":"https:\/\/powiatlwowecki.pl\/plci_json_endpoint\/wp\/v2\/users\/8"}],"replies":[{"embeddable":true,"href":"https:\/\/powiatlwowecki.pl\/plci_json_endpoint\/wp\/v2\/comments?post=5210"}],"version-history":[{"count":1,"href":"https:\/\/powiatlwowecki.pl\/plci_json_endpoint\/wp\/v2\/posts\/5210\/revisions"}],"predecessor-version":[{"id":5212,"href":"https:\/\/powiatlwowecki.pl\/plci_json_endpoint\/wp\/v2\/posts\/5210\/revisions\/5212"}],"wp:featuredmedia":[{"embeddable":true,"href":"https:\/\/powiatlwowecki.pl\/plci_json_endpoint\/wp\/v2\/media\/5211"}],"wp:attachment":[{"href":"https:\/\/powiatlwowecki.pl\/plci_json_endpoint\/wp\/v2\/media?parent=5210"}],"wp:term":[{"taxonomy":"category","embeddable":true,"href":"https:\/\/powiatlwowecki.pl\/plci_json_endpoint\/wp\/v2\/categories?post=5210"},{"taxonomy":"post_tag","embeddable":true,"href":"https:\/\/powiatlwowecki.pl\/plci_json_endpoint\/wp\/v2\/tags?post=5210"}],"curies":[{"name":"wp","href":"https:\/\/api.w.org\/{rel}","templated":true}]}}