{"id":4844,"date":"2023-09-19T09:22:59","date_gmt":"2023-09-19T07:22:59","guid":{"rendered":"https:\/\/powiatlwowecki.pl\/?p=4844"},"modified":"2023-09-19T09:22:59","modified_gmt":"2023-09-19T07:22:59","slug":"komenda-wojewodzka-policji-we-wroclawiu-przy-wspolpracy-z-komenda-powiatowa-policji-w-lwowku-slaskim-organizuje-impreze-edukacyjno-prewencyjna-pn-bezpieczna-droga-do-szkoly","status":"publish","type":"post","link":"https:\/\/powiatlwowecki.pl\/komenda-wojewodzka-policji-we-wroclawiu-przy-wspolpracy-z-komenda-powiatowa-policji-w-lwowku-slaskim-organizuje-impreze-edukacyjno-prewencyjna-pn-bezpieczna-droga-do-szkoly\/","title":{"rendered":"Komenda Wojew\u00f3dzka Policji we Wroc\u0142awiu przy wsp\u00f3\u0142pracy z Komend\u0105 Powiatow\u0105 Policji w Lw\u00f3wku \u015al\u0105skim organizuje imprez\u0119 edukacyjno-prewencyjn\u0105 pn. \u201eBezpieczna droga do szko\u0142y\u201d"},"content":{"rendered":"<p>Wraz z rozpocz\u0119ciem nowego roku szkolnego ruszy\u0142a og\u00f3lnopolska akcja prewencyjna Policji pod nazw\u0105: \u201eBezpieczna Droga do Szko\u0142y\u201d.<\/p>\n<p>Z okazji rozpocz\u0119cia roku szkolnego 2023\/2024 Komenda Wojew\u00f3dzka Policji we Wroc\u0142awiu przy wsp\u00f3\u0142pracy z Komend\u0105 Powiatow\u0105 Policji w Lw\u00f3wku \u015al\u0105skim organizuje imprez\u0119 edukacyjno-prewencyjn\u0105 pn. \u201eBezpieczna droga do szko\u0142y\u201d, kt\u00f3ra odb\u0119dzie si\u0119 w pi\u0105tek 22 wrze\u015bnia 2023 r. w godzinach 11:00 \u2013 13:00 na placu przy Ratuszu w Lw\u00f3wku \u015al\u0105skim.<\/p>\n<p>Po d\u0142ugim odpoczynku wakacyjnym wa\u017cne jest, by przypomnie\u0107 dzieciom i m\u0142odzie\u017cy, jak wa\u017cne jest bezpiecze\u0144stwo powszechne, w tym poruszanie si\u0119 pieszo, rowerem, samochodem jak i komunikacj\u0105 zbiorow\u0105 w drodze do szko\u0142y i z powrotem. Akcja ma na celu u\u015bwiadomienie tak\u017ce<br \/>\no zagro\u017ceniach z tym zwi\u0105zanych, a wszystko w atmosferze dobrej zabawy.<\/p>\n<p>Podczas imprezy zaprezentowane zostan\u0105 stoiska dolno\u015bl\u0105skiej Policji, w tym:<\/p>\n<ul>\n<li>stoisko Wydzia\u0142 Prewencji Komendy Wojew\u00f3dzkiej Policji we Wroc\u0142awiu,<\/li>\n<li>stoisko Komisariatu Wodnego \u2013 \u0142\u00f3d\u017a, skutery,<\/li>\n<li>stoisko Samodzielnego Pododdzia\u0142u Kontrterrorystycznego Policji &#8211; bro\u0144, robot do wyszukiwania materia\u0142\u00f3w wybuchowych,<\/li>\n<li>stoisko Oddzia\u0142\u00f3w Prewencji Policji, w tym prezentacja okratowanego busa, zestaw tzw. \u201e\u017c\u00f3\u0142wia\u201d, kaski,<\/li>\n<li>stoiska Komend Miejskich i Powiatowych z wojew\u00f3dztwa dolno\u015bl\u0105skiego,<\/li>\n<li>Stoisko Stra\u017cy Ochrony Kolei,<\/li>\n<li>Stoisko Stra\u017cy Miejskiej z Lw\u00f3wka \u015al\u0105skiego,<\/li>\n<li>stoisko alkogoogle i narkogoogle,<\/li>\n<li>prezentacja policyjnych ps\u00f3w s\u0142u\u017cbowych,<\/li>\n<li>najnowocze\u015bniejsze radiowozy policyjne, motocykle, quady,<\/li>\n<li>spotkanie z maskotk\u0105 Dolno\u015bl\u0105skiej Policji Komisarzem Lwem.<\/li>\n<\/ul>\n<p>&nbsp;<\/p>\n<p><em><strong>Serdecznie zapraszamy!<\/strong><\/em><\/p>\n","protected":false},"excerpt":{"rendered":"<p>Wraz z rozpocz\u0119ciem nowego roku szkolnego ruszy\u0142a og\u00f3lnopolska akcja prewencyjna Policji pod nazw\u0105: \u201eBezpieczna Droga do Szko\u0142y\u201d. Z okazji rozpocz\u0119cia roku szkolnego 2023\/2024 Komenda Wojew\u00f3dzka Policji we Wroc\u0142awiu przy wsp\u00f3\u0142pracy z Komend\u0105 Powiatow\u0105 Policji w  [&#8230;]<\/p>\n","protected":false},"author":8,"featured_media":4845,"comment_status":"closed","ping_status":"closed","sticky":false,"template":"","format":"standard","meta":{"_acf_changed":false,"footnotes":""},"categories":[5],"tags":[],"class_list":["post-4844","post","type-post","status-publish","format-standard","has-post-thumbnail","hentry","category-aktualnosci"],"acf":{"kal_data_wydarzenia":""},"_links":{"self":[{"href":"https:\/\/powiatlwowecki.pl\/plci_json_endpoint\/wp\/v2\/posts\/4844","targetHints":{"allow":["GET"]}}],"collection":[{"href":"https:\/\/powiatlwowecki.pl\/plci_json_endpoint\/wp\/v2\/posts"}],"about":[{"href":"https:\/\/powiatlwowecki.pl\/plci_json_endpoint\/wp\/v2\/types\/post"}],"author":[{"embeddable":true,"href":"https:\/\/powiatlwowecki.pl\/plci_json_endpoint\/wp\/v2\/users\/8"}],"replies":[{"embeddable":true,"href":"https:\/\/powiatlwowecki.pl\/plci_json_endpoint\/wp\/v2\/comments?post=4844"}],"version-history":[{"count":0,"href":"https:\/\/powiatlwowecki.pl\/plci_json_endpoint\/wp\/v2\/posts\/4844\/revisions"}],"wp:featuredmedia":[{"embeddable":true,"href":"https:\/\/powiatlwowecki.pl\/plci_json_endpoint\/wp\/v2\/media\/4845"}],"wp:attachment":[{"href":"https:\/\/powiatlwowecki.pl\/plci_json_endpoint\/wp\/v2\/media?parent=4844"}],"wp:term":[{"taxonomy":"category","embeddable":true,"href":"https:\/\/powiatlwowecki.pl\/plci_json_endpoint\/wp\/v2\/categories?post=4844"},{"taxonomy":"post_tag","embeddable":true,"href":"https:\/\/powiatlwowecki.pl\/plci_json_endpoint\/wp\/v2\/tags?post=4844"}],"curies":[{"name":"wp","href":"https:\/\/api.w.org\/{rel}","templated":true}]}}