{"id":4781,"date":"2023-09-05T08:26:11","date_gmt":"2023-09-05T06:26:11","guid":{"rendered":"https:\/\/powiatlwowecki.pl\/?p=4781"},"modified":"2023-09-05T08:26:11","modified_gmt":"2023-09-05T06:26:11","slug":"rozpoczecie-roku-szkolnego-2023-2024","status":"publish","type":"post","link":"https:\/\/powiatlwowecki.pl\/rozpoczecie-roku-szkolnego-2023-2024\/","title":{"rendered":"Rozpocz\u0119cie roku szkolnego 2023\/2024"},"content":{"rendered":"<h4><span style=\"font-family: Arial, Helvetica, sans-serif;\"><em>Drodzy Uczniowie, mamy nadziej\u0119, \u017ce po okresie wakacyjnego wypoczynku z zapa\u0142em i ciekawo\u015bci\u0105 przyst\u0105picie do zdobywania wiedzy. Chcieliby\u015bmy, \u017ceby\u015bcie jak najlepiej wykorzystali wszystkie szanse, jakie daje Wam szko\u0142a.<\/em><\/span><\/h4>\n<h4><span style=\"font-family: Arial, Helvetica, sans-serif;\"><em>Nauczycielom i Pracownikom O\u015bwiaty \u017cyczymy, by rozpoczynaj\u0105cy si\u0119 rok szkolny by\u0142 okresem nowych wyzwa\u0144, pomy\u015blnej wsp\u00f3\u0142pracy, wzajemnej \u017cyczliwo\u015bci oraz obfitowa\u0142 w liczne osi\u0105gni\u0119cia dydaktyczne i wychowawcze. Niech podejmowany trud stanie si\u0119 dla Pa\u0144stwa \u017ar\u00f3d\u0142em zadowolenia oraz rado\u015bci i wdzi\u0119czno\u015bci uczni\u00f3w.<\/em><\/span><\/h4>\n<h4><span style=\"font-family: Arial, Helvetica, sans-serif;\"><em>Rodzicom \u017cyczymy, aby nowy rok szkolny przyni\u00f3s\u0142 wiele okazji do dumy i rado\u015bci z osi\u0105gni\u0119\u0107 dzieci. Niech szko\u0142a b\u0119dzie dla Pa\u0144stwa miejscem otwartym i przyjaznym. \u017byczymy dobrej wsp\u00f3\u0142pracy z nauczycielami i wychowawcami.<\/em><\/span><\/h4>\n<h4 style=\"text-align: right;\"><span style=\"font-family: Arial, Helvetica, sans-serif;\"><em>Daniel Koko Starosta Lw\u00f3wecki<\/em><\/span><br \/>\n<span style=\"font-family: Arial, Helvetica, sans-serif;\"><em>Ma\u0142gorzata Szczepa\u0144ska Przewodnicz\u0105ca Rady Powiatu Lw\u00f3weckiego<\/em><\/span><\/h4>\n","protected":false},"excerpt":{"rendered":"<p>Drodzy Uczniowie, mamy nadziej\u0119, \u017ce po okresie wakacyjnego wypoczynku z zapa\u0142em i ciekawo\u015bci\u0105 przyst\u0105picie do zdobywania wiedzy. Chcieliby\u015bmy, \u017ceby\u015bcie jak najlepiej wykorzystali wszystkie szanse, jakie daje Wam szko\u0142a. Nauczycielom i Pracownikom O\u015bwiaty \u017cyczymy, by rozpoczynaj\u0105cy  [&#8230;]<\/p>\n","protected":false},"author":8,"featured_media":4780,"comment_status":"closed","ping_status":"closed","sticky":false,"template":"","format":"standard","meta":{"_acf_changed":false,"footnotes":""},"categories":[5],"tags":[],"class_list":["post-4781","post","type-post","status-publish","format-standard","has-post-thumbnail","hentry","category-aktualnosci"],"acf":{"kal_data_wydarzenia":""},"_links":{"self":[{"href":"https:\/\/powiatlwowecki.pl\/plci_json_endpoint\/wp\/v2\/posts\/4781","targetHints":{"allow":["GET"]}}],"collection":[{"href":"https:\/\/powiatlwowecki.pl\/plci_json_endpoint\/wp\/v2\/posts"}],"about":[{"href":"https:\/\/powiatlwowecki.pl\/plci_json_endpoint\/wp\/v2\/types\/post"}],"author":[{"embeddable":true,"href":"https:\/\/powiatlwowecki.pl\/plci_json_endpoint\/wp\/v2\/users\/8"}],"replies":[{"embeddable":true,"href":"https:\/\/powiatlwowecki.pl\/plci_json_endpoint\/wp\/v2\/comments?post=4781"}],"version-history":[{"count":0,"href":"https:\/\/powiatlwowecki.pl\/plci_json_endpoint\/wp\/v2\/posts\/4781\/revisions"}],"wp:featuredmedia":[{"embeddable":true,"href":"https:\/\/powiatlwowecki.pl\/plci_json_endpoint\/wp\/v2\/media\/4780"}],"wp:attachment":[{"href":"https:\/\/powiatlwowecki.pl\/plci_json_endpoint\/wp\/v2\/media?parent=4781"}],"wp:term":[{"taxonomy":"category","embeddable":true,"href":"https:\/\/powiatlwowecki.pl\/plci_json_endpoint\/wp\/v2\/categories?post=4781"},{"taxonomy":"post_tag","embeddable":true,"href":"https:\/\/powiatlwowecki.pl\/plci_json_endpoint\/wp\/v2\/tags?post=4781"}],"curies":[{"name":"wp","href":"https:\/\/api.w.org\/{rel}","templated":true}]}}