{"id":4747,"date":"2023-07-31T11:24:19","date_gmt":"2023-07-31T09:24:19","guid":{"rendered":"https:\/\/powiatlwowecki.pl\/?p=4747"},"modified":"2023-07-31T11:25:38","modified_gmt":"2023-07-31T09:25:38","slug":"4747-2","status":"publish","type":"post","link":"https:\/\/powiatlwowecki.pl\/4747-2\/","title":{"rendered":"Trwa nab\u00f3r film\u00f3w do VIII edycji Festiwalu Film\u00f3w Odpowiedzialnych!"},"content":{"rendered":"<div class=\"fusion-fullwidth fullwidth-box fusion-builder-row-1 fusion-flex-container has-pattern-background has-mask-background nonhundred-percent-fullwidth non-hundred-percent-height-scrolling\" style=\"--awb-border-radius-top-left:0px;--awb-border-radius-top-right:0px;--awb-border-radius-bottom-right:0px;--awb-border-radius-bottom-left:0px;--awb-flex-wrap:wrap;\" ><div class=\"fusion-builder-row fusion-row fusion-flex-align-items-flex-start fusion-flex-content-wrap\" style=\"max-width:1248px;margin-left: calc(-4% \/ 2 );margin-right: calc(-4% \/ 2 );\"><div class=\"fusion-layout-column fusion_builder_column fusion-builder-column-0 fusion_builder_column_2_3 2_3 fusion-flex-column\" style=\"--awb-bg-size:cover;--awb-width-large:66.666666666667%;--awb-margin-top-large:0px;--awb-spacing-right-large:2.88%;--awb-margin-bottom-large:20px;--awb-spacing-left-large:2.88%;--awb-width-medium:100%;--awb-order-medium:0;--awb-spacing-right-medium:1.92%;--awb-spacing-left-medium:1.92%;--awb-width-small:100%;--awb-order-small:0;--awb-spacing-right-small:1.92%;--awb-spacing-left-small:1.92%;\"><div class=\"fusion-column-wrapper fusion-column-has-shadow fusion-flex-justify-content-flex-start fusion-content-layout-column\"><div class=\"fusion-text fusion-text-1\"><p><strong>Fundacja CSR Res Severa og\u0142asza nab\u00f3r film\u00f3w do VIII edycji Festiwalu Film\u00f3w Odpowiedzialnych \u201e17 Cel\u00f3w\u201d.<\/strong><\/p>\n<p><strong>Czym jest Festiwal Film\u00f3w Odpowiedzialnych?<\/strong><\/p>\n<p>Festiwal Film\u00f3w Odpowiedzialnych \u201e17 Cel\u00f3w\u201d to og\u00f3lnopolskie wydarzenie, odbywaj\u0105ce si\u0119 od 2016 roku w duchu szerzenia wiedzy o zr\u00f3wnowa\u017conym rozwoju, spo\u0142ecznej odpowiedzialno\u015bci biznesu oraz Agendzie 2030. Tytu\u0142 Festiwalu bezpo\u015brednio nawi\u0105zuje do wspomnianej Agendy 2030 &#8211; dokumentu uchwalonego przez Organizacj\u0119 Narod\u00f3w Zjednoczonych 25 wrze\u015bnia 2015 roku i zawieraj\u0105cego 17 Cel\u00f3w Zr\u00f3wnowa\u017conego Rozwoju (CZR).<\/p>\n<p>\u2013 \u00a0<em>Festiwal Film\u00f3w Odpowiedzialnych powsta\u0142 z my\u015bl\u0105 o wykorzystaniu film\u00f3w do szerzenia<\/em> postaw <em>proekologicznych i prospo\u0142ecznych<\/em> \u2013 wyja\u015bnia <strong>Joanna Ska\u0142uba, prezeska zarz\u0105du Fundacji CSR Res Severa w Poznaniu.<\/strong> \u2013 <em>Jego data nieprzypadkowo zbiega si\u0119 z rocznic\u0105 uchwalenia Agendy 2030 przez ONZ. Chcemy w ten symboliczny spos\u00f3b \u015bwi\u0119towa\u0107 przyj\u0119cie 17 Cel\u00f3w<\/em> <em>Zr\u00f3wnowa\u017conego Rozwoju jako wyznacznika dla ca\u0142ego \u015bwiata<\/em> \u2013 uzupe\u0142nia.<\/p>\n<p><strong>Kto mo\u017ce wzi\u0105\u0107 udzia\u0142 w Festiwalu? <\/strong><\/p>\n<p>Podczas Festiwalu Film\u00f3w Odpowiedzialnych, zg\u0142oszone filmy rywalizuj\u0105 w trzech kategoriach:<\/p>\n<ul>\n<li>przedsi\u0119biorstwa, w tym fundacje korporacyjne,<\/li>\n<li>organizacje pozarz\u0105dowe,<\/li>\n<li>instytucje publiczne<\/li>\n<\/ul>\n<h1><strong><em>Wi\u0119cej informacji:<\/em><\/strong><\/h1>\n<h1><a href=\"https:\/\/powiatlwowecki.pl\/wp-content\/uploads\/2023\/07\/Informacja-prasowa-nr-1-Trwa-nabor-filmow_FFO.docx\">Informacja prasowa nr 1 &#8211; Trwa nab\u00f3r film\u00f3w_FFO<\/a><\/h1>\n<\/div><\/div><\/div><div class=\"fusion-layout-column fusion_builder_column fusion-builder-column-1 fusion_builder_column_1_3 1_3 fusion-flex-column\" style=\"--awb-bg-size:cover;--awb-width-large:33.333333333333%;--awb-margin-top-large:0px;--awb-spacing-right-large:5.76%;--awb-margin-bottom-large:20px;--awb-spacing-left-large:5.76%;--awb-width-medium:100%;--awb-order-medium:0;--awb-spacing-right-medium:1.92%;--awb-spacing-left-medium:1.92%;--awb-width-small:100%;--awb-order-small:0;--awb-spacing-right-small:1.92%;--awb-spacing-left-small:1.92%;\"><div class=\"fusion-column-wrapper fusion-column-has-shadow fusion-flex-justify-content-flex-start fusion-content-layout-column\"><div class=\"awb-gallery-wrapper awb-gallery-wrapper-1 button-span-no\" style=\"--more-btn-alignment:center;\"><div style=\"margin:-5px;--awb-bordersize:0px;\" class=\"fusion-gallery fusion-gallery-container fusion-grid-3 fusion-columns-total-2 fusion-gallery-layout-grid fusion-gallery-1\"><div style=\"padding:5px;\" class=\"fusion-grid-column fusion-gallery-column fusion-gallery-column-3 hover-type-none\"><div class=\"fusion-gallery-image\"><a href=\"https:\/\/powiatlwowecki.pl\/wp-content\/uploads\/2023\/07\/projekt_VIII_FFO-scaled.jpg\" rel=\"noreferrer\" data-rel=\"iLightbox[gallery_image_1]\" class=\"fusion-lightbox\" target=\"_self\"><img decoding=\"async\" src=\"https:\/\/powiatlwowecki.pl\/wp-content\/uploads\/2023\/07\/projekt_VIII_FFO-scaled.jpg\" width=\"2560\" height=\"1019\" alt=\"\" title=\"projekt_VIII_FFO\" aria-label=\"projekt_VIII_FFO\" class=\"img-responsive wp-image-4745\" srcset=\"https:\/\/powiatlwowecki.pl\/wp-content\/uploads\/2023\/07\/projekt_VIII_FFO-200x80.jpg 200w, https:\/\/powiatlwowecki.pl\/wp-content\/uploads\/2023\/07\/projekt_VIII_FFO-400x159.jpg 400w, https:\/\/powiatlwowecki.pl\/wp-content\/uploads\/2023\/07\/projekt_VIII_FFO-600x239.jpg 600w, https:\/\/powiatlwowecki.pl\/wp-content\/uploads\/2023\/07\/projekt_VIII_FFO-800x319.jpg 800w, https:\/\/powiatlwowecki.pl\/wp-content\/uploads\/2023\/07\/projekt_VIII_FFO-1200x478.jpg 1200w, https:\/\/powiatlwowecki.pl\/wp-content\/uploads\/2023\/07\/projekt_VIII_FFO-scaled.jpg 2560w\" sizes=\"(min-width: 2200px) 100vw, (min-width: 784px) 397px, (min-width: 712px) 595px, (min-width: 640px) 712px, \" \/><\/a><\/div><\/div><div style=\"padding:5px;\" class=\"fusion-grid-column fusion-gallery-column fusion-gallery-column-3 hover-type-none\"><div class=\"fusion-gallery-image\"><a href=\"https:\/\/powiatlwowecki.pl\/wp-content\/uploads\/2023\/07\/tablica-fundacje.png\" rel=\"noreferrer\" data-rel=\"iLightbox[gallery_image_1]\" class=\"fusion-lightbox\" target=\"_self\"><img decoding=\"async\" src=\"https:\/\/powiatlwowecki.pl\/wp-content\/uploads\/2023\/07\/tablica-fundacje.png\" width=\"1701\" height=\"1061\" alt=\"\" title=\"tablica fundacje\" aria-label=\"tablica fundacje\" class=\"img-responsive wp-image-4744\" srcset=\"https:\/\/powiatlwowecki.pl\/wp-content\/uploads\/2023\/07\/tablica-fundacje-200x125.png 200w, https:\/\/powiatlwowecki.pl\/wp-content\/uploads\/2023\/07\/tablica-fundacje-400x250.png 400w, https:\/\/powiatlwowecki.pl\/wp-content\/uploads\/2023\/07\/tablica-fundacje-600x374.png 600w, https:\/\/powiatlwowecki.pl\/wp-content\/uploads\/2023\/07\/tablica-fundacje-800x499.png 800w, https:\/\/powiatlwowecki.pl\/wp-content\/uploads\/2023\/07\/tablica-fundacje-1200x749.png 1200w, https:\/\/powiatlwowecki.pl\/wp-content\/uploads\/2023\/07\/tablica-fundacje.png 1701w\" sizes=\"(min-width: 2200px) 100vw, (min-width: 784px) 397px, (min-width: 712px) 595px, (min-width: 640px) 712px, \" \/><\/a><\/div><\/div><\/div><\/div><\/div><\/div><\/div><\/div>\n","protected":false},"excerpt":{"rendered":"","protected":false},"author":8,"featured_media":4745,"comment_status":"closed","ping_status":"closed","sticky":false,"template":"","format":"standard","meta":{"_acf_changed":false,"footnotes":""},"categories":[5],"tags":[],"class_list":["post-4747","post","type-post","status-publish","format-standard","has-post-thumbnail","hentry","category-aktualnosci"],"acf":{"kal_data_wydarzenia":""},"_links":{"self":[{"href":"https:\/\/powiatlwowecki.pl\/plci_json_endpoint\/wp\/v2\/posts\/4747","targetHints":{"allow":["GET"]}}],"collection":[{"href":"https:\/\/powiatlwowecki.pl\/plci_json_endpoint\/wp\/v2\/posts"}],"about":[{"href":"https:\/\/powiatlwowecki.pl\/plci_json_endpoint\/wp\/v2\/types\/post"}],"author":[{"embeddable":true,"href":"https:\/\/powiatlwowecki.pl\/plci_json_endpoint\/wp\/v2\/users\/8"}],"replies":[{"embeddable":true,"href":"https:\/\/powiatlwowecki.pl\/plci_json_endpoint\/wp\/v2\/comments?post=4747"}],"version-history":[{"count":0,"href":"https:\/\/powiatlwowecki.pl\/plci_json_endpoint\/wp\/v2\/posts\/4747\/revisions"}],"wp:featuredmedia":[{"embeddable":true,"href":"https:\/\/powiatlwowecki.pl\/plci_json_endpoint\/wp\/v2\/media\/4745"}],"wp:attachment":[{"href":"https:\/\/powiatlwowecki.pl\/plci_json_endpoint\/wp\/v2\/media?parent=4747"}],"wp:term":[{"taxonomy":"category","embeddable":true,"href":"https:\/\/powiatlwowecki.pl\/plci_json_endpoint\/wp\/v2\/categories?post=4747"},{"taxonomy":"post_tag","embeddable":true,"href":"https:\/\/powiatlwowecki.pl\/plci_json_endpoint\/wp\/v2\/tags?post=4747"}],"curies":[{"name":"wp","href":"https:\/\/api.w.org\/{rel}","templated":true}]}}